{"id":10563,"date":"2013-08-07T08:32:11","date_gmt":"2013-08-07T07:32:11","guid":{"rendered":"https:\/\/lyonelkaufmann.ch\/Blog\/?p=10563"},"modified":"2013-08-07T08:32:11","modified_gmt":"2013-08-07T07:32:11","slug":"nyc-en-ruines-15-lucien-smith-guetteur-du-present-mediapart","status":"publish","type":"post","link":"https:\/\/lyonelkaufmann.ch\/Blog\/2013\/08\/07\/nyc-en-ruines-15-lucien-smith-guetteur-du-present-mediapart\/","title":{"rendered":"NYC en ruines 1\/5. Lucien Smith, guetteur du pr\u00e9sent | Mediapart"},"content":{"rendered":"<p style=\"text-align:center;\"><a href=\"http:\/\/www.mediapart.fr\/journal\/culture-idees\/230713\/nyc-en-ruines-15-lucien-smith-guetteur-du-present?onglet=full\"><img data-recalc-dims=\"1\" src=\"https:\/\/i0.wp.com\/lyonelkaufmann.ch\/Blog\/wp-content\/uploads\/2013\/08\/Lucien701.jpg\" alt='\u00a9 Lucien Smith, Courtesy Suzanne Geiss Company (NYC)' \/><\/a><\/p>\n<p style=\"text-align:center;\">\u00a9 Lucien Smith, Courtesy Suzanne Geiss Company (NYC)<\/p>\n<p>Ballet de balais, polaro\u00efds encart\u00e9s, collage de journaux, le plasticien Lucien Smith, 24 ans, utilise tous les outils du pr\u00e9sent comme fragments de notre futur pass\u00e9. Un hommage \u00e0 New York dont la mis\u00e8re des rues a enfant\u00e9 le hip-hop et la tol\u00e9rance z\u00e9ro. Premier volet d&rsquo;une s\u00e9rie de reportages vid\u00e9o de Mediapart sur les artistes et NYC.<\/p>\n<p>via <a href=\"http:\/\/www.mediapart.fr\/journal\/culture-idees\/230713\/nyc-en-ruines-15-lucien-smith-guetteur-du-present?onglet=full\">NYC en ruines 1\/5. Lucien Smith, guetteur du pr\u00e9sent | Mediapart<\/a>.<\/p>\n","protected":false},"excerpt":{"rendered":"<p>\u00a9 Lucien Smith, Courtesy Suzanne Geiss Company (NYC) Ballet de balais, polaro\u00efds encart\u00e9s, collage de journaux, le plasticien Lucien Smith, 24 ans, utilise tous les outils du pr\u00e9sent comme fragments de notre futur pass\u00e9. Un hommage \u00e0 New York dont la mis\u00e8re des rues a enfant\u00e9 le hip-hop et la tol\u00e9rance z\u00e9ro. Premier volet d&rsquo;une [&hellip;]<\/p>\n","protected":false},"author":1,"featured_media":13988,"comment_status":"open","ping_status":"open","sticky":false,"template":"","format":"image","meta":{"_import_markdown_pro_load_document_selector":0,"_import_markdown_pro_submit_text_textarea":"","_genesis_hide_title":false,"_genesis_hide_breadcrumbs":false,"_genesis_hide_singular_image":false,"_genesis_hide_footer_widgets":false,"_genesis_custom_body_class":"","_genesis_custom_post_class":"","_genesis_layout":"","jetpack_post_was_ever_published":false,"_jetpack_newsletter_access":"","_jetpack_dont_email_post_to_subs":false,"_jetpack_newsletter_tier_id":0,"_jetpack_memberships_contains_paywalled_content":false,"_jetpack_memberships_contains_paid_content":false,"activitypub_content_warning":"","activitypub_content_visibility":"","activitypub_max_image_attachments":3,"activitypub_interaction_policy_quote":"anyone","activitypub_status":"","footnotes":"","jetpack_publicize_message":"","jetpack_publicize_feature_enabled":true,"jetpack_social_post_already_shared":true,"jetpack_social_options":{"image_generator_settings":{"template":"fullscreen","default_image_id":0,"font":"","enabled":false},"version":2}},"categories":[3],"tags":[],"class_list":{"0":"post-10563","1":"post","2":"type-post","3":"status-publish","4":"format-image","5":"has-post-thumbnail","7":"category-blogcafe-2","8":"post_format-post-format-image","9":"entry"},"jetpack_publicize_connections":[],"featured_image_src":"https:\/\/i0.wp.com\/lyonelkaufmann.ch\/Blog\/wp-content\/uploads\/2015\/03\/Lucien701.jpg?resize=600%2C400&ssl=1","featured_image_src_square":"https:\/\/i0.wp.com\/lyonelkaufmann.ch\/Blog\/wp-content\/uploads\/2015\/03\/Lucien701.jpg?resize=600%2C401&ssl=1","author_info":{"display_name":"Lyonel Kaufmann","author_link":"https:\/\/lyonelkaufmann.ch\/Blog\/author\/lyonelk\/"},"jetpack_featured_media_url":"https:\/\/i0.wp.com\/lyonelkaufmann.ch\/Blog\/wp-content\/uploads\/2015\/03\/Lucien701.jpg?fit=700%2C401&ssl=1","jetpack_sharing_enabled":true,"jetpack_shortlink":"https:\/\/wp.me\/p1qtF4-2Kn","jetpack-related-posts":[{"id":21504,"url":"https:\/\/lyonelkaufmann.ch\/Blog\/2020\/04\/23\/a-lecoute-all-we-ever-knew-recorded-at-spotify-studios-nyc-par-the-head-and-the-heart\/","url_meta":{"origin":10563,"position":0},"title":"A l\u2019\u00e9coute: All We Ever Knew &#8211; Recorded at Spotify Studios NYC par The Head and the Heart","author":"Lyonel Kaufmann","date":"23 avril 2020","format":false,"excerpt":"https:\/\/youtu.be\/W50zP8K04-E All We Ever Knew - Recorded at Spotify Studios NYC Par The Head and the Heart De l\u2019album Spotify Singles Listen on Spotify","rel":"","context":"Dans &quot;TubesCaf\u00e9&quot;","block_context":{"text":"TubesCaf\u00e9","link":"https:\/\/lyonelkaufmann.ch\/Blog\/category\/tubescafe\/"},"img":{"alt_text":"","src":"https:\/\/i.scdn.co\/image\/ab67616d0000b273a19986b5bb79ec00ad988892","width":350,"height":200},"classes":[]},{"id":4098,"url":"https:\/\/lyonelkaufmann.ch\/Blog\/2011\/09\/19\/geo-histoire-accuse-de-censure-pour-complaire-a-des-annonceurs-mediapart\/","url_meta":{"origin":10563,"position":1},"title":"Geo Histoire accus\u00e9 de censure pour complaire \u00e0 des annonceurs | Mediapart","author":"Lyonel Kaufmann","date":"19 septembre 2011","format":false,"excerpt":"La couverture du num\u00e9ro G\u00e9o Histoire consacr\u00e9 \u00e0 la France sous l'Occupation Le dernier num\u00e9ro de Geo Histoire, consacr\u00e9 \u00e0 l\u2019Occupation, est paru amput\u00e9 de 5 pages consacr\u00e9es \u00e0 la collaboration des entreprises fran\u00e7aises. La peur de d\u00e9plaire \u00e0 des annonceurs comme LVMH, accuse la r\u00e9daction; un choix \u00e9ditorial et\u2026","rel":"","context":"Dans &quot;histoire&quot;","block_context":{"text":"histoire","link":"https:\/\/lyonelkaufmann.ch\/Blog\/category\/histoire-2\/"},"img":{"alt_text":"La couverture du num\u00e9ro G\u00e9o Histoire","src":"https:\/\/i0.wp.com\/lyonelkaufmann.ch\/Blog\/wp-content\/uploads\/2011\/09\/geohistoire.jpg?resize=350%2C200","width":350,"height":200},"classes":[]},{"id":1301,"url":"https:\/\/lyonelkaufmann.ch\/Blog\/2009\/05\/04\/eric-hobsbawm-a-lage-des-incertitudes-mediapart\/","url_meta":{"origin":10563,"position":2},"title":"Eric Hobsbawm \u00e0 l&rsquo;\u00e2ge des incertitudes | Mediapart","author":"Lyonel Kaufmann","date":"4 mai 2009","format":false,"excerpt":"Mediapart nous propose un interview vid\u00e9o en cinq parties avec Eric Hobsbawm \u00e0 l'occasion de la sortie en fran\u00e7ais de deux ouvrages de cet important historien britannique, sp\u00e9cialiste des 19e et 20e si\u00e8cles. Le premier de ces ouvrages est consacr\u00e9 \u00e0 L'Empire, la d\u00e9mocratie et le terrorisme et l'autre \u00e0\u2026","rel":"","context":"Dans &quot;histoire&quot;","block_context":{"text":"histoire","link":"https:\/\/lyonelkaufmann.ch\/Blog\/category\/histoire-2\/"},"img":{"alt_text":"","src":"https:\/\/i0.wp.com\/lyonelkaufmann.ch\/Blog\/wp-content\/uploads\/2015\/03\/blogcafe1.jpg?fit=1024%2C683&ssl=1&resize=350%2C200","width":350,"height":200,"srcset":"https:\/\/i0.wp.com\/lyonelkaufmann.ch\/Blog\/wp-content\/uploads\/2015\/03\/blogcafe1.jpg?fit=1024%2C683&ssl=1&resize=350%2C200 1x, https:\/\/i0.wp.com\/lyonelkaufmann.ch\/Blog\/wp-content\/uploads\/2015\/03\/blogcafe1.jpg?fit=1024%2C683&ssl=1&resize=525%2C300 1.5x, https:\/\/i0.wp.com\/lyonelkaufmann.ch\/Blog\/wp-content\/uploads\/2015\/03\/blogcafe1.jpg?fit=1024%2C683&ssl=1&resize=700%2C400 2x"},"classes":[]},{"id":15992,"url":"https:\/\/lyonelkaufmann.ch\/Blog\/2016\/01\/13\/carol-todd-haynes-et-le-grain-de-lamour-mediapart\/","url_meta":{"origin":10563,"position":3},"title":"\u00abCarol\u00bb: Todd Haynes et le grain de l&rsquo;amour |\u00a0Mediapart","author":"Lyonel Kaufmann","date":"13 janvier 2016","format":"video","excerpt":"https:\/\/youtu.be\/P0SX3kg4jxE La passion de deux femmes \u00e0 New\u00a0York, au d\u00e9but des ann\u00e9es 1950. Dix-huit ans apr\u00e8s avoir racont\u00e9 David Bowie, Todd Haynes filme la magie de la rencontre et l\u2019amour comme un grain, un virus, une maladie de peau. Mediapart :\u00a0https:\/\/www.mediapart.fr\/journal\/culture-idees\/130116\/carol-todd-haynes-et-le-grain-de-lamour","rel":"","context":"Dans &quot;Blogcaf\u00e9&quot;","block_context":{"text":"Blogcaf\u00e9","link":"https:\/\/lyonelkaufmann.ch\/Blog\/category\/blogcafe-2\/"},"img":{"alt_text":"","src":"https:\/\/i0.wp.com\/lyonelkaufmann.ch\/Blog\/wp-content\/uploads\/2016\/01\/cynld-6wqaaowzc.jpg?fit=600%2C352&ssl=1&resize=350%2C200","width":350,"height":200,"srcset":"https:\/\/i0.wp.com\/lyonelkaufmann.ch\/Blog\/wp-content\/uploads\/2016\/01\/cynld-6wqaaowzc.jpg?fit=600%2C352&ssl=1&resize=350%2C200 1x, https:\/\/i0.wp.com\/lyonelkaufmann.ch\/Blog\/wp-content\/uploads\/2016\/01\/cynld-6wqaaowzc.jpg?fit=600%2C352&ssl=1&resize=525%2C300 1.5x"},"classes":[]},{"id":4252,"url":"https:\/\/lyonelkaufmann.ch\/Blog\/2011\/11\/02\/revue-de-presse-1-novembre-2011\/","url_meta":{"origin":10563,"position":4},"title":"La menace d\u2019un krach social plan\u00e9taire | Mediapart","author":"Lyonel Kaufmann","date":"2 novembre 2011","format":false,"excerpt":"La menace d\u2019un krach social plan\u00e9taire | Mediapart - \u00abc'est un s\u00e9isme social plan\u00e9taire qui se pr\u00e9pare, g\u00e9n\u00e9r\u00e9 par une crise \u00e9conomique historique. Un s\u00e9isme dont on mesure la gravit\u00e9 au travers de deux documents: le dernier \u00ab Rapport sur le travail dans le monde en 2011 \u00bb, que vient\u2026","rel":"","context":"Dans &quot;histoire&quot;","block_context":{"text":"histoire","link":"https:\/\/lyonelkaufmann.ch\/Blog\/category\/histoire-2\/"},"img":{"alt_text":"","src":"https:\/\/i0.wp.com\/lyonelkaufmann.ch\/Blog\/wp-content\/uploads\/2015\/03\/blogcafe1.jpg?fit=1024%2C683&ssl=1&resize=350%2C200","width":350,"height":200,"srcset":"https:\/\/i0.wp.com\/lyonelkaufmann.ch\/Blog\/wp-content\/uploads\/2015\/03\/blogcafe1.jpg?fit=1024%2C683&ssl=1&resize=350%2C200 1x, https:\/\/i0.wp.com\/lyonelkaufmann.ch\/Blog\/wp-content\/uploads\/2015\/03\/blogcafe1.jpg?fit=1024%2C683&ssl=1&resize=525%2C300 1.5x, https:\/\/i0.wp.com\/lyonelkaufmann.ch\/Blog\/wp-content\/uploads\/2015\/03\/blogcafe1.jpg?fit=1024%2C683&ssl=1&resize=700%2C400 2x"},"classes":[]},{"id":23544,"url":"https:\/\/lyonelkaufmann.ch\/Blog\/2023\/01\/29\/tom-verlaine-un-pere-fondateur-du-punk-americain-nest-plus\/","url_meta":{"origin":10563,"position":5},"title":"Tom Verlaine, \u201cun p\u00e8re fondateur du punk am\u00e9ricain\u201d, n\u2019est plus","author":"Lyonel Kaufmann","date":"29 janvier 2023","format":false,"excerpt":"Le guitariste de Television, qui a influenc\u00e9 toute une g\u00e9n\u00e9ration de musiciens, est d\u00e9c\u00e9d\u00e9 samedi \u00e0 Manhattan. Il avait 73 ans. La radio\u00a0NPR\u00a0en parle\u00a0comme d\u2019\u201cun p\u00e8re fondateur du punk am\u00e9ricain\u201d.\u00a0Pour\u00a0Variety,\u00a0il a\u00a0\u201cred\u00e9fini le guitar rock\u201d\u00a0dans les ann\u00e9es soixante-dix avec son groupe Television. Tom Verlaine, un nom de sc\u00e8ne inspir\u00e9 du po\u00e8te\u2026","rel":"","context":"Dans &quot;Blogcaf\u00e9&quot;","block_context":{"text":"Blogcaf\u00e9","link":"https:\/\/lyonelkaufmann.ch\/Blog\/category\/blogcafe-2\/"},"img":{"alt_text":"","src":"https:\/\/i0.wp.com\/lyonelkaufmann.ch\/Blog\/wp-content\/uploads\/2023\/01\/img_5510.jpg?fit=640%2C480&ssl=1&resize=350%2C200","width":350,"height":200,"srcset":"https:\/\/i0.wp.com\/lyonelkaufmann.ch\/Blog\/wp-content\/uploads\/2023\/01\/img_5510.jpg?fit=640%2C480&ssl=1&resize=350%2C200 1x, https:\/\/i0.wp.com\/lyonelkaufmann.ch\/Blog\/wp-content\/uploads\/2023\/01\/img_5510.jpg?fit=640%2C480&ssl=1&resize=525%2C300 1.5x"},"classes":[]}],"jetpack_likes_enabled":true,"_links":{"self":[{"href":"https:\/\/lyonelkaufmann.ch\/Blog\/wp-json\/wp\/v2\/posts\/10563","targetHints":{"allow":["GET"]}}],"collection":[{"href":"https:\/\/lyonelkaufmann.ch\/Blog\/wp-json\/wp\/v2\/posts"}],"about":[{"href":"https:\/\/lyonelkaufmann.ch\/Blog\/wp-json\/wp\/v2\/types\/post"}],"author":[{"embeddable":true,"href":"https:\/\/lyonelkaufmann.ch\/Blog\/wp-json\/wp\/v2\/users\/1"}],"replies":[{"embeddable":true,"href":"https:\/\/lyonelkaufmann.ch\/Blog\/wp-json\/wp\/v2\/comments?post=10563"}],"version-history":[{"count":0,"href":"https:\/\/lyonelkaufmann.ch\/Blog\/wp-json\/wp\/v2\/posts\/10563\/revisions"}],"wp:featuredmedia":[{"embeddable":true,"href":"https:\/\/lyonelkaufmann.ch\/Blog\/wp-json\/wp\/v2\/media\/13988"}],"wp:attachment":[{"href":"https:\/\/lyonelkaufmann.ch\/Blog\/wp-json\/wp\/v2\/media?parent=10563"}],"wp:term":[{"taxonomy":"category","embeddable":true,"href":"https:\/\/lyonelkaufmann.ch\/Blog\/wp-json\/wp\/v2\/categories?post=10563"},{"taxonomy":"post_tag","embeddable":true,"href":"https:\/\/lyonelkaufmann.ch\/Blog\/wp-json\/wp\/v2\/tags?post=10563"}],"curies":[{"name":"wp","href":"https:\/\/api.w.org\/{rel}","templated":true}]}}