{"id":10902,"date":"2013-11-01T22:44:52","date_gmt":"2013-11-01T21:44:52","guid":{"rendered":"https:\/\/lyonelkaufmann.ch\/Blog\/?p=10902"},"modified":"2013-11-01T22:44:52","modified_gmt":"2013-11-01T21:44:52","slug":"non-la-guerre-des-mondes-dorson-welles-na-pas-panique-les-etats-unis-slate","status":"publish","type":"post","link":"https:\/\/lyonelkaufmann.ch\/Blog\/2013\/11\/01\/non-la-guerre-des-mondes-dorson-welles-na-pas-panique-les-etats-unis-slate\/","title":{"rendered":"Non, \u00abLa Guerre des mondes\u00bb d&rsquo;Orson Welles n&rsquo;a pas paniqu\u00e9 les Etats-Unis | Slate"},"content":{"rendered":"<p><strong>A l&rsquo;occasion du 75e anniversaire de l&rsquo;\u00e9mission radiophonique d&rsquo;Orson Welles, Slate revient sur la panique qu&rsquo;aurait provoqu\u00e9 par sa diffusion.<\/strong><\/p>\n<p style=\"text-align:center;\"><a href=\"http:\/\/www.slate.fr\/story\/79512\/guerre-mondes-welles-panique\"><img data-recalc-dims=\"1\" decoding=\"async\" alt=\"\" src=\"https:\/\/i0.wp.com\/lyonelkaufmann.ch\/Blog\/wp-content\/uploads\/2013\/11\/orson-welles-600.jpg\" \/><\/a><\/p>\n<p style=\"text-align:center;\">Orson Welles<\/p>\n<p>Selon Slate, le nombre d&rsquo;auditeurs affol\u00e9s aurait \u00e9t\u00e9 ridicule. Comment d\u00e8s lors cette histoire d\u2019auditeurs affol\u00e9s a-t-elle d\u00e9but\u00e9?<br \/>\n\u00ab\u00a0La faute est \u00e0 rechercher du c\u00f4t\u00e9 des journaux am\u00e9ricains. En siphonnant les revenus publicitaires de la presse papier durant la crise de 1929, la radio leur avait gravement nui. Aussi, ces derniers saut\u00e8rent sur la chance fournie par le programme de Welles pour discr\u00e9diter la radio comme source d\u2019informations.\u00a0\u00bb<br \/>\nL&rsquo;article : <a href=\"http:\/\/www.slate.fr\/story\/79512\/guerre-mondes-welles-panique\">Non, \u00abLa Guerre des mondes\u00bb dOrson Welles na pas paniqu\u00e9 les Etats-Unis | Slate<\/a>.<\/p>\n","protected":false},"excerpt":{"rendered":"<p>A l&rsquo;occasion du 75e anniversaire de l&rsquo;\u00e9mission radiophonique d&rsquo;Orson Welles, Slate revient sur la panique qu&rsquo;aurait provoqu\u00e9 par sa diffusion. Orson Welles Selon Slate, le nombre d&rsquo;auditeurs affol\u00e9s aurait \u00e9t\u00e9 ridicule. Comment d\u00e8s lors cette histoire d\u2019auditeurs affol\u00e9s a-t-elle d\u00e9but\u00e9? \u00ab\u00a0La faute est \u00e0 rechercher du c\u00f4t\u00e9 des journaux am\u00e9ricains. En siphonnant les revenus publicitaires [&hellip;]<\/p>\n","protected":false},"author":1,"featured_media":10908,"comment_status":"open","ping_status":"open","sticky":false,"template":"","format":"standard","meta":{"_import_markdown_pro_load_document_selector":0,"_import_markdown_pro_submit_text_textarea":"","_genesis_hide_title":false,"_genesis_hide_breadcrumbs":false,"_genesis_hide_singular_image":false,"_genesis_hide_footer_widgets":false,"_genesis_custom_body_class":"","_genesis_custom_post_class":"","_genesis_layout":"","jetpack_post_was_ever_published":false,"_jetpack_newsletter_access":"","_jetpack_dont_email_post_to_subs":false,"_jetpack_newsletter_tier_id":0,"_jetpack_memberships_contains_paywalled_content":false,"_jetpack_memberships_contains_paid_content":false,"activitypub_content_warning":"","activitypub_content_visibility":"","activitypub_max_image_attachments":3,"activitypub_interaction_policy_quote":"anyone","activitypub_status":"","footnotes":"","jetpack_publicize_message":"","jetpack_publicize_feature_enabled":true,"jetpack_social_post_already_shared":true,"jetpack_social_options":{"image_generator_settings":{"template":"fullscreen","default_image_id":0,"font":"","enabled":false},"version":2}},"categories":[3],"tags":[],"class_list":{"0":"post-10902","1":"post","2":"type-post","3":"status-publish","4":"format-standard","5":"has-post-thumbnail","7":"category-blogcafe-2","8":"entry"},"jetpack_publicize_connections":[],"featured_image_src":null,"featured_image_src_square":null,"author_info":{"display_name":"Lyonel Kaufmann","author_link":"https:\/\/lyonelkaufmann.ch\/Blog\/author\/lyonelk\/"},"jetpack_featured_media_url":"","jetpack_sharing_enabled":true,"jetpack_shortlink":"https:\/\/wp.me\/p1qtF4-2PQ","jetpack-related-posts":[{"id":12747,"url":"https:\/\/lyonelkaufmann.ch\/Blog\/2011\/11\/06\/citizen-kane-comme-vous-ne-lavez-jamais-vu-slate\/","url_meta":{"origin":10902,"position":0},"title":"\u00abCitizen Kane\u00bb comme vous ne l&rsquo;avez jamais vu | Slate","author":"Lyonel Kaufmann","date":"6 novembre 2011","format":false,"excerpt":"Charles Foster Kane (Orson Welles) dans \u00abCitizen Kane\u00bb (Warner Bros, 1941) En 2002, le DVD avait permis de d\u00e9couvrir une \u00e9dition du film qui se distinguait, par son \u00e9clat et sa nettet\u00e9, des vieilles copies 16 mm vues sur le petit \u00e9cran ou dans les cin\u00e9-clubs universitaires. Depuis, la technologie\u2026","rel":"","context":"Dans &quot;Blogcaf\u00e9&quot;","block_context":{"text":"Blogcaf\u00e9","link":"https:\/\/lyonelkaufmann.ch\/Blog\/category\/blogcafe-2\/"},"img":{"alt_text":"Ill film welles orson kane papers","src":"https:\/\/i0.wp.com\/www.politis.ch\/carnets\/wp-content\/uploads\/2011\/11\/ill_film_welles_orson_kane_papers.jpg?resize=350%2C200","width":350,"height":200,"srcset":"https:\/\/i0.wp.com\/www.politis.ch\/carnets\/wp-content\/uploads\/2011\/11\/ill_film_welles_orson_kane_papers.jpg?resize=350%2C200 1x, https:\/\/i0.wp.com\/www.politis.ch\/carnets\/wp-content\/uploads\/2011\/11\/ill_film_welles_orson_kane_papers.jpg?resize=525%2C300 1.5x"},"classes":[]},{"id":6128,"url":"https:\/\/lyonelkaufmann.ch\/Blog\/2012\/09\/04\/comment-fabriquer-de-meilleurs-profs-slate\/","url_meta":{"origin":10902,"position":1},"title":"Comment fabriquer de meilleurs profs | Slate","author":"Lyonel Kaufmann","date":"4 septembre 2012","format":false,"excerpt":"Aux Etats-Unis aussi, l'\u00e9ducation fait l'objet d'un \u00e2pre d\u00e9bat. Certains pensent qu'il suffirait de virer les mauvais enseignants pour am\u00e9liorer le syst\u00e8me. A contrario, de nouvelles \u00e9tudes montrent qu\u2019ils peuvent apprendre \u00e0 devenir bons. A lire :\u00a0Comment fabriquer de meilleurs profs | Slate.","rel":"","context":"Dans &quot;histoire&quot;","block_context":{"text":"histoire","link":"https:\/\/lyonelkaufmann.ch\/Blog\/category\/histoire-2\/"},"img":{"alt_text":"","src":"https:\/\/i0.wp.com\/lyonelkaufmann.ch\/Blog\/wp-content\/uploads\/2015\/03\/blogcafe1.jpg?fit=1024%2C683&ssl=1&resize=350%2C200","width":350,"height":200,"srcset":"https:\/\/i0.wp.com\/lyonelkaufmann.ch\/Blog\/wp-content\/uploads\/2015\/03\/blogcafe1.jpg?fit=1024%2C683&ssl=1&resize=350%2C200 1x, https:\/\/i0.wp.com\/lyonelkaufmann.ch\/Blog\/wp-content\/uploads\/2015\/03\/blogcafe1.jpg?fit=1024%2C683&ssl=1&resize=525%2C300 1.5x, https:\/\/i0.wp.com\/lyonelkaufmann.ch\/Blog\/wp-content\/uploads\/2015\/03\/blogcafe1.jpg?fit=1024%2C683&ssl=1&resize=700%2C400 2x"},"classes":[]},{"id":7880,"url":"https:\/\/lyonelkaufmann.ch\/Blog\/2013\/11\/09\/exclusif-on-a-retrouve-les-unes-de-journaux-de-la-premiere-guerre-mondiale-slate\/","url_meta":{"origin":10902,"position":2},"title":"EXCLUSIF On a retrouv\u00e9 les unes de journaux de la Premi\u00e8re Guerre mondiale | Slate","author":"Lyonel Kaufmann","date":"9 novembre 2013","format":false,"excerpt":"Il y a quelques semaines, lors du Colombus Day (le jour lors duquel les Am\u00e9ricains comm\u00e9morent la d\u00e9couverte du continent par l'explorateur), le New York Magazine avait imagin\u00e9 des fausses unes des journaux am\u00e9ricains s'ils avaient couvert cet \u00e9v\u00e8nement. Pour inaugurer en l\u00e9g\u00e9ret\u00e9 une s\u00e9rie d'articles marquant le d\u00e9but des\u2026","rel":"","context":"Dans &quot;histoire&quot;","block_context":{"text":"histoire","link":"https:\/\/lyonelkaufmann.ch\/Blog\/category\/histoire-2\/"},"img":{"alt_text":"","src":"https:\/\/i0.wp.com\/lyonelkaufmann.ch\/Blog\/wp-content\/uploads\/2015\/03\/liberation_fake.jpg?fit=460%2C582&ssl=1&resize=350%2C200","width":350,"height":200},"classes":[]},{"id":6454,"url":"https:\/\/lyonelkaufmann.ch\/Blog\/2012\/07\/28\/revue-de-presse-mondialisation-et-inflation-slate\/","url_meta":{"origin":10902,"position":3},"title":"Revue de presse : Mondialisation et inflation | Slate","author":"Lyonel Kaufmann","date":"28 juillet 2012","format":false,"excerpt":"Compte tenu de leur niveau \u00e9lev\u00e9 de ch\u00f4mage, on pourrait trouver \u00e9trange de voir les Etats-Unis accuser encore un d\u00e9ficit commercial important. C'est pourtant l'un des principaux avantages de l'importation de biens (face \u00e0 la production locale): lorsque la main d'\u0153uvre se fait rare, l'importation permet de lib\u00e9rer une partie\u2026","rel":"","context":"Dans &quot;L'Expresso&quot;","block_context":{"text":"L'Expresso","link":"https:\/\/lyonelkaufmann.ch\/Blog\/category\/breves\/"},"img":{"alt_text":"","src":"https:\/\/i0.wp.com\/lyonelkaufmann.ch\/Blog\/wp-content\/uploads\/2015\/03\/blogcafe1.jpg?fit=1024%2C683&ssl=1&resize=350%2C200","width":350,"height":200,"srcset":"https:\/\/i0.wp.com\/lyonelkaufmann.ch\/Blog\/wp-content\/uploads\/2015\/03\/blogcafe1.jpg?fit=1024%2C683&ssl=1&resize=350%2C200 1x, https:\/\/i0.wp.com\/lyonelkaufmann.ch\/Blog\/wp-content\/uploads\/2015\/03\/blogcafe1.jpg?fit=1024%2C683&ssl=1&resize=525%2C300 1.5x, https:\/\/i0.wp.com\/lyonelkaufmann.ch\/Blog\/wp-content\/uploads\/2015\/03\/blogcafe1.jpg?fit=1024%2C683&ssl=1&resize=700%2C400 2x"},"classes":[]},{"id":6599,"url":"https:\/\/lyonelkaufmann.ch\/Blog\/2012\/12\/18\/algerie-1954-1962-la-guerre-de-mon-pere-slate\/","url_meta":{"origin":10902,"position":4},"title":"Alg\u00e9rie 1954-1962, la guerre de mon p\u00e8re | Slate","author":"Lyonel Kaufmann","date":"18 d\u00e9cembre 2012","format":false,"excerpt":"Tr\u00e8s beau et poignant t\u00e9moignage tout en pudeur d'Ariane Bonzon,\u00a0 fille d\u2019appel\u00e9 en Alg\u00e9rie, une \u00abh\u00e9riti\u00e8re du silence\u00bb comme les surnomme Florence Dosse dans le livre qu\u2019elle vient de consacrer \u00e0 la m\u00e9moire des enfants d\u2019appel\u00e9s dont elle-m\u00eame, n\u00e9e en 1963, fait partie. La pr\u00e9sentation de son ouvrage par Florence\u2026","rel":"","context":"Dans &quot;histoire&quot;","block_context":{"text":"histoire","link":"https:\/\/lyonelkaufmann.ch\/Blog\/category\/histoire-2\/"},"img":{"alt_text":"","src":"https:\/\/i0.wp.com\/lyonelkaufmann.ch\/Blog\/wp-content\/uploads\/2015\/03\/0123.jpg?fit=480%2C360&ssl=1&resize=350%2C200","width":350,"height":200},"classes":[]},{"id":5518,"url":"https:\/\/lyonelkaufmann.ch\/Blog\/2012\/06\/03\/staline-meurt-dans-sa-bulle-slate\/","url_meta":{"origin":10902,"position":5},"title":"Staline meurt dans sa bulle | Slate","author":"Lyonel Kaufmann","date":"3 juin 2012","format":false,"excerpt":"Remarqu\u00e9 avec l\u2019ambigu Il \u00e9tait une fois en France (Gl\u00e9nat), le sc\u00e9nariste Fabien Nury enterre le Petit p\u00e8re des peuples. Dessin\u00e9 par Thierry Robin, le second tome de La Mort de Staline, Fun\u00e9railles, est publi\u00e9 par Dargaud.\u00a0 Le second tome se consacre essentiellement \u00e0 l\u2019impitoyable guerre de succession ouverte par\u2026","rel":"","context":"Dans &quot;histoire&quot;","block_context":{"text":"histoire","link":"https:\/\/lyonelkaufmann.ch\/Blog\/category\/histoire-2\/"},"img":{"alt_text":"","src":"https:\/\/i0.wp.com\/lyonelkaufmann.ch\/Blog\/wp-content\/uploads\/2015\/03\/mort_staline_humanite.jpg?fit=445%2C306&ssl=1&resize=350%2C200","width":350,"height":200},"classes":[]}],"jetpack_likes_enabled":true,"_links":{"self":[{"href":"https:\/\/lyonelkaufmann.ch\/Blog\/wp-json\/wp\/v2\/posts\/10902","targetHints":{"allow":["GET"]}}],"collection":[{"href":"https:\/\/lyonelkaufmann.ch\/Blog\/wp-json\/wp\/v2\/posts"}],"about":[{"href":"https:\/\/lyonelkaufmann.ch\/Blog\/wp-json\/wp\/v2\/types\/post"}],"author":[{"embeddable":true,"href":"https:\/\/lyonelkaufmann.ch\/Blog\/wp-json\/wp\/v2\/users\/1"}],"replies":[{"embeddable":true,"href":"https:\/\/lyonelkaufmann.ch\/Blog\/wp-json\/wp\/v2\/comments?post=10902"}],"version-history":[{"count":0,"href":"https:\/\/lyonelkaufmann.ch\/Blog\/wp-json\/wp\/v2\/posts\/10902\/revisions"}],"wp:featuredmedia":[{"embeddable":true,"href":"https:\/\/lyonelkaufmann.ch\/Blog\/wp-json\/"}],"wp:attachment":[{"href":"https:\/\/lyonelkaufmann.ch\/Blog\/wp-json\/wp\/v2\/media?parent=10902"}],"wp:term":[{"taxonomy":"category","embeddable":true,"href":"https:\/\/lyonelkaufmann.ch\/Blog\/wp-json\/wp\/v2\/categories?post=10902"},{"taxonomy":"post_tag","embeddable":true,"href":"https:\/\/lyonelkaufmann.ch\/Blog\/wp-json\/wp\/v2\/tags?post=10902"}],"curies":[{"name":"wp","href":"https:\/\/api.w.org\/{rel}","templated":true}]}}