{"id":10929,"date":"2013-11-06T18:08:35","date_gmt":"2013-11-06T17:08:35","guid":{"rendered":"https:\/\/lyonelkaufmann.ch\/Blog\/?p=10929"},"modified":"2013-11-06T18:08:35","modified_gmt":"2013-11-06T17:08:35","slug":"sur-les-traces-de-banksy-a-new-york-le-monde","status":"publish","type":"post","link":"https:\/\/lyonelkaufmann.ch\/Blog\/2013\/11\/06\/sur-les-traces-de-banksy-a-new-york-le-monde\/","title":{"rendered":"Sur les traces de Banksy \u00e0 New York | Le Monde"},"content":{"rendered":"<p>Du 1er au 31 octobre, Banksy a pris ses quartiers \u00e0 New York. Manhattan, Brooklyn, le Bronx, le Queens et Staten Island : chacun des cinq \u00ab\u00a0boroughs\u00a0\u00bb de la ville a \u00e9t\u00e9 revisit\u00e9 par la star du street art. Chaque jour, ses fans, ses d\u00e9tracteurs, la police et les curieux du monde entier ont pu suivre en temps r\u00e9el son dialogue avec la rue new-yorkaise sur <a href=\"http:\/\/www.banksyny.com\" target=\"_blank\">son site<\/a> et les r\u00e9seaux sociaux. Le journal <em>Le Monde<\/em> a plac\u00e9 les \u0153uvres r\u00e9alis\u00e9es par l&rsquo;artiste sur une carte de la ville. Retour sur cette art-attack.<\/p>\n<p style=\"text-align:justify;\"><a href=\"https:\/\/i0.wp.com\/lyonelkaufmann.ch\/Blog\/wp-content\/uploads\/2013\/11\/bansky_new-york.png\"><img data-recalc-dims=\"1\" loading=\"lazy\" decoding=\"async\" class=\"aligncenter  wp-image-10930\" alt=\"bansky_new-york\" src=\"https:\/\/i0.wp.com\/lyonelkaufmann.ch\/Blog\/wp-content\/uploads\/2013\/11\/bansky_new-york.png?resize=675%2C528\" width=\"675\" height=\"528\" \/><\/a>Chaque \u0153uvre journali\u00e8re est \u00e9galement pr\u00e9sent\u00e9e.<\/p>\n<p style=\"text-align:justify;\">Personnellement, j&rsquo;aime bien la cr\u00e9ation du 28 octobre :<\/p>\n<p style=\"text-align:justify;\"><a href=\"https:\/\/i0.wp.com\/lyonelkaufmann.ch\/Blog\/wp-content\/uploads\/2013\/11\/bansky_new-york2.png\"><img data-recalc-dims=\"1\" loading=\"lazy\" decoding=\"async\" class=\"aligncenter size-full wp-image-10931\" alt=\"bansky_new-york2\" src=\"https:\/\/i0.wp.com\/lyonelkaufmann.ch\/Blog\/wp-content\/uploads\/2013\/11\/bansky_new-york2.png?resize=634%2C498\" width=\"634\" height=\"498\" \/><\/a>Et vous? Laquelle?<\/p>\n<p style=\"text-align:justify;\">A voir : <a href=\"http:\/\/www.lemonde.fr\/culture\/visuel\/2013\/11\/01\/sur-les-traces-de-banksy-a-new-york_3507086_3246.html\" target=\"_blank\">Sur les traces de Banksy \u00e0 New York<\/a> | Le Monde<\/p>\n","protected":false},"excerpt":{"rendered":"<p>Du 1er au 31 octobre, Banksy a pris ses quartiers \u00e0 New York. Manhattan, Brooklyn, le Bronx, le Queens et Staten Island : chacun des cinq \u00ab\u00a0boroughs\u00a0\u00bb de la ville a \u00e9t\u00e9 revisit\u00e9 par la star du street art. Chaque jour, ses fans, ses d\u00e9tracteurs, la police et les curieux du monde entier ont pu [&hellip;]<\/p>\n","protected":false},"author":1,"featured_media":10930,"comment_status":"open","ping_status":"open","sticky":false,"template":"","format":"standard","meta":{"_import_markdown_pro_load_document_selector":0,"_import_markdown_pro_submit_text_textarea":"","_genesis_hide_title":false,"_genesis_hide_breadcrumbs":false,"_genesis_hide_singular_image":false,"_genesis_hide_footer_widgets":false,"_genesis_custom_body_class":"","_genesis_custom_post_class":"","_genesis_layout":"","jetpack_post_was_ever_published":false,"_jetpack_newsletter_access":"","_jetpack_dont_email_post_to_subs":false,"_jetpack_newsletter_tier_id":0,"_jetpack_memberships_contains_paywalled_content":false,"_jetpack_memberships_contains_paid_content":false,"activitypub_content_warning":"","activitypub_content_visibility":"","activitypub_max_image_attachments":3,"activitypub_interaction_policy_quote":"anyone","activitypub_status":"","footnotes":"","jetpack_publicize_message":"","jetpack_publicize_feature_enabled":true,"jetpack_social_post_already_shared":true,"jetpack_social_options":{"image_generator_settings":{"template":"fullscreen","default_image_id":0,"font":"","enabled":false},"version":2}},"categories":[3],"tags":[],"class_list":{"0":"post-10929","1":"post","2":"type-post","3":"status-publish","4":"format-standard","5":"has-post-thumbnail","7":"category-blogcafe-2","8":"entry"},"jetpack_publicize_connections":[],"featured_image_src":null,"featured_image_src_square":null,"author_info":{"display_name":"Lyonel Kaufmann","author_link":"https:\/\/lyonelkaufmann.ch\/Blog\/author\/lyonelk\/"},"jetpack_featured_media_url":"","jetpack_sharing_enabled":true,"jetpack_shortlink":"https:\/\/wp.me\/p1qtF4-2Qh","jetpack-related-posts":[{"id":12795,"url":"https:\/\/lyonelkaufmann.ch\/Blog\/2012\/12\/03\/les-jeux-video-entrent-au-musee-dart-moderne-de-new-york\/","url_meta":{"origin":10929,"position":0},"title":"Les jeux vid\u00e9o entrent au mus\u00e9e d&rsquo;art moderne de New York","author":"Lyonel Kaufmann","date":"3 d\u00e9cembre 2012","format":false,"excerpt":"Le prestigieux mus\u00e9e d'art moderne MoMA a choisi d'ouvrir ses portes aux jeux vid\u00e9o, en annon\u00e7ant l'acquisition de quatorze titres qui seront expos\u00e9s \u00e0 partir de mars prochain. Cette premi\u00e8re s\u00e9lection sera ensuite compl\u00e9t\u00e9e par une liste \u00e9largie puisque le mus\u00e9e compte disposer d'une collection d'environ quarante jeux. Les quatorze\u2026","rel":"","context":"Dans &quot;Blogcaf\u00e9&quot;","block_context":{"text":"Blogcaf\u00e9","link":"https:\/\/lyonelkaufmann.ch\/Blog\/category\/blogcafe-2\/"},"img":{"alt_text":"","src":"https:\/\/i0.wp.com\/lyonelkaufmann.ch\/Blog\/wp-content\/uploads\/2015\/03\/blogcafe1.jpg?fit=1024%2C683&ssl=1&resize=350%2C200","width":350,"height":200,"srcset":"https:\/\/i0.wp.com\/lyonelkaufmann.ch\/Blog\/wp-content\/uploads\/2015\/03\/blogcafe1.jpg?fit=1024%2C683&ssl=1&resize=350%2C200 1x, https:\/\/i0.wp.com\/lyonelkaufmann.ch\/Blog\/wp-content\/uploads\/2015\/03\/blogcafe1.jpg?fit=1024%2C683&ssl=1&resize=525%2C300 1.5x, https:\/\/i0.wp.com\/lyonelkaufmann.ch\/Blog\/wp-content\/uploads\/2015\/03\/blogcafe1.jpg?fit=1024%2C683&ssl=1&resize=700%2C400 2x"},"classes":[]},{"id":12502,"url":"https:\/\/lyonelkaufmann.ch\/Blog\/2006\/05\/04\/christophe-willem-nouvelle-star-new-york-new-york\/","url_meta":{"origin":10929,"position":1},"title":"Christophe Willem (nouvelle star) : New York New York","author":"Lyonel Kaufmann","date":"4 mai 2006","format":false,"excerpt":"Bon, petit interm\u00e8de, relativement \u00e0 la Nouvelle Star (M6). Et surtout Christophe Willem qui, \u00e0 chaque prestation, g\u00e9n\u00e8re tous les superlatifs. C'est aussi un billet par rapport au sentiment d'avoir \u00e9t\u00e9 embarqu\u00e9 dans une \u00e9mission qui est \u00e0 des kilom\u00e8tres de mes go\u00fbts t\u00e9l\u00e9visuels! Et qui m'agace en m\u00eame temps\u2026","rel":"","context":"Dans &quot;Blogcaf\u00e9&quot;","block_context":{"text":"Blogcaf\u00e9","link":"https:\/\/lyonelkaufmann.ch\/Blog\/category\/blogcafe-2\/"},"img":{"alt_text":"","src":"https:\/\/i0.wp.com\/lyonelkaufmann.ch\/Blog\/wp-content\/uploads\/2015\/03\/blogcafe1.jpg?fit=1024%2C683&ssl=1&resize=350%2C200","width":350,"height":200,"srcset":"https:\/\/i0.wp.com\/lyonelkaufmann.ch\/Blog\/wp-content\/uploads\/2015\/03\/blogcafe1.jpg?fit=1024%2C683&ssl=1&resize=350%2C200 1x, https:\/\/i0.wp.com\/lyonelkaufmann.ch\/Blog\/wp-content\/uploads\/2015\/03\/blogcafe1.jpg?fit=1024%2C683&ssl=1&resize=525%2C300 1.5x, https:\/\/i0.wp.com\/lyonelkaufmann.ch\/Blog\/wp-content\/uploads\/2015\/03\/blogcafe1.jpg?fit=1024%2C683&ssl=1&resize=700%2C400 2x"},"classes":[]},{"id":21332,"url":"https:\/\/lyonelkaufmann.ch\/Blog\/2020\/03\/28\/il-etait-une-fois-en-amerique-le-courage-dune-femme-medecin-le-temps\/","url_meta":{"origin":10929,"position":2},"title":"Il \u00e9tait une fois en Am\u00e9rique: le courage d\u2019une femme m\u00e9decin | Le Temps","author":"Lyonel Kaufmann","date":"28 mars 2020","format":false,"excerpt":"Colleen Smith travaille au sein de l\u2019H\u00f4pital Elmhurst dans le Queens (545 lits), o\u00f9 les cas de coronavirus explosent. Le\u00a0New York Times\u00a0vient de diffuser une vid\u00e9o montrant la m\u00e9decin urgentiste \u00e0 l\u2019\u0153uvre. C\u2019est en fait elle qui filme son h\u00f4pital et qui se filme elle-m\u00eame, fa\u00e7on carnet de bord. Le\u2026","rel":"","context":"Dans &quot;Blogcaf\u00e9&quot;","block_context":{"text":"Blogcaf\u00e9","link":"https:\/\/lyonelkaufmann.ch\/Blog\/category\/blogcafe-2\/"},"img":{"alt_text":"","src":"","width":0,"height":0},"classes":[]},{"id":17936,"url":"https:\/\/lyonelkaufmann.ch\/Blog\/2017\/01\/15\/street-art-photo-du-mois\/","url_meta":{"origin":10929,"position":3},"title":"Street Art | Photo du mois","author":"Lyonel Kaufmann","date":"15 janvier 2017","format":false,"excerpt":"Le th\u00e8me du mois \"Le street art\" a \u00e9t\u00e9 choisi par Who cares? (http:\/\/who-cares.fr\/). Note de l'auteur-e: Le street art, ou art urbain, est de plus en plus \u00e0 la mode, et il peut rev\u00eatir diverses formes : la peinture bien s\u00fbr (avec le graffiti ou les fresques), mais aussi\u2026","rel":"","context":"Dans &quot;Photo du mois&quot;","block_context":{"text":"Photo du mois","link":"https:\/\/lyonelkaufmann.ch\/Blog\/category\/photo-du-mois\/"},"img":{"alt_text":"","src":"https:\/\/i0.wp.com\/lyonelkaufmann.ch\/Blog\/wp-content\/uploads\/2017\/01\/IMGP2469.jpg?fit=1200%2C801&ssl=1&resize=350%2C200","width":350,"height":200,"srcset":"https:\/\/i0.wp.com\/lyonelkaufmann.ch\/Blog\/wp-content\/uploads\/2017\/01\/IMGP2469.jpg?fit=1200%2C801&ssl=1&resize=350%2C200 1x, https:\/\/i0.wp.com\/lyonelkaufmann.ch\/Blog\/wp-content\/uploads\/2017\/01\/IMGP2469.jpg?fit=1200%2C801&ssl=1&resize=525%2C300 1.5x, https:\/\/i0.wp.com\/lyonelkaufmann.ch\/Blog\/wp-content\/uploads\/2017\/01\/IMGP2469.jpg?fit=1200%2C801&ssl=1&resize=700%2C400 2x, https:\/\/i0.wp.com\/lyonelkaufmann.ch\/Blog\/wp-content\/uploads\/2017\/01\/IMGP2469.jpg?fit=1200%2C801&ssl=1&resize=1050%2C600 3x"},"classes":[]},{"id":5369,"url":"https:\/\/lyonelkaufmann.ch\/Blog\/2012\/01\/16\/bandits-roost-rue-des-bandits-new-york-city-1890\/","url_meta":{"origin":10929,"position":4},"title":"Bandit&rsquo;s Roost (Rue des Bandits), New York City (1890)","author":"Lyonel Kaufmann","date":"16 janvier 2012","format":"image","excerpt":"Jacob Riis (1890) Bandit's Roost (Rue des Bandits), New York City Jacob Riis (Ribe (1849 - 1914) est un photographe, r\u00e9formateur et journaliste.\u00a0En 1880, il a commenc\u00e9 \u00e0 prendre en photo les quartiers pauvres de New York \u00e0 la tomb\u00e9e de la nuit. On dit que ses clich\u00e9s ont motiv\u00e9\u2026","rel":"","context":"Dans &quot;Blogcaf\u00e9&quot;","block_context":{"text":"Blogcaf\u00e9","link":"https:\/\/lyonelkaufmann.ch\/Blog\/category\/blogcafe-2\/"},"img":{"alt_text":"","src":"https:\/\/i0.wp.com\/lyonelkaufmann.ch\/Blog\/wp-content\/uploads\/2015\/03\/598px-1-Riis-Bandits-Roost-New-York-City-Slum-1890.jpg?fit=598%2C480&ssl=1&resize=350%2C200","width":350,"height":200,"srcset":"https:\/\/i0.wp.com\/lyonelkaufmann.ch\/Blog\/wp-content\/uploads\/2015\/03\/598px-1-Riis-Bandits-Roost-New-York-City-Slum-1890.jpg?fit=598%2C480&ssl=1&resize=350%2C200 1x, https:\/\/i0.wp.com\/lyonelkaufmann.ch\/Blog\/wp-content\/uploads\/2015\/03\/598px-1-Riis-Bandits-Roost-New-York-City-Slum-1890.jpg?fit=598%2C480&ssl=1&resize=525%2C300 1.5x"},"classes":[]},{"id":19256,"url":"https:\/\/lyonelkaufmann.ch\/Blog\/2018\/05\/25\/retrospective-digitale-des-oeuvres-de-frida-kahlo-google-arts-culture\/","url_meta":{"origin":10929,"position":5},"title":"R\u00e9trospective digitale des oeuvres de Frida Kahlo \u2014 Google Arts\u00a0&#038;\u00a0Culture","author":"Lyonel Kaufmann","date":"25 mai 2018","format":false,"excerpt":"Les peintures, autoportraits ou lettres de l'artiste mexicaine et ic\u00f4ne f\u00e9ministe Frida Kahlo, sont disponibles dans la plus grande collection en ligne, gr\u00e2ce \u00e0 une application de Google. Google Arts & Culture a travaill\u00e9 avec 33 mus\u00e9es \u00e0 travers le monde et des experts, pour rassembler plus de 800 objets,\u2026","rel":"","context":"Dans &quot;Blogcaf\u00e9&quot;","block_context":{"text":"Blogcaf\u00e9","link":"https:\/\/lyonelkaufmann.ch\/Blog\/category\/blogcafe-2\/"},"img":{"alt_text":"","src":"https:\/\/www.rts.ch\/2018\/05\/25\/12\/03\/9596603.image","width":350,"height":200,"srcset":"https:\/\/www.rts.ch\/2018\/05\/25\/12\/03\/9596603.image 1x, https:\/\/www.rts.ch\/2018\/05\/25\/12\/03\/9596603.image 1.5x, https:\/\/www.rts.ch\/2018\/05\/25\/12\/03\/9596603.image 2x"},"classes":[]}],"jetpack_likes_enabled":true,"_links":{"self":[{"href":"https:\/\/lyonelkaufmann.ch\/Blog\/wp-json\/wp\/v2\/posts\/10929","targetHints":{"allow":["GET"]}}],"collection":[{"href":"https:\/\/lyonelkaufmann.ch\/Blog\/wp-json\/wp\/v2\/posts"}],"about":[{"href":"https:\/\/lyonelkaufmann.ch\/Blog\/wp-json\/wp\/v2\/types\/post"}],"author":[{"embeddable":true,"href":"https:\/\/lyonelkaufmann.ch\/Blog\/wp-json\/wp\/v2\/users\/1"}],"replies":[{"embeddable":true,"href":"https:\/\/lyonelkaufmann.ch\/Blog\/wp-json\/wp\/v2\/comments?post=10929"}],"version-history":[{"count":0,"href":"https:\/\/lyonelkaufmann.ch\/Blog\/wp-json\/wp\/v2\/posts\/10929\/revisions"}],"wp:featuredmedia":[{"embeddable":true,"href":"https:\/\/lyonelkaufmann.ch\/Blog\/wp-json\/"}],"wp:attachment":[{"href":"https:\/\/lyonelkaufmann.ch\/Blog\/wp-json\/wp\/v2\/media?parent=10929"}],"wp:term":[{"taxonomy":"category","embeddable":true,"href":"https:\/\/lyonelkaufmann.ch\/Blog\/wp-json\/wp\/v2\/categories?post=10929"},{"taxonomy":"post_tag","embeddable":true,"href":"https:\/\/lyonelkaufmann.ch\/Blog\/wp-json\/wp\/v2\/tags?post=10929"}],"curies":[{"name":"wp","href":"https:\/\/api.w.org\/{rel}","templated":true}]}}