{"id":10933,"date":"2013-11-07T12:52:37","date_gmt":"2013-11-07T11:52:37","guid":{"rendered":"https:\/\/lyonelkaufmann.ch\/Blog\/?p=10933"},"modified":"2013-11-07T12:52:37","modified_gmt":"2013-11-07T11:52:37","slug":"vendanges-automne-photo-du-jour","status":"publish","type":"post","link":"https:\/\/lyonelkaufmann.ch\/Blog\/2013\/11\/07\/vendanges-automne-photo-du-jour\/","title":{"rendered":"Vendanges &amp; automne | Photo du jour"},"content":{"rendered":"<figure style=\"width: 1024px\" class=\"wp-caption aligncenter\"><a href=\"https:\/\/i0.wp.com\/lyonelk.smugmug.com\/Photography\/Vendanges-automne\/i-bpKpT39\/0\/XL\/Vendanges%2526Automne3-XL.jpg\"><img data-recalc-dims=\"1\" loading=\"lazy\" decoding=\"async\" alt=\"\" src=\"https:\/\/i0.wp.com\/lyonelk.smugmug.com\/Photography\/Vendanges-automne\/i-bpKpT39\/0\/XL\/Vendanges%2526Automne3-XL.jpg?resize=1024%2C678\" width=\"1024\" height=\"678\" \/><\/a><figcaption class=\"wp-caption-text\">Plans de vigne @ Yvorne<\/figcaption><\/figure>\n<p>Par une belle journ\u00e9e d&rsquo;automne, cette photo a \u00e9t\u00e9 prise en-dessus du village d&rsquo;Yvorne (VD). Un petit air d&rsquo;\u00e9t\u00e9 indien r\u00e9gnait cet apr\u00e8s-midi du 25 octobre 2013.<\/p>\n<p>Pentax k5 &#8211; Sigma 17-70mm<\/p>\n","protected":false},"excerpt":{"rendered":"<p>Par une belle journ\u00e9e d&rsquo;automne, cette photo a \u00e9t\u00e9 prise en-dessus du village d&rsquo;Yvorne (VD). Un petit air d&rsquo;\u00e9t\u00e9 indien r\u00e9gnait cet apr\u00e8s-midi du 25 octobre 2013. Pentax k5 &#8211; Sigma 17-70mm<\/p>\n","protected":false},"author":1,"featured_media":10934,"comment_status":"open","ping_status":"open","sticky":false,"template":"","format":"standard","meta":{"_import_markdown_pro_load_document_selector":0,"_import_markdown_pro_submit_text_textarea":"","_genesis_hide_title":false,"_genesis_hide_breadcrumbs":false,"_genesis_hide_singular_image":false,"_genesis_hide_footer_widgets":false,"_genesis_custom_body_class":"","_genesis_custom_post_class":"","_genesis_layout":"","jetpack_post_was_ever_published":false,"_jetpack_newsletter_access":"","_jetpack_dont_email_post_to_subs":false,"_jetpack_newsletter_tier_id":0,"_jetpack_memberships_contains_paywalled_content":false,"_jetpack_memberships_contains_paid_content":false,"activitypub_content_warning":"","activitypub_content_visibility":"","activitypub_max_image_attachments":3,"activitypub_interaction_policy_quote":"anyone","activitypub_status":"","footnotes":"","jetpack_publicize_message":"","jetpack_publicize_feature_enabled":true,"jetpack_social_post_already_shared":true,"jetpack_social_options":{"image_generator_settings":{"template":"fullscreen","default_image_id":0,"font":"","enabled":false},"version":2}},"categories":[3],"tags":[],"class_list":{"0":"post-10933","1":"post","2":"type-post","3":"status-publish","4":"format-standard","5":"has-post-thumbnail","7":"category-blogcafe-2","8":"entry"},"jetpack_publicize_connections":[],"featured_image_src":null,"featured_image_src_square":null,"author_info":{"display_name":"Lyonel Kaufmann","author_link":"https:\/\/lyonelkaufmann.ch\/Blog\/author\/lyonelk\/"},"jetpack_featured_media_url":"","jetpack_sharing_enabled":true,"jetpack_shortlink":"https:\/\/wp.me\/p1qtF4-2Ql","jetpack-related-posts":[{"id":633,"url":"https:\/\/lyonelkaufmann.ch\/Blog\/2007\/06\/07\/lausanne-sur-toscane\/","url_meta":{"origin":10933,"position":0},"title":"Lausanne sur Toscane","author":"Lyonel Kaufmann","date":"7 juin 2007","format":"aside","excerpt":".flickr-photo { border: solid 2px #000000; } .flickr-yourcomment { } .flickr-frame { text-align: left; padding: 3px; } .flickr-caption { font-size: 0.8em; margin-top: 0px; } \u00a0 Lausanne7.jpg, Photo h\u00e9berg\u00e9e par lyonelkaufmann. Variation photographique et architecturale avec Lausanne comme sujet. En choisissant ce cadrage, j'y trouve un petit air de Toscane dans\u2026","rel":"","context":"Dans &quot;Blogcaf\u00e9&quot;","block_context":{"text":"Blogcaf\u00e9","link":"https:\/\/lyonelkaufmann.ch\/Blog\/category\/blogcafe-2\/"},"img":{"alt_text":"","src":"https:\/\/i0.wp.com\/lyonelkaufmann.ch\/Blog\/wp-content\/uploads\/2015\/03\/533837765_74137f546d.jpg?fit=318%2C500&ssl=1&resize=350%2C200","width":350,"height":200},"classes":[]},{"id":14791,"url":"https:\/\/lyonelkaufmann.ch\/Blog\/2015\/04\/06\/a-papillons2015-quebec\/","url_meta":{"origin":10933,"position":1},"title":"A #Papillons2015 |\u00a0Qu\u00e9bec 2015","author":"Lyonel Kaufmann","date":"6 avril 2015","format":false,"excerpt":"Superbe visite ce dimanche \u00e0 Montr\u00e9al au Jardin botanique avec l'exposition Papillons en libert\u00e9 | Couleurs papillons. Cette exposition a lieu du 19 f\u00e9vrier au 26 avril 2015. D\u00e8s le premier pas dans la grande serre, on assiste \u00e0 un v\u00e9ritable ballet de couleurs chatoyantes et lumineuses. On y circule\u2026","rel":"","context":"Dans &quot;Blogcaf\u00e9&quot;","block_context":{"text":"Blogcaf\u00e9","link":"https:\/\/lyonelkaufmann.ch\/Blog\/category\/blogcafe-2\/"},"img":{"alt_text":"","src":"https:\/\/i0.wp.com\/lyonelkaufmann.ch\/Blog\/wp-content\/uploads\/2015\/04\/Papillons2015-X2.jpg?fit=1200%2C798&ssl=1&resize=350%2C200","width":350,"height":200,"srcset":"https:\/\/i0.wp.com\/lyonelkaufmann.ch\/Blog\/wp-content\/uploads\/2015\/04\/Papillons2015-X2.jpg?fit=1200%2C798&ssl=1&resize=350%2C200 1x, https:\/\/i0.wp.com\/lyonelkaufmann.ch\/Blog\/wp-content\/uploads\/2015\/04\/Papillons2015-X2.jpg?fit=1200%2C798&ssl=1&resize=525%2C300 1.5x, https:\/\/i0.wp.com\/lyonelkaufmann.ch\/Blog\/wp-content\/uploads\/2015\/04\/Papillons2015-X2.jpg?fit=1200%2C798&ssl=1&resize=700%2C400 2x, https:\/\/i0.wp.com\/lyonelkaufmann.ch\/Blog\/wp-content\/uploads\/2015\/04\/Papillons2015-X2.jpg?fit=1200%2C798&ssl=1&resize=1050%2C600 3x"},"classes":[]},{"id":1495,"url":"https:\/\/lyonelkaufmann.ch\/Blog\/2009\/08\/20\/50000-photos-de-classes-zurichoises-en-ligne\/","url_meta":{"origin":10933,"position":2},"title":"50&rsquo;000 photos de classes zurichoises en ligne","author":"Lyonel Kaufmann","date":"20 ao\u00fbt 2009","format":false,"excerpt":"Les archives du canton de Zurich ont num\u00e9ris\u00e9 professionnellement pr\u00e8s de 50'000 photos de classe du canton de Zurich couvrant les ann\u00e9es 1927 \u00e0 1995. Elles ont \u00e9t\u00e9 mises en ligne \u00e0 l'adresse suivante Klassenphotoarchiv. Il est ensuite possible de faire une recherche par code postal, lieu, nom d'\u00e9cole, ann\u00e9e\u2026","rel":"","context":"Dans &quot;histoire&quot;","block_context":{"text":"histoire","link":"https:\/\/lyonelkaufmann.ch\/Blog\/category\/histoire-2\/"},"img":{"alt_text":"Ecole: Sekundar B\u00fchl A. Ann\u00e9e: 1940 (14 mars). Enseignante: Mme Elsa Muschg","src":"https:\/\/i0.wp.com\/www.klassenfotoarchiv.ch\/previews\/LMP_Cumu_01\/10_lehrmittel_photos_db\/10_bilder\/012401-012500\/012481.jpg\/40_no_no_yes_750_96.JPEG?resize=350%2C200","width":350,"height":200},"classes":[]},{"id":15326,"url":"https:\/\/lyonelkaufmann.ch\/Blog\/2015\/11\/04\/arbre-dautomne\/","url_meta":{"origin":10933,"position":3},"title":"Arbre d&rsquo;automne","author":"Lyonel Kaufmann","date":"4 novembre 2015","format":false,"excerpt":"Dimanche 1er novembre, un petit c\u00f4t\u00e9 \u00e9t\u00e9 indien nous accompagne aux Pl\u00e9iades.","rel":"","context":"Dans &quot;Blogcaf\u00e9&quot;","block_context":{"text":"Blogcaf\u00e9","link":"https:\/\/lyonelkaufmann.ch\/Blog\/category\/blogcafe-2\/"},"img":{"alt_text":"","src":"https:\/\/i0.wp.com\/lyonelkaufmann.ch\/Blog\/wp-content\/uploads\/2015\/11\/22735823736_6a7913716a_c.jpg?fit=800%2C534&ssl=1&resize=350%2C200","width":350,"height":200,"srcset":"https:\/\/i0.wp.com\/lyonelkaufmann.ch\/Blog\/wp-content\/uploads\/2015\/11\/22735823736_6a7913716a_c.jpg?fit=800%2C534&ssl=1&resize=350%2C200 1x, https:\/\/i0.wp.com\/lyonelkaufmann.ch\/Blog\/wp-content\/uploads\/2015\/11\/22735823736_6a7913716a_c.jpg?fit=800%2C534&ssl=1&resize=525%2C300 1.5x, https:\/\/i0.wp.com\/lyonelkaufmann.ch\/Blog\/wp-content\/uploads\/2015\/11\/22735823736_6a7913716a_c.jpg?fit=800%2C534&ssl=1&resize=700%2C400 2x"},"classes":[]},{"id":12789,"url":"https:\/\/lyonelkaufmann.ch\/Blog\/2012\/11\/23\/automne-moderne-photo-du-jour\/","url_meta":{"origin":10933,"position":4},"title":"Automne moderne | Photo du jour","author":"Lyonel Kaufmann","date":"23 novembre 2012","format":"image","excerpt":"C'est l'histoire d'un arbre et de deux dames d'un certain \u00e2ge, l'une sur le banc avec son smartphone, l'autre faisant son jogging. Le tout enrob\u00e9 dans une superbe lumi\u00e8re de saison. Un automne moderne donc.","rel":"","context":"Dans &quot;Photo du jour&quot;","block_context":{"text":"Photo du jour","link":"https:\/\/lyonelkaufmann.ch\/Blog\/category\/photo-du-jour\/"},"img":{"alt_text":"","src":"https:\/\/i0.wp.com\/lyonelkaufmann.ch\/Blog\/wp-content\/uploads\/2015\/03\/Automne-moderne-L.jpg?fit=398%2C600&ssl=1&resize=350%2C200","width":350,"height":200},"classes":[]},{"id":8808,"url":"https:\/\/lyonelkaufmann.ch\/Blog\/2012\/12\/14\/automne-italien\/","url_meta":{"origin":10933,"position":5},"title":"Automne italien | Photo du jour","author":"Lyonel Kaufmann","date":"14 d\u00e9cembre 2012","format":"image","excerpt":"Avant la traditionnelle photo du mois, je vous propose un petit retour en arri\u00e8re en septembre et en Italie au Je\u00fbne F\u00e9d\u00e9ral. La photo jaunit d\u00e9j\u00e0\u2026","rel":"","context":"Dans &quot;Photo du jour&quot;","block_context":{"text":"Photo du jour","link":"https:\/\/lyonelkaufmann.ch\/Blog\/category\/photo-du-jour\/"},"img":{"alt_text":"","src":"https:\/\/i0.wp.com\/lyonelkaufmann.ch\/Blog\/wp-content\/uploads\/2015\/03\/CA_12061223123301-L.jpg?fit=400%2C600&ssl=1&resize=350%2C200","width":350,"height":200},"classes":[]}],"jetpack_likes_enabled":true,"_links":{"self":[{"href":"https:\/\/lyonelkaufmann.ch\/Blog\/wp-json\/wp\/v2\/posts\/10933","targetHints":{"allow":["GET"]}}],"collection":[{"href":"https:\/\/lyonelkaufmann.ch\/Blog\/wp-json\/wp\/v2\/posts"}],"about":[{"href":"https:\/\/lyonelkaufmann.ch\/Blog\/wp-json\/wp\/v2\/types\/post"}],"author":[{"embeddable":true,"href":"https:\/\/lyonelkaufmann.ch\/Blog\/wp-json\/wp\/v2\/users\/1"}],"replies":[{"embeddable":true,"href":"https:\/\/lyonelkaufmann.ch\/Blog\/wp-json\/wp\/v2\/comments?post=10933"}],"version-history":[{"count":0,"href":"https:\/\/lyonelkaufmann.ch\/Blog\/wp-json\/wp\/v2\/posts\/10933\/revisions"}],"wp:featuredmedia":[{"embeddable":true,"href":"https:\/\/lyonelkaufmann.ch\/Blog\/wp-json\/"}],"wp:attachment":[{"href":"https:\/\/lyonelkaufmann.ch\/Blog\/wp-json\/wp\/v2\/media?parent=10933"}],"wp:term":[{"taxonomy":"category","embeddable":true,"href":"https:\/\/lyonelkaufmann.ch\/Blog\/wp-json\/wp\/v2\/categories?post=10933"},{"taxonomy":"post_tag","embeddable":true,"href":"https:\/\/lyonelkaufmann.ch\/Blog\/wp-json\/wp\/v2\/tags?post=10933"}],"curies":[{"name":"wp","href":"https:\/\/api.w.org\/{rel}","templated":true}]}}