{"id":10936,"date":"2013-11-08T07:00:32","date_gmt":"2013-11-08T06:00:32","guid":{"rendered":"https:\/\/lyonelkaufmann.ch\/Blog\/?p=10936"},"modified":"2013-11-08T07:00:32","modified_gmt":"2013-11-08T06:00:32","slug":"yvorne-photo-du-jour","status":"publish","type":"post","link":"https:\/\/lyonelkaufmann.ch\/Blog\/2013\/11\/08\/yvorne-photo-du-jour\/","title":{"rendered":"Yvorne |\u00a0Photo du jour"},"content":{"rendered":"<div class=\"yui3-widget-bd\" id=\"yui_3_8_0_1_1383825252059_1417\">\n<figure style=\"width: 1024px\" class=\"wp-caption aligncenter\"><a href=\"https:\/\/i0.wp.com\/lyonelk.smugmug.com\/Photography\/Vendanges-automne\/i-2ZqRnwT\/0\/XL\/Vendanges%2526Automne1-XL.jpg\"><img data-recalc-dims=\"1\" loading=\"lazy\" decoding=\"async\" alt=\"\" src=\"https:\/\/i0.wp.com\/lyonelk.smugmug.com\/Photography\/Vendanges-automne\/i-2ZqRnwT\/0\/XL\/Vendanges%2526Automne1-XL.jpg?resize=1024%2C678\" width=\"1024\" height=\"678\" \/><\/a><figcaption class=\"wp-caption-text\">Village d&rsquo;Yvorne, la ville d&rsquo;Aigle au deuxi\u00e8me plan et plaine du Rh\u00f4ne depuis les vignes.<\/figcaption><\/figure>\n<\/div>\n<p>Par une belle journ\u00e9e d\u2019automne, cette photo a \u00e9t\u00e9 prise en-dessus du village d\u2019Yvorne (VD). Un petit air d\u2019\u00e9t\u00e9 indien r\u00e9gnait cet apr\u00e8s-midi du 25 octobre 2013.<br \/>\nPentax K5 \u2013 Sigma 17-70mm<\/p>\n","protected":false},"excerpt":{"rendered":"<p>Par une belle journ\u00e9e d\u2019automne, cette photo a \u00e9t\u00e9 prise en-dessus du village d\u2019Yvorne (VD). Un petit air d\u2019\u00e9t\u00e9 indien r\u00e9gnait cet apr\u00e8s-midi du 25 octobre 2013. Pentax K5 \u2013 Sigma 17-70mm<\/p>\n","protected":false},"author":1,"featured_media":10942,"comment_status":"open","ping_status":"open","sticky":false,"template":"","format":"standard","meta":{"_import_markdown_pro_load_document_selector":0,"_import_markdown_pro_submit_text_textarea":"","_genesis_hide_title":false,"_genesis_hide_breadcrumbs":false,"_genesis_hide_singular_image":false,"_genesis_hide_footer_widgets":false,"_genesis_custom_body_class":"","_genesis_custom_post_class":"","_genesis_layout":"","jetpack_post_was_ever_published":false,"_jetpack_newsletter_access":"","_jetpack_dont_email_post_to_subs":false,"_jetpack_newsletter_tier_id":0,"_jetpack_memberships_contains_paywalled_content":false,"_jetpack_memberships_contains_paid_content":false,"activitypub_content_warning":"","activitypub_content_visibility":"","activitypub_max_image_attachments":3,"activitypub_interaction_policy_quote":"anyone","activitypub_status":"","footnotes":"","jetpack_publicize_message":"","jetpack_publicize_feature_enabled":true,"jetpack_social_post_already_shared":true,"jetpack_social_options":{"image_generator_settings":{"template":"fullscreen","default_image_id":0,"font":"","enabled":false},"version":2}},"categories":[3],"tags":[],"class_list":{"0":"post-10936","1":"post","2":"type-post","3":"status-publish","4":"format-standard","5":"has-post-thumbnail","7":"category-blogcafe-2","8":"entry"},"jetpack_publicize_connections":[],"featured_image_src":null,"featured_image_src_square":null,"author_info":{"display_name":"Lyonel Kaufmann","author_link":"https:\/\/lyonelkaufmann.ch\/Blog\/author\/lyonelk\/"},"jetpack_featured_media_url":"","jetpack_sharing_enabled":true,"jetpack_shortlink":"https:\/\/wp.me\/p1qtF4-2Qo","jetpack-related-posts":[{"id":633,"url":"https:\/\/lyonelkaufmann.ch\/Blog\/2007\/06\/07\/lausanne-sur-toscane\/","url_meta":{"origin":10936,"position":0},"title":"Lausanne sur Toscane","author":"Lyonel Kaufmann","date":"7 juin 2007","format":"aside","excerpt":".flickr-photo { border: solid 2px #000000; } .flickr-yourcomment { } .flickr-frame { text-align: left; padding: 3px; } .flickr-caption { font-size: 0.8em; margin-top: 0px; } \u00a0 Lausanne7.jpg, Photo h\u00e9berg\u00e9e par lyonelkaufmann. Variation photographique et architecturale avec Lausanne comme sujet. En choisissant ce cadrage, j'y trouve un petit air de Toscane dans\u2026","rel":"","context":"Dans &quot;Blogcaf\u00e9&quot;","block_context":{"text":"Blogcaf\u00e9","link":"https:\/\/lyonelkaufmann.ch\/Blog\/category\/blogcafe-2\/"},"img":{"alt_text":"","src":"https:\/\/i0.wp.com\/lyonelkaufmann.ch\/Blog\/wp-content\/uploads\/2015\/03\/533837765_74137f546d.jpg?fit=318%2C500&ssl=1&resize=350%2C200","width":350,"height":200},"classes":[]},{"id":14791,"url":"https:\/\/lyonelkaufmann.ch\/Blog\/2015\/04\/06\/a-papillons2015-quebec\/","url_meta":{"origin":10936,"position":1},"title":"A #Papillons2015 |\u00a0Qu\u00e9bec 2015","author":"Lyonel Kaufmann","date":"6 avril 2015","format":false,"excerpt":"Superbe visite ce dimanche \u00e0 Montr\u00e9al au Jardin botanique avec l'exposition Papillons en libert\u00e9 | Couleurs papillons. Cette exposition a lieu du 19 f\u00e9vrier au 26 avril 2015. D\u00e8s le premier pas dans la grande serre, on assiste \u00e0 un v\u00e9ritable ballet de couleurs chatoyantes et lumineuses. On y circule\u2026","rel":"","context":"Dans &quot;Blogcaf\u00e9&quot;","block_context":{"text":"Blogcaf\u00e9","link":"https:\/\/lyonelkaufmann.ch\/Blog\/category\/blogcafe-2\/"},"img":{"alt_text":"","src":"https:\/\/i0.wp.com\/lyonelkaufmann.ch\/Blog\/wp-content\/uploads\/2015\/04\/Papillons2015-X2.jpg?fit=1200%2C798&ssl=1&resize=350%2C200","width":350,"height":200,"srcset":"https:\/\/i0.wp.com\/lyonelkaufmann.ch\/Blog\/wp-content\/uploads\/2015\/04\/Papillons2015-X2.jpg?fit=1200%2C798&ssl=1&resize=350%2C200 1x, https:\/\/i0.wp.com\/lyonelkaufmann.ch\/Blog\/wp-content\/uploads\/2015\/04\/Papillons2015-X2.jpg?fit=1200%2C798&ssl=1&resize=525%2C300 1.5x, https:\/\/i0.wp.com\/lyonelkaufmann.ch\/Blog\/wp-content\/uploads\/2015\/04\/Papillons2015-X2.jpg?fit=1200%2C798&ssl=1&resize=700%2C400 2x, https:\/\/i0.wp.com\/lyonelkaufmann.ch\/Blog\/wp-content\/uploads\/2015\/04\/Papillons2015-X2.jpg?fit=1200%2C798&ssl=1&resize=1050%2C600 3x"},"classes":[]},{"id":1495,"url":"https:\/\/lyonelkaufmann.ch\/Blog\/2009\/08\/20\/50000-photos-de-classes-zurichoises-en-ligne\/","url_meta":{"origin":10936,"position":2},"title":"50&rsquo;000 photos de classes zurichoises en ligne","author":"Lyonel Kaufmann","date":"20 ao\u00fbt 2009","format":false,"excerpt":"Les archives du canton de Zurich ont num\u00e9ris\u00e9 professionnellement pr\u00e8s de 50'000 photos de classe du canton de Zurich couvrant les ann\u00e9es 1927 \u00e0 1995. Elles ont \u00e9t\u00e9 mises en ligne \u00e0 l'adresse suivante Klassenphotoarchiv. Il est ensuite possible de faire une recherche par code postal, lieu, nom d'\u00e9cole, ann\u00e9e\u2026","rel":"","context":"Dans &quot;histoire&quot;","block_context":{"text":"histoire","link":"https:\/\/lyonelkaufmann.ch\/Blog\/category\/histoire-2\/"},"img":{"alt_text":"Ecole: Sekundar B\u00fchl A. Ann\u00e9e: 1940 (14 mars). Enseignante: Mme Elsa Muschg","src":"https:\/\/i0.wp.com\/www.klassenfotoarchiv.ch\/previews\/LMP_Cumu_01\/10_lehrmittel_photos_db\/10_bilder\/012401-012500\/012481.jpg\/40_no_no_yes_750_96.JPEG?resize=350%2C200","width":350,"height":200},"classes":[]},{"id":10933,"url":"https:\/\/lyonelkaufmann.ch\/Blog\/2013\/11\/07\/vendanges-automne-photo-du-jour\/","url_meta":{"origin":10936,"position":3},"title":"Vendanges &amp; automne | Photo du jour","author":"Lyonel Kaufmann","date":"7 novembre 2013","format":false,"excerpt":"Par une belle journ\u00e9e d'automne, cette photo a \u00e9t\u00e9 prise en-dessus du village d'Yvorne (VD). Un petit air d'\u00e9t\u00e9 indien r\u00e9gnait cet apr\u00e8s-midi du 25 octobre 2013. Pentax k5 - Sigma 17-70mm","rel":"","context":"Dans &quot;Blogcaf\u00e9&quot;","block_context":{"text":"Blogcaf\u00e9","link":"https:\/\/lyonelkaufmann.ch\/Blog\/category\/blogcafe-2\/"},"img":{"alt_text":"","src":"https:\/\/i0.wp.com\/lyonelk.smugmug.com\/Photography\/Vendanges-automne\/i-bpKpT39\/0\/XL\/Vendanges%2526Automne3-XL.jpg?resize=350%2C200","width":350,"height":200,"srcset":"https:\/\/i0.wp.com\/lyonelk.smugmug.com\/Photography\/Vendanges-automne\/i-bpKpT39\/0\/XL\/Vendanges%2526Automne3-XL.jpg?resize=350%2C200 1x, https:\/\/i0.wp.com\/lyonelk.smugmug.com\/Photography\/Vendanges-automne\/i-bpKpT39\/0\/XL\/Vendanges%2526Automne3-XL.jpg?resize=525%2C300 1.5x, https:\/\/i0.wp.com\/lyonelk.smugmug.com\/Photography\/Vendanges-automne\/i-bpKpT39\/0\/XL\/Vendanges%2526Automne3-XL.jpg?resize=700%2C400 2x"},"classes":[]},{"id":5548,"url":"https:\/\/lyonelkaufmann.ch\/Blog\/2012\/06\/18\/la-fille-de-la-photo-sort-du-cliche\/","url_meta":{"origin":10936,"position":4},"title":"\u00ab\u00a0La fille de la photo\u00a0\u00bb sort du clich\u00e9","author":"Lyonel Kaufmann","date":"18 juin 2012","format":false,"excerpt":"Phan Thi Kim Phuc. Village de Tran Bang, Sud-Vietnam, 8 juin 1972. Photographie de Nick Ut (AP) \"J'ai longtemps voulu fuir cette petite fille plong\u00e9e dans le chaos de la guerre du Vietnam. Mais la photo m'a toujours rattrap\u00e9e. De partout des gens surgissaient en disant : \"C'est bien vous\u2026","rel":"","context":"Dans &quot;histoire&quot;","block_context":{"text":"histoire","link":"https:\/\/lyonelkaufmann.ch\/Blog\/category\/histoire-2\/"},"img":{"alt_text":"","src":"https:\/\/i0.wp.com\/lyonelkaufmann.ch\/Blog\/wp-content\/uploads\/2015\/03\/1718250_7_0db6_8-juin-1972-trang-bang-sud-vietnam-kim-phuc_78585d6ef8a31edf594f091eeed79bed.jpg?fit=540%2C360&ssl=1&resize=350%2C200","width":350,"height":200,"srcset":"https:\/\/i0.wp.com\/lyonelkaufmann.ch\/Blog\/wp-content\/uploads\/2015\/03\/1718250_7_0db6_8-juin-1972-trang-bang-sud-vietnam-kim-phuc_78585d6ef8a31edf594f091eeed79bed.jpg?fit=540%2C360&ssl=1&resize=350%2C200 1x, https:\/\/i0.wp.com\/lyonelkaufmann.ch\/Blog\/wp-content\/uploads\/2015\/03\/1718250_7_0db6_8-juin-1972-trang-bang-sud-vietnam-kim-phuc_78585d6ef8a31edf594f091eeed79bed.jpg?fit=540%2C360&ssl=1&resize=525%2C300 1.5x"},"classes":[]},{"id":16476,"url":"https:\/\/lyonelkaufmann.ch\/Blog\/2016\/05\/07\/moustiers-sainte-marie\/","url_meta":{"origin":10936,"position":5},"title":"Moustiers-Sainte-Marie","author":"Lyonel Kaufmann","date":"7 mai 2016","format":false,"excerpt":"Samedi 7 mai. Le soleil est pr\u00e9sent en compagnie de nuage et d'un vent parfois capricieux et pr\u00e9sent par rafales. La visite de Moustiers-Sainte-Marie est inscrite au programme de notre journ\u00e9e. Le village de Moustiers-Sainte-Marie Moustiers-Sainte-Marie est une charmante localit\u00e9 fort touristique, situ\u00e9e dans le d\u00e9partement des Alpes-de-Haute-Provence en r\u00e9gion\u2026","rel":"","context":"Dans &quot;Diary&quot;","block_context":{"text":"Diary","link":"https:\/\/lyonelkaufmann.ch\/Blog\/category\/diary\/"},"img":{"alt_text":"","src":"https:\/\/i0.wp.com\/lyonelkaufmann.ch\/Blog\/wp-content\/uploads\/2016\/05\/image-1.jpeg?fit=1200%2C675&ssl=1&resize=350%2C200","width":350,"height":200,"srcset":"https:\/\/i0.wp.com\/lyonelkaufmann.ch\/Blog\/wp-content\/uploads\/2016\/05\/image-1.jpeg?fit=1200%2C675&ssl=1&resize=350%2C200 1x, https:\/\/i0.wp.com\/lyonelkaufmann.ch\/Blog\/wp-content\/uploads\/2016\/05\/image-1.jpeg?fit=1200%2C675&ssl=1&resize=525%2C300 1.5x, https:\/\/i0.wp.com\/lyonelkaufmann.ch\/Blog\/wp-content\/uploads\/2016\/05\/image-1.jpeg?fit=1200%2C675&ssl=1&resize=700%2C400 2x, https:\/\/i0.wp.com\/lyonelkaufmann.ch\/Blog\/wp-content\/uploads\/2016\/05\/image-1.jpeg?fit=1200%2C675&ssl=1&resize=1050%2C600 3x"},"classes":[]}],"jetpack_likes_enabled":true,"_links":{"self":[{"href":"https:\/\/lyonelkaufmann.ch\/Blog\/wp-json\/wp\/v2\/posts\/10936","targetHints":{"allow":["GET"]}}],"collection":[{"href":"https:\/\/lyonelkaufmann.ch\/Blog\/wp-json\/wp\/v2\/posts"}],"about":[{"href":"https:\/\/lyonelkaufmann.ch\/Blog\/wp-json\/wp\/v2\/types\/post"}],"author":[{"embeddable":true,"href":"https:\/\/lyonelkaufmann.ch\/Blog\/wp-json\/wp\/v2\/users\/1"}],"replies":[{"embeddable":true,"href":"https:\/\/lyonelkaufmann.ch\/Blog\/wp-json\/wp\/v2\/comments?post=10936"}],"version-history":[{"count":0,"href":"https:\/\/lyonelkaufmann.ch\/Blog\/wp-json\/wp\/v2\/posts\/10936\/revisions"}],"wp:featuredmedia":[{"embeddable":true,"href":"https:\/\/lyonelkaufmann.ch\/Blog\/wp-json\/"}],"wp:attachment":[{"href":"https:\/\/lyonelkaufmann.ch\/Blog\/wp-json\/wp\/v2\/media?parent=10936"}],"wp:term":[{"taxonomy":"category","embeddable":true,"href":"https:\/\/lyonelkaufmann.ch\/Blog\/wp-json\/wp\/v2\/categories?post=10936"},{"taxonomy":"post_tag","embeddable":true,"href":"https:\/\/lyonelkaufmann.ch\/Blog\/wp-json\/wp\/v2\/tags?post=10936"}],"curies":[{"name":"wp","href":"https:\/\/api.w.org\/{rel}","templated":true}]}}