{"id":1094,"date":"2009-02-24T21:53:38","date_gmt":"2009-02-24T20:53:38","guid":{"rendered":"http:\/\/lyonelkaufmann.ch\/histoire\/?p=1094"},"modified":"2009-02-24T21:53:38","modified_gmt":"2009-02-24T20:53:38","slug":"les-3-royaumes-le-film-evenement-de-john-woo-critique-en-avant-premiere-agoravox","status":"publish","type":"post","link":"https:\/\/lyonelkaufmann.ch\/Blog\/2009\/02\/24\/les-3-royaumes-le-film-evenement-de-john-woo-critique-en-avant-premiere-agoravox\/","title":{"rendered":"\u00ab\u00a0Les 3 royaumes\u00a0\u00bb\u00a0: le film \u00e9v\u00e8nement de John Woo, critique en avant-premi\u00e8re | AgoraVox"},"content":{"rendered":"<blockquote><p><em>En 208 apr\u00e8s J.-C., l\u2019empereur Han Xiandi r\u00e8gne sur la Chine pourtant divis\u00e9e en trois royaumes rivaux. L\u2019ambitieux Premier ministre Cao Cao (Zhang Fengyi) r\u00eave de s\u2019installer sur le tr\u00f4ne d\u2019un empire unifi\u00e9, et se sert de Han Xiandi pour mener une guerre sans merci contre Shu, le royaume du sud-ouest dirig\u00e9 par l\u2019oncle de l\u2019empereur, Liu Bei. Liu Bei d\u00e9p\u00eache Zhuge Liang (Takeshi Kaneshiro) , son conseiller militaire, comme \u00e9missaire au royaume de Wu pour tenter de convaincre le roi Sun Quan (CHANG CHEN)\u00a0d\u2019unir ses forces aux siennes. A Wu, Zhuge Liang rencontre le vice-roi Zhou Yu (Tony Leung). Tr\u00e8s vite, les deux hommes deviennent amis et concluent un pacte d\u2019alliance. Furieux d\u2019apprendre que les deux royaumes se sont alli\u00e9s, Cao Cao envoie une force de 800\u00a0000 soldats et 2\u00a0000 bateaux pour les \u00e9craser. L\u2019arm\u00e9e campe dans la For\u00eat du Corbeau, de l\u2019autre c\u00f4t\u00e9 du fleuve Yangtze qui borde la Falaise Rouge o\u00f9 sont install\u00e9s les alli\u00e9s. Face \u00e0 l\u2019\u00e9crasante sup\u00e9riorit\u00e9 logistique de Cao Cao, le combat semble jou\u00e9 d\u2019avance, mais Zhou Yu et Zhuge Liang ne sont pas d\u00e9cid\u00e9s \u00e0 se laisser faire\u2026 Dans un d\u00e9luge de puissance et de g\u00e9nie tactique, la bataille de la Falaise Rouge va rester comme la plus c\u00e9l\u00e8bre de l\u2019Histoire et changer le destin de la Chine pour toujours.<br \/>\nAvant d\u2019\u00eatre une histoire de batailles (m\u00eame si elles constituent les trois moments clefs du film:\u00a0la bataille de Changban au d\u00e9but, la bataille de San Jiang Kou au milieu, et celle de la Falaise Rouge \u00e0 la fin qui donne son\u00a0titre \u00e0 la version anglophone\u00a0), c\u2019est aussi l\u2019histoire de royaumes qui s\u2019affrontent mais encore celle d\u2019un homme (Cao Cao) guid\u00e9 par la soif de pouvoir, de conqu\u00eate, d\u2019ambition d\u00e9vorante et de puissance mais aussi par l\u2019amour d\u2019une femme (Xiao Qiao, la femme de Zhou Yu) qu\u2019il veut conqu\u00e9rir en m\u00eame temps que son royaume ou m\u00eame pour et \u00e0 cause de laquelle il veut conqu\u00e9rir son royaume, et celle d\u2019un homme (Zhou Yu) d\u00e9chir\u00e9 entre la loyaut\u00e9 envers son pays et l\u2019amour qu\u2019il\u00a0pour sa femme qui n\u2019aspirait qu\u2019\u00e0 la paix (Xiao Qiao interpr\u00e9t\u00e9e par le top model asiatique Chiling Lin).<\/em><\/p><\/blockquote>\n<p>Le compte-rendu complet :\u00a0<a href=\"http:\/\/www.agoravox.fr\/article.php3?id_article=51959\" target=\"_blank\">\u00ab\u00a0Les 3 royaumes\u00a0\u00bb\u00a0: le film \u00e9v\u00e8nement de John Woo, critique en avant-premi\u00e8re | AgoraVox<\/a> <a href=\"http:\/\/histoire.tumblr.com\/rss\">Aller \u00e0 la source<\/a><\/p>\n","protected":false},"excerpt":{"rendered":"<p>En 208 apr\u00e8s J.-C., l\u2019empereur Han Xiandi r\u00e8gne sur la Chine pourtant divis\u00e9e en trois royaumes rivaux. L\u2019ambitieux Premier ministre Cao Cao (Zhang Fengyi) r\u00eave de s\u2019installer sur le tr\u00f4ne d\u2019un empire unifi\u00e9, et se sert de Han Xiandi pour mener une guerre sans merci contre Shu, le royaume du sud-ouest dirig\u00e9 par l\u2019oncle de [&hellip;]<\/p>\n","protected":false},"author":1,"featured_media":14680,"comment_status":"open","ping_status":"closed","sticky":false,"template":"","format":"standard","meta":{"_import_markdown_pro_load_document_selector":0,"_import_markdown_pro_submit_text_textarea":"","_genesis_hide_title":false,"_genesis_hide_breadcrumbs":false,"_genesis_hide_singular_image":false,"_genesis_hide_footer_widgets":false,"_genesis_custom_body_class":"","_genesis_custom_post_class":"","_genesis_layout":"","jetpack_post_was_ever_published":false,"_jetpack_newsletter_access":"","_jetpack_dont_email_post_to_subs":false,"_jetpack_newsletter_tier_id":0,"_jetpack_memberships_contains_paywalled_content":false,"_jetpack_memberships_contains_paid_content":false,"activitypub_content_warning":"","activitypub_content_visibility":"","activitypub_max_image_attachments":3,"activitypub_interaction_policy_quote":"anyone","activitypub_status":"","footnotes":"","jetpack_publicize_message":"","jetpack_publicize_feature_enabled":true,"jetpack_social_post_already_shared":true,"jetpack_social_options":{"image_generator_settings":{"template":"fullscreen","default_image_id":0,"font":"","enabled":false},"version":2}},"categories":[2],"tags":[],"class_list":{"0":"post-1094","1":"post","2":"type-post","3":"status-publish","4":"format-standard","5":"has-post-thumbnail","7":"category-histoire-2","8":"entry"},"jetpack_publicize_connections":[],"featured_image_src":"https:\/\/i0.wp.com\/lyonelkaufmann.ch\/Blog\/wp-content\/uploads\/2015\/03\/blogcafe1.jpg?resize=600%2C400&ssl=1","featured_image_src_square":"https:\/\/i0.wp.com\/lyonelkaufmann.ch\/Blog\/wp-content\/uploads\/2015\/03\/blogcafe1.jpg?resize=600%2C600&ssl=1","author_info":{"display_name":"Lyonel Kaufmann","author_link":"https:\/\/lyonelkaufmann.ch\/Blog\/author\/lyonelk\/"},"jetpack_featured_media_url":"https:\/\/i0.wp.com\/lyonelkaufmann.ch\/Blog\/wp-content\/uploads\/2015\/03\/blogcafe1.jpg?fit=1024%2C683&ssl=1","jetpack_sharing_enabled":true,"jetpack_shortlink":"https:\/\/wp.me\/p1qtF4-hE","jetpack-related-posts":[{"id":19541,"url":"https:\/\/lyonelkaufmann.ch\/Blog\/2018\/09\/24\/royaume-uni-brexit-le-coup-de-poker-manque-de-theresa-may-courrier-international\/","url_meta":{"origin":1094,"position":0},"title":"Royaume-Uni. Brexit. Le coup de poker manqu\u00e9 de Theresa May | Courrier international","author":"Lyonel Kaufmann","date":"24 septembre 2018","format":false,"excerpt":"La Premi\u00e8re ministre britannique a propos\u00e9 d\u2019embl\u00e9e un projet de divorce qu\u2019elle savait incompatible avec les attentes europ\u00e9ennes. Avec la d\u00e9route de Salzbourg, elle en paie d\u00e9sormais les cons\u00e9quences, estime The Guardian oppos\u00e9 au\u00a0Brexit. \u00ab La fin de non-recevoir inflig\u00e9e au plan dit de Chequers par le pr\u00e9sident du Conseil\u2026","rel":"","context":"Dans &quot;Blogcaf\u00e9&quot;","block_context":{"text":"Blogcaf\u00e9","link":"https:\/\/lyonelkaufmann.ch\/Blog\/category\/blogcafe-2\/"},"img":{"alt_text":"","src":"https:\/\/i0.wp.com\/www.courrierinternational.com\/sites\/ci_master\/files\/styles\/image_original_765\/public\/assets\/images\/bertrams_2018-09-21-0629.jpg?resize=350%2C200&ssl=1","width":350,"height":200,"srcset":"https:\/\/i0.wp.com\/www.courrierinternational.com\/sites\/ci_master\/files\/styles\/image_original_765\/public\/assets\/images\/bertrams_2018-09-21-0629.jpg?resize=350%2C200&ssl=1 1x, https:\/\/i0.wp.com\/www.courrierinternational.com\/sites\/ci_master\/files\/styles\/image_original_765\/public\/assets\/images\/bertrams_2018-09-21-0629.jpg?resize=525%2C300&ssl=1 1.5x, https:\/\/i0.wp.com\/www.courrierinternational.com\/sites\/ci_master\/files\/styles\/image_original_765\/public\/assets\/images\/bertrams_2018-09-21-0629.jpg?resize=700%2C400&ssl=1 2x"},"classes":[]},{"id":4933,"url":"https:\/\/lyonelkaufmann.ch\/Blog\/2012\/01\/23\/revue-de-presse-une-civilisation-de-lafrique-subsaharienne-lexemple-du-monomotapa-xve-xvie-siecles\/","url_meta":{"origin":1094,"position":1},"title":"Revue de presse : Une civilisation de l&rsquo;Afrique subsaharienne, l&rsquo;exemple du Monomotapa (XVe-XVIe si\u00e8cles)","author":"Lyonel Kaufmann","date":"23 janvier 2012","format":false,"excerpt":"L'Acad\u00e9mie de Rouen propose ici une s\u00e9rie de documents r\u00e9unis sous la forme d\u2019une visite virtuelle lisible avec Google Earth. La pr\u00e9sentation du Monomotapa s\u2019articule en deux temps. En premier lieu, le royaume du Monomotapa est \u00e9voqu\u00e9 \u00e0 travers le t\u00e9moignage des premiers explorateurs portugais mais aussi de vestiges arch\u00e9ologiques\u2026","rel":"","context":"Dans &quot;histoire&quot;","block_context":{"text":"histoire","link":"https:\/\/lyonelkaufmann.ch\/Blog\/category\/histoire-2\/"},"img":{"alt_text":"","src":"https:\/\/i0.wp.com\/lyonelkaufmann.ch\/Blog\/wp-content\/uploads\/2015\/03\/blogcafe1.jpg?fit=1024%2C683&ssl=1&resize=350%2C200","width":350,"height":200,"srcset":"https:\/\/i0.wp.com\/lyonelkaufmann.ch\/Blog\/wp-content\/uploads\/2015\/03\/blogcafe1.jpg?fit=1024%2C683&ssl=1&resize=350%2C200 1x, https:\/\/i0.wp.com\/lyonelkaufmann.ch\/Blog\/wp-content\/uploads\/2015\/03\/blogcafe1.jpg?fit=1024%2C683&ssl=1&resize=525%2C300 1.5x, https:\/\/i0.wp.com\/lyonelkaufmann.ch\/Blog\/wp-content\/uploads\/2015\/03\/blogcafe1.jpg?fit=1024%2C683&ssl=1&resize=700%2C400 2x"},"classes":[]},{"id":17090,"url":"https:\/\/lyonelkaufmann.ch\/Blog\/2016\/07\/22\/mercredi-20-juillet-rock-of-cashel-roadtrip-irlande-2016\/","url_meta":{"origin":1094,"position":2},"title":"Mercredi 20 juillet : Rock of Cashel #Roadtrip #Irlande 2016","author":"Lyonel Kaufmann","date":"22 juillet 2016","format":false,"excerpt":"En arrivant depuis Kilkenny, il est impossible de ne pas voir le Rock of Cashel et \u00eatre imm\u00e9diatement impressionn\u00e9 par le site. Une fois parqu\u00e9, vous entreprenez de monter jusqu'\u00e0 la forteresse. Et c'est \u00e0 nouveau impressionnant, mais ce n'est rien une fois que vous avez pass\u00e9 l'entr\u00e9e et que\u2026","rel":"","context":"Dans &quot;Diary&quot;","block_context":{"text":"Diary","link":"https:\/\/lyonelkaufmann.ch\/Blog\/category\/diary\/"},"img":{"alt_text":"","src":"https:\/\/i0.wp.com\/lyonelkaufmann.ch\/Blog\/wp-content\/uploads\/2016\/07\/image-74.jpeg?fit=797%2C1200&ssl=1&resize=350%2C200","width":350,"height":200,"srcset":"https:\/\/i0.wp.com\/lyonelkaufmann.ch\/Blog\/wp-content\/uploads\/2016\/07\/image-74.jpeg?fit=797%2C1200&ssl=1&resize=350%2C200 1x, https:\/\/i0.wp.com\/lyonelkaufmann.ch\/Blog\/wp-content\/uploads\/2016\/07\/image-74.jpeg?fit=797%2C1200&ssl=1&resize=525%2C300 1.5x, https:\/\/i0.wp.com\/lyonelkaufmann.ch\/Blog\/wp-content\/uploads\/2016\/07\/image-74.jpeg?fit=797%2C1200&ssl=1&resize=700%2C400 2x"},"classes":[]},{"id":19741,"url":"https:\/\/lyonelkaufmann.ch\/Blog\/2018\/12\/03\/yep-bruce-springsteen-de-retour-avec-un-album-et-une-tournee-en-2019\/","url_meta":{"origin":1094,"position":3},"title":"Yep ! Bruce Springsteen de retour avec un album et une tourn\u00e9e en 2019","author":"Lyonel Kaufmann","date":"3 d\u00e9cembre 2018","format":false,"excerpt":"Bruce Springsteen travaille sur un nouvel album et annonce une nouvelle tourn\u00e9e au Royaume-Uni avec le E Street Band en 2019. Le Boss travaille actuellement sur un nouvel album solo dont il a donn\u00e9 quelques informations dans une r\u00e9cente interview accord\u00e9 \u00e0 The Times. Springsteen a \u00e9galement promis une tourn\u00e9e\u2026","rel":"","context":"Dans &quot;Blogcaf\u00e9&quot;","block_context":{"text":"Blogcaf\u00e9","link":"https:\/\/lyonelkaufmann.ch\/Blog\/category\/blogcafe-2\/"},"img":{"alt_text":"","src":"https:\/\/i0.wp.com\/lyonelkaufmann.ch\/Blog\/wp-content\/uploads\/2018\/12\/6F3E05FC-A39F-44D3-9A96-41532F438CE4.jpeg?resize=350%2C200&ssl=1","width":350,"height":200,"srcset":"https:\/\/i0.wp.com\/lyonelkaufmann.ch\/Blog\/wp-content\/uploads\/2018\/12\/6F3E05FC-A39F-44D3-9A96-41532F438CE4.jpeg?resize=350%2C200&ssl=1 1x, https:\/\/i0.wp.com\/lyonelkaufmann.ch\/Blog\/wp-content\/uploads\/2018\/12\/6F3E05FC-A39F-44D3-9A96-41532F438CE4.jpeg?resize=525%2C300&ssl=1 1.5x, https:\/\/i0.wp.com\/lyonelkaufmann.ch\/Blog\/wp-content\/uploads\/2018\/12\/6F3E05FC-A39F-44D3-9A96-41532F438CE4.jpeg?resize=700%2C400&ssl=1 2x, https:\/\/i0.wp.com\/lyonelkaufmann.ch\/Blog\/wp-content\/uploads\/2018\/12\/6F3E05FC-A39F-44D3-9A96-41532F438CE4.jpeg?resize=1050%2C600&ssl=1 3x, https:\/\/i0.wp.com\/lyonelkaufmann.ch\/Blog\/wp-content\/uploads\/2018\/12\/6F3E05FC-A39F-44D3-9A96-41532F438CE4.jpeg?resize=1400%2C800&ssl=1 4x"},"classes":[]},{"id":16179,"url":"https:\/\/lyonelkaufmann.ch\/Blog\/2016\/03\/26\/dernier-tour-de-rotatives-pour-le-quotidien-britannique-the-independent\/","url_meta":{"origin":1094,"position":4},"title":"Dernier tour de rotatives pour le quotidien britannique The Independent","author":"Lyonel Kaufmann","date":"26 mars 2016","format":false,"excerpt":"Les employ\u00e9s du quotidien britannique The Independent, dont les ventes sont en chute libre depuis quelques ann\u00e9es, ont envoy\u00e9 vendredi pour la derni\u00e8re fois \u00e0 l'impression leur journal, qui s'appr\u00eate \u00e0 passer au 100% num\u00e9rique. The Independent, n\u00e9 en octobre 1986, est le quotidien national le moins distribu\u00e9 au Royaume-Uni.\u2026","rel":"","context":"Dans &quot;Blogcaf\u00e9&quot;","block_context":{"text":"Blogcaf\u00e9","link":"https:\/\/lyonelkaufmann.ch\/Blog\/category\/blogcafe-2\/"},"img":{"alt_text":"","src":"https:\/\/i0.wp.com\/lyonelkaufmann.ch\/Blog\/wp-content\/uploads\/2016\/03\/img_0233.jpg?fit=641%2C427&ssl=1&resize=350%2C200","width":350,"height":200,"srcset":"https:\/\/i0.wp.com\/lyonelkaufmann.ch\/Blog\/wp-content\/uploads\/2016\/03\/img_0233.jpg?fit=641%2C427&ssl=1&resize=350%2C200 1x, https:\/\/i0.wp.com\/lyonelkaufmann.ch\/Blog\/wp-content\/uploads\/2016\/03\/img_0233.jpg?fit=641%2C427&ssl=1&resize=525%2C300 1.5x"},"classes":[]},{"id":570,"url":"https:\/\/lyonelkaufmann.ch\/Blog\/2007\/04\/14\/plus-nous-cooperons-plus-la-qualite-est-au-rendez-vous\/","url_meta":{"origin":1094,"position":5},"title":"Plus nous coop\u00e9rons, plus la qualit\u00e9 est au rendez-vous","author":"Lyonel Kaufmann","date":"14 avril 2007","format":"aside","excerpt":"C'est Fran\u00e7ois Guit\u00e9 (Relief) qui nous le rapporte. Un article du dernier num\u00e9ro de First Monday nous apprend que les chercheurs ont \u00e9tabli une heureuse corr\u00e9lation entre le nombre de contributions et la qualit\u00e9 des articles de l\u2019encyclop\u00e9die en ligne Wikipedia. Alors ce matin, j'ai un peu l'impression que tout\u2026","rel":"","context":"Dans &quot;Blogcaf\u00e9&quot;","block_context":{"text":"Blogcaf\u00e9","link":"https:\/\/lyonelkaufmann.ch\/Blog\/category\/blogcafe-2\/"},"img":{"alt_text":"","src":"https:\/\/i0.wp.com\/lyonelkaufmann.ch\/Blog\/wp-content\/uploads\/2015\/03\/shakespeare_in_love.jpg?fit=375%2C250&ssl=1&resize=350%2C200","width":350,"height":200},"classes":[]}],"jetpack_likes_enabled":true,"_links":{"self":[{"href":"https:\/\/lyonelkaufmann.ch\/Blog\/wp-json\/wp\/v2\/posts\/1094","targetHints":{"allow":["GET"]}}],"collection":[{"href":"https:\/\/lyonelkaufmann.ch\/Blog\/wp-json\/wp\/v2\/posts"}],"about":[{"href":"https:\/\/lyonelkaufmann.ch\/Blog\/wp-json\/wp\/v2\/types\/post"}],"author":[{"embeddable":true,"href":"https:\/\/lyonelkaufmann.ch\/Blog\/wp-json\/wp\/v2\/users\/1"}],"replies":[{"embeddable":true,"href":"https:\/\/lyonelkaufmann.ch\/Blog\/wp-json\/wp\/v2\/comments?post=1094"}],"version-history":[{"count":0,"href":"https:\/\/lyonelkaufmann.ch\/Blog\/wp-json\/wp\/v2\/posts\/1094\/revisions"}],"wp:featuredmedia":[{"embeddable":true,"href":"https:\/\/lyonelkaufmann.ch\/Blog\/wp-json\/wp\/v2\/media\/14680"}],"wp:attachment":[{"href":"https:\/\/lyonelkaufmann.ch\/Blog\/wp-json\/wp\/v2\/media?parent=1094"}],"wp:term":[{"taxonomy":"category","embeddable":true,"href":"https:\/\/lyonelkaufmann.ch\/Blog\/wp-json\/wp\/v2\/categories?post=1094"},{"taxonomy":"post_tag","embeddable":true,"href":"https:\/\/lyonelkaufmann.ch\/Blog\/wp-json\/wp\/v2\/tags?post=1094"}],"curies":[{"name":"wp","href":"https:\/\/api.w.org\/{rel}","templated":true}]}}