{"id":10954,"date":"2013-11-15T12:00:24","date_gmt":"2013-11-15T11:00:24","guid":{"rendered":"https:\/\/lyonelkaufmann.ch\/Blog\/?p=10954"},"modified":"2015-03-15T16:31:32","modified_gmt":"2015-03-15T15:31:32","slug":"ensemble-photo-du-mois","status":"publish","type":"post","link":"https:\/\/lyonelkaufmann.ch\/Blog\/2013\/11\/15\/ensemble-photo-du-mois\/","title":{"rendered":"Ensemble |\u00a0Photo du mois"},"content":{"rendered":"<p>Comme tous les 15 de chaque mois \u00e0 12:00 tapantes, c\u2019est l\u2019heure de la photo du mois. Ce mois-ci, le th\u00e8me est <em>\u00abEnsemble\u00bb<\/em>. Le th\u00e8me a \u00e9t\u00e9 choisi par Ava (<a href=\"http:\/\/monbeaumanoir.wordpress.com\/\" target=\"_blank\">http:\/\/monbeaumanoir.wordpress.com\/<\/a>).<\/p>\n<figure style=\"width: 1024px\" class=\"wp-caption aligncenter\"><img loading=\"lazy\" decoding=\"async\" src=\"http:\/\/i2.wp.com\/lyonelk.smugmug.com\/Marathon-Semi-Marathon-2013\/i-pThw92r\/0\/XL\/Marathon%26Semi-Marathon%40LaTour-de-Peilz81-XL.jpg\" alt=\"\" width=\"1024\" height=\"678\" \/><figcaption class=\"wp-caption-text\">21e \u00e9dition du Marathon de Lausanne et 14e \u00e9dition du Semi-Marathon \u00e0 La Tour-de-Peilz le dimanche 27 octobre 2013<\/figcaption><\/figure>\n<p>Cette photo a \u00e9t\u00e9 prise lors de l&rsquo;\u00e9chauffement du Semi-marathon de Lausanne qui part depuis La Tour-de-Peilz. Dans ce cadre-l\u00e0, les participants sont \u00e0 la fois ensemble, mais se confrontent \u00e0 eux-m\u00eames. Il me semble que cette photo traduit cela avec la participante au premier-plan qui se d\u00e9tache tout en \u00e9tant prise dans un mouvement de groupe.<\/p>\n<p>Vous trouverez d&rsquo;autres photos prises \u00e0 cette occasion, ainsi que d&rsquo;autres interpr\u00e9tations possible de ce th\u00e8me du mois, \u00e0 l&rsquo;adresse suivante :\u00a0\u00a0<a href=\"http:\/\/lyonelk.smugmug.com\/Events\/Marathon-Semi-Marathon-2013\/\" target=\"_blank\">http:\/\/lyonelk.smugmug.com\/Events\/Marathon-Semi-Marathon-2013\/<\/a><\/p>\n<p>Photo prise avec un Pentax K5 &#8211; objectif Sigma 17-70 mm<\/p>\n<p>L&rsquo;interpr\u00e9tation du th\u00e8me par les autres participants :<br \/>\n<a href=\"http:\/\/galinette-dezailes.blogspot.fr\/\" target=\"_blank\">Galinette<\/a>, <a href=\"http:\/\/theparisienne.fr\" target=\"_blank\">The Parisienne<\/a>, <a href=\"http:\/\/legrandbazardagathe.blogspot.fr\/\" target=\"_blank\">Agathe<\/a>, <a href=\"http:\/\/sublime-essence.over-blog.com\" target=\"_blank\">Bestofava<\/a>, <a href=\"http:\/\/cetomontreal.blogspot.ca\/\" target=\"_blank\">CetO<\/a>, <a href=\"http:\/\/akai-inthesky.blogspot.com\" target=\"_blank\">Akaieric<\/a>, <a href=\"http:\/\/www.photo-tuto.fr\" target=\"_blank\">Photo Tuto<\/a>, <a href=\"http:\/\/homeos-tasie.blogspot.fr\/\" target=\"_blank\">Homeos-tasie<\/a>, <a href=\"http:\/\/Scarolles-and-co.blogspot.com\" target=\"_blank\">scarolles-and-co<\/a>, <a href=\"http:\/\/zoursland.com\" target=\"_blank\">Fr\u00e9d\u00e9ric<\/a>, <a href=\"http:\/\/lesvoyagesdelucy.over-blog.com\/categorie-12302834.html\" target=\"_blank\">Les voyages de Lucy<\/a>, <a href=\"http:\/\/grandereveuse.fr\/\" target=\"_blank\">Louisianne<\/a>, <a href=\"http:\/\/mesptitsplatsdanslesgrands.blogspot.fr\/\" target=\"_blank\">Mes ptits plats<\/a>, <a href=\"http:\/\/occident-express.hautetfort.com\" target=\"_blank\">Eurydice<\/a>, <a href=\"http:\/\/pommedereinette.net\/\" target=\"_blank\">Pomme d&rsquo;Happy<\/a>, <a href=\"http:\/\/filamots.wordpress.com\" target=\"_blank\">Filamots<\/a>, <a href=\"http:\/\/www.lanantaiseaparis.com\/search\/label\/...%20La%20Photo%20du%20Mois\" target=\"_blank\">La Nantaise \u00e0 Paris<\/a>, <a href=\"http:\/\/www.dameskarlette.com\/\" target=\"_blank\">Dame Skarlette<\/a>, <a href=\"http:\/\/champagnefraise.wordpress.com\" target=\"_blank\">Champagne<\/a>, <a href=\"http:\/\/mysweetescape.fr\/\" target=\"_blank\">Chlo\u00e9<\/a>, <a href=\"http:\/\/www.quadraetcie.fr\/1\/index.php?q=galerie%2Fla-photo-du-mois\" target=\"_blank\">C\u00e9cile &#8211; Une quadra<\/a>, <a href=\"http:\/\/anne-tranche-de-vie.over-blog.com\/categorie-11390539.html\" target=\"_blank\">Anne<\/a>, <a href=\"http:\/\/monbeaumanoir.wordpress.com\/\" target=\"_blank\">Ava<\/a>, <a href=\"http:\/\/www.annelauret.com\/search\/label\/La%20photo%20du%20mois\" target=\"_blank\">Anne Laure T<\/a>, <a href=\"http:\/\/www.fromside2side.com\/search\/label\/Photo%20du%20mois\" target=\"_blank\">Isa de fromSide2Side<\/a>, <a href=\"http:\/\/www.malaxi.net\" target=\"_blank\">Laurent Nicolas<\/a>, <a href=\"http:\/\/www.laparentheseenchantee.fr\/\" target=\"_blank\">Isa ToutSimplement<\/a>, <a href=\"http:\/\/laudesmontagnes.wordpress.com\/\" target=\"_blank\">Lau* des montagnes<\/a>, <a href=\"http:\/\/cocosophie.over-blog.com\/tag\/photos%20du%20mois\/\" target=\"_blank\">Cocosophie<\/a>, <a href=\"http:\/\/www.leshumeursdeviolette.over-blog.com\" target=\"_blank\">Violette<\/a>, <a href=\"http:\/\/zazaetsesfantaisies.blogspot.fr\/\" target=\"_blank\">Zaza<\/a>, <a href=\"http:\/\/frenchiesinparis.over-blog.com\" target=\"_blank\">C\u00e9line in Paris<\/a>, <a href=\"http:\/\/carroir.over-blog.com\" target=\"_blank\">Thib<\/a>, <a href=\"http:\/\/2mainsetkelkesriens.blogspot.ca\" target=\"_blank\">Agn\u00e8s<\/a>, <a href=\"http:\/\/renepaulhenry.blogspot.com\" target=\"_blank\">Renepaulhenry<\/a>, <a href=\"http:\/\/isaquarel.canalblog.com\/archives\/la_photo_du_mois\/index.html\" target=\"_blank\">Isaquarel<\/a>, <a href=\"http:\/\/leblogdekat.com\" target=\"_blank\">A&rsquo;icha<\/a>, <a href=\"http:\/\/dreamtravelshoot.blogspot.com\/\" target=\"_blank\">dreamtravelshoot<\/a>, <a href=\"http:\/\/colibribleu.blogspot.fr\/\" target=\"_blank\">Julie<\/a>, <a href=\"http:\/\/catdeschamps.blogspot.fr\/\" target=\"_blank\">Caterine<\/a>, <a href=\"http:\/\/cyberdilou.canalblog.com\" target=\"_blank\">Gizeh<\/a>, <a href=\"http:\/\/cherrybee-a-montreal.blogspot.com\" target=\"_blank\">Cherrybee<\/a>, <a href=\"http:\/\/piolo.org\" target=\"_blank\">Piolo<\/a>, <a href=\"http:\/\/ma.grossesse.over-blog.fr\/\" target=\"_blank\">Anne-Laure<\/a>, <a href=\"http:\/\/www.destination-montreal.net\" target=\"_blank\">Lucile et Rod<\/a>, <a href=\"http:\/\/xoliv.blogspot.fr\" target=\"_blank\">Xoliv&rsquo;<\/a>, <a href=\"http:\/\/jadorejadhere.canalblog.com\/\" target=\"_blank\">J&rsquo;adore j&rsquo;adh\u00e8re<\/a>, <a href=\"http:\/\/reverieschatbleu.canalblog.com\/\" target=\"_blank\">Chat bleu<\/a>, <a href=\"http:\/\/suissexpress.wordpress.com\/\" target=\"_blank\">Christophe<\/a>, <a href=\"http:\/\/messineaventure.canalblog.com\/archives\/la_photo_du_mois\/index.html\" target=\"_blank\">La Messine<\/a>, <a href=\"http:\/\/www.viviane-voyages.com\" target=\"_blank\">Viviane<\/a>, <a href=\"http:\/\/morganebyloosphoto.wordpress.com\" target=\"_blank\">Morgane Byloos Photography<\/a>, <a href=\"http:\/\/toxiq.canalblog.com\" target=\"_blank\">BiGBuGS<\/a>, <a href=\"http:\/\/shoesforgirl.blogspot.fr\/\" target=\"_blank\">Shoesforgirls<\/a>, <a href=\"http:\/\/mapassionbento.blogspot.fr\/\" target=\"_blank\">DelphineF<\/a>, <a href=\"http:\/\/woocares.wordpress.com\/\" target=\"_blank\">Woocares<\/a>, <a href=\"http:\/\/www.unjourunevie.fr\/\" target=\"_blank\">Un jour, une vie<\/a>, <a href=\"http:\/\/bonsbaisersdaustralie.wordpress.com\/category\/la-photo-du-mois\/\" target=\"_blank\">MissCarole<\/a>, <a href=\"http:\/\/www.sophierififi.com\/\" target=\"_blank\">Sophie Rififi<\/a>, <a href=\"http:\/\/calamonique.com\/\" target=\"_blank\">Calamonique<\/a>, <a href=\"http:\/\/unephotodesquejepeux.wordpress.com\/\" target=\"_blank\">Maria Graphia<\/a>, <a href=\"http:\/\/tuxana.blogspot.ca\/\" target=\"_blank\">Tuxana<\/a>, <a href=\"http:\/\/cestpasmoijeljure.com\/\" target=\"_blank\">Dr. CaSo<\/a>, <a href=\"http:\/\/www.lafilledelair.com\/blog\/la-photo-du-mois\/\" target=\"_blank\">La Fille de l&rsquo;Air<\/a>, <a href=\"http:\/\/tambour-major.blogspot.ca\/search\/label\/La%20photo%20du%20mois\" target=\"_blank\">Tambour Major<\/a>, <a href=\"http:\/\/vraiefiction.blogspot.com\" target=\"_blank\">Guillaume<\/a>, <a href=\"http:\/\/anola-lemag.fr\/\" target=\"_blank\">Ann<\/a>, <a href=\"http:\/\/lacachouette.over-blog.com\/\" target=\"_blank\">KK-hu\u00e8te En Bretannie<\/a>, <a href=\"http:\/\/www.legaletas.net\/blog\/index.php\" target=\"_blank\">Gilsoub<\/a>, <a href=\"http:\/\/chroniqueduncongeparental.wordpress.com\/category\/la-photo-du-mois\/\" target=\"_blank\">Ang\u00e9lique<\/a>, <a href=\"http:\/\/voyageusecomtoise.wordpress.com\/tag\/photo-du-mois\/\" target=\"_blank\">La voyageuse comtoise<\/a>, <a href=\"http:\/\/www.dicietdailleursphotography.com\/\" target=\"_blank\">Marie-Charlotte<\/a>, <a href=\"http:\/\/histoiresdeux.blogspot.com\" target=\"_blank\">E<\/a>, <a href=\"http:\/\/fanfanraccoons.blogspot.com\" target=\"_blank\">Fanfan Raccoon<\/a>, <a href=\"http:\/\/clicpassion.canalblog.com\" target=\"_blank\">Nicky<\/a>, <a href=\"http:\/\/chezmamysoren.over-blog.com\" target=\"_blank\">Mamysoren<\/a>, <a href=\"http:\/\/rythme-indigo.blogspot.com\" target=\"_blank\">Rythme Indigo<\/a>, <a href=\"http:\/\/macatou.wordpress.com\/\" target=\"_blank\">Thalie<\/a>, <a href=\"http:\/\/elpadawan.wordpress.com\" target=\"_blank\">El Padawan<\/a>, <a href=\"http:\/\/mimireliton.blogspot.fr\" target=\"_blank\">Mimireliton<\/a>, <a href=\"http:\/\/secretaiko.net\/\" target=\"_blank\">SecretAiko<\/a>, <a href=\"http:\/\/www.cekoline.tumblr.com\" target=\"_blank\">Cekoline<\/a>, <a href=\"http:\/\/sinuaisons.wordpress.com\/category\/la-photo-du-mois\/\" target=\"_blank\">Sinuaisons<\/a>, <a href=\"http:\/\/lestetesafranchouilles.blogspot.fr\/\" target=\"_blank\">La Dum<\/a>, <a href=\"https:\/\/lyonelkaufmann.ch\/Blog\/category\/blogcafe\/photo-du-mois\/\" target=\"_blank\">Lyonelk<\/a>, <a href=\"http:\/\/carnetdetipiment.wordpress.com\" target=\"_blank\">Ti&rsquo; Piment<\/a>, <a href=\"http:\/\/foodforthoughtandmore.wordpress.com\/\" target=\"_blank\">Elodie<\/a>, <a href=\"http:\/\/the-singapore-miminews.blogspot.sg\/search\/label\/La%20photo%20du%20mois\" target=\"_blank\">The Singapore Miminews<\/a>, <a href=\"http:\/\/le-tour-du-monde-de-la-marmotte.over-blog.com\/\" target=\"_blank\">Marmotte<\/a>, <a href=\"http:\/\/lachataignesauvage.over-blog.com\/categorie-12516589.html\" target=\"_blank\">Josiane<\/a>, <a href=\"http:\/\/tribulationsdemarie.wordpress.com\" target=\"_blank\">Marie<\/a>, <a href=\"http:\/\/life-is-a-bombon.blogspot.fr\/search\/label\/photo%20du%20mois\" target=\"_blank\">Djoul<\/a>, <a href=\"http:\/\/laulineafaitdesphotos.com\/\" target=\"_blank\">Laulinea<\/a>, <a href=\"http:\/\/lafeedulogis43.over-blog.fr\" target=\"_blank\">Giselle 43<\/a>, <a href=\"http:\/\/cocovin.net\/\" target=\"_blank\">Alban<\/a>, <a href=\"http:\/\/tigreblanc.over-blog.fr\/\" target=\"_blank\">B\u00e9a<\/a>, <a href=\"http:\/\/www.leviacarmina.fr\" target=\"_blank\">Leviacarmina<\/a>, <a href=\"http:\/\/www.pixeline.fr\/tag\/photo-du-mois\/\" target=\"_blank\">Pixeline<\/a>, <a href=\"http:\/\/blogoth67.wordpress.com\" target=\"_blank\">Blogoth67<\/a>, <a href=\"http:\/\/sebdanzephotographe.wordpress.com\/category\/photo-du-mois\/\" target=\"_b&lt;br \/&gt;&lt;br \/&gt;&lt;br \/&gt;\nlank\">Wolverine<\/a>, <a href=\"http:\/\/testinauteathome.over-blog.com\/\" target=\"_blank\">Testinaute<\/a>, <a href=\"http:\/\/hypeandcie.com\/\" target=\"_blank\">Hypeandcie<\/a>, <a href=\"http:\/\/wonderlandalice.wordpress.com\/\" target=\"_blank\">Alice Wonderland<\/a>, <a href=\"http:\/\/www.lesbonheurs.fr\/\" target=\"_blank\">Les bonheurs d&rsquo;Anne &amp; Alex<\/a>, <a href=\"http:\/\/c-est-reparti.blogspot.com\/\" target=\"_blank\">Cara<\/a>, <a href=\"http:\/\/www.mon-ecrin-de-passions.com\/\" target=\"_blank\">Lavandine83<\/a>, <a href=\"http:\/\/www.aureliemenard.com\/\" target=\"_blank\">Aur\u00e9lieM<\/a>, <a href=\"http:\/\/www.journaldunenicoise.com\" target=\"_blank\">Une ni\u00e7oise<\/a>, <a href=\"http:\/\/www.chiffonsandco.fr\" target=\"_blank\">Arwen<\/a>, <a href=\"http:\/\/anteketborka.blogspot.com\" target=\"_blank\">magda627<\/a>, <a href=\"http:\/\/revesenmousse.over-blog.com\" target=\"_blank\">Joane<\/a>, <a href=\"http:\/\/vudubalcon.blogspot.fr\" target=\"_blank\">Fran\u00e7ois le Ni\u00e7ois<\/a>, <a href=\"http:\/\/pilisi.over-blog.com\/tag\/Photo%20du%20mois\/\" target=\"_blank\">Pilisi<\/a>, <a href=\"http:\/\/blogs.paris.fr\/unitedstatesofparis\" target=\"_blank\">Alexinparis<\/a>, <a href=\"http:\/\/mauricemonamour.blogspot.fr\/\" target=\"_blank\">MauriceMonAmour<\/a>, <a href=\"http:\/\/hibiscusblog.net\/category\/la-photo-du-mois-2\" target=\"_blank\">hibiscus<\/a>, <a href=\"http:\/\/www.claires-blog.com\" target=\"_blank\">Claire&rsquo;s Blog<\/a>, <a href=\"http:\/\/destination-canada.net\/\" target=\"_blank\">Mathilde<\/a>, <a href=\"http:\/\/www.lisadeparis.ch\/articles\/bonus\/la-photo-du-mois\/\" target=\"_blank\">LisaDeParis<\/a>, <a href=\"http:\/\/lorgnettedunjour.canalblog.com\/\" target=\"_blank\">Lavandine<\/a>, <a href=\"http:\/\/ingrenoble.ca\/fr\/\" target=\"_blank\">InGrenoble<\/a>, <a href=\"http:\/\/citrouilleetbouledeneige.com\" target=\"_blank\">Cathy<\/a>, <a href=\"http:\/\/krn-defouloir.blogspot.com\" target=\"_blank\">Krn<\/a>, <a href=\"http:\/\/www.sephiraph.be\" target=\"_blank\">Sephiraph<\/a><\/p>\n","protected":false},"excerpt":{"rendered":"<p>Comme tous les 15 de chaque mois \u00e0 12:00 tapantes, c\u2019est l\u2019heure de la photo du mois. Ce mois-ci, le th\u00e8me est \u00abEnsemble\u00bb. Le th\u00e8me a \u00e9t\u00e9 choisi par Ava (http:\/\/monbeaumanoir.wordpress.com\/). Cette photo a \u00e9t\u00e9 prise lors de l&rsquo;\u00e9chauffement du Semi-marathon de Lausanne qui part depuis La Tour-de-Peilz. Dans ce cadre-l\u00e0, les participants sont \u00e0 [&hellip;]<\/p>\n","protected":false},"author":1,"featured_media":14751,"comment_status":"open","ping_status":"open","sticky":false,"template":"","format":"image","meta":{"_import_markdown_pro_load_document_selector":0,"_import_markdown_pro_submit_text_textarea":"","_genesis_hide_title":false,"_genesis_hide_breadcrumbs":false,"_genesis_hide_singular_image":false,"_genesis_hide_footer_widgets":false,"_genesis_custom_body_class":"","_genesis_custom_post_class":"","_genesis_layout":"","jetpack_post_was_ever_published":false,"_jetpack_newsletter_access":"","_jetpack_dont_email_post_to_subs":false,"_jetpack_newsletter_tier_id":0,"_jetpack_memberships_contains_paywalled_content":false,"_jetpack_memberships_contains_paid_content":false,"activitypub_content_warning":"","activitypub_content_visibility":"","activitypub_max_image_attachments":3,"activitypub_interaction_policy_quote":"anyone","activitypub_status":"","footnotes":"","jetpack_publicize_message":"","jetpack_publicize_feature_enabled":true,"jetpack_social_post_already_shared":true,"jetpack_social_options":{"image_generator_settings":{"template":"fullscreen","default_image_id":0,"font":"","enabled":false},"version":2}},"categories":[4],"tags":[],"class_list":{"0":"post-10954","1":"post","2":"type-post","3":"status-publish","4":"format-image","5":"has-post-thumbnail","7":"category-photo-du-mois","8":"post_format-post-format-image","9":"entry"},"jetpack_publicize_connections":[],"featured_image_src":"https:\/\/i0.wp.com\/lyonelkaufmann.ch\/Blog\/wp-content\/uploads\/2013\/11\/MarathonSemi-Marathon%40LaTour-de-Peilz81-XL.jpg?resize=600%2C400&ssl=1","featured_image_src_square":"https:\/\/i0.wp.com\/lyonelkaufmann.ch\/Blog\/wp-content\/uploads\/2013\/11\/MarathonSemi-Marathon%40LaTour-de-Peilz81-XL.jpg?resize=600%2C600&ssl=1","author_info":{"display_name":"Lyonel Kaufmann","author_link":"https:\/\/lyonelkaufmann.ch\/Blog\/author\/lyonelk\/"},"jetpack_featured_media_url":"https:\/\/i0.wp.com\/lyonelkaufmann.ch\/Blog\/wp-content\/uploads\/2013\/11\/MarathonSemi-Marathon%40LaTour-de-Peilz81-XL.jpg?fit=1024%2C678&ssl=1","jetpack_sharing_enabled":true,"jetpack_shortlink":"https:\/\/wp.me\/p1qtF4-2QG","jetpack-related-posts":[{"id":18129,"url":"https:\/\/lyonelkaufmann.ch\/Blog\/2017\/06\/15\/linstant-t-la-photo-du-mois\/","url_meta":{"origin":10954,"position":0},"title":"L&rsquo;instant T | La photo du mois","author":"Lyonel Kaufmann","date":"15 juin 2017","format":false,"excerpt":"Le th\u00e8me du mois, l'Instant T, a \u00e9t\u00e9 choisi par Aude (http:\/\/derriere-mes-yeux.blogspot.fr\/) Note de l'auteur-e Ou l'art de la photo prise pile poil au bon moment ! Mon interpr\u00e9tation du th\u00e8me : Photo prise en octobre 2015, lors de l'\u00e9chauffement du d\u00e9part \u00e0 La Tour-de-Peilz, du semi-marathon de Lausanne. Voici\u2026","rel":"","context":"Dans &quot;Photo du mois&quot;","block_context":{"text":"Photo du mois","link":"https:\/\/lyonelkaufmann.ch\/Blog\/category\/photo-du-mois\/"},"img":{"alt_text":"","src":"https:\/\/i0.wp.com\/lyonelkaufmann.ch\/Blog\/wp-content\/uploads\/2017\/06\/Image-11.06.17-11-58.jpeg?fit=1200%2C900&ssl=1&resize=350%2C200","width":350,"height":200,"srcset":"https:\/\/i0.wp.com\/lyonelkaufmann.ch\/Blog\/wp-content\/uploads\/2017\/06\/Image-11.06.17-11-58.jpeg?fit=1200%2C900&ssl=1&resize=350%2C200 1x, https:\/\/i0.wp.com\/lyonelkaufmann.ch\/Blog\/wp-content\/uploads\/2017\/06\/Image-11.06.17-11-58.jpeg?fit=1200%2C900&ssl=1&resize=525%2C300 1.5x, https:\/\/i0.wp.com\/lyonelkaufmann.ch\/Blog\/wp-content\/uploads\/2017\/06\/Image-11.06.17-11-58.jpeg?fit=1200%2C900&ssl=1&resize=700%2C400 2x, https:\/\/i0.wp.com\/lyonelkaufmann.ch\/Blog\/wp-content\/uploads\/2017\/06\/Image-11.06.17-11-58.jpeg?fit=1200%2C900&ssl=1&resize=1050%2C600 3x"},"classes":[]},{"id":18800,"url":"https:\/\/lyonelkaufmann.ch\/Blog\/2017\/10\/23\/la-rangee-7-au-depart-du-semi-marathon-de-lausanne-la-tour-de-peilz\/","url_meta":{"origin":10954,"position":1},"title":"La rang\u00e9e 7 au d\u00e9part du semi-marathon de Lausanne @ La Tour-de-Peilz","author":"Lyonel Kaufmann","date":"23 octobre 2017","format":false,"excerpt":"from Instagram: http:\/\/ift.tt\/2zK0pOf","rel":"","context":"Dans &quot;Blogcaf\u00e9&quot;","block_context":{"text":"Blogcaf\u00e9","link":"https:\/\/lyonelkaufmann.ch\/Blog\/category\/blogcafe-2\/"},"img":{"alt_text":"","src":"","width":0,"height":0},"classes":[]},{"id":18797,"url":"https:\/\/lyonelkaufmann.ch\/Blog\/2017\/10\/23\/la-mise-en-place-du-demi-marathon-la-tour-de-peilz\/","url_meta":{"origin":10954,"position":2},"title":"La mise en place du semi-marathon @ La Tour-de-Peilz","author":"Lyonel Kaufmann","date":"23 octobre 2017","format":false,"excerpt":"from Instagram: http:\/\/ift.tt\/2zwVtez","rel":"","context":"Dans &quot;Blogcaf\u00e9&quot;","block_context":{"text":"Blogcaf\u00e9","link":"https:\/\/lyonelkaufmann.ch\/Blog\/category\/blogcafe-2\/"},"img":{"alt_text":"","src":"","width":0,"height":0},"classes":[]},{"id":18812,"url":"https:\/\/lyonelkaufmann.ch\/Blog\/2017\/11\/04\/souvenir-semi-marathon-lausanne-latourdepeilz\/","url_meta":{"origin":10954,"position":3},"title":"Souvenir semi-marathon #Lausanne #latourdepeilz","author":"Lyonel Kaufmann","date":"4 novembre 2017","format":false,"excerpt":"from Instagram: http:\/\/ift.tt\/2yv7IMU","rel":"","context":"Dans &quot;Blogcaf\u00e9&quot;","block_context":{"text":"Blogcaf\u00e9","link":"https:\/\/lyonelkaufmann.ch\/Blog\/category\/blogcafe-2\/"},"img":{"alt_text":"","src":"","width":0,"height":0},"classes":[]},{"id":18795,"url":"https:\/\/lyonelkaufmann.ch\/Blog\/2017\/10\/23\/passage-de-la-tete-de-course-du-marathon-la-tour-de-peilz\/","url_meta":{"origin":10954,"position":4},"title":"Passage de la t\u00eate de course du Marathon @ La Tour-de-Peilz","author":"Lyonel Kaufmann","date":"23 octobre 2017","format":false,"excerpt":"from Instagram: http:\/\/ift.tt\/2h3X9Wl","rel":"","context":"Dans &quot;Blogcaf\u00e9&quot;","block_context":{"text":"Blogcaf\u00e9","link":"https:\/\/lyonelkaufmann.ch\/Blog\/category\/blogcafe-2\/"},"img":{"alt_text":"","src":"","width":0,"height":0},"classes":[]},{"id":11511,"url":"https:\/\/lyonelkaufmann.ch\/Blog\/2014\/05\/15\/les-couleurs-de-mon-drapeau-photo-du-mois\/","url_meta":{"origin":10954,"position":5},"title":"Les couleurs de mon drapeau |\u00a0Photo du mois","author":"Lyonel Kaufmann","date":"15 mai 2014","format":false,"excerpt":"Le th\u00e8me de la photo du mois a \u00e9t\u00e9 choisi par choisi par Cekoline (http:\/\/www.cekoline.tumblr.com). Il s'agit de \u00abLes couleurs de mon drapeau\u00bb Note de l'auteure: \"La seule contrainte est donc d'avoir les couleurs de votre drapeau dans votre photo! Cela peut \u00eatre le drapeau de votre pays d'origine, ou\u2026","rel":"","context":"Dans &quot;Photo du mois&quot;","block_context":{"text":"Photo du mois","link":"https:\/\/lyonelkaufmann.ch\/Blog\/category\/photo-du-mois\/"},"img":{"alt_text":"","src":"https:\/\/i0.wp.com\/lyonelkaufmann.ch\/Blog\/wp-content\/uploads\/2015\/02\/13993616199_5c91205769_b.jpg?fit=681%2C1024&ssl=1&resize=350%2C200","width":350,"height":200,"srcset":"https:\/\/i0.wp.com\/lyonelkaufmann.ch\/Blog\/wp-content\/uploads\/2015\/02\/13993616199_5c91205769_b.jpg?fit=681%2C1024&ssl=1&resize=350%2C200 1x, https:\/\/i0.wp.com\/lyonelkaufmann.ch\/Blog\/wp-content\/uploads\/2015\/02\/13993616199_5c91205769_b.jpg?fit=681%2C1024&ssl=1&resize=525%2C300 1.5x"},"classes":[]}],"jetpack_likes_enabled":true,"_links":{"self":[{"href":"https:\/\/lyonelkaufmann.ch\/Blog\/wp-json\/wp\/v2\/posts\/10954","targetHints":{"allow":["GET"]}}],"collection":[{"href":"https:\/\/lyonelkaufmann.ch\/Blog\/wp-json\/wp\/v2\/posts"}],"about":[{"href":"https:\/\/lyonelkaufmann.ch\/Blog\/wp-json\/wp\/v2\/types\/post"}],"author":[{"embeddable":true,"href":"https:\/\/lyonelkaufmann.ch\/Blog\/wp-json\/wp\/v2\/users\/1"}],"replies":[{"embeddable":true,"href":"https:\/\/lyonelkaufmann.ch\/Blog\/wp-json\/wp\/v2\/comments?post=10954"}],"version-history":[{"count":0,"href":"https:\/\/lyonelkaufmann.ch\/Blog\/wp-json\/wp\/v2\/posts\/10954\/revisions"}],"wp:featuredmedia":[{"embeddable":true,"href":"https:\/\/lyonelkaufmann.ch\/Blog\/wp-json\/wp\/v2\/media\/14751"}],"wp:attachment":[{"href":"https:\/\/lyonelkaufmann.ch\/Blog\/wp-json\/wp\/v2\/media?parent=10954"}],"wp:term":[{"taxonomy":"category","embeddable":true,"href":"https:\/\/lyonelkaufmann.ch\/Blog\/wp-json\/wp\/v2\/categories?post=10954"},{"taxonomy":"post_tag","embeddable":true,"href":"https:\/\/lyonelkaufmann.ch\/Blog\/wp-json\/wp\/v2\/tags?post=10954"}],"curies":[{"name":"wp","href":"https:\/\/api.w.org\/{rel}","templated":true}]}}