{"id":10984,"date":"2013-12-15T12:00:22","date_gmt":"2013-12-15T11:00:22","guid":{"rendered":"https:\/\/lyonelkaufmann.ch\/Blog\/?p=10984"},"modified":"2013-12-15T12:00:22","modified_gmt":"2013-12-15T11:00:22","slug":"bonheur-photo-du-mois","status":"publish","type":"post","link":"https:\/\/lyonelkaufmann.ch\/Blog\/2013\/12\/15\/bonheur-photo-du-mois\/","title":{"rendered":"Bonheur | Photo du mois"},"content":{"rendered":"<p>Comme tous les 15 de chaque mois \u00e0 12:00 tapantes, c\u2019est l\u2019heure de la photo du mois. Ce mois-ci, le th\u00e8me est <em>\u00abBonheur\u00bb<\/em>. Le th\u00e8me a \u00e9t\u00e9 choisi par <em>Les bonheurs d&rsquo;Anne &amp; Alex<\/em> (<a href=\"http:\/\/www.lesbonheurs.fr\/\" target=\"_blank\">http:\/\/www.lesbonheurs.fr\/<\/a>).<\/p>\n<p style=\"text-align:justify;\"><a href=\"https:\/\/i0.wp.com\/lyonelk.smugmug.com\/Photography\/Photo-du-mois\/i-zzm6jmH\/0\/XL\/IMGP7018-XL.jpg\"><img data-recalc-dims=\"1\" loading=\"lazy\" decoding=\"async\" class=\"aligncenter\" alt=\"\" src=\"https:\/\/i0.wp.com\/lyonelk.smugmug.com\/Photography\/Photo-du-mois\/i-zzm6jmH\/0\/XL\/IMGP7018-XL.jpg?resize=614%2C407\" width=\"614\" height=\"407\" \/><\/a>Dans le train entre La Tour-de-Peilz et Lausanne, tous les matins offrent une lucarne de bonheur en fonction du temps et de l&rsquo;aspect que ne manqueront pas de prendre le lac et les montagnes. Et chaque soir, au retour, le paysage vous offrira d&rsquo;autres couleurs et d&rsquo;autres bonheurs. Et c&rsquo;est la m\u00eame chose lorsque ce n&rsquo;est pas en train, mais en moto que j&rsquo;effectue ce trajet.<\/p>\n<p style=\"text-align:justify;\">Le <em>bonheur<\/em> des autres :<\/p>\n<p><a href=\"http:\/\/www.dameskarlette.com\/\" target=\"_blank\">Dame Skarlette<\/a>, <a href=\"http:\/\/voyageusecomtoise.wordpress.com\/tag\/photo-du-mois\/\" target=\"_blank\">La voyageuse comtoise<\/a>, <a href=\"http:\/\/fanfanraccoons.blogspot.com\" target=\"_blank\">Fanfan Raccoon<\/a>, <a href=\"http:\/\/www.mon-ecrin-de-passions.com\/\" target=\"_blank\">Lavandine83<\/a>, <a href=\"http:\/\/2mainsetkelkesriens.blogspot.ca\" target=\"_blank\">Agn\u00e8s<\/a>, <a href=\"http:\/\/www.lesbonheurs.fr\/\" target=\"_blank\">Les bonheurs d&rsquo;Anne &amp; Alex<\/a>, <a href=\"http:\/\/catdeschamps.blogspot.fr\/\" target=\"_blank\">Caterine<\/a>, <a href=\"http:\/\/lacachouette.over-blog.com\/\" target=\"_blank\">KK-hu\u00e8te En Bretannie<\/a>, <a href=\"http:\/\/messineaventure.canalblog.com\/archives\/la_photo_du_mois\/index.html\" target=\"_blank\">La Messine<\/a>, <a href=\"http:\/\/lafeedulogis43.over-blog.fr\" target=\"_blank\">Giselle 43<\/a>, <a href=\"http:\/\/tuxana.blogspot.ca\/\" target=\"_blank\">Tuxana<\/a>, <a href=\"http:\/\/cocovin.net\/\" target=\"_blank\">Alban<\/a>, <a href=\"http:\/\/le-tour-du-monde-de-la-marmotte.over-blog.com\/\" target=\"_blank\">Marmotte<\/a>, <a href=\"http:\/\/renepaulhenry.blogspot.com\" target=\"_blank\">Renepaulhenry<\/a>, <a href=\"http:\/\/anteketborka.blogspot.com\" target=\"_blank\">magda627<\/a>, <a href=\"http:\/\/www.cekoline.tumblr.com\" target=\"_blank\">Cekoline<\/a>, <a href=\"http:\/\/dreamtravelshoot.blogspot.com\/\" target=\"_blank\">dreamtravelshoot<\/a>, <a href=\"http:\/\/www.sailortoshyo.com\/tag\/la-photo-du-mois\/\" target=\"_blank\">Sailortoshyo<\/a>, <a href=\"http:\/\/secretaiko.net\/\" target=\"_blank\">SecretAiko<\/a>, <a href=\"http:\/\/mysweetescape.fr\/\" target=\"_blank\">Chlo\u00e9<\/a>, <a href=\"http:\/\/www.aureliemenard.com\/\" target=\"_blank\">Aur\u00e9lieM<\/a>, <a href=\"http:\/\/mauricemonamour.blogspot.fr\/\" target=\"_blank\">MauriceMonAmour<\/a>, <a href=\"http:\/\/www.dicietdailleursphotography.com\/\" target=\"_blank\">Marie-Charlotte<\/a>, <a href=\"http:\/\/cetomontreal.blogspot.ca\/\" target=\"_blank\">CetO<\/a>, <a href=\"http:\/\/homeos-tasie.blogspot.fr\/\" target=\"_blank\">Homeos-tasie<\/a>, <a href=\"http:\/\/occident-express.hautetfort.com\" target=\"_blank\">Eurydice<\/a>, <a href=\"http:\/\/toxiq.canalblog.com\" target=\"_blank\">BiGBuGS<\/a>, <a href=\"http:\/\/lachataignesauvage.over-blog.com\/categorie-12516589.html\" target=\"_blank\">Josiane<\/a>, <a href=\"http:\/\/www.photo-tuto.fr\" target=\"_blank\">Photo Tuto<\/a>, <a href=\"http:\/\/www.malaxi.net\" target=\"_blank\">Laurent Nicolas<\/a>, <a href=\"http:\/\/zoursland.com\" target=\"_blank\">Fr\u00e9d\u00e9ric<\/a>, <a href=\"http:\/\/zazaetsesfantaisies.blogspot.fr\/\" target=\"_blank\">Zaza<\/a>, <a href=\"http:\/\/www.pixeline.fr\/tag\/photo-du-mois\/\" target=\"_blank\">Pixeline<\/a>, <a href=\"http:\/\/life-is-a-bombon.blogspot.fr\/search\/label\/photo%20du%20mois\" target=\"_blank\">Djoul<\/a>, <a href=\"http:\/\/morganebyloosphoto.wordpress.com\" target=\"_blank\">Morgane Byloos Photography<\/a>, <a href=\"http:\/\/akai-inthesky.blogspot.com\" target=\"_blank\">Akaieric<\/a>, <a href=\"http:\/\/Scarolles-and-co.blogspot.com\" target=\"_blank\">scarolles-and-co<\/a>, <a href=\"http:\/\/mapassionbento.blogspot.fr\/\" target=\"_blank\">DelphineF<\/a>, <a href=\"http:\/\/www.leshumeursdeviolette.over-blog.com\" target=\"_blank\">Violette<\/a>, <a href=\"http:\/\/ingrenoble.ca\/fr\/photo-projects\/photo-of-the-month\/\" target=\"_blank\">InGrenoble<\/a>, <a href=\"http:\/\/elpadawan.wordpress.com\" target=\"_blank\">El Padawan<\/a>, <a href=\"http:\/\/www.quadraetcie.fr\/1\/index.php?q=galerie%2Fla-photo-du-mois\" target=\"_blank\">C\u00e9cile &#8211; Une quadra<\/a>, <a href=\"http:\/\/nie-dmb.blogspot.be\/\" target=\"_blank\">Nie<\/a>, <a href=\"http:\/\/clicpassion.canalblog.com\" target=\"_blank\">Nicky<\/a>, <a href=\"http:\/\/theparisienne.fr\" target=\"_blank\">The Parisienne<\/a>, <a href=\"http:\/\/leblogdekat.com\" target=\"_blank\">A&rsquo;icha<\/a>, <a href=\"http:\/\/hibiscusblog.net\/category\/la-photo-du-mois-2\" target=\"_blank\">hibiscus<\/a>, <a href=\"http:\/\/laulineafaitdesphotos.com\/\" target=\"_blank\">Laulinea<\/a>, <a href=\"http:\/\/lestetesafranchouilles.blogspot.fr\/\" target=\"_blank\">La Dum<\/a>, <a href=\"http:\/\/laudesmontagnes.wordpress.com\/\" target=\"_blank\">Lau* des montagnes<\/a>, <a href=\"http:\/\/blogs.paris.fr\/unitedstatesofparis\" target=\"_blank\">Alexinparis<\/a>, <a href=\"http:\/\/www.fromside2side.com\/search\/label\/Photo%20du%20mois\" target=\"_blank\">Isa de fromSide2Side<\/a>, <a href=\"http:\/\/lorgnettedunjour.canalblog.com\/\" target=\"_blank\">Lavandine<\/a>, <a href=\"http:\/\/www.cricriyomfromparis.com\/search\/label\/La%20photo%20du%20mois\" target=\"_blank\">Cricriyom from Paris<\/a>, <a href=\"http:\/\/www.legaletas.net\/blog\/index.php\" target=\"_blank\">Gilsoub<\/a>, <a href=\"http:\/\/pilisi.over-blog.com\/tag\/Photo%20du%20mois\/\" target=\"_blank\">Pilisi<\/a>, <a href=\"http:\/\/www.claires-blog.com\" target=\"_blank\">Claire&rsquo;s Blog<\/a>, <a href=\"http:\/\/tribulationsdemarie.com\" target=\"_blank\">Marie<\/a>, <a href=\"http:\/\/cocosophie.over-blog.com\/tag\/photos%20du%20mois\/\" target=\"_blank\">Cocosophie<\/a>, <a href=\"http:\/\/www.laparentheseenchantee.fr\/\" target=\"_blank\">Isa ToutSimplement<\/a>, <a href=\"http:\/\/woocares.wordpress.com\/\" target=\"_blank\">Woocares<\/a>, <a href=\"http:\/\/grandereveuse.fr\/\" target=\"_blank\">Louisianne<\/a>, <a href=\"http:\/\/rythme-indigo.blogspot.com\" target=\"_blank\">Rythme Indigo<\/a>, <a href=\"http:\/\/anola-lemag.fr\/\" target=\"_blank\">Ann<\/a>, <a href=\"http:\/\/www.e-slovenie.com\/fr\/vie-en-slovenie\/photos-du-mois\/\" target=\"_blank\">eSlov\u00e9nie<\/a>, <a href=\"http:\/\/vraiefiction.blogspot.com\" target=\"_blank\">Guillaume<\/a>, <a href=\"http:\/\/cestpasmoijeljure.com\/\" target=\"_blank\">Dr. CaSo<\/a>, <a href=\"http:\/\/blog.lesprincessesdemarie.com\/\" target=\"_blank\">princesse Emalia<\/a>, <a href=\"http:\/\/xoliv.blogspot.fr\" target=\"_blank\">Xoliv&rsquo;<\/a>, <a href=\"http:\/\/www.sephiraph.be\" target=\"_blank\">Sephiraph<\/a>, <a href=\"http:\/\/www.lanantaiseaparis.com\/search\/label\/...%20La%20Photo%20du%20Mois\" target=\"_blank\">La Nantaise \u00e0 Paris<\/a>, <a href=\"https:\/\/lyonelkaufmann.ch\/Blog\/category\/blogcafe\/photo-du-mois\/\" target=\"_blank\">Lyonelk<\/a>, <a href=\"http:\/\/pratique-photo.blogspot.ch\/\" target=\"_blank\">Crearine<\/a>, <a href=\"http:\/\/sublime-essence.over-blog.com\" target=\"_blank\">Bestofava<\/a>, <a href=\"http:\/\/colibribleu.blogspot.fr\/\" target=\"_blank\">Julie<\/a>, <a href=\"http:\/\/reverieschatbleu.canalblog.com\/\" target=\"_blank\">Chat bleu<\/a>, <a href=\"http:\/\/suissexpress.wordpress.com\/\" target=\"_blank\">Christophe<\/a>, <a href=\"http:\/\/galinette-dezailes.blogspot.fr\/\" target=\"_blank\">Galinette<\/a>, <a href=\"http:\/\/calamonique.com\/\" target=\"_blank\">Calamonique<\/a>, <a href=\"http:\/\/www.lisadeparis.ch\/articles\/bonus\/la-photo-du-mois\/\" target=\"_blank\">LisaDeParis<\/a>, <a href=\"http:\/\/revesenmousse.over-blog.com\" target=\"_blank\">Joane<\/a>, <a href=\"http:\/\/www.unjourunevie.fr\/\" target=\"_blank\">Un jour, une vie<\/a>, <a href=\"http:\/\/unephotodesquejepeux.wordpress.com\/\" target=\"_blank\">Maria Graphia<\/a>, <a href=\"http:\/\/filamots.wordpress.com\" target=\"_blank\">Filamots<\/a>, <a href=\"http:\/\/hypeandcie.com\/\" target=\"_blank\">Hypeandcie<\/a>, <a href=\"http:\/\/unpluszeroegaledeux.wordpress.com\/category\/photo-du-mois\/\" target=\"_blank\">Pica Moye<\/a>, <a href=\"http:\/\/www.chiffonsandco.fr\" target=\"_blank\">Arwen<\/a>, <a href=\"http:\/\/sebdanzephotographe.wordpress.com\/category\/photo-du-mois\/\" target=\"_blank\">Wolverine<\/a>, <a href=\"http:\/\/lesvoyagesdelucy.over-blog.com\/categorie-12302834.html\" target=\"_blank\">Les voyages de Lucy<\/a>, <a href=\"http:\/\/krn-defouloir.blogspot.com\" target=\"_blank\">Krn<\/a>, <a href=\"http:\/\/monbeaumanoir.wordpress.com\/\" target=\"_blank\">Ava<\/a>, <a href=\"http:\/\/monsacaouvrage.canalblog.com\/\" target=\"_blank\">FloRie<\/a>, <a href=\"http:\/\/macatou.wordpress.com\/\" target=\"_blank\">Thalie<\/a>, <a href=\"http:\/\/mimireliton.blogspot.fr\" target=\"_blank\">Mimireliton<\/a>, <a href=\"http:\/\/mesptitsplatsdanslesgrands.blogspot.fr\/\" target=\"_blank\">Mes ptits plats<\/a>, <a href=\"http:\/\/www.viviane-voyages.com\" target=\"_blank\">Viviane<\/a>, <a href=\"http:\/\/chezmamysoren.over-blog.com\" target=\"_blank\">Mamysoren<\/a>, <a href=\"http:\/\/legrandbazardagathe.blogspot.fr\/\" target=\"_blank\">Agathe<\/a>, <a href=\"http:\/\/piolo.org\" target=\"_blank\">Piolo<\/a>, <a href=\"http:\/\/www.destination-montreal.net\" target=\"_blank\">Lucile et Rod<\/a>, <a href=\"http:\/\/www.annelauret.com\/search\/label\/La%20photo%20du%20mois\" target=\"_blank\">Anne Laure T<\/a>, <a\n href=\"http:\/\/chroniqueduncongeparental.wordpress.com\/category\/la-photo-du-mois\/\" target=\"_blank\">Ang\u00e9lique<\/a>, <a href=\"http:\/\/ma.grossesse.over-blog.fr\/\" target=\"_blank\">Anne-Laure<\/a>, <a href=\"http:\/\/vudubalcon.blogspot.fr\" target=\"_blank\">Fran\u00e7ois le Ni\u00e7ois<\/a>, <a href=\"http:\/\/champagnefraise.wordpress.com\" target=\"_blank\">Champagne<\/a>, <a href=\"http:\/\/tigreblanc.over-blog.fr\/\" target=\"_blank\">B\u00e9a<\/a>, <a href=\"http:\/\/foodforthoughtandmore.wordpress.com\/\" target=\"_blank\">Elodie<\/a>, <a href=\"http:\/\/wonderlandalice.wordpress.com\/\" target=\"_blank\">Alice Wonderland<\/a>, <a href=\"http:\/\/bonsbaisersdaustralie.wordpress.com\/category\/la-photo-du-mois\/\" target=\"_blank\">MissCarole<\/a>, <a href=\"http:\/\/c-est-reparti.blogspot.com\/\" target=\"_blank\">Cara<\/a>, <a href=\"http:\/\/anne-tranche-de-vie.over-blog.com\/categorie-11390539.html\" target=\"_blank\">Anne<\/a>, <a href=\"http:\/\/carroir.over-blog.com\" target=\"_blank\">Thib<\/a>, <a href=\"http:\/\/isaquarel.canalblog.com\/archives\/la_photo_du_mois\/index.html\" target=\"_blank\">Isaquarel<\/a>, <a href=\"http:\/\/cyberdilou.canalblog.com\" target=\"_blank\">Gizeh<\/a>, <a href=\"http:\/\/ileanapartenie.wordpress.com\/\" target=\"_blank\">Ileana<\/a>, <a href=\"http:\/\/frenchiesinparis.over-blog.com\" target=\"_blank\">C\u00e9line in Paris<\/a>, <a href=\"http:\/\/blogoth67.wordpress.com\" target=\"_blank\">Blogoth67<\/a>, <a href=\"http:\/\/www.lafilledelair.com\/blog\/la-photo-du-mois\/\" target=\"_blank\">La Fille de l&rsquo;Air<\/a>, <a href=\"http:\/\/bellegosse.wordpress.com\/\" target=\"_blank\">Oscara<\/a>, <a href=\"http:\/\/jadorejadhere.canalblog.com\/\" target=\"_blank\">J&rsquo;adore j&rsquo;adh\u00e8re<\/a>, <a href=\"http:\/\/the-singapore-miminews.blogspot.sg\/search\/label\/La%20photo%20du%20mois\" target=\"_blank\">The Singapore Miminews<\/a><\/p>\n","protected":false},"excerpt":{"rendered":"<p>Comme tous les 15 de chaque mois \u00e0 12:00 tapantes, c\u2019est l\u2019heure de la photo du mois. Ce mois-ci, le th\u00e8me est \u00abBonheur\u00bb. Le th\u00e8me a \u00e9t\u00e9 choisi par Les bonheurs d&rsquo;Anne &amp; Alex (http:\/\/www.lesbonheurs.fr\/). Dans le train entre La Tour-de-Peilz et Lausanne, tous les matins offrent une lucarne de bonheur en fonction du temps [&hellip;]<\/p>\n","protected":false},"author":1,"featured_media":10988,"comment_status":"open","ping_status":"open","sticky":false,"template":"","format":"image","meta":{"_import_markdown_pro_load_document_selector":0,"_import_markdown_pro_submit_text_textarea":"","_genesis_hide_title":false,"_genesis_hide_breadcrumbs":false,"_genesis_hide_singular_image":false,"_genesis_hide_footer_widgets":false,"_genesis_custom_body_class":"","_genesis_custom_post_class":"","_genesis_layout":"","jetpack_post_was_ever_published":false,"_jetpack_newsletter_access":"","_jetpack_dont_email_post_to_subs":false,"_jetpack_newsletter_tier_id":0,"_jetpack_memberships_contains_paywalled_content":false,"_jetpack_memberships_contains_paid_content":false,"activitypub_content_warning":"","activitypub_content_visibility":"","activitypub_max_image_attachments":3,"activitypub_interaction_policy_quote":"anyone","activitypub_status":"","footnotes":"","jetpack_publicize_message":"","jetpack_publicize_feature_enabled":true,"jetpack_social_post_already_shared":true,"jetpack_social_options":{"image_generator_settings":{"template":"fullscreen","default_image_id":0,"font":"","enabled":false},"version":2}},"categories":[4],"tags":[],"class_list":{"0":"post-10984","1":"post","2":"type-post","3":"status-publish","4":"format-image","5":"has-post-thumbnail","7":"category-photo-du-mois","8":"post_format-post-format-image","9":"entry"},"jetpack_publicize_connections":[],"featured_image_src":null,"featured_image_src_square":null,"author_info":{"display_name":"Lyonel Kaufmann","author_link":"https:\/\/lyonelkaufmann.ch\/Blog\/author\/lyonelk\/"},"jetpack_featured_media_url":"","jetpack_sharing_enabled":true,"jetpack_shortlink":"https:\/\/wp.me\/p1qtF4-2Ra","jetpack-related-posts":[{"id":14970,"url":"https:\/\/lyonelkaufmann.ch\/Blog\/2015\/06\/15\/orange-la-photo-du-mois\/","url_meta":{"origin":10984,"position":0},"title":"Orange |\u00a0La photo du mois","author":"Lyonel Kaufmann","date":"15 juin 2015","format":false,"excerpt":"Le th\u00e8me du mois Orange a \u00e9t\u00e9\u00a0choisi par Xoliv'\u00a0(http:\/\/xoliv.blogspot.fr) : ORANGE, la couleur du bonheur (dixit le mus\u00e9e Beaubourg) alors mettez de l'orange, un ou plusieurs \u00e9l\u00e9ments vous \u00eates libre dans votre photo. Vous avez droit \u00e0 tout ce que vous voulez et \u00e0 toutes les nuances d'orange sauf les\u2026","rel":"","context":"Dans &quot;Photo du mois&quot;","block_context":{"text":"Photo du mois","link":"https:\/\/lyonelkaufmann.ch\/Blog\/category\/photo-du-mois\/"},"img":{"alt_text":"","src":"https:\/\/i0.wp.com\/lyonelkaufmann.ch\/Blog\/wp-content\/uploads\/2015\/06\/DSCF8315-L.jpg?fit=800%2C600&ssl=1&resize=350%2C200","width":350,"height":200,"srcset":"https:\/\/i0.wp.com\/lyonelkaufmann.ch\/Blog\/wp-content\/uploads\/2015\/06\/DSCF8315-L.jpg?fit=800%2C600&ssl=1&resize=350%2C200 1x, https:\/\/i0.wp.com\/lyonelkaufmann.ch\/Blog\/wp-content\/uploads\/2015\/06\/DSCF8315-L.jpg?fit=800%2C600&ssl=1&resize=525%2C300 1.5x, https:\/\/i0.wp.com\/lyonelkaufmann.ch\/Blog\/wp-content\/uploads\/2015\/06\/DSCF8315-L.jpg?fit=800%2C600&ssl=1&resize=700%2C400 2x"},"classes":[]},{"id":10954,"url":"https:\/\/lyonelkaufmann.ch\/Blog\/2013\/11\/15\/ensemble-photo-du-mois\/","url_meta":{"origin":10984,"position":1},"title":"Ensemble |\u00a0Photo du mois","author":"Lyonel Kaufmann","date":"15 novembre 2013","format":"image","excerpt":"Comme tous les 15 de chaque mois \u00e0 12:00 tapantes, c\u2019est l\u2019heure de la photo du mois. Ce mois-ci, le th\u00e8me est \u00abEnsemble\u00bb. Le th\u00e8me a \u00e9t\u00e9 choisi par Ava (http:\/\/monbeaumanoir.wordpress.com\/). Cette photo a \u00e9t\u00e9 prise lors de l'\u00e9chauffement du Semi-marathon de Lausanne qui part depuis La Tour-de-Peilz. Dans ce\u2026","rel":"","context":"Dans &quot;Photo du mois&quot;","block_context":{"text":"Photo du mois","link":"https:\/\/lyonelkaufmann.ch\/Blog\/category\/photo-du-mois\/"},"img":{"alt_text":"","src":"https:\/\/i0.wp.com\/lyonelkaufmann.ch\/Blog\/wp-content\/uploads\/2013\/11\/MarathonSemi-Marathon%40LaTour-de-Peilz81-XL.jpg?fit=1024%2C678&ssl=1&resize=350%2C200","width":350,"height":200,"srcset":"https:\/\/i0.wp.com\/lyonelkaufmann.ch\/Blog\/wp-content\/uploads\/2013\/11\/MarathonSemi-Marathon%40LaTour-de-Peilz81-XL.jpg?fit=1024%2C678&ssl=1&resize=350%2C200 1x, https:\/\/i0.wp.com\/lyonelkaufmann.ch\/Blog\/wp-content\/uploads\/2013\/11\/MarathonSemi-Marathon%40LaTour-de-Peilz81-XL.jpg?fit=1024%2C678&ssl=1&resize=525%2C300 1.5x, https:\/\/i0.wp.com\/lyonelkaufmann.ch\/Blog\/wp-content\/uploads\/2013\/11\/MarathonSemi-Marathon%40LaTour-de-Peilz81-XL.jpg?fit=1024%2C678&ssl=1&resize=700%2C400 2x"},"classes":[]},{"id":10627,"url":"https:\/\/lyonelkaufmann.ch\/Blog\/2013\/08\/15\/objet-photo-du-mois\/","url_meta":{"origin":10984,"position":2},"title":"Objet |\u00a0Photo du mois","author":"Lyonel Kaufmann","date":"15 ao\u00fbt 2013","format":false,"excerpt":"Comme tous les 15 de chaque mois \u00e0 12:00 tapantes, c'est l'heure de la photo du mois. Ce mois-ci, le th\u00e8me est \u00abobjet\u00bb. \u00a0Alors voici ma photo : Autant le th\u00e8me pr\u00e9c\u00e9dent m'a pos\u00e9 quelques probl\u00e8mes, autant celui-ci a \u00e9t\u00e9 l'inverse. Trois sujets diff\u00e9rents d'objet ont occup\u00e9 mon esprit. Et,\u2026","rel":"","context":"Dans &quot;Photo du mois&quot;","block_context":{"text":"Photo du mois","link":"https:\/\/lyonelkaufmann.ch\/Blog\/category\/photo-du-mois\/"},"img":{"alt_text":"","src":"https:\/\/i0.wp.com\/lyonelkaufmann.ch\/Blog\/wp-content\/uploads\/2013\/08\/Objet2-XL.jpg?fit=1024%2C768&ssl=1&resize=350%2C200","width":350,"height":200,"srcset":"https:\/\/i0.wp.com\/lyonelkaufmann.ch\/Blog\/wp-content\/uploads\/2013\/08\/Objet2-XL.jpg?fit=1024%2C768&ssl=1&resize=350%2C200 1x, https:\/\/i0.wp.com\/lyonelkaufmann.ch\/Blog\/wp-content\/uploads\/2013\/08\/Objet2-XL.jpg?fit=1024%2C768&ssl=1&resize=525%2C300 1.5x, https:\/\/i0.wp.com\/lyonelkaufmann.ch\/Blog\/wp-content\/uploads\/2013\/08\/Objet2-XL.jpg?fit=1024%2C768&ssl=1&resize=700%2C400 2x"},"classes":[]},{"id":11213,"url":"https:\/\/lyonelkaufmann.ch\/Blog\/2014\/02\/15\/chaudfroid-photo-du-mois\/","url_meta":{"origin":10984,"position":3},"title":"Chaud\/Froid | Photo du mois","author":"Lyonel Kaufmann","date":"15 f\u00e9vrier 2014","format":false,"excerpt":"Comme tous les 15 de chaque mois \u00e0 12:00 tapantes, c\u2019est l\u2019heure de la photo du mois. Ce mois-ci, le th\u00e8me est \u00able froid ou le chaud\u00bb, choisi par Renepaulhenry :\u00a0http:\/\/renepaulhenry.blogspot.com. L'explication du th\u00e8me par Renepaulhenry : \u00abJ'ai l'honneur de choisir le th\u00e8me du mois prochain. Ce sera un th\u00e8me\u2026","rel":"","context":"Dans &quot;Photo du mois&quot;","block_context":{"text":"Photo du mois","link":"https:\/\/lyonelkaufmann.ch\/Blog\/category\/photo-du-mois\/"},"img":{"alt_text":"","src":"https:\/\/i0.wp.com\/lyonelkaufmann.ch\/Blog\/wp-content\/uploads\/2014\/02\/14243725480_31c1f4bc6a_b.jpg?fit=683%2C1024&ssl=1&resize=350%2C200","width":350,"height":200,"srcset":"https:\/\/i0.wp.com\/lyonelkaufmann.ch\/Blog\/wp-content\/uploads\/2014\/02\/14243725480_31c1f4bc6a_b.jpg?fit=683%2C1024&ssl=1&resize=350%2C200 1x, https:\/\/i0.wp.com\/lyonelkaufmann.ch\/Blog\/wp-content\/uploads\/2014\/02\/14243725480_31c1f4bc6a_b.jpg?fit=683%2C1024&ssl=1&resize=525%2C300 1.5x"},"classes":[]},{"id":15559,"url":"https:\/\/lyonelkaufmann.ch\/Blog\/2016\/01\/15\/jardin-secret-photo-du-mois\/","url_meta":{"origin":10984,"position":4},"title":"Jardin secret | Photo du mois","author":"Lyonel Kaufmann","date":"15 janvier 2016","format":"image","excerpt":"Th\u00e8me de ce mois : Jardin Secret, choisi par Cara (http:\/\/c-est-reparti.blogspot.com\/). Sa pr\u00e9sentation du th\u00e8me : Puisque c'est moi qui ai l'honneur de choisir le th\u00e8me pour le mois de janvier (malgr\u00e9 mon retard d'aujourd'hui, j'ai honte), le voici : \"Jardin secret\" A interpr\u00e9ter au sens propre comme au figur\u00e9...\u2026","rel":"","context":"Dans &quot;Photo du mois&quot;","block_context":{"text":"Photo du mois","link":"https:\/\/lyonelkaufmann.ch\/Blog\/category\/photo-du-mois\/"},"img":{"alt_text":"","src":"https:\/\/i0.wp.com\/lyonelkaufmann.ch\/Blog\/wp-content\/uploads\/2016\/01\/IMG_3528-e1453032575496-1-e1453032733699.jpg?fit=439%2C640&ssl=1&resize=350%2C200","width":350,"height":200},"classes":[]},{"id":9882,"url":"https:\/\/lyonelkaufmann.ch\/Blog\/2013\/06\/15\/le-feu-photo-du-mois\/","url_meta":{"origin":10984,"position":5},"title":"Le feu | Photo du mois","author":"Lyonel Kaufmann","date":"15 juin 2013","format":"image","excerpt":"Chaque mois, les blogueurs qui participent \u00e0 La Photo du Mois publient une photo en fonction d'un th\u00e8me. Toutes les photos sont publi\u00e9es sur les blogs respectifs des participants, le 15 de chaque mois, \u00e0 midi, heure de Paris. Ce mois-ci, le th\u00e8me c'est : le feu. Ce mois, cela\u2026","rel":"","context":"Dans &quot;Photo du mois&quot;","block_context":{"text":"Photo du mois","link":"https:\/\/lyonelkaufmann.ch\/Blog\/category\/photo-du-mois\/"},"img":{"alt_text":"","src":"https:\/\/i0.wp.com\/lyonelkaufmann.ch\/Blog\/wp-content\/uploads\/2015\/03\/20130615-141834.jpg?fit=375%2C563&ssl=1&resize=350%2C200","width":350,"height":200},"classes":[]}],"jetpack_likes_enabled":true,"_links":{"self":[{"href":"https:\/\/lyonelkaufmann.ch\/Blog\/wp-json\/wp\/v2\/posts\/10984","targetHints":{"allow":["GET"]}}],"collection":[{"href":"https:\/\/lyonelkaufmann.ch\/Blog\/wp-json\/wp\/v2\/posts"}],"about":[{"href":"https:\/\/lyonelkaufmann.ch\/Blog\/wp-json\/wp\/v2\/types\/post"}],"author":[{"embeddable":true,"href":"https:\/\/lyonelkaufmann.ch\/Blog\/wp-json\/wp\/v2\/users\/1"}],"replies":[{"embeddable":true,"href":"https:\/\/lyonelkaufmann.ch\/Blog\/wp-json\/wp\/v2\/comments?post=10984"}],"version-history":[{"count":0,"href":"https:\/\/lyonelkaufmann.ch\/Blog\/wp-json\/wp\/v2\/posts\/10984\/revisions"}],"wp:featuredmedia":[{"embeddable":true,"href":"https:\/\/lyonelkaufmann.ch\/Blog\/wp-json\/"}],"wp:attachment":[{"href":"https:\/\/lyonelkaufmann.ch\/Blog\/wp-json\/wp\/v2\/media?parent=10984"}],"wp:term":[{"taxonomy":"category","embeddable":true,"href":"https:\/\/lyonelkaufmann.ch\/Blog\/wp-json\/wp\/v2\/categories?post=10984"},{"taxonomy":"post_tag","embeddable":true,"href":"https:\/\/lyonelkaufmann.ch\/Blog\/wp-json\/wp\/v2\/tags?post=10984"}],"curies":[{"name":"wp","href":"https:\/\/api.w.org\/{rel}","templated":true}]}}