{"id":11002,"date":"2013-12-22T12:56:18","date_gmt":"2013-12-22T11:56:18","guid":{"rendered":"https:\/\/lyonelkaufmann.ch\/Blog\/?p=11002"},"modified":"2013-12-22T12:56:18","modified_gmt":"2013-12-22T11:56:18","slug":"dolce-vita-by-fiat-500-photo-du-jour","status":"publish","type":"post","link":"https:\/\/lyonelkaufmann.ch\/Blog\/2013\/12\/22\/dolce-vita-by-fiat-500-photo-du-jour\/","title":{"rendered":"Dolce Vita by Fiat 500 | Photo du jour"},"content":{"rendered":"<p><a title=\"Dolce Vita by Fiat 500 de lyonelkaufmann, sur Flickr\" href=\"http:\/\/www.flickr.com\/photos\/lyonelkaufmann\/11494309826\/\"><img data-recalc-dims=\"1\" loading=\"lazy\" decoding=\"async\" alt=\"Dolce Vita by Fiat 500\" src=\"https:\/\/i0.wp.com\/farm8.staticflickr.com\/7423\/11494309826_969e80ceed_c.jpg?resize=800%2C532\" width=\"800\" height=\"532\" \/><\/a><br \/>\nNous sommes tomb\u00e9s amoureux au March\u00e9 de No\u00ebl \u00e0 Montreux de ce mod\u00e8le r\u00e9duit de Fiat 500 vintage. D\u00e9sormais il tr\u00f4ne dans notre salon.<\/p>\n<p>Pentax K-3 &#8211; Tamron 70-300mm 1:4-5.6<\/p>\n","protected":false},"excerpt":{"rendered":"<p>Nous sommes tomb\u00e9s amoureux au March\u00e9 de No\u00ebl \u00e0 Montreux de ce mod\u00e8le r\u00e9duit de Fiat 500 vintage. D\u00e9sormais il tr\u00f4ne dans notre salon. Pentax K-3 &#8211; Tamron 70-300mm 1:4-5.6<\/p>\n","protected":false},"author":1,"featured_media":13929,"comment_status":"open","ping_status":"open","sticky":false,"template":"","format":"image","meta":{"_import_markdown_pro_load_document_selector":0,"_import_markdown_pro_submit_text_textarea":"","_genesis_hide_title":false,"_genesis_hide_breadcrumbs":false,"_genesis_hide_singular_image":false,"_genesis_hide_footer_widgets":false,"_genesis_custom_body_class":"","_genesis_custom_post_class":"","_genesis_layout":"","jetpack_post_was_ever_published":false,"_jetpack_newsletter_access":"","_jetpack_dont_email_post_to_subs":false,"_jetpack_newsletter_tier_id":0,"_jetpack_memberships_contains_paywalled_content":false,"_jetpack_memberships_contains_paid_content":false,"activitypub_content_warning":"","activitypub_content_visibility":"","activitypub_max_image_attachments":3,"activitypub_interaction_policy_quote":"anyone","activitypub_status":"","footnotes":"","jetpack_publicize_message":"","jetpack_publicize_feature_enabled":true,"jetpack_social_post_already_shared":true,"jetpack_social_options":{"image_generator_settings":{"template":"fullscreen","default_image_id":0,"font":"","enabled":false},"version":2}},"categories":[3],"tags":[],"class_list":{"0":"post-11002","1":"post","2":"type-post","3":"status-publish","4":"format-image","5":"has-post-thumbnail","7":"category-blogcafe-2","8":"post_format-post-format-image","9":"entry"},"jetpack_publicize_connections":[],"featured_image_src":"https:\/\/i0.wp.com\/lyonelkaufmann.ch\/Blog\/wp-content\/uploads\/2015\/03\/11494309826_969e80ceed_c.jpg?resize=600%2C400&ssl=1","featured_image_src_square":"https:\/\/i0.wp.com\/lyonelkaufmann.ch\/Blog\/wp-content\/uploads\/2015\/03\/11494309826_969e80ceed_c.jpg?resize=600%2C532&ssl=1","author_info":{"display_name":"Lyonel Kaufmann","author_link":"https:\/\/lyonelkaufmann.ch\/Blog\/author\/lyonelk\/"},"jetpack_featured_media_url":"https:\/\/i0.wp.com\/lyonelkaufmann.ch\/Blog\/wp-content\/uploads\/2015\/03\/11494309826_969e80ceed_c.jpg?fit=800%2C532&ssl=1","jetpack_sharing_enabled":true,"jetpack_shortlink":"https:\/\/wp.me\/p1qtF4-2Rs","jetpack-related-posts":[{"id":9533,"url":"https:\/\/lyonelkaufmann.ch\/Blog\/2013\/04\/06\/zurich-retro\/","url_meta":{"origin":11002,"position":0},"title":"Zurich r\u00e9tro","author":"Lyonel Kaufmann","date":"6 avril 2013","format":"image","excerpt":"Mardi 2 avril 2013. Cette vieille Fiat nous faisait de l'oeil en plein Zurich. Un charme surann\u00e9 fort sympathique.","rel":"","context":"Dans &quot;Photo du jour&quot;","block_context":{"text":"Photo du jour","link":"https:\/\/lyonelkaufmann.ch\/Blog\/category\/photo-du-jour\/"},"img":{"alt_text":"","src":"https:\/\/i0.wp.com\/lyonelkaufmann.ch\/Blog\/wp-content\/uploads\/2015\/03\/8620769778_1c5e65fe50_z.jpg?fit=427%2C640&ssl=1&resize=350%2C200","width":350,"height":200},"classes":[]},{"id":23953,"url":"https:\/\/lyonelkaufmann.ch\/Blog\/2023\/11\/18\/la-nx-500-remplace-la-cb-500-x-chez-honda-pour-2024\/","url_meta":{"origin":11002,"position":1},"title":"La NX 500 remplace la CB 500 X chez Honda pour 2024","author":"Lyonel Kaufmann","date":"18 novembre 2023","format":false,"excerpt":"La NX 500 n\u2019est pas exactement un nouveau mod\u00e8le dans la gamme 2024 de Honda, m\u00eame si le nom est nouveau. C\u2019est en fait la CB 500 X rebadg\u00e9e et avec des changements significatifs, tant techniques qu\u2019esth\u00e9tiques ou fonctionnels. Pour 2024, Honda ajoute le contr\u00f4le de traction \u00e0 la dotation\u2026","rel":"","context":"Dans &quot;Blogcaf\u00e9&quot;","block_context":{"text":"Blogcaf\u00e9","link":"https:\/\/lyonelkaufmann.ch\/Blog\/category\/blogcafe-2\/"},"img":{"alt_text":"","src":"https:\/\/i0.wp.com\/lyonelkaufmann.ch\/Blog\/wp-content\/uploads\/2023\/11\/Honda_2024_NX500_458064_actumoto.jpg?fit=1200%2C901&ssl=1&resize=350%2C200","width":350,"height":200,"srcset":"https:\/\/i0.wp.com\/lyonelkaufmann.ch\/Blog\/wp-content\/uploads\/2023\/11\/Honda_2024_NX500_458064_actumoto.jpg?fit=1200%2C901&ssl=1&resize=350%2C200 1x, https:\/\/i0.wp.com\/lyonelkaufmann.ch\/Blog\/wp-content\/uploads\/2023\/11\/Honda_2024_NX500_458064_actumoto.jpg?fit=1200%2C901&ssl=1&resize=525%2C300 1.5x, https:\/\/i0.wp.com\/lyonelkaufmann.ch\/Blog\/wp-content\/uploads\/2023\/11\/Honda_2024_NX500_458064_actumoto.jpg?fit=1200%2C901&ssl=1&resize=700%2C400 2x, https:\/\/i0.wp.com\/lyonelkaufmann.ch\/Blog\/wp-content\/uploads\/2023\/11\/Honda_2024_NX500_458064_actumoto.jpg?fit=1200%2C901&ssl=1&resize=1050%2C600 3x"},"classes":[]},{"id":12771,"url":"https:\/\/lyonelkaufmann.ch\/Blog\/2012\/08\/23\/festival-images-2012-un-cindy-sherman-de-500-m2-a-vevey\/","url_meta":{"origin":11002,"position":2},"title":"Festival Images 2012 : Un Cindy Sherman de 500 m2 \u00e0 Vevey","author":"Lyonel Kaufmann","date":"23 ao\u00fbt 2012","format":"image","excerpt":"Apr\u00e8s une \u00e9dition 2010 remarquable, la barre \u00e9tait plac\u00e9e haut pour Stefano Stoll et le Festival Images \u00e0 Vevey. Aujourd'hui, \u00e0 deux semaines et demie de l'ouverture de l'\u00e9dition 2012, celle-ci s'annonce prometteuse \u00e0 l'exemple de cette derni\u00e8re pi\u00e8ce du puzzle : un portrait g\u00e9ant de l\u2019artiste contemporaine am\u00e9ricaine Cindy\u2026","rel":"","context":"Dans &quot;Blogcaf\u00e9&quot;","block_context":{"text":"Blogcaf\u00e9","link":"https:\/\/lyonelkaufmann.ch\/Blog\/category\/blogcafe-2\/"},"img":{"alt_text":"","src":"https:\/\/i0.wp.com\/www.politis.ch\/carnets\/wp-content\/uploads\/2012\/08\/16.jpg?resize=350%2C200","width":350,"height":200,"srcset":"https:\/\/i0.wp.com\/www.politis.ch\/carnets\/wp-content\/uploads\/2012\/08\/16.jpg?resize=350%2C200 1x, https:\/\/i0.wp.com\/www.politis.ch\/carnets\/wp-content\/uploads\/2012\/08\/16.jpg?resize=525%2C300 1.5x"},"classes":[]},{"id":21216,"url":"https:\/\/lyonelkaufmann.ch\/Blog\/2020\/02\/12\/le-tour-du-monde-en-3-500-motardes\/","url_meta":{"origin":11002,"position":3},"title":"Le tour du monde en 3\u2009500 motardes","author":"Lyonel Kaufmann","date":"12 f\u00e9vrier 2020","format":false,"excerpt":"Ce samedi 15 f\u00e9vrier, Londres f\u00eatera l\u2019arriv\u00e9e du Relais mondial des motardes (Women Riders World Relay). Bravant la gr\u00eale, les st\u00e9r\u00e9otypes et les contr\u00f4les douaniers sur six continents, ces femmes ont donn\u00e9 envie aux bikeuses du monde entier de se mettre en selle. Voir cette publication sur Instagram \ud83c\udf89\ud83c\udfc6\ud83e\udd29\ud83e\udd73 #WRWR2019\u2026","rel":"","context":"Dans &quot;Blogcaf\u00e9&quot;","block_context":{"text":"Blogcaf\u00e9","link":"https:\/\/lyonelkaufmann.ch\/Blog\/category\/blogcafe-2\/"},"img":{"alt_text":"","src":"https:\/\/i0.wp.com\/lyonelkaufmann.ch\/Blog\/wp-content\/uploads\/2020\/02\/A4EC6B21-1EE3-4AA2-A7A1-FB33E8DFA69D.cbaed84a1ce74d5db8070f145f60e4f9.jpeg?fit=1200%2C800&ssl=1&resize=350%2C200","width":350,"height":200,"srcset":"https:\/\/i0.wp.com\/lyonelkaufmann.ch\/Blog\/wp-content\/uploads\/2020\/02\/A4EC6B21-1EE3-4AA2-A7A1-FB33E8DFA69D.cbaed84a1ce74d5db8070f145f60e4f9.jpeg?fit=1200%2C800&ssl=1&resize=350%2C200 1x, https:\/\/i0.wp.com\/lyonelkaufmann.ch\/Blog\/wp-content\/uploads\/2020\/02\/A4EC6B21-1EE3-4AA2-A7A1-FB33E8DFA69D.cbaed84a1ce74d5db8070f145f60e4f9.jpeg?fit=1200%2C800&ssl=1&resize=525%2C300 1.5x, https:\/\/i0.wp.com\/lyonelkaufmann.ch\/Blog\/wp-content\/uploads\/2020\/02\/A4EC6B21-1EE3-4AA2-A7A1-FB33E8DFA69D.cbaed84a1ce74d5db8070f145f60e4f9.jpeg?fit=1200%2C800&ssl=1&resize=700%2C400 2x, https:\/\/i0.wp.com\/lyonelkaufmann.ch\/Blog\/wp-content\/uploads\/2020\/02\/A4EC6B21-1EE3-4AA2-A7A1-FB33E8DFA69D.cbaed84a1ce74d5db8070f145f60e4f9.jpeg?fit=1200%2C800&ssl=1&resize=1050%2C600 3x"},"classes":[]},{"id":11589,"url":"https:\/\/lyonelkaufmann.ch\/Blog\/2014\/06\/22\/pause-de-midi-vevey\/","url_meta":{"origin":11002,"position":4},"title":"Pause de midi @ Vevey","author":"Lyonel Kaufmann","date":"22 juin 2014","format":false,"excerpt":"Pentax K-3 - Objectif smc Pentax-DA 18-250mm - iso 200 f\/8 1\/500","rel":"","context":"Dans &quot;Photo du jour&quot;","block_context":{"text":"Photo du jour","link":"https:\/\/lyonelkaufmann.ch\/Blog\/category\/photo-du-jour\/"},"img":{"alt_text":"","src":"https:\/\/i0.wp.com\/lyonelkaufmann.ch\/Blog\/wp-content\/uploads\/2015\/02\/pause-midi-vevey.jpg?fit=768%2C768&ssl=1&resize=350%2C200","width":350,"height":200,"srcset":"https:\/\/i0.wp.com\/lyonelkaufmann.ch\/Blog\/wp-content\/uploads\/2015\/02\/pause-midi-vevey.jpg?fit=768%2C768&ssl=1&resize=350%2C200 1x, https:\/\/i0.wp.com\/lyonelkaufmann.ch\/Blog\/wp-content\/uploads\/2015\/02\/pause-midi-vevey.jpg?fit=768%2C768&ssl=1&resize=525%2C300 1.5x, https:\/\/i0.wp.com\/lyonelkaufmann.ch\/Blog\/wp-content\/uploads\/2015\/02\/pause-midi-vevey.jpg?fit=768%2C768&ssl=1&resize=700%2C400 2x"},"classes":[]},{"id":12234,"url":"https:\/\/lyonelkaufmann.ch\/Blog\/2014\/11\/28\/voie-du-chariot-lausanne-photo-du-jour\/","url_meta":{"origin":11002,"position":5},"title":"Voie du Chariot @ Lausanne | Photo du jour","author":"Lyonel Kaufmann","date":"28 novembre 2014","format":false,"excerpt":"D\u00e9ambulation urbaine, en noir\/blanc,\u00a0au Flon \u00e0 Lausanne. Photo prise le 11 novembre 2014 avec Fuji X30, f\/2.0, iso 500, vitesse 1\/160.","rel":"","context":"Dans &quot;Photo du jour&quot;","block_context":{"text":"Photo du jour","link":"https:\/\/lyonelkaufmann.ch\/Blog\/category\/photo-du-jour\/"},"img":{"alt_text":"","src":"https:\/\/i0.wp.com\/lyonelkaufmann.ch\/Blog\/wp-content\/uploads\/2015\/03\/1417173239_thumb.jpeg.jpg?fit=479%2C639&ssl=1&resize=350%2C200","width":350,"height":200},"classes":[]}],"jetpack_likes_enabled":true,"_links":{"self":[{"href":"https:\/\/lyonelkaufmann.ch\/Blog\/wp-json\/wp\/v2\/posts\/11002","targetHints":{"allow":["GET"]}}],"collection":[{"href":"https:\/\/lyonelkaufmann.ch\/Blog\/wp-json\/wp\/v2\/posts"}],"about":[{"href":"https:\/\/lyonelkaufmann.ch\/Blog\/wp-json\/wp\/v2\/types\/post"}],"author":[{"embeddable":true,"href":"https:\/\/lyonelkaufmann.ch\/Blog\/wp-json\/wp\/v2\/users\/1"}],"replies":[{"embeddable":true,"href":"https:\/\/lyonelkaufmann.ch\/Blog\/wp-json\/wp\/v2\/comments?post=11002"}],"version-history":[{"count":0,"href":"https:\/\/lyonelkaufmann.ch\/Blog\/wp-json\/wp\/v2\/posts\/11002\/revisions"}],"wp:featuredmedia":[{"embeddable":true,"href":"https:\/\/lyonelkaufmann.ch\/Blog\/wp-json\/wp\/v2\/media\/13929"}],"wp:attachment":[{"href":"https:\/\/lyonelkaufmann.ch\/Blog\/wp-json\/wp\/v2\/media?parent=11002"}],"wp:term":[{"taxonomy":"category","embeddable":true,"href":"https:\/\/lyonelkaufmann.ch\/Blog\/wp-json\/wp\/v2\/categories?post=11002"},{"taxonomy":"post_tag","embeddable":true,"href":"https:\/\/lyonelkaufmann.ch\/Blog\/wp-json\/wp\/v2\/tags?post=11002"}],"curies":[{"name":"wp","href":"https:\/\/api.w.org\/{rel}","templated":true}]}}