{"id":11256,"date":"2014-03-15T12:00:37","date_gmt":"2014-03-15T11:00:37","guid":{"rendered":"https:\/\/lyonelkaufmann.ch\/Blog\/?p=11256"},"modified":"2014-03-15T12:00:37","modified_gmt":"2014-03-15T11:00:37","slug":"quelle-est-votre-madeleine-de-proust-photo-du-mois","status":"publish","type":"post","link":"https:\/\/lyonelkaufmann.ch\/Blog\/2014\/03\/15\/quelle-est-votre-madeleine-de-proust-photo-du-mois\/","title":{"rendered":"Quelle est votre madeleine de Proust? | Photo du mois"},"content":{"rendered":"<p>Pour mars, le th\u00e8me de la photo du mois est\u00a0<b>Quelle est votre madeleine de Proust? <\/b>Il a \u00e9t\u00e9<b>\u00a0<\/b>choisi par J&rsquo;adore j&rsquo;adh\u00e8re (<a href=\"http:\/\/jadorejadhere.canalblog.com\/\" target=\"_blank\" rel=\"nofollow\">http:\/\/jadorejadhere.canalblog.com\/<\/a>.<\/p>\n<p><a href=\"https:\/\/i0.wp.com\/lyonelkaufmann.ch\/Blog\/wp-content\/uploads\/2014\/03\/IMG_0808.jpg\"><img data-recalc-dims=\"1\" loading=\"lazy\" decoding=\"async\" class=\"aligncenter size-large wp-image-11260\" src=\"https:\/\/i0.wp.com\/lyonelkaufmann.ch\/Blog\/wp-content\/uploads\/2014\/03\/IMG_0808-800x800.jpg?resize=800%2C800\" alt=\"IMG_0808\" width=\"800\" height=\"800\" \/><\/a><\/p>\n<p>C&rsquo;est pas tellement en buvant du caf\u00e9 que se trouve ma Madeleine de Proust. C&rsquo;est plut\u00f4t le rappel des moments pass\u00e9s chez mes grands-parents. A l&rsquo;heure du souper, dans la cuisine, c&rsquo;\u00e9tait caf\u00e9 complet ou pomme de terre \/fromage (des rondes et du fromage dans le canton de Vaud). C&rsquo;est \u00e0 ces occasions, alors que je n&rsquo;avais pas le droit de boire de caf\u00e9 \u00e0 la maison, qu&rsquo;un de mes plaisirs \u00e9tait de savourer ce fruit alors d\u00e9fendu.<\/p>\n<p>La Madeleine de Proust des autres :<\/p>\n<p><a href=\"http:\/\/jetraine2.canalblog.com\/\" target=\"_blank\">A chaque jour sa photo<\/a>, <a href=\"http:\/\/leblogdekat.com\" target=\"_blank\">A&rsquo;icha<\/a>, <a href=\"http:\/\/legrandbazardagathe.blogspot.fr\/\" target=\"_blank\">Agathe<\/a>, <a href=\"http:\/\/2mainsetkelkesriens.blogspot.ca\" target=\"_blank\">Agn\u00e8s<\/a>, <a href=\"http:\/\/akai-inthesky.blogspot.com\" target=\"_blank\">Akaieric<\/a>, <a href=\"http:\/\/cocovin.net\/\" target=\"_blank\">Alban<\/a>, <a href=\"http:\/\/blogs.paris.fr\/unitedstatesofparis\" target=\"_blank\">Alexinparis<\/a>, <a href=\"http:\/\/wonderlandalice.wordpress.com\/\" target=\"_blank\">Alice Wonderland<\/a>, <a href=\"http:\/\/chroniqueduncongeparental.wordpress.com\/category\/la-photo-du-mois\/\" target=\"_blank\">Ang\u00e9lique<\/a>, <a href=\"http:\/\/anola-lemag.fr\/\" target=\"_blank\">Ann<\/a>, <a href=\"http:\/\/anne-tranche-de-vie.over-blog.com\/categorie-11390539.html\" target=\"_blank\">Anne<\/a>, <a href=\"http:\/\/www.chiffonsandco.fr\" target=\"_blank\">Arwen<\/a>, <a href=\"http:\/\/derriere-mes-yeux.blogspot.fr\/\" target=\"_blank\">Aude<\/a>, <a href=\"http:\/\/www.aureliemenard.com\/\" target=\"_blank\">Aur\u00e9lieM<\/a>, <a href=\"http:\/\/monbeaumanoir.wordpress.com\/\" target=\"_blank\">Ava<\/a>, <a href=\"http:\/\/tigreblanc.over-blog.fr\/\" target=\"_blank\">B\u00e9a<\/a>, <a href=\"http:\/\/sublime-essence.over-blog.com\" target=\"_blank\">Bestofava<\/a>, <a href=\"http:\/\/toxiq.canalblog.com\" target=\"_blank\">BiGBuGS<\/a>, <a href=\"http:\/\/blogoth67.wordpress.com\" target=\"_blank\">Blogoth67<\/a>, <a href=\"http:\/\/calamonique.com\/\" target=\"_blank\">Calamonique<\/a>, <a href=\"http:\/\/c-est-reparti.blogspot.com\/\" target=\"_blank\">Cara<\/a>, <a href=\"http:\/\/www.quadraetcie.fr\/1\/index.php?q=galerie%2Fla-photo-du-mois\" target=\"_blank\">C\u00e9cile &#8211; Une quadra<\/a>, <a href=\"http:\/\/photos.byenzo.fr\/\" target=\"_blank\">C\u00e9cile Atch&rsquo;oum<\/a>, <a href=\"http:\/\/www.cekoline.tumblr.com\" target=\"_blank\">Cekoline<\/a>, <a href=\"http:\/\/frenchiesinparis.over-blog.com\" target=\"_blank\">C\u00e9line in Paris<\/a>, <a href=\"http:\/\/cetomontreal.blogspot.ca\/\" target=\"_blank\">CetO<\/a>, <a href=\"http:\/\/champagnefraise.wordpress.com\" target=\"_blank\">Champagne<\/a>, <a href=\"http:\/\/reverieschatbleu.canalblog.com\/\" target=\"_blank\">Chat bleu<\/a>, <a href=\"http:\/\/mysweetescape.fr\/\" target=\"_blank\">Chlo\u00e9<\/a>, <a href=\"http:\/\/suissexpress.wordpress.com\/\" target=\"_blank\">Christophe<\/a>, <a href=\"http:\/\/twolittleredcats.com\" target=\"_blank\">Claire<\/a>, <a href=\"http:\/\/www.claires-blog.com\" target=\"_blank\">Claire&rsquo;s Blog<\/a>, <a href=\"http:\/\/pratique-photo.blogspot.ch\/\" target=\"_blank\">Crearine<\/a>, <a href=\"http:\/\/www.cricriyomfromparis.com\/search\/label\/La%20photo%20du%20mois\" target=\"_blank\">Cricriyom from Paris<\/a>, <a href=\"http:\/\/www.boeingbleudemer.com\" target=\"_blank\">Cynthia<\/a>, <a href=\"http:\/\/www.dameskarlette.com\/\" target=\"_blank\">Dame Skarlette<\/a>, <a href=\"http:\/\/mapassionbento.blogspot.fr\/\" target=\"_blank\">DelphineF<\/a>, <a href=\"http:\/\/cestpasmoijeljure.com\/\" target=\"_blank\">Dr. CaSo<\/a>, <a href=\"http:\/\/dreamtravelshoot.blogspot.com\/\" target=\"_blank\">dreamtravelshoot<\/a>, <a href=\"http:\/\/histoiresdeux.blogspot.com\" target=\"_blank\">E<\/a>, <a href=\"http:\/\/elpadawan.wordpress.com\" target=\"_blank\">El Padawan<\/a>, <a href=\"http:\/\/foodforthoughtandmore.wordpress.com\/\" target=\"_blank\">Elodie<\/a>, <a href=\"http:\/\/avecunaccent.canalblog.com\" target=\"_blank\">Elsa<\/a>, <a href=\"http:\/\/www.e-slovenie.com\/fr\/vie-en-slovenie\/photos-du-mois\/\" target=\"_blank\">eSlov\u00e9nie<\/a>, <a href=\"http:\/\/occident-express.hautetfort.com\" target=\"_blank\">Eurydice<\/a>, <a href=\"http:\/\/fanfanraccoons.blogspot.com\" target=\"_blank\">Fanfan Raccoon<\/a>, <a href=\"http:\/\/filamots.wordpress.com\" target=\"_blank\">Filamots<\/a>, <a href=\"http:\/\/monsacaouvrage.canalblog.com\/\" target=\"_blank\">FloRie<\/a>, <a href=\"http:\/\/vudubalcon.blogspot.fr\" target=\"_blank\">Fran\u00e7ois le Ni\u00e7ois<\/a>, <a href=\"http:\/\/zoursland.com\" target=\"_blank\">Fr\u00e9d\u00e9ric<\/a>, <a href=\"http:\/\/galinette-dezailes.blogspot.fr\/\" target=\"_blank\">Galinette<\/a>, <a href=\"http:\/\/www.legaletas.net\/blog\/index.php\" target=\"_blank\">Gilsoub<\/a>, <a href=\"http:\/\/lafeedulogis43.over-blog.fr\" target=\"_blank\">Giselle 43<\/a>, <a href=\"http:\/\/cyberdilou.canalblog.com\" target=\"_blank\">Gizeh<\/a>, <a href=\"http:\/\/vraiefiction.blogspot.com\" target=\"_blank\">Guillaume<\/a>, <a href=\"http:\/\/hibiscusblog.net\/category\/la-photo-du-mois-2\" target=\"_blank\">hibiscus<\/a>, <a href=\"http:\/\/homeos-tasie.blogspot.fr\/\" target=\"_blank\">Homeos-tasie<\/a>, <a href=\"http:\/\/hypeandcie.com\/\" target=\"_blank\">Hypeandcie<\/a>, <a href=\"http:\/\/ingrenoble.ca\/fr\/photo-projects\/photo-of-the-month\/\" target=\"_blank\">InGrenoble<\/a>, <a href=\"http:\/\/www.fromside2side.com\/search\/label\/Photo%20du%20mois\" target=\"_blank\">Isa de fromSide2Side<\/a>, <a href=\"http:\/\/isaquarel.canalblog.com\/archives\/la_photo_du_mois\/index.html\" target=\"_blank\">Isaquarel<\/a>, <a href=\"http:\/\/jadorejadhere.canalblog.com\/\" target=\"_blank\">J&rsquo;adore j&rsquo;adh\u00e8re<\/a>, <a href=\"http:\/\/revesenmousse.over-blog.com\" target=\"_blank\">Joane<\/a>, <a href=\"http:\/\/lachataignesauvage.over-blog.com\/categorie-12516589.html\" target=\"_blank\">Josiane<\/a>, <a href=\"http:\/\/www.birdsandbicycles.fr\" target=\"_blank\">Kantu<\/a>, <a href=\"http:\/\/lacachouette.over-blog.com\/\" target=\"_blank\">KK-hu\u00e8te En Bretannie<\/a>, <a href=\"http:\/\/krn-defouloir.blogspot.com\" target=\"_blank\">Krn<\/a>, <a href=\"http:\/\/messineaventure.canalblog.com\/archives\/la_photo_du_mois\/index.html\" target=\"_blank\">La Berlinoise<\/a>, <a href=\"http:\/\/lestetesafranchouilles.blogspot.fr\/\" target=\"_blank\">La Dum<\/a>, <a href=\"http:\/\/www.lafilledelair.com\/blog\/la-photo-du-mois\/\" target=\"_blank\">La Fille de l&rsquo;Air<\/a>, <a href=\"http:\/\/www.lanantaiseaparis.com\/search\/label\/...%20La%20Photo%20du%20Mois\" target=\"_blank\">La Nantaise \u00e0 Paris<\/a>, <a href=\"http:\/\/laudesmontagnes.wordpress.com\/\" target=\"_blank\">Lau* des montagnes<\/a>, <a href=\"http:\/\/laulineafaitdesphotos.com\/\" target=\"_blank\">Laulinea<\/a>, <a href=\"http:\/\/www.malaxi.net\" target=\"_blank\">Laurent Nicolas<\/a>, <a href=\"http:\/\/lorgnettedunjour.canalblog.com\/\" target=\"_blank\">Lavandine<\/a>, <a href=\"http:\/\/www.mon-ecrin-de-passions.com\/\" target=\"_blank\">Lavandine83<\/a>, <a href=\"http:\/\/www.lesbonheurs.fr\/\" target=\"_blank\">Les bonheurs d&rsquo;Anne &amp; Alex<\/a>, <a href=\"http:\/\/www.destination-montreal.net\" target=\"_blank\">Lucile et Rod<\/a>, <a href=\"https:\/\/lyonelkaufmann.ch\/Blog\/category\/blogcafe\/photo-du-mois\/\" target=\"_blank\">Lyonelk<\/a>, <a href=\"http:\/\/anteketborka.blogspot.com\" target=\"_blank\">magda627<\/a>, <a href=\"http:\/\/colourslife.cwol.fr\/\" target=\"_blank\">Mahlyn<\/a>, <a href=\"http:\/\/chezmamysoren.over-blog.com\" target=\"_blank\">Mamysoren<\/a>, <a href=\"http:\/\/unephotodesquejepeux.wordpress.com\/\" target=\"_blank\">Maria Graphia<\/a>, <a href=\"http:\/\/tribulationsdemarie.com\" target=\"_blank\">Marie<\/a>, <a href=\"http:\/\/le-tour-du-monde-de-la-marmotte.over-blog.com\/\" target=\"_blank\">Marmotte<\/a>, <a href=\"http:\/\/mauricemonamour.blogspot.fr\/\" target=\"_blank\">MauriceMonAmour<\/a>, <a href=\"http:\/\/meredebordee.com\/\" target=\"_blank\">M\u00e8re d\u00e9bord\u00e9e<\/a>, <a href=\"http:\/\/mimireliton.blogspot.fr\" target=\"_blank\">Mimireliton<\/a>, <a href=\"http:\/\/bonsbaisersdaustralie.wordpress.com\/category\/la-photo-du-mois\/\" target=\"_blank\">MissCarole<\/a>, <a href=\"http:\/\/morganebyloosphoto.wordpress.com\" target=\"_blank\">Morgane Byloos Photography<\/a>, <a href=\"http:\/\/nanageek.canalblog.com\/\" target=\"_blank\">Nana<\/a>, <a href=\"http:\/\/clicpassion.canalblog.com\" target=\"_blank\">Nicky<\/a>, <a href=\"http:\/\/nie-dmb.blogspot.be\/\" target=\"_blank\">Nie<\/a>, <a href=\"http:\/\/bellegosse.wordpress.com\/\" target=\"_blank\">Oscara<\/a>, <a href=\"http:\/\/philae.over-blog.com\" target=\"_blank\">Philae<\/a>, <a href=\"http:\/\/unpluszeroegaledeux.wordpress.com\/category\/photo-du-mois\/\" target=\"_blank\">Pica Moye<\/a>, <a href=\"http:\/\/pilisi.over-blog.com\/tag\/Photo%20du%20mois\/\" target=\"_blank\">Pilisi<\/a>, <a href=\"http:\/\/www.pixeline.fr\/tag\/photo-du-mois\/\" target=\"_blank\">Pixeline<\/a>, <a href=\"http:\/\/blog.lesprincessesdemarie.com\/\" target=\"_blank\">princesse Emalia<\/a>, <a href=\"http:\/\/cupsofenglishtea.wordpress.com\/\" target=\"_blank\">Proserpinne<\/a>, <a href=\"http:\/\/renepaulhenry.blogspot.com\" target=\"_blank\">Renepaulhenry<\/a>, <a href=\"http:\/\/rythme-indigo.blogspot.com\" target=\"_bla\nnk\">Rythme Indigo<\/a>, <a href=\"http:\/\/www.sailortoshyo.com\/tag\/la-photo-du-mois\/\" target=\"_blank\">Sailortoshyo<\/a>, <a href=\"http:\/\/www.sephiraph.be\" target=\"_blank\">Sephiraph<\/a>, <a href=\"http:\/\/provincecanadienne.blogspot.ca\/search\/label\/Photo%20du%20mois\" target=\"_blank\">Stephane08<\/a>, <a href=\"http:\/\/voyageaugredesvents.blogspot.be\" target=\"_blank\">Sylvie<\/a>, <a href=\"http:\/\/luniversdetataflo.eklablog.fr\/\" target=\"_blank\">Tataflo<\/a>, <a href=\"http:\/\/testinauteathome.over-blog.com\/\" target=\"_blank\">Testinaute<\/a>, <a href=\"http:\/\/macatou.wordpress.com\/\" target=\"_blank\">Thalie<\/a>, <a href=\"http:\/\/theparisienne.fr\" target=\"_blank\">The Parisienne<\/a>, <a href=\"http:\/\/the-singapore-miminews.blogspot.sg\/search\/label\/La%20photo%20du%20mois\" target=\"_blank\">The Singapore Miminews<\/a>, <a href=\"http:\/\/carnetdetipiment.wordpress.com\" target=\"_blank\">Ti&rsquo; Piment<\/a>, <a href=\"http:\/\/troussecadettephoto.over-blog.com\/\" target=\"_blank\">Trousse cadette<\/a>, <a href=\"http:\/\/tuxana.blogspot.ca\/\" target=\"_blank\">Tuxana<\/a>, <a href=\"http:\/\/www.unjourunevie.fr\/tag\/la-photo-du-mois\/\" target=\"_blank\">Un jour, une vie<\/a>, <a href=\"http:\/\/www.journaldunenicoise.com\" target=\"_blank\">Une ni\u00e7oise<\/a>, <a href=\"http:\/\/www.inmybubble.org\" target=\"_blank\">Vanilla<\/a>, <a href=\"http:\/\/www.viviane-voyages.com\" target=\"_blank\">Viviane<\/a>, <a href=\"http:\/\/woocares.wordpress.com\/\" target=\"_blank\">Woocares<\/a>, <a href=\"http:\/\/xoliv.blogspot.fr\" target=\"_blank\">Xoliv&rsquo;<\/a><\/p>\n","protected":false},"excerpt":{"rendered":"<p>Pour mars, le th\u00e8me de la photo du mois est\u00a0Quelle est votre madeleine de Proust? Il a \u00e9t\u00e9\u00a0choisi par J&rsquo;adore j&rsquo;adh\u00e8re (http:\/\/jadorejadhere.canalblog.com\/. C&rsquo;est pas tellement en buvant du caf\u00e9 que se trouve ma Madeleine de Proust. C&rsquo;est plut\u00f4t le rappel des moments pass\u00e9s chez mes grands-parents. A l&rsquo;heure du souper, dans la cuisine, c&rsquo;\u00e9tait caf\u00e9 [&hellip;]<\/p>\n","protected":false},"author":1,"featured_media":14626,"comment_status":"open","ping_status":"open","sticky":false,"template":"","format":"standard","meta":{"_import_markdown_pro_load_document_selector":0,"_import_markdown_pro_submit_text_textarea":"","_genesis_hide_title":false,"_genesis_hide_breadcrumbs":false,"_genesis_hide_singular_image":false,"_genesis_hide_footer_widgets":false,"_genesis_custom_body_class":"","_genesis_custom_post_class":"","_genesis_layout":"","jetpack_post_was_ever_published":false,"_jetpack_newsletter_access":"","_jetpack_dont_email_post_to_subs":false,"_jetpack_newsletter_tier_id":0,"_jetpack_memberships_contains_paywalled_content":false,"_jetpack_memberships_contains_paid_content":false,"activitypub_content_warning":"","activitypub_content_visibility":"","activitypub_max_image_attachments":3,"activitypub_interaction_policy_quote":"anyone","activitypub_status":"","footnotes":"","jetpack_publicize_message":"","jetpack_publicize_feature_enabled":true,"jetpack_social_post_already_shared":true,"jetpack_social_options":{"image_generator_settings":{"template":"fullscreen","default_image_id":0,"font":"","enabled":false},"version":2}},"categories":[4],"tags":[],"class_list":{"0":"post-11256","1":"post","2":"type-post","3":"status-publish","4":"format-standard","5":"has-post-thumbnail","7":"category-photo-du-mois","8":"entry"},"jetpack_publicize_connections":[],"featured_image_src":"https:\/\/i0.wp.com\/lyonelkaufmann.ch\/Blog\/wp-content\/uploads\/2015\/02\/img_0808-800x800.jpg?resize=600%2C400&ssl=1","featured_image_src_square":"https:\/\/i0.wp.com\/lyonelkaufmann.ch\/Blog\/wp-content\/uploads\/2015\/02\/img_0808-800x800.jpg?resize=600%2C600&ssl=1","author_info":{"display_name":"Lyonel Kaufmann","author_link":"https:\/\/lyonelkaufmann.ch\/Blog\/author\/lyonelk\/"},"jetpack_featured_media_url":"https:\/\/i0.wp.com\/lyonelkaufmann.ch\/Blog\/wp-content\/uploads\/2015\/02\/img_0808-800x800.jpg?fit=800%2C800&ssl=1","jetpack_sharing_enabled":true,"jetpack_shortlink":"https:\/\/wp.me\/p1qtF4-2Vy","jetpack-related-posts":[{"id":19140,"url":"https:\/\/lyonelkaufmann.ch\/Blog\/2018\/04\/05\/et-soudain-je-me-suis-retrouve-sur-un-fjord-norvegien-madeleine-proust\/","url_meta":{"origin":11256,"position":0},"title":"Et soudain, je me suis retrouv\u00e9 sur un #fjord #norv\u00e9gien #madeleine #Proust","author":"Lyonel Kaufmann","date":"5 avril 2018","format":false,"excerpt":"from Instagram: https:\/\/ift.tt\/2uPkILQ","rel":"","context":"Dans &quot;Blogcaf\u00e9&quot;","block_context":{"text":"Blogcaf\u00e9","link":"https:\/\/lyonelkaufmann.ch\/Blog\/category\/blogcafe-2\/"},"img":{"alt_text":"","src":"","width":0,"height":0},"classes":[]},{"id":19156,"url":"https:\/\/lyonelkaufmann.ch\/Blog\/2018\/04\/06\/traversee-gersau-beckenried-nouvelle-madeleine-proust-fjord-lac-norvege-suisse%f0%9f%87%a8%f0%9f%87%ad\/","url_meta":{"origin":11256,"position":1},"title":"Travers\u00e9e #Gersau #beckenried Nouvelle #madeleine #Proust #fjord #lac #norv\u00e8ge #suisse??","author":"Lyonel Kaufmann","date":"6 avril 2018","format":false,"excerpt":"from Instagram: https:\/\/ift.tt\/2uRIVB9","rel":"","context":"Dans &quot;Blogcaf\u00e9&quot;","block_context":{"text":"Blogcaf\u00e9","link":"https:\/\/lyonelkaufmann.ch\/Blog\/category\/blogcafe-2\/"},"img":{"alt_text":"","src":"","width":0,"height":0},"classes":[]},{"id":25465,"url":"https:\/\/lyonelkaufmann.ch\/Blog\/2024\/05\/31\/sur-la-route-auf-der-strasse-episode-3-2024\/","url_meta":{"origin":11256,"position":2},"title":"Sur la route | Auf der Strasse \u2013 e\u0301pisode 3 2024","author":"Lyonel Kaufmann","date":"31 mai 2024","format":false,"excerpt":"En ce vendredi 31 mai 2024, apr\u00e8s une matin\u00e9e consacr\u00e9e \u00e0 une Assembl\u00e9e g\u00e9n\u00e9rale et malgr\u00e9 le temps maussade \u00e0 pluvieux, je me suis organis\u00e9 une petite digression avant de rentrer \u00e0 la maison en mode chasseur de nuages et tracer pour \u00e9viter la pluie. \u00c0 ce jeu, tu gagnes,\u2026","rel":"","context":"Dans &quot;Blogcaf\u00e9&quot;","block_context":{"text":"Blogcaf\u00e9","link":"https:\/\/lyonelkaufmann.ch\/Blog\/category\/blogcafe-2\/"},"img":{"alt_text":"","src":"https:\/\/i0.wp.com\/lyonelkaufmann.ch\/Blog\/wp-content\/uploads\/2024\/05\/DSC00992-scaled.jpeg?fit=1200%2C800&ssl=1&resize=350%2C200","width":350,"height":200,"srcset":"https:\/\/i0.wp.com\/lyonelkaufmann.ch\/Blog\/wp-content\/uploads\/2024\/05\/DSC00992-scaled.jpeg?fit=1200%2C800&ssl=1&resize=350%2C200 1x, https:\/\/i0.wp.com\/lyonelkaufmann.ch\/Blog\/wp-content\/uploads\/2024\/05\/DSC00992-scaled.jpeg?fit=1200%2C800&ssl=1&resize=525%2C300 1.5x, https:\/\/i0.wp.com\/lyonelkaufmann.ch\/Blog\/wp-content\/uploads\/2024\/05\/DSC00992-scaled.jpeg?fit=1200%2C800&ssl=1&resize=700%2C400 2x, https:\/\/i0.wp.com\/lyonelkaufmann.ch\/Blog\/wp-content\/uploads\/2024\/05\/DSC00992-scaled.jpeg?fit=1200%2C800&ssl=1&resize=1050%2C600 3x"},"classes":[]},{"id":18234,"url":"https:\/\/lyonelkaufmann.ch\/Blog\/2017\/07\/15\/provocation-photo-du-mois\/","url_meta":{"origin":11256,"position":3},"title":"Provocation | Photo du mois","author":"Lyonel Kaufmann","date":"15 juillet 2017","format":false,"excerpt":"Le th\u00e8me de la photo du mois Provocation\u00a0a \u00e9t\u00e9 choisi par Morgane Byloos Photography (http:\/\/morganebyloosphoto.wordpress.com). Note de l\u2019auteur-e : dans tous les sens du terme Mon interpr\u00e9tation du th\u00e8me : \u00a0 Est-ce le choix de la photo qui est en soi une provocation par rapport au th\u00e8me choisi ? Est-ce\u2026","rel":"","context":"Dans &quot;Photo du mois&quot;","block_context":{"text":"Photo du mois","link":"https:\/\/lyonelkaufmann.ch\/Blog\/category\/photo-du-mois\/"},"img":{"alt_text":"","src":"https:\/\/i0.wp.com\/lyonelkaufmann.ch\/Blog\/wp-content\/uploads\/2017\/07\/image.jpg?fit=1200%2C800&ssl=1&resize=350%2C200","width":350,"height":200,"srcset":"https:\/\/i0.wp.com\/lyonelkaufmann.ch\/Blog\/wp-content\/uploads\/2017\/07\/image.jpg?fit=1200%2C800&ssl=1&resize=350%2C200 1x, https:\/\/i0.wp.com\/lyonelkaufmann.ch\/Blog\/wp-content\/uploads\/2017\/07\/image.jpg?fit=1200%2C800&ssl=1&resize=525%2C300 1.5x, https:\/\/i0.wp.com\/lyonelkaufmann.ch\/Blog\/wp-content\/uploads\/2017\/07\/image.jpg?fit=1200%2C800&ssl=1&resize=700%2C400 2x, https:\/\/i0.wp.com\/lyonelkaufmann.ch\/Blog\/wp-content\/uploads\/2017\/07\/image.jpg?fit=1200%2C800&ssl=1&resize=1050%2C600 3x"},"classes":[]},{"id":17159,"url":"https:\/\/lyonelkaufmann.ch\/Blog\/2016\/07\/28\/mardi-26-juillet-sky-roadtrip-roadtrip-irlande-2016\/","url_meta":{"origin":11256,"position":4},"title":"Mardi 26 juillet : Sky Road #Roadtrip #Irlande 2016","author":"Lyonel Kaufmann","date":"28 juillet 2016","format":false,"excerpt":"Une matin\u00e9e majeure s'annonce pour notre deuxi\u00e8me journ\u00e9e labelis\u00e9e Connemara : la Sky Road. Nous d\u00e9cidons de remonter cette fois-ci la c\u00f4te depuis Clifden. On verra bien quand la pluie s'invitera au programme ! A Clifden, nous \u00e9vitons la N59. Il nous faut viser au centre-ville pour trouver le panneau\u2026","rel":"","context":"Dans &quot;Diary&quot;","block_context":{"text":"Diary","link":"https:\/\/lyonelkaufmann.ch\/Blog\/category\/diary\/"},"img":{"alt_text":"","src":"https:\/\/i0.wp.com\/lyonelkaufmann.ch\/Blog\/wp-content\/uploads\/2016\/07\/img_1841.jpg?fit=768%2C432&ssl=1&resize=350%2C200","width":350,"height":200,"srcset":"https:\/\/i0.wp.com\/lyonelkaufmann.ch\/Blog\/wp-content\/uploads\/2016\/07\/img_1841.jpg?fit=768%2C432&ssl=1&resize=350%2C200 1x, https:\/\/i0.wp.com\/lyonelkaufmann.ch\/Blog\/wp-content\/uploads\/2016\/07\/img_1841.jpg?fit=768%2C432&ssl=1&resize=525%2C300 1.5x, https:\/\/i0.wp.com\/lyonelkaufmann.ch\/Blog\/wp-content\/uploads\/2016\/07\/img_1841.jpg?fit=768%2C432&ssl=1&resize=700%2C400 2x"},"classes":[]},{"id":10627,"url":"https:\/\/lyonelkaufmann.ch\/Blog\/2013\/08\/15\/objet-photo-du-mois\/","url_meta":{"origin":11256,"position":5},"title":"Objet |\u00a0Photo du mois","author":"Lyonel Kaufmann","date":"15 ao\u00fbt 2013","format":false,"excerpt":"Comme tous les 15 de chaque mois \u00e0 12:00 tapantes, c'est l'heure de la photo du mois. Ce mois-ci, le th\u00e8me est \u00abobjet\u00bb. \u00a0Alors voici ma photo : Autant le th\u00e8me pr\u00e9c\u00e9dent m'a pos\u00e9 quelques probl\u00e8mes, autant celui-ci a \u00e9t\u00e9 l'inverse. Trois sujets diff\u00e9rents d'objet ont occup\u00e9 mon esprit. Et,\u2026","rel":"","context":"Dans &quot;Photo du mois&quot;","block_context":{"text":"Photo du mois","link":"https:\/\/lyonelkaufmann.ch\/Blog\/category\/photo-du-mois\/"},"img":{"alt_text":"","src":"https:\/\/i0.wp.com\/lyonelkaufmann.ch\/Blog\/wp-content\/uploads\/2013\/08\/Objet2-XL.jpg?fit=1024%2C768&ssl=1&resize=350%2C200","width":350,"height":200,"srcset":"https:\/\/i0.wp.com\/lyonelkaufmann.ch\/Blog\/wp-content\/uploads\/2013\/08\/Objet2-XL.jpg?fit=1024%2C768&ssl=1&resize=350%2C200 1x, https:\/\/i0.wp.com\/lyonelkaufmann.ch\/Blog\/wp-content\/uploads\/2013\/08\/Objet2-XL.jpg?fit=1024%2C768&ssl=1&resize=525%2C300 1.5x, https:\/\/i0.wp.com\/lyonelkaufmann.ch\/Blog\/wp-content\/uploads\/2013\/08\/Objet2-XL.jpg?fit=1024%2C768&ssl=1&resize=700%2C400 2x"},"classes":[]}],"jetpack_likes_enabled":true,"_links":{"self":[{"href":"https:\/\/lyonelkaufmann.ch\/Blog\/wp-json\/wp\/v2\/posts\/11256","targetHints":{"allow":["GET"]}}],"collection":[{"href":"https:\/\/lyonelkaufmann.ch\/Blog\/wp-json\/wp\/v2\/posts"}],"about":[{"href":"https:\/\/lyonelkaufmann.ch\/Blog\/wp-json\/wp\/v2\/types\/post"}],"author":[{"embeddable":true,"href":"https:\/\/lyonelkaufmann.ch\/Blog\/wp-json\/wp\/v2\/users\/1"}],"replies":[{"embeddable":true,"href":"https:\/\/lyonelkaufmann.ch\/Blog\/wp-json\/wp\/v2\/comments?post=11256"}],"version-history":[{"count":0,"href":"https:\/\/lyonelkaufmann.ch\/Blog\/wp-json\/wp\/v2\/posts\/11256\/revisions"}],"wp:featuredmedia":[{"embeddable":true,"href":"https:\/\/lyonelkaufmann.ch\/Blog\/wp-json\/wp\/v2\/media\/14626"}],"wp:attachment":[{"href":"https:\/\/lyonelkaufmann.ch\/Blog\/wp-json\/wp\/v2\/media?parent=11256"}],"wp:term":[{"taxonomy":"category","embeddable":true,"href":"https:\/\/lyonelkaufmann.ch\/Blog\/wp-json\/wp\/v2\/categories?post=11256"},{"taxonomy":"post_tag","embeddable":true,"href":"https:\/\/lyonelkaufmann.ch\/Blog\/wp-json\/wp\/v2\/tags?post=11256"}],"curies":[{"name":"wp","href":"https:\/\/api.w.org\/{rel}","templated":true}]}}