{"id":1146,"date":"2009-03-03T23:57:48","date_gmt":"2009-03-03T22:57:48","guid":{"rendered":"http:\/\/lyonelkaufmann.ch\/histoire\/?p=1146"},"modified":"2009-03-03T23:57:48","modified_gmt":"2009-03-03T22:57:48","slug":"cet-historien-serait-il-dangereux","status":"publish","type":"post","link":"https:\/\/lyonelkaufmann.ch\/Blog\/2009\/03\/03\/cet-historien-serait-il-dangereux\/","title":{"rendered":"Cet historien serait-il dangereux ?"},"content":{"rendered":"<p style=\"text-align:center;\"><img data-recalc-dims=\"1\" loading=\"lazy\" decoding=\"async\" class=\"aligncenter\" src=\"https:\/\/i0.wp.com\/14.media.tumblr.com\/1oxiLPzCVkmpu0rpagGkVG0io1_250.jpg?resize=216%2C324\" alt=\"\" width=\"216\" height=\"324\" \/><\/p>\n<p>A lire ce savoureux billet de Pierre Assouline sur ce dernier g\u00e9ant qu\u2019est l\u2019historien britannique Eric Hobsbawm<\/p>\n<p><a href=\"http:\/\/passouline.blog.lemonde.fr\/2009\/03\/03\/cet-historien-serait-il-dangereux\/\" target=\"_blank\">Cet historien serait-il dangereux\u00a0? &#8211; La r\u00e9publique des livres  &#8211; Blog LeMonde.fr<\/a><\/p>\n<p><a href=\"http:\/\/histoire.tumblr.com\/rss\">Aller \u00e0 la source<\/a><\/p>\n","protected":false},"excerpt":{"rendered":"<p>A lire ce savoureux billet de Pierre Assouline sur ce dernier g\u00e9ant qu\u2019est l\u2019historien britannique Eric Hobsbawm Cet historien serait-il dangereux\u00a0? &#8211; La r\u00e9publique des livres &#8211; Blog LeMonde.fr Aller \u00e0 la source<\/p>\n","protected":false},"author":1,"featured_media":13627,"comment_status":"open","ping_status":"open","sticky":false,"template":"","format":"standard","meta":{"_import_markdown_pro_load_document_selector":0,"_import_markdown_pro_submit_text_textarea":"","_genesis_hide_title":false,"_genesis_hide_breadcrumbs":false,"_genesis_hide_singular_image":false,"_genesis_hide_footer_widgets":false,"_genesis_custom_body_class":"","_genesis_custom_post_class":"","_genesis_layout":"","jetpack_post_was_ever_published":false,"_jetpack_newsletter_access":"","_jetpack_dont_email_post_to_subs":false,"_jetpack_newsletter_tier_id":0,"_jetpack_memberships_contains_paywalled_content":false,"_jetpack_memberships_contains_paid_content":false,"activitypub_content_warning":"","activitypub_content_visibility":"","activitypub_max_image_attachments":3,"activitypub_interaction_policy_quote":"anyone","activitypub_status":"","footnotes":"","jetpack_publicize_message":"","jetpack_publicize_feature_enabled":true,"jetpack_social_post_already_shared":true,"jetpack_social_options":{"image_generator_settings":{"template":"fullscreen","default_image_id":0,"font":"","enabled":false},"version":2}},"categories":[2],"tags":[],"class_list":{"0":"post-1146","1":"post","2":"type-post","3":"status-publish","4":"format-standard","5":"has-post-thumbnail","7":"category-histoire-2","8":"entry"},"jetpack_publicize_connections":[],"featured_image_src":"https:\/\/i0.wp.com\/lyonelkaufmann.ch\/Blog\/wp-content\/uploads\/2015\/03\/1oxiLPzCVkmpu0rpagGkVG0io1_250.jpg?resize=216%2C324&ssl=1","featured_image_src_square":"https:\/\/i0.wp.com\/lyonelkaufmann.ch\/Blog\/wp-content\/uploads\/2015\/03\/1oxiLPzCVkmpu0rpagGkVG0io1_250.jpg?resize=216%2C324&ssl=1","author_info":{"display_name":"Lyonel Kaufmann","author_link":"https:\/\/lyonelkaufmann.ch\/Blog\/author\/lyonelk\/"},"jetpack_featured_media_url":"https:\/\/i0.wp.com\/lyonelkaufmann.ch\/Blog\/wp-content\/uploads\/2015\/03\/1oxiLPzCVkmpu0rpagGkVG0io1_250.jpg?fit=216%2C324&ssl=1","jetpack_sharing_enabled":true,"jetpack_shortlink":"https:\/\/wp.me\/p1qtF4-iu","jetpack-related-posts":[{"id":8627,"url":"https:\/\/lyonelkaufmann.ch\/Blog\/2014\/12\/25\/controverse-sur-les-causes-de-la-grande-guerre-historiens-et-geographes\/","url_meta":{"origin":1146,"position":0},"title":"Controverse sur les causes de la Grande Guerre | Historiens et G\u00e9ographes","author":"Lyonel Kaufmann","date":"25 d\u00e9cembre 2014","format":false,"excerpt":"L\u2019Association des Professeurs d'Histoire et de G\u00e9ographie (APHG) nous propose sur son site une analyse critique du livre de Christopher Clark (2014). Les Somnambules. Paris: Flammarion.\u00a0Ce livre de l\u2019historien australien qui enseigne \u00e0 Londres a \u00e9t\u00e9 r\u00e9\u00e9dit\u00e9 11 fois en Allemagne en 6 mois. Ses conf\u00e9rences sont tr\u00e8s suivies. L\u2019historien\u2026","rel":"","context":"Dans &quot;histoire&quot;","block_context":{"text":"histoire","link":"https:\/\/lyonelkaufmann.ch\/Blog\/category\/histoire-2\/"},"img":{"alt_text":"","src":"https:\/\/i0.wp.com\/lyonelkaufmann.ch\/Blog\/wp-content\/uploads\/2015\/02\/clarkchristophersomnambules.jpg?fit=450%2C600&ssl=1&resize=350%2C200","width":350,"height":200},"classes":[]},{"id":4127,"url":"https:\/\/lyonelkaufmann.ch\/Blog\/2011\/09\/22\/la-boite-a-outils-des-historiens-les-historiens-seront-ils-finalement-programmeurs\/","url_meta":{"origin":1146,"position":1},"title":"La Boite \u00e0 Outils des Historiens: Les historiens seront-ils finalement programmeurs ?","author":"Lyonel Kaufmann","date":"22 septembre 2011","format":false,"excerpt":"Un article qui prend comme point de d\u00e9part la fameuse phare d'Emmanuel Le Roy Ladurie :\u00a0\"les historiens seront programmeurs ou ils ne seront plus\" pour l'actualiser par rapport \u00e0 aujourd'hui. A lire donc. \u00abUn spectre hante les r\u00e9flexions autour du tournant num\u00e9rique qui affecte le m\u00e9tier d'historien... Il s'agit d'une\u2026","rel":"","context":"Dans &quot;histoire&quot;","block_context":{"text":"histoire","link":"https:\/\/lyonelkaufmann.ch\/Blog\/category\/histoire-2\/"},"img":{"alt_text":"","src":"https:\/\/i0.wp.com\/lyonelkaufmann.ch\/Blog\/wp-content\/uploads\/2015\/03\/blogcafe1.jpg?fit=1024%2C683&ssl=1&resize=350%2C200","width":350,"height":200,"srcset":"https:\/\/i0.wp.com\/lyonelkaufmann.ch\/Blog\/wp-content\/uploads\/2015\/03\/blogcafe1.jpg?fit=1024%2C683&ssl=1&resize=350%2C200 1x, https:\/\/i0.wp.com\/lyonelkaufmann.ch\/Blog\/wp-content\/uploads\/2015\/03\/blogcafe1.jpg?fit=1024%2C683&ssl=1&resize=525%2C300 1.5x, https:\/\/i0.wp.com\/lyonelkaufmann.ch\/Blog\/wp-content\/uploads\/2015\/03\/blogcafe1.jpg?fit=1024%2C683&ssl=1&resize=700%2C400 2x"},"classes":[]},{"id":6990,"url":"https:\/\/lyonelkaufmann.ch\/Blog\/2012\/08\/05\/revue-de-presse-devenir-historien-ne-version-1-0-devenir-historien-ne-2\/","url_meta":{"origin":1146,"position":2},"title":"Revue de presse : Devenir historien-ne, version 1.0 | Devenir historien-ne","author":"Lyonel Kaufmann","date":"5 ao\u00fbt 2012","format":false,"excerpt":"Pour vous permettre de mieux vous rep\u00e9rer dans ce carnet \u2013 con\u00e7u en partie comme un \u201cmanuel \u00e9lectronique, collaboratif et \u00e9volutif, d\u2019historiographie et de m\u00e9thodologie de la recherche en histoire\u201d (voir le \u00e0 propos) \u2013 ce billet vous propose un sommaire de la \u201cversion 1.0\u2033 2011-2012 de Devenir historien-ne.Devenir historien-ne,\u2026","rel":"","context":"Dans &quot;L'Expresso&quot;","block_context":{"text":"L'Expresso","link":"https:\/\/lyonelkaufmann.ch\/Blog\/category\/breves\/"},"img":{"alt_text":"","src":"https:\/\/i0.wp.com\/lyonelkaufmann.ch\/Blog\/wp-content\/uploads\/2015\/03\/blogcafe1.jpg?fit=1024%2C683&ssl=1&resize=350%2C200","width":350,"height":200,"srcset":"https:\/\/i0.wp.com\/lyonelkaufmann.ch\/Blog\/wp-content\/uploads\/2015\/03\/blogcafe1.jpg?fit=1024%2C683&ssl=1&resize=350%2C200 1x, https:\/\/i0.wp.com\/lyonelkaufmann.ch\/Blog\/wp-content\/uploads\/2015\/03\/blogcafe1.jpg?fit=1024%2C683&ssl=1&resize=525%2C300 1.5x, https:\/\/i0.wp.com\/lyonelkaufmann.ch\/Blog\/wp-content\/uploads\/2015\/03\/blogcafe1.jpg?fit=1024%2C683&ssl=1&resize=700%2C400 2x"},"classes":[]},{"id":5842,"url":"https:\/\/lyonelkaufmann.ch\/Blog\/2012\/08\/05\/revue-de-presse-devenir-historien-ne-version-1-0-devenir-historien-ne\/","url_meta":{"origin":1146,"position":3},"title":"Revue de presse : Devenir historien-ne, version 1.0 | Devenir historien-ne","author":"Lyonel Kaufmann","date":"5 ao\u00fbt 2012","format":false,"excerpt":"Pour vous permettre de mieux vous rep\u00e9rer dans ce carnet \u2013 con\u00e7u en partie comme un \u201cmanuel \u00e9lectronique, collaboratif et \u00e9volutif, d\u2019historiographie et de m\u00e9thodologie de la recherche en histoire\u201d (voir le \u00e0 propos) \u2013 ce billet vous propose un sommaire de la \u201cversion 1.0\u2033 2011-2012 de Devenir historien-ne.Devenir historien-ne,\u2026","rel":"","context":"Dans &quot;histoire&quot;","block_context":{"text":"histoire","link":"https:\/\/lyonelkaufmann.ch\/Blog\/category\/histoire-2\/"},"img":{"alt_text":"","src":"https:\/\/i0.wp.com\/lyonelkaufmann.ch\/Blog\/wp-content\/uploads\/2015\/03\/blogcafe1.jpg?fit=1024%2C683&ssl=1&resize=350%2C200","width":350,"height":200,"srcset":"https:\/\/i0.wp.com\/lyonelkaufmann.ch\/Blog\/wp-content\/uploads\/2015\/03\/blogcafe1.jpg?fit=1024%2C683&ssl=1&resize=350%2C200 1x, https:\/\/i0.wp.com\/lyonelkaufmann.ch\/Blog\/wp-content\/uploads\/2015\/03\/blogcafe1.jpg?fit=1024%2C683&ssl=1&resize=525%2C300 1.5x, https:\/\/i0.wp.com\/lyonelkaufmann.ch\/Blog\/wp-content\/uploads\/2015\/03\/blogcafe1.jpg?fit=1024%2C683&ssl=1&resize=700%2C400 2x"},"classes":[]},{"id":3377,"url":"https:\/\/lyonelkaufmann.ch\/Blog\/2011\/01\/13\/un-historien-dans-la-cite-la-vie-des-idees\/","url_meta":{"origin":1146,"position":4},"title":"Un historien dans la cit\u00e9 | La Vie des id\u00e9es","author":"Lyonel Kaufmann","date":"13 janvier 2011","format":false,"excerpt":"Historien, auteur de nombreux livres sur la vie politique fran\u00e7aise, les milieux d\u2019affaires et les m\u00e9dias, Jean-No\u00ebl Jeanneney a aussi fait partie du gouvernement et dirig\u00e9 de grandes institutions publiques. Dans cet entretien vid\u00e9o accord\u00e9 \u00e0 la Vie des id\u00e9es, il s\u2019interroge sur la responsabilit\u00e9 civique de l\u2019historien. L'interview vid\u00e9o\u2026","rel":"","context":"Dans &quot;histoire&quot;","block_context":{"text":"histoire","link":"https:\/\/lyonelkaufmann.ch\/Blog\/category\/histoire-2\/"},"img":{"alt_text":"","src":"https:\/\/i0.wp.com\/lyonelkaufmann.ch\/histoire\/wp-content\/uploads\/2011\/01\/arton1288-8b3a9.jpg?resize=350%2C200","width":350,"height":200},"classes":[]},{"id":7904,"url":"https:\/\/lyonelkaufmann.ch\/Blog\/2014\/01\/25\/penser-avec-penser-contre-itineraire-dun-historien\/","url_meta":{"origin":1146,"position":5},"title":"Penser avec, penser contre \u2013 itin\u00e9raire d\u2019un historien","author":"Lyonel Kaufmann","date":"25 janvier 2014","format":false,"excerpt":"G\u00e9rard Noiriel reprend, corrige et actualise son discours de la m\u00e9thode historique, publi\u00e9 il y a quelques ann\u00e9es chez Belin. Devenu un classique, cet ouvrage retrace son parcours d\u2019historien, notamment \u00e0 travers les grandes figures qui ont compt\u00e9 dans sa formation intellectuelle (Bloch, Bourdieu, Elias, Foucault, Rorty, Weber, mais aussi,\u2026","rel":"","context":"Dans &quot;histoire&quot;","block_context":{"text":"histoire","link":"https:\/\/lyonelkaufmann.ch\/Blog\/category\/histoire-2\/"},"img":{"alt_text":"wpid-9782701177779FS-2014-01-25-21-42.gif","src":"https:\/\/i0.wp.com\/lyonelkaufmann.ch\/histoire\/wp-content\/uploads\/2014\/01\/wpid-9782701177779FS-2014-01-25-21-42.gif?resize=350%2C200","width":350,"height":200},"classes":[]}],"jetpack_likes_enabled":true,"_links":{"self":[{"href":"https:\/\/lyonelkaufmann.ch\/Blog\/wp-json\/wp\/v2\/posts\/1146","targetHints":{"allow":["GET"]}}],"collection":[{"href":"https:\/\/lyonelkaufmann.ch\/Blog\/wp-json\/wp\/v2\/posts"}],"about":[{"href":"https:\/\/lyonelkaufmann.ch\/Blog\/wp-json\/wp\/v2\/types\/post"}],"author":[{"embeddable":true,"href":"https:\/\/lyonelkaufmann.ch\/Blog\/wp-json\/wp\/v2\/users\/1"}],"replies":[{"embeddable":true,"href":"https:\/\/lyonelkaufmann.ch\/Blog\/wp-json\/wp\/v2\/comments?post=1146"}],"version-history":[{"count":0,"href":"https:\/\/lyonelkaufmann.ch\/Blog\/wp-json\/wp\/v2\/posts\/1146\/revisions"}],"wp:featuredmedia":[{"embeddable":true,"href":"https:\/\/lyonelkaufmann.ch\/Blog\/wp-json\/wp\/v2\/media\/13627"}],"wp:attachment":[{"href":"https:\/\/lyonelkaufmann.ch\/Blog\/wp-json\/wp\/v2\/media?parent=1146"}],"wp:term":[{"taxonomy":"category","embeddable":true,"href":"https:\/\/lyonelkaufmann.ch\/Blog\/wp-json\/wp\/v2\/categories?post=1146"},{"taxonomy":"post_tag","embeddable":true,"href":"https:\/\/lyonelkaufmann.ch\/Blog\/wp-json\/wp\/v2\/tags?post=1146"}],"curies":[{"name":"wp","href":"https:\/\/api.w.org\/{rel}","templated":true}]}}