{"id":11471,"date":"2014-05-04T16:20:01","date_gmt":"2014-05-04T15:20:01","guid":{"rendered":"https:\/\/lyonelkaufmann.ch\/Blog\/?p=11471"},"modified":"2014-05-04T16:20:01","modified_gmt":"2014-05-04T15:20:01","slug":"ipad-et-video-animoto","status":"publish","type":"post","link":"https:\/\/lyonelkaufmann.ch\/Blog\/2014\/05\/04\/ipad-et-video-animoto\/","title":{"rendered":"iPad et vid\u00e9o : Animoto"},"content":{"rendered":"<p><a href=\"animoto.com\" target=\"_blank\">Animoto<\/a> est un site de cr\u00e9ation en ligne de vid\u00e9os. C&rsquo;est le iMovie du web 2.0.<\/p>\n<p>Il existe \u00e9galement une application pour iPhone et pour iPad. Cette application est tr\u00e8s performante pour r\u00e9aliser notamment un diaporama anim\u00e9 \u00e0 partir de vos photos. La version gratuite vous permet ainsi de courtes vid\u00e9os d&rsquo;environ 30 secondes ou compos\u00e9es d&rsquo;au maximum 12 photos.<\/p>\n<p><iframe loading=\"lazy\" title=\"Video Player\" id=\"vp1CU1UZ\" width=\"500\" height=\"281\" frameborder=\"0\" src=\"https:\/\/s3.amazonaws.com\/embed.animoto.com\/play.html?w=swf\/production\/vp1&#038;e=1712197426&#038;f=CU1UZ1ee2vFktJNqOTVOWg&#038;d=0&#038;m=p&#038;r=360p&#038;i=m&#038;asset_domain=s3-p.animoto.com&#038;animoto_domain=animoto.com&#038;options=\" allowfullscreen><\/iframe><\/p>\n<p>La vid\u00e9o pr\u00e9sent\u00e9e ici a donc \u00e9t\u00e9 r\u00e9alis\u00e9e avec cette version gratuite et \u00e0 partir de mon iPad. Les photos utilis\u00e9es ont \u00e9t\u00e9 prises pour tester diff\u00e9rents objectif avec mon Pentax K-3 (Pentax FA 35mm, Pentax A 50mm macro, Pentax FA 50mm et Pentax SMC 18-250mm).<\/p>\n<p>L&rsquo;application est v\u00e9ritablement utilisable tr\u00e8s facilement par les utilisateurs novices. On s\u00e9lectionne les images, puis on choisit un th\u00e8me et la musique d&rsquo;accompagnement (libre de droit). On peut ajouter \u00e9galement des dias sous forme de texte (titre, fin par exemple). On teste le r\u00e9sultat et s&rsquo;il convient on le publie sur Animoto.<\/p>\n<p>Pour des vid\u00e9os de 10 minutes maximum, il vous faudra d\u00e9bourser 5$ par mois ou 30$ par an.<\/p>\n<p>La vid\u00e9o sur le site d&rsquo;Animoto :\u00a0<a href=\"http:\/\/animoto.com\/play\/CU1UZ1ee2vFktJNqOTVOWg\">Pentax K-3<\/a>.<\/p>\n","protected":false},"excerpt":{"rendered":"<p>Animoto est un site de cr\u00e9ation en ligne de vid\u00e9os. C&rsquo;est le iMovie du web 2.0. Il existe \u00e9galement une application pour iPhone et pour iPad. Cette application est tr\u00e8s performante pour r\u00e9aliser notamment un diaporama anim\u00e9 \u00e0 partir de vos photos. La version gratuite vous permet ainsi de courtes vid\u00e9os d&rsquo;environ 30 secondes ou [&hellip;]<\/p>\n","protected":false},"author":1,"featured_media":14680,"comment_status":"open","ping_status":"open","sticky":false,"template":"","format":"standard","meta":{"_import_markdown_pro_load_document_selector":0,"_import_markdown_pro_submit_text_textarea":"","_genesis_hide_title":false,"_genesis_hide_breadcrumbs":false,"_genesis_hide_singular_image":false,"_genesis_hide_footer_widgets":false,"_genesis_custom_body_class":"","_genesis_custom_post_class":"","_genesis_layout":"","jetpack_post_was_ever_published":false,"_jetpack_newsletter_access":"","_jetpack_dont_email_post_to_subs":false,"_jetpack_newsletter_tier_id":0,"_jetpack_memberships_contains_paywalled_content":false,"_jetpack_memberships_contains_paid_content":false,"activitypub_content_warning":"","activitypub_content_visibility":"","activitypub_max_image_attachments":3,"activitypub_interaction_policy_quote":"anyone","activitypub_status":"","footnotes":"","jetpack_publicize_message":"","jetpack_publicize_feature_enabled":true,"jetpack_social_post_already_shared":true,"jetpack_social_options":{"image_generator_settings":{"template":"fullscreen","default_image_id":0,"font":"","enabled":false},"version":2}},"categories":[3],"tags":[],"class_list":{"0":"post-11471","1":"post","2":"type-post","3":"status-publish","4":"format-standard","5":"has-post-thumbnail","7":"category-blogcafe-2","8":"entry"},"jetpack_publicize_connections":[],"featured_image_src":"https:\/\/i0.wp.com\/lyonelkaufmann.ch\/Blog\/wp-content\/uploads\/2015\/03\/blogcafe1.jpg?resize=600%2C400&ssl=1","featured_image_src_square":"https:\/\/i0.wp.com\/lyonelkaufmann.ch\/Blog\/wp-content\/uploads\/2015\/03\/blogcafe1.jpg?resize=600%2C600&ssl=1","author_info":{"display_name":"Lyonel Kaufmann","author_link":"https:\/\/lyonelkaufmann.ch\/Blog\/author\/lyonelk\/"},"jetpack_featured_media_url":"https:\/\/i0.wp.com\/lyonelkaufmann.ch\/Blog\/wp-content\/uploads\/2015\/03\/blogcafe1.jpg?fit=1024%2C683&ssl=1","jetpack_sharing_enabled":true,"jetpack_shortlink":"https:\/\/wp.me\/p1qtF4-2Z1","jetpack-related-posts":[{"id":11012,"url":"https:\/\/lyonelkaufmann.ch\/Blog\/2013\/12\/26\/lhomme-du-lac-et-la-fourchette\/","url_meta":{"origin":11471,"position":0},"title":"L&rsquo;homme du lac et la Fourchette","author":"Lyonel Kaufmann","date":"26 d\u00e9cembre 2013","format":"image","excerpt":"L'homme au paddle d\u00e9passait la fourchette devant les badauds \u00e9baubis\u2026 @Vevey Pentax K-3 - Objectif SMC Pentax FA 50mm f\/1.4","rel":"","context":"Dans &quot;L'Expresso&quot;","block_context":{"text":"L'Expresso","link":"https:\/\/lyonelkaufmann.ch\/Blog\/category\/breves\/"},"img":{"alt_text":"L'homme au paddle d\u00e9passait la fourchette devant le badauds \u00e9baubis\u2026 @ VeveyPentax K-3 - Objectif SMC Pentax FA 50mm f\/1.4","src":"https:\/\/i0.wp.com\/lyonelk.smugmug.com\/Photography\/Photo-du-mois\/i-7vwZVJK\/0\/L\/Homme-du-Lac-Fourchette-2-L.jpg?resize=350%2C200","width":350,"height":200},"classes":[]},{"id":10997,"url":"https:\/\/lyonelkaufmann.ch\/Blog\/2013\/12\/21\/ombre-chinoise-photo-du-jour\/","url_meta":{"origin":11471,"position":1},"title":"Ombre chinoise | Photo du jour","author":"Lyonel Kaufmann","date":"21 d\u00e9cembre 2013","format":"image","excerpt":"C'est un No\u00ebl avant l'heure avec l'arriv\u00e9e de mon Pentax K-3. C'est aussi l'heure des premiers essais. Pentax K-3 - Pentax SMC FA 50mm f\/1.4","rel":"","context":"Dans &quot;Photo du jour&quot;","block_context":{"text":"Photo du jour","link":"https:\/\/lyonelkaufmann.ch\/Blog\/category\/photo-du-jour\/"},"img":{"alt_text":"","src":"","width":0,"height":0},"classes":[]},{"id":9403,"url":"https:\/\/lyonelkaufmann.ch\/Blog\/2013\/02\/20\/vd-1803-photo-du-jour\/","url_meta":{"origin":11471,"position":2},"title":"VD 1803 |\u00a0Photo du jour","author":"Lyonel Kaufmann","date":"20 f\u00e9vrier 2013","format":"image","excerpt":"Un num\u00e9ro \u00abhistorique\u00bb pour la barque immatricul\u00e9e VD 1803 et ancr\u00e9e au Port de La Tour-de-Peilz. En effet, le canton de Vaud est entr\u00e9 dans la Conf\u00e9d\u00e9ration helv\u00e9tique \u00e0 cette date\u2026 Photo prise avec un Pentax MX + objectif SMC Pentax M 1:1.7 50mm Kodak Tmax @ 400","rel":"","context":"Dans &quot;Photo du jour&quot;","block_context":{"text":"Photo du jour","link":"https:\/\/lyonelkaufmann.ch\/Blog\/category\/photo-du-jour\/"},"img":{"alt_text":"","src":"https:\/\/i0.wp.com\/lyonelkaufmann.ch\/Blog\/wp-content\/uploads\/2015\/03\/8489682903_f984447156_c.jpg?fit=800%2C518&ssl=1&resize=350%2C200","width":350,"height":200,"srcset":"https:\/\/i0.wp.com\/lyonelkaufmann.ch\/Blog\/wp-content\/uploads\/2015\/03\/8489682903_f984447156_c.jpg?fit=800%2C518&ssl=1&resize=350%2C200 1x, https:\/\/i0.wp.com\/lyonelkaufmann.ch\/Blog\/wp-content\/uploads\/2015\/03\/8489682903_f984447156_c.jpg?fit=800%2C518&ssl=1&resize=525%2C300 1.5x, https:\/\/i0.wp.com\/lyonelkaufmann.ch\/Blog\/wp-content\/uploads\/2015\/03\/8489682903_f984447156_c.jpg?fit=800%2C518&ssl=1&resize=700%2C400 2x"},"classes":[]},{"id":9551,"url":"https:\/\/lyonelkaufmann.ch\/Blog\/2013\/04\/12\/la-berneuse-leysin\/","url_meta":{"origin":11471,"position":3},"title":"La Berneuse @ Leysin | Photo du jour","author":"Lyonel Kaufmann","date":"12 avril 2013","format":"image","excerpt":"La Berneuse @ Leysin with Pentax MX, a photo by lyonelkaufmann on Flickr. La photo a \u00e9t\u00e9 prise \u00e0 Leyin lors d'un week-end \u00e0 ski au mois de janvier 2013. Bon, et maintenant, on attend le printemps!! Photo prise avec un Pentax MX + objectif SMC Pentax M 1:1.7 50mm\u2026","rel":"","context":"Dans &quot;Photo du jour&quot;","block_context":{"text":"Photo du jour","link":"https:\/\/lyonelkaufmann.ch\/Blog\/category\/photo-du-jour\/"},"img":{"alt_text":"","src":"https:\/\/i0.wp.com\/lyonelkaufmann.ch\/Blog\/wp-content\/uploads\/2015\/03\/8644143382_93fb1e4706_z.jpg?fit=640%2C445&ssl=1&resize=350%2C200","width":350,"height":200,"srcset":"https:\/\/i0.wp.com\/lyonelkaufmann.ch\/Blog\/wp-content\/uploads\/2015\/03\/8644143382_93fb1e4706_z.jpg?fit=640%2C445&ssl=1&resize=350%2C200 1x, https:\/\/i0.wp.com\/lyonelkaufmann.ch\/Blog\/wp-content\/uploads\/2015\/03\/8644143382_93fb1e4706_z.jpg?fit=640%2C445&ssl=1&resize=525%2C300 1.5x"},"classes":[]},{"id":21236,"url":"https:\/\/lyonelkaufmann.ch\/Blog\/2020\/02\/18\/au-marche-du-mardi-vevey-18-2-2020\/","url_meta":{"origin":11471,"position":4},"title":"Au march\u00e9 du mardi @Vevey 18.2.2020","author":"Lyonel Kaufmann","date":"18 f\u00e9vrier 2020","format":false,"excerpt":"Au march\u00e9 de ce mardi, le temps incite \u00e0 parcourir les \u00e9tals des mara\u00eechers et de profiter du soleil. La temp\u00e9rature reste encore fra\u00eeche. Il faudra attendre l\u2019apr\u00e8s-midi pour plus de chaleur. Au march\u00e9 de Vevey, mardi 18 f\u00e9vrier 2020 C\u2019est aussi l\u2019occasion de tester mes objectifs Pentax sur l\u2019Alpha\u2026","rel":"","context":"Dans &quot;Blogcaf\u00e9&quot;","block_context":{"text":"Blogcaf\u00e9","link":"https:\/\/lyonelkaufmann.ch\/Blog\/category\/blogcafe-2\/"},"img":{"alt_text":"","src":"https:\/\/i0.wp.com\/lyonelkaufmann.ch\/Blog\/wp-content\/uploads\/2020\/02\/85ECF7E5-0DF8-4D96-8647-A97C41313FCF.jpeg?fit=1200%2C800&ssl=1&resize=350%2C200","width":350,"height":200,"srcset":"https:\/\/i0.wp.com\/lyonelkaufmann.ch\/Blog\/wp-content\/uploads\/2020\/02\/85ECF7E5-0DF8-4D96-8647-A97C41313FCF.jpeg?fit=1200%2C800&ssl=1&resize=350%2C200 1x, https:\/\/i0.wp.com\/lyonelkaufmann.ch\/Blog\/wp-content\/uploads\/2020\/02\/85ECF7E5-0DF8-4D96-8647-A97C41313FCF.jpeg?fit=1200%2C800&ssl=1&resize=525%2C300 1.5x, https:\/\/i0.wp.com\/lyonelkaufmann.ch\/Blog\/wp-content\/uploads\/2020\/02\/85ECF7E5-0DF8-4D96-8647-A97C41313FCF.jpeg?fit=1200%2C800&ssl=1&resize=700%2C400 2x, https:\/\/i0.wp.com\/lyonelkaufmann.ch\/Blog\/wp-content\/uploads\/2020\/02\/85ECF7E5-0DF8-4D96-8647-A97C41313FCF.jpeg?fit=1200%2C800&ssl=1&resize=1050%2C600 3x"},"classes":[]},{"id":5825,"url":"https:\/\/lyonelkaufmann.ch\/Blog\/2012\/04\/15\/photos-du-mois-en-travaux\/","url_meta":{"origin":11471,"position":5},"title":"Photos du mois : En travaux","author":"Lyonel Kaufmann","date":"15 avril 2012","format":"image","excerpt":"Ainsi donc le th\u00e8me du mois est \"en travaux\". Pour l'occasion, je choisis de vous pr\u00e9senter quatre photos. Elles sont le r\u00e9sultats de mes travaux avec mon Pentax Q. Le Pentax Q est un appareil hybride au format d'un compact et \u00e0 objectifs interchangeables. A l'aide de bagues adaptatrices, il\u2026","rel":"","context":"Dans &quot;Blogcaf\u00e9&quot;","block_context":{"text":"Blogcaf\u00e9","link":"https:\/\/lyonelkaufmann.ch\/Blog\/category\/blogcafe-2\/"},"img":{"alt_text":"","src":"https:\/\/i0.wp.com\/lyonelkaufmann.ch\/Blog\/wp-content\/uploads\/2015\/03\/IMG_0303.jpg?fit=600%2C448&ssl=1&resize=350%2C200","width":350,"height":200,"srcset":"https:\/\/i0.wp.com\/lyonelkaufmann.ch\/Blog\/wp-content\/uploads\/2015\/03\/IMG_0303.jpg?fit=600%2C448&ssl=1&resize=350%2C200 1x, https:\/\/i0.wp.com\/lyonelkaufmann.ch\/Blog\/wp-content\/uploads\/2015\/03\/IMG_0303.jpg?fit=600%2C448&ssl=1&resize=525%2C300 1.5x"},"classes":[]}],"jetpack_likes_enabled":true,"_links":{"self":[{"href":"https:\/\/lyonelkaufmann.ch\/Blog\/wp-json\/wp\/v2\/posts\/11471","targetHints":{"allow":["GET"]}}],"collection":[{"href":"https:\/\/lyonelkaufmann.ch\/Blog\/wp-json\/wp\/v2\/posts"}],"about":[{"href":"https:\/\/lyonelkaufmann.ch\/Blog\/wp-json\/wp\/v2\/types\/post"}],"author":[{"embeddable":true,"href":"https:\/\/lyonelkaufmann.ch\/Blog\/wp-json\/wp\/v2\/users\/1"}],"replies":[{"embeddable":true,"href":"https:\/\/lyonelkaufmann.ch\/Blog\/wp-json\/wp\/v2\/comments?post=11471"}],"version-history":[{"count":0,"href":"https:\/\/lyonelkaufmann.ch\/Blog\/wp-json\/wp\/v2\/posts\/11471\/revisions"}],"wp:featuredmedia":[{"embeddable":true,"href":"https:\/\/lyonelkaufmann.ch\/Blog\/wp-json\/wp\/v2\/media\/14680"}],"wp:attachment":[{"href":"https:\/\/lyonelkaufmann.ch\/Blog\/wp-json\/wp\/v2\/media?parent=11471"}],"wp:term":[{"taxonomy":"category","embeddable":true,"href":"https:\/\/lyonelkaufmann.ch\/Blog\/wp-json\/wp\/v2\/categories?post=11471"},{"taxonomy":"post_tag","embeddable":true,"href":"https:\/\/lyonelkaufmann.ch\/Blog\/wp-json\/wp\/v2\/tags?post=11471"}],"curies":[{"name":"wp","href":"https:\/\/api.w.org\/{rel}","templated":true}]}}