{"id":11487,"date":"2014-05-12T16:00:33","date_gmt":"2014-05-12T15:00:33","guid":{"rendered":"https:\/\/lyonelkaufmann.ch\/Blog\/?p=11487"},"modified":"2014-05-12T16:00:33","modified_gmt":"2014-05-12T15:00:33","slug":"coupe-des-bains-yverdon-1","status":"publish","type":"post","link":"https:\/\/lyonelkaufmann.ch\/Blog\/2014\/05\/12\/coupe-des-bains-yverdon-1\/","title":{"rendered":"Coupe des Bains | Yverdon (1)"},"content":{"rendered":"<figure style=\"width: 1024px\" class=\"wp-caption alignnone\"><a title=\"Coupe des Bains 006 de lyonelkaufmann, sur Flickr\" href=\"https:\/\/www.flickr.com\/photos\/lyonelkaufmann\/14160767724\/\"><img data-recalc-dims=\"1\" loading=\"lazy\" decoding=\"async\" src=\"https:\/\/i0.wp.com\/farm3.staticflickr.com\/2921\/14160767724_e4973f19b1_b.jpg?resize=1024%2C681&#038;ssl=1\" alt=\"Coupe des Bains 006\" width=\"1024\" height=\"681\" \/><\/a><figcaption class=\"wp-caption-text\">Coupe des Bains @ Yverdon-les-Bains<\/figcaption><\/figure>\n<p>Photo prise lors de la Coupe des Bains, le samedi 11 mai 2014, \u00e0 Yverdon-les-Bains.<\/p>\n<p>Pentax K-3 &#8211; Objectif Pentax-DA 18-250mm\u00a0<em>f<\/em> 5.6<\/p>\n","protected":false},"excerpt":{"rendered":"<p>Photo prise lors de la Coupe des Bains, le samedi 11 mai 2014, \u00e0 Yverdon-les-Bains. Pentax K-3 &#8211; Objectif Pentax-DA 18-250mm\u00a0f 5.6<\/p>\n","protected":false},"author":1,"featured_media":14622,"comment_status":"open","ping_status":"open","sticky":false,"template":"","format":"standard","meta":{"_import_markdown_pro_load_document_selector":0,"_import_markdown_pro_submit_text_textarea":"","_genesis_hide_title":false,"_genesis_hide_breadcrumbs":false,"_genesis_hide_singular_image":false,"_genesis_hide_footer_widgets":false,"_genesis_custom_body_class":"","_genesis_custom_post_class":"","_genesis_layout":"","jetpack_post_was_ever_published":false,"_jetpack_newsletter_access":"","_jetpack_dont_email_post_to_subs":false,"_jetpack_newsletter_tier_id":0,"_jetpack_memberships_contains_paywalled_content":false,"_jetpack_memberships_contains_paid_content":false,"activitypub_content_warning":"","activitypub_content_visibility":"","activitypub_max_image_attachments":3,"activitypub_interaction_policy_quote":"anyone","activitypub_status":"","footnotes":"","jetpack_publicize_message":"","jetpack_publicize_feature_enabled":true,"jetpack_social_post_already_shared":true,"jetpack_social_options":{"image_generator_settings":{"template":"fullscreen","default_image_id":0,"font":"","enabled":false},"version":2}},"categories":[3],"tags":[],"class_list":{"0":"post-11487","1":"post","2":"type-post","3":"status-publish","4":"format-standard","5":"has-post-thumbnail","7":"category-blogcafe-2","8":"entry"},"jetpack_publicize_connections":[],"featured_image_src":"https:\/\/i0.wp.com\/lyonelkaufmann.ch\/Blog\/wp-content\/uploads\/2015\/02\/14160767724_e4973f19b1_b.jpg?resize=600%2C400&ssl=1","featured_image_src_square":"https:\/\/i0.wp.com\/lyonelkaufmann.ch\/Blog\/wp-content\/uploads\/2015\/02\/14160767724_e4973f19b1_b.jpg?resize=600%2C600&ssl=1","author_info":{"display_name":"Lyonel Kaufmann","author_link":"https:\/\/lyonelkaufmann.ch\/Blog\/author\/lyonelk\/"},"jetpack_featured_media_url":"https:\/\/i0.wp.com\/lyonelkaufmann.ch\/Blog\/wp-content\/uploads\/2015\/02\/14160767724_e4973f19b1_b.jpg?fit=1024%2C681&ssl=1","jetpack_sharing_enabled":true,"jetpack_shortlink":"https:\/\/wp.me\/p1qtF4-2Zh","jetpack-related-posts":[{"id":11502,"url":"https:\/\/lyonelkaufmann.ch\/Blog\/2014\/05\/12\/coupe-des-bains-yverdon-2\/","url_meta":{"origin":11487,"position":0},"title":"Coupe des Bains | Yverdon (2)","author":"Lyonel Kaufmann","date":"12 mai 2014","format":false,"excerpt":"Concours interne de la FSG Jeunes Patriotes de Vevey, le samedi 3 mai 2014 au coll\u00e8ge Kratzer \u00e0 Vevey. Pentax K-3 - Objectif smc Pentax-DA 18-250mm f 6.3","rel":"","context":"Dans &quot;Blogcaf\u00e9&quot;","block_context":{"text":"Blogcaf\u00e9","link":"https:\/\/lyonelkaufmann.ch\/Blog\/category\/blogcafe-2\/"},"img":{"alt_text":"","src":"https:\/\/i0.wp.com\/lyonelkaufmann.ch\/Blog\/wp-content\/uploads\/2015\/02\/13973995779_be61d375a3_b.jpg?fit=1024%2C681&ssl=1&resize=350%2C200","width":350,"height":200,"srcset":"https:\/\/i0.wp.com\/lyonelkaufmann.ch\/Blog\/wp-content\/uploads\/2015\/02\/13973995779_be61d375a3_b.jpg?fit=1024%2C681&ssl=1&resize=350%2C200 1x, https:\/\/i0.wp.com\/lyonelkaufmann.ch\/Blog\/wp-content\/uploads\/2015\/02\/13973995779_be61d375a3_b.jpg?fit=1024%2C681&ssl=1&resize=525%2C300 1.5x, https:\/\/i0.wp.com\/lyonelkaufmann.ch\/Blog\/wp-content\/uploads\/2015\/02\/13973995779_be61d375a3_b.jpg?fit=1024%2C681&ssl=1&resize=700%2C400 2x"},"classes":[]},{"id":11209,"url":"https:\/\/lyonelkaufmann.ch\/Blog\/2014\/02\/14\/bain-des-hommes-la-tour-de-peilz\/","url_meta":{"origin":11487,"position":1},"title":"Bain des Hommes @ La Tour-de-Peilz","author":"Lyonel Kaufmann","date":"14 f\u00e9vrier 2014","format":false,"excerpt":"Bain des Hommes \u00e0 La Tour-de-Peilz. En ce jour de janvier, le chaud dominait le froid\u2026 Pentax K-3 \u2013 Objectif SMC Pentax DA 16-45mm \u2013\u00a0f\/4 1\/250","rel":"","context":"Dans &quot;Photo du jour&quot;","block_context":{"text":"Photo du jour","link":"https:\/\/lyonelkaufmann.ch\/Blog\/category\/photo-du-jour\/"},"img":{"alt_text":"Chaud\/Froid @Bains des Hommes","src":"https:\/\/i0.wp.com\/lyonelkaufmann.ch\/Blog\/wp-content\/uploads\/2014\/02\/chaud_froid.jpg?resize=350%2C200&ssl=1","width":350,"height":200,"srcset":"https:\/\/i0.wp.com\/lyonelkaufmann.ch\/Blog\/wp-content\/uploads\/2014\/02\/chaud_froid.jpg?resize=350%2C200&ssl=1 1x, https:\/\/i0.wp.com\/lyonelkaufmann.ch\/Blog\/wp-content\/uploads\/2014\/02\/chaud_froid.jpg?resize=525%2C300&ssl=1 1.5x, https:\/\/i0.wp.com\/lyonelkaufmann.ch\/Blog\/wp-content\/uploads\/2014\/02\/chaud_froid.jpg?resize=700%2C400&ssl=1 2x"},"classes":[]},{"id":18851,"url":"https:\/\/lyonelkaufmann.ch\/Blog\/2017\/12\/04\/lhiver-en-automne-1\/","url_meta":{"origin":11487,"position":2},"title":"L\u2019hiver en automne (1)","author":"Lyonel Kaufmann","date":"4 d\u00e9cembre 2017","format":false,"excerpt":"Samedi 2 d\u00e9cembre, entre Yverdon-les-Bains et Moudon, c\u2019est bien l\u2019hiver qui s\u2019invite en automne. A l\u2019\u00e9cart de la Riviera, l\u2019hiver s\u2019est d\u00e9j\u00e0 install\u00e9. La bise noire renforce le c\u00f4t\u00e9 tr\u00e8s hivernal du d\u00e9cor.","rel":"","context":"Dans &quot;Blogcaf\u00e9&quot;","block_context":{"text":"Blogcaf\u00e9","link":"https:\/\/lyonelkaufmann.ch\/Blog\/category\/blogcafe-2\/"},"img":{"alt_text":"","src":"https:\/\/i0.wp.com\/lyonelkaufmann.ch\/Blog\/wp-content\/uploads\/2017\/12\/Image-03.12.17-22-28.jpeg?fit=1200%2C800&ssl=1&resize=350%2C200","width":350,"height":200,"srcset":"https:\/\/i0.wp.com\/lyonelkaufmann.ch\/Blog\/wp-content\/uploads\/2017\/12\/Image-03.12.17-22-28.jpeg?fit=1200%2C800&ssl=1&resize=350%2C200 1x, https:\/\/i0.wp.com\/lyonelkaufmann.ch\/Blog\/wp-content\/uploads\/2017\/12\/Image-03.12.17-22-28.jpeg?fit=1200%2C800&ssl=1&resize=525%2C300 1.5x, https:\/\/i0.wp.com\/lyonelkaufmann.ch\/Blog\/wp-content\/uploads\/2017\/12\/Image-03.12.17-22-28.jpeg?fit=1200%2C800&ssl=1&resize=700%2C400 2x, https:\/\/i0.wp.com\/lyonelkaufmann.ch\/Blog\/wp-content\/uploads\/2017\/12\/Image-03.12.17-22-28.jpeg?fit=1200%2C800&ssl=1&resize=1050%2C600 3x"},"classes":[]},{"id":18854,"url":"https:\/\/lyonelkaufmann.ch\/Blog\/2017\/12\/05\/lhiver-en-automne-2\/","url_meta":{"origin":11487,"position":3},"title":"L\u2019hiver en automne (2)","author":"Lyonel Kaufmann","date":"5 d\u00e9cembre 2017","format":false,"excerpt":"Samedi 2 d\u00e9cembre, entre Yverdon-les-Bains et Moudon, c\u2019est bien l\u2019hiver qui s\u2019invite en automne. A l\u2019\u00e9cart de la Riviera, l\u2019hiver s\u2019est d\u00e9j\u00e0 install\u00e9. La bise noire renforce le c\u00f4t\u00e9 tr\u00e8s hivernal du d\u00e9cor.","rel":"","context":"Dans &quot;Blogcaf\u00e9&quot;","block_context":{"text":"Blogcaf\u00e9","link":"https:\/\/lyonelkaufmann.ch\/Blog\/category\/blogcafe-2\/"},"img":{"alt_text":"","src":"https:\/\/i0.wp.com\/lyonelkaufmann.ch\/Blog\/wp-content\/uploads\/2017\/12\/Image-03.12.17-22-33.jpeg?fit=1200%2C800&ssl=1&resize=350%2C200","width":350,"height":200,"srcset":"https:\/\/i0.wp.com\/lyonelkaufmann.ch\/Blog\/wp-content\/uploads\/2017\/12\/Image-03.12.17-22-33.jpeg?fit=1200%2C800&ssl=1&resize=350%2C200 1x, https:\/\/i0.wp.com\/lyonelkaufmann.ch\/Blog\/wp-content\/uploads\/2017\/12\/Image-03.12.17-22-33.jpeg?fit=1200%2C800&ssl=1&resize=525%2C300 1.5x, https:\/\/i0.wp.com\/lyonelkaufmann.ch\/Blog\/wp-content\/uploads\/2017\/12\/Image-03.12.17-22-33.jpeg?fit=1200%2C800&ssl=1&resize=700%2C400 2x, https:\/\/i0.wp.com\/lyonelkaufmann.ch\/Blog\/wp-content\/uploads\/2017\/12\/Image-03.12.17-22-33.jpeg?fit=1200%2C800&ssl=1&resize=1050%2C600 3x"},"classes":[]},{"id":18857,"url":"https:\/\/lyonelkaufmann.ch\/Blog\/2017\/12\/06\/lhiver-en-automne-3\/","url_meta":{"origin":11487,"position":4},"title":"L\u2019hiver en automne (3)","author":"Lyonel Kaufmann","date":"6 d\u00e9cembre 2017","format":false,"excerpt":"Samedi 2 d\u00e9cembre, entre Yverdon-les-Bains et Moudon, c\u2019est bien l\u2019hiver qui s\u2019invite en automne. A l\u2019\u00e9cart de la Riviera, l\u2019hiver s\u2019est d\u00e9j\u00e0 install\u00e9. La bise noire renforce le c\u00f4t\u00e9 tr\u00e8s hivernal du d\u00e9cor.","rel":"","context":"Dans &quot;Blogcaf\u00e9&quot;","block_context":{"text":"Blogcaf\u00e9","link":"https:\/\/lyonelkaufmann.ch\/Blog\/category\/blogcafe-2\/"},"img":{"alt_text":"","src":"https:\/\/i0.wp.com\/lyonelkaufmann.ch\/Blog\/wp-content\/uploads\/2017\/12\/Image-03.12.17-22-36.jpeg?fit=1200%2C800&ssl=1&resize=350%2C200","width":350,"height":200,"srcset":"https:\/\/i0.wp.com\/lyonelkaufmann.ch\/Blog\/wp-content\/uploads\/2017\/12\/Image-03.12.17-22-36.jpeg?fit=1200%2C800&ssl=1&resize=350%2C200 1x, https:\/\/i0.wp.com\/lyonelkaufmann.ch\/Blog\/wp-content\/uploads\/2017\/12\/Image-03.12.17-22-36.jpeg?fit=1200%2C800&ssl=1&resize=525%2C300 1.5x, https:\/\/i0.wp.com\/lyonelkaufmann.ch\/Blog\/wp-content\/uploads\/2017\/12\/Image-03.12.17-22-36.jpeg?fit=1200%2C800&ssl=1&resize=700%2C400 2x, https:\/\/i0.wp.com\/lyonelkaufmann.ch\/Blog\/wp-content\/uploads\/2017\/12\/Image-03.12.17-22-36.jpeg?fit=1200%2C800&ssl=1&resize=1050%2C600 3x"},"classes":[]},{"id":12712,"url":"https:\/\/lyonelkaufmann.ch\/Blog\/2011\/04\/25\/saut-du-doubs\/","url_meta":{"origin":11487,"position":5},"title":"Saut du Doubs","author":"Lyonel Kaufmann","date":"25 avril 2011","format":"aside","excerpt":"Arriv\u00e9e en bateau depuis Les Brenets au Saut du Doubs. Date : le 22 avril 2011 Mode : duo Le Roadbook du 22 avril Aller : La Tour-de-Peilz - Romont - Avenches - Cudrefin - Neuch\u00e2tel - Le Locle - Les Brenets Retour : Les Brenets - Les Ponts-de-Martel -\u2026","rel":"","context":"Dans &quot;Blogcaf\u00e9&quot;","block_context":{"text":"Blogcaf\u00e9","link":"https:\/\/lyonelkaufmann.ch\/Blog\/category\/blogcafe-2\/"},"img":{"alt_text":"","src":"https:\/\/i0.wp.com\/lyonelkaufmann.ch\/Blog\/wp-content\/uploads\/2015\/03\/20110423-115324.jpg?fit=360%2C480&ssl=1&resize=350%2C200","width":350,"height":200},"classes":[]}],"jetpack_likes_enabled":true,"_links":{"self":[{"href":"https:\/\/lyonelkaufmann.ch\/Blog\/wp-json\/wp\/v2\/posts\/11487","targetHints":{"allow":["GET"]}}],"collection":[{"href":"https:\/\/lyonelkaufmann.ch\/Blog\/wp-json\/wp\/v2\/posts"}],"about":[{"href":"https:\/\/lyonelkaufmann.ch\/Blog\/wp-json\/wp\/v2\/types\/post"}],"author":[{"embeddable":true,"href":"https:\/\/lyonelkaufmann.ch\/Blog\/wp-json\/wp\/v2\/users\/1"}],"replies":[{"embeddable":true,"href":"https:\/\/lyonelkaufmann.ch\/Blog\/wp-json\/wp\/v2\/comments?post=11487"}],"version-history":[{"count":0,"href":"https:\/\/lyonelkaufmann.ch\/Blog\/wp-json\/wp\/v2\/posts\/11487\/revisions"}],"wp:featuredmedia":[{"embeddable":true,"href":"https:\/\/lyonelkaufmann.ch\/Blog\/wp-json\/wp\/v2\/media\/14622"}],"wp:attachment":[{"href":"https:\/\/lyonelkaufmann.ch\/Blog\/wp-json\/wp\/v2\/media?parent=11487"}],"wp:term":[{"taxonomy":"category","embeddable":true,"href":"https:\/\/lyonelkaufmann.ch\/Blog\/wp-json\/wp\/v2\/categories?post=11487"},{"taxonomy":"post_tag","embeddable":true,"href":"https:\/\/lyonelkaufmann.ch\/Blog\/wp-json\/wp\/v2\/tags?post=11487"}],"curies":[{"name":"wp","href":"https:\/\/api.w.org\/{rel}","templated":true}]}}