{"id":11493,"date":"2014-05-11T16:12:02","date_gmt":"2014-05-11T15:12:02","guid":{"rendered":"https:\/\/lyonelkaufmann.ch\/Blog\/?p=11493"},"modified":"2014-05-11T16:12:02","modified_gmt":"2014-05-11T15:12:02","slug":"concours-interne-vevey-1","status":"publish","type":"post","link":"https:\/\/lyonelkaufmann.ch\/Blog\/2014\/05\/11\/concours-interne-vevey-1\/","title":{"rendered":"Concours interne @ Vevey (1)"},"content":{"rendered":"<p><a title=\"ConcoursInterneJP3 de lyonelkaufmann, sur Flickr\" href=\"https:\/\/www.flickr.com\/photos\/lyonelkaufmann\/14157291011\/\"><img data-recalc-dims=\"1\" loading=\"lazy\" decoding=\"async\" src=\"https:\/\/i0.wp.com\/farm8.staticflickr.com\/7311\/14157291011_7880d81c34_b.jpg?resize=1024%2C681&#038;ssl=1\" alt=\"ConcoursInterneJP3\" width=\"1024\" height=\"681\" \/><\/a><\/p>\n<p>Concours interne de la FSG Jeunes Patriotes de Vevey, le samedi 3 mai 2014 au coll\u00e8ge Kratzer \u00e0 Vevey.<\/p>\n<p>Pentax K-3 &#8211; Objectif Pentax-DA 18-250mm f 6.3<\/p>\n","protected":false},"excerpt":{"rendered":"<p>Concours interne de la FSG Jeunes Patriotes de Vevey, le samedi 3 mai 2014 au coll\u00e8ge Kratzer \u00e0 Vevey. Pentax K-3 &#8211; Objectif Pentax-DA 18-250mm f 6.3<\/p>\n","protected":false},"author":1,"featured_media":14624,"comment_status":"open","ping_status":"open","sticky":false,"template":"","format":"standard","meta":{"_import_markdown_pro_load_document_selector":0,"_import_markdown_pro_submit_text_textarea":"","_genesis_hide_title":false,"_genesis_hide_breadcrumbs":false,"_genesis_hide_singular_image":false,"_genesis_hide_footer_widgets":false,"_genesis_custom_body_class":"","_genesis_custom_post_class":"","_genesis_layout":"","jetpack_post_was_ever_published":false,"_jetpack_newsletter_access":"","_jetpack_dont_email_post_to_subs":false,"_jetpack_newsletter_tier_id":0,"_jetpack_memberships_contains_paywalled_content":false,"_jetpack_memberships_contains_paid_content":false,"activitypub_content_warning":"","activitypub_content_visibility":"","activitypub_max_image_attachments":3,"activitypub_interaction_policy_quote":"anyone","activitypub_status":"","footnotes":"","jetpack_publicize_message":"","jetpack_publicize_feature_enabled":true,"jetpack_social_post_already_shared":true,"jetpack_social_options":{"image_generator_settings":{"template":"fullscreen","default_image_id":0,"font":"","enabled":false},"version":2}},"categories":[3],"tags":[],"class_list":{"0":"post-11493","1":"post","2":"type-post","3":"status-publish","4":"format-standard","5":"has-post-thumbnail","7":"category-blogcafe-2","8":"entry"},"jetpack_publicize_connections":[],"featured_image_src":"https:\/\/i0.wp.com\/lyonelkaufmann.ch\/Blog\/wp-content\/uploads\/2015\/02\/14157291011_7880d81c34_b.jpg?resize=600%2C400&ssl=1","featured_image_src_square":"https:\/\/i0.wp.com\/lyonelkaufmann.ch\/Blog\/wp-content\/uploads\/2015\/02\/14157291011_7880d81c34_b.jpg?resize=600%2C600&ssl=1","author_info":{"display_name":"Lyonel Kaufmann","author_link":"https:\/\/lyonelkaufmann.ch\/Blog\/author\/lyonelk\/"},"jetpack_featured_media_url":"https:\/\/i0.wp.com\/lyonelkaufmann.ch\/Blog\/wp-content\/uploads\/2015\/02\/14157291011_7880d81c34_b.jpg?fit=1024%2C681&ssl=1","jetpack_sharing_enabled":true,"jetpack_shortlink":"https:\/\/wp.me\/p1qtF4-2Zn","jetpack-related-posts":[{"id":11497,"url":"https:\/\/lyonelkaufmann.ch\/Blog\/2014\/05\/11\/concours-interne-vevey-2\/","url_meta":{"origin":11493,"position":0},"title":"Concours interne @ Vevey (2)","author":"Lyonel Kaufmann","date":"11 mai 2014","format":false,"excerpt":"Concours interne de la FSG Jeunes Patriotes de Vevey, le samedi 3 mai 2014 au coll\u00e8ge Kratzer \u00e0 Vevey. Pentax K-3 - Objectif Pentax-DA 18-250mm f 6.3","rel":"","context":"Dans &quot;Blogcaf\u00e9&quot;","block_context":{"text":"Blogcaf\u00e9","link":"https:\/\/lyonelkaufmann.ch\/Blog\/category\/blogcafe-2\/"},"img":{"alt_text":"","src":"https:\/\/i0.wp.com\/lyonelkaufmann.ch\/Blog\/wp-content\/uploads\/2015\/02\/13973988220_3dc76732c8_b.jpg?fit=1024%2C681&ssl=1&resize=350%2C200","width":350,"height":200,"srcset":"https:\/\/i0.wp.com\/lyonelkaufmann.ch\/Blog\/wp-content\/uploads\/2015\/02\/13973988220_3dc76732c8_b.jpg?fit=1024%2C681&ssl=1&resize=350%2C200 1x, https:\/\/i0.wp.com\/lyonelkaufmann.ch\/Blog\/wp-content\/uploads\/2015\/02\/13973988220_3dc76732c8_b.jpg?fit=1024%2C681&ssl=1&resize=525%2C300 1.5x, https:\/\/i0.wp.com\/lyonelkaufmann.ch\/Blog\/wp-content\/uploads\/2015\/02\/13973988220_3dc76732c8_b.jpg?fit=1024%2C681&ssl=1&resize=700%2C400 2x"},"classes":[]},{"id":11502,"url":"https:\/\/lyonelkaufmann.ch\/Blog\/2014\/05\/12\/coupe-des-bains-yverdon-2\/","url_meta":{"origin":11493,"position":1},"title":"Coupe des Bains | Yverdon (2)","author":"Lyonel Kaufmann","date":"12 mai 2014","format":false,"excerpt":"Concours interne de la FSG Jeunes Patriotes de Vevey, le samedi 3 mai 2014 au coll\u00e8ge Kratzer \u00e0 Vevey. Pentax K-3 - Objectif smc Pentax-DA 18-250mm f 6.3","rel":"","context":"Dans &quot;Blogcaf\u00e9&quot;","block_context":{"text":"Blogcaf\u00e9","link":"https:\/\/lyonelkaufmann.ch\/Blog\/category\/blogcafe-2\/"},"img":{"alt_text":"","src":"https:\/\/i0.wp.com\/lyonelkaufmann.ch\/Blog\/wp-content\/uploads\/2015\/02\/13973995779_be61d375a3_b.jpg?fit=1024%2C681&ssl=1&resize=350%2C200","width":350,"height":200,"srcset":"https:\/\/i0.wp.com\/lyonelkaufmann.ch\/Blog\/wp-content\/uploads\/2015\/02\/13973995779_be61d375a3_b.jpg?fit=1024%2C681&ssl=1&resize=350%2C200 1x, https:\/\/i0.wp.com\/lyonelkaufmann.ch\/Blog\/wp-content\/uploads\/2015\/02\/13973995779_be61d375a3_b.jpg?fit=1024%2C681&ssl=1&resize=525%2C300 1.5x, https:\/\/i0.wp.com\/lyonelkaufmann.ch\/Blog\/wp-content\/uploads\/2015\/02\/13973995779_be61d375a3_b.jpg?fit=1024%2C681&ssl=1&resize=700%2C400 2x"},"classes":[]},{"id":11021,"url":"https:\/\/lyonelkaufmann.ch\/Blog\/2013\/12\/28\/mouette-vevey\/","url_meta":{"origin":11493,"position":2},"title":"Mouette @ Vevey","author":"Lyonel Kaufmann","date":"28 d\u00e9cembre 2013","format":"image","excerpt":"Pentax K-3 - Objectif SMC Pentax DAL 55-300mm f\/5.8 1\/400 iso 100","rel":"","context":"Dans &quot;Photo du jour&quot;","block_context":{"text":"Photo du jour","link":"https:\/\/lyonelkaufmann.ch\/Blog\/category\/photo-du-jour\/"},"img":{"alt_text":"20131229-184041.jpg","src":"https:\/\/i0.wp.com\/lyonelkaufmann.ch\/Blog\/wp-content\/uploads\/2013\/12\/20131229-184041.jpg?resize=350%2C200&ssl=1","width":350,"height":200,"srcset":"https:\/\/i0.wp.com\/lyonelkaufmann.ch\/Blog\/wp-content\/uploads\/2013\/12\/20131229-184041.jpg?resize=350%2C200&ssl=1 1x, https:\/\/i0.wp.com\/lyonelkaufmann.ch\/Blog\/wp-content\/uploads\/2013\/12\/20131229-184041.jpg?resize=525%2C300&ssl=1 1.5x, https:\/\/i0.wp.com\/lyonelkaufmann.ch\/Blog\/wp-content\/uploads\/2013\/12\/20131229-184041.jpg?resize=700%2C400&ssl=1 2x"},"classes":[]},{"id":11589,"url":"https:\/\/lyonelkaufmann.ch\/Blog\/2014\/06\/22\/pause-de-midi-vevey\/","url_meta":{"origin":11493,"position":3},"title":"Pause de midi @ Vevey","author":"Lyonel Kaufmann","date":"22 juin 2014","format":false,"excerpt":"Pentax K-3 - Objectif smc Pentax-DA 18-250mm - iso 200 f\/8 1\/500","rel":"","context":"Dans &quot;Photo du jour&quot;","block_context":{"text":"Photo du jour","link":"https:\/\/lyonelkaufmann.ch\/Blog\/category\/photo-du-jour\/"},"img":{"alt_text":"","src":"https:\/\/i0.wp.com\/lyonelkaufmann.ch\/Blog\/wp-content\/uploads\/2015\/02\/pause-midi-vevey.jpg?fit=768%2C768&ssl=1&resize=350%2C200","width":350,"height":200,"srcset":"https:\/\/i0.wp.com\/lyonelkaufmann.ch\/Blog\/wp-content\/uploads\/2015\/02\/pause-midi-vevey.jpg?fit=768%2C768&ssl=1&resize=350%2C200 1x, https:\/\/i0.wp.com\/lyonelkaufmann.ch\/Blog\/wp-content\/uploads\/2015\/02\/pause-midi-vevey.jpg?fit=768%2C768&ssl=1&resize=525%2C300 1.5x, https:\/\/i0.wp.com\/lyonelkaufmann.ch\/Blog\/wp-content\/uploads\/2015\/02\/pause-midi-vevey.jpg?fit=768%2C768&ssl=1&resize=700%2C400 2x"},"classes":[]},{"id":11030,"url":"https:\/\/lyonelkaufmann.ch\/Blog\/2013\/12\/29\/la-dame-aux-mouettes-vevey\/","url_meta":{"origin":11493,"position":4},"title":"La Dame aux Mouettes @ Vevey","author":"Lyonel Kaufmann","date":"29 d\u00e9cembre 2013","format":"image","excerpt":"27.12.2013. En poursuivant mon p\u00e9riple le long des quais veveysans en direction du Jardin Doret, je rencontrais au Quai Maria Belgia cette dame donnant du pain aux mouettes. Pentax K-3 \u2013 Objectif SMC Pentax DAL 55-300mm f\/5.6 1\/800 iso 100","rel":"","context":"Dans &quot;Photo du jour&quot;","block_context":{"text":"Photo du jour","link":"https:\/\/lyonelkaufmann.ch\/Blog\/category\/photo-du-jour\/"},"img":{"alt_text":"","src":"","width":0,"height":0},"classes":[]},{"id":11012,"url":"https:\/\/lyonelkaufmann.ch\/Blog\/2013\/12\/26\/lhomme-du-lac-et-la-fourchette\/","url_meta":{"origin":11493,"position":5},"title":"L&rsquo;homme du lac et la Fourchette","author":"Lyonel Kaufmann","date":"26 d\u00e9cembre 2013","format":"image","excerpt":"L'homme au paddle d\u00e9passait la fourchette devant les badauds \u00e9baubis\u2026 @Vevey Pentax K-3 - Objectif SMC Pentax FA 50mm f\/1.4","rel":"","context":"Dans &quot;L'Expresso&quot;","block_context":{"text":"L'Expresso","link":"https:\/\/lyonelkaufmann.ch\/Blog\/category\/breves\/"},"img":{"alt_text":"L'homme au paddle d\u00e9passait la fourchette devant le badauds \u00e9baubis\u2026 @ VeveyPentax K-3 - Objectif SMC Pentax FA 50mm f\/1.4","src":"https:\/\/i0.wp.com\/lyonelk.smugmug.com\/Photography\/Photo-du-mois\/i-7vwZVJK\/0\/L\/Homme-du-Lac-Fourchette-2-L.jpg?resize=350%2C200","width":350,"height":200},"classes":[]}],"jetpack_likes_enabled":true,"_links":{"self":[{"href":"https:\/\/lyonelkaufmann.ch\/Blog\/wp-json\/wp\/v2\/posts\/11493","targetHints":{"allow":["GET"]}}],"collection":[{"href":"https:\/\/lyonelkaufmann.ch\/Blog\/wp-json\/wp\/v2\/posts"}],"about":[{"href":"https:\/\/lyonelkaufmann.ch\/Blog\/wp-json\/wp\/v2\/types\/post"}],"author":[{"embeddable":true,"href":"https:\/\/lyonelkaufmann.ch\/Blog\/wp-json\/wp\/v2\/users\/1"}],"replies":[{"embeddable":true,"href":"https:\/\/lyonelkaufmann.ch\/Blog\/wp-json\/wp\/v2\/comments?post=11493"}],"version-history":[{"count":0,"href":"https:\/\/lyonelkaufmann.ch\/Blog\/wp-json\/wp\/v2\/posts\/11493\/revisions"}],"wp:featuredmedia":[{"embeddable":true,"href":"https:\/\/lyonelkaufmann.ch\/Blog\/wp-json\/wp\/v2\/media\/14624"}],"wp:attachment":[{"href":"https:\/\/lyonelkaufmann.ch\/Blog\/wp-json\/wp\/v2\/media?parent=11493"}],"wp:term":[{"taxonomy":"category","embeddable":true,"href":"https:\/\/lyonelkaufmann.ch\/Blog\/wp-json\/wp\/v2\/categories?post=11493"},{"taxonomy":"post_tag","embeddable":true,"href":"https:\/\/lyonelkaufmann.ch\/Blog\/wp-json\/wp\/v2\/tags?post=11493"}],"curies":[{"name":"wp","href":"https:\/\/api.w.org\/{rel}","templated":true}]}}