{"id":11511,"date":"2014-05-15T11:00:35","date_gmt":"2014-05-15T10:00:35","guid":{"rendered":"https:\/\/lyonelkaufmann.ch\/Blog\/?p=11511"},"modified":"2014-05-15T11:00:35","modified_gmt":"2014-05-15T10:00:35","slug":"les-couleurs-de-mon-drapeau-photo-du-mois","status":"publish","type":"post","link":"https:\/\/lyonelkaufmann.ch\/Blog\/2014\/05\/15\/les-couleurs-de-mon-drapeau-photo-du-mois\/","title":{"rendered":"Les couleurs de mon drapeau |\u00a0Photo du mois"},"content":{"rendered":"<p><strong>Le th\u00e8me de la photo du mois a \u00e9t\u00e9 choisi par choisi par Cekoline (<a target=\"_blank\" rel=\"nofollow\">http:\/\/www.cekoline.tumblr.com<\/a>). Il s&rsquo;agit de \u00abLes couleurs de mon drapeau\u00bb<\/strong><\/p>\n<blockquote><p>Note de l&rsquo;auteure: <em>\u00ab\u00a0La seule contrainte est donc d&rsquo;avoir les couleurs de votre drapeau dans votre photo! Cela peut \u00eatre le drapeau de votre pays d&rsquo;origine, ou d&rsquo;adoption ou votre pays pr\u00e9f\u00e9r\u00e9 pourquoi pas!\u00a0\u00bb<\/em><\/p><\/blockquote>\n<p>Voici mon interpr\u00e9tation du th\u00e8me :<\/p>\n<figure style=\"width: 681px\" class=\"wp-caption aligncenter\"><a title=\"Les couleurs de mon drapeau de lyonelkaufmann, sur Flickr\" href=\"https:\/\/www.flickr.com\/photos\/lyonelkaufmann\/13993616199\/\" target=\"_blank\"><img data-recalc-dims=\"1\" loading=\"lazy\" decoding=\"async\" src=\"https:\/\/i0.wp.com\/farm8.staticflickr.com\/7355\/13993616199_5c91205769_b.jpg?resize=681%2C1024&#038;ssl=1\" alt=\"Les couleurs de mon drapeau\" width=\"681\" height=\"1024\" \/><\/a><figcaption class=\"wp-caption-text\">Les couleurs de mon drapeau<\/figcaption><\/figure>\n<p>Il se trouve que les couleurs des armoiries de ma commune (La Tour-de-Peilz) comportent les m\u00eames couleurs que celle de mon pays (La Suisse). En ce jour venteux o\u00f9 la photo a \u00e9t\u00e9 prise, cela tombait bien pour le th\u00e8me du mois. Et hop ! Dans la boite !<\/p>\n<p>La photo du mois des autres participants :<\/p>\n<p><a href=\"http:\/\/lachataignesauvage.over-blog.com\/categorie-12516589.html\" target=\"_blank\">Josiane<\/a>, <a href=\"http:\/\/www.destination-montreal.net\" target=\"_blank\">Lucile et Rod<\/a>, <a href=\"http:\/\/luniversdetataflo.eklablog.fr\/\" target=\"_blank\">Tataflo<\/a>, <a href=\"http:\/\/hypeandcie.com\/\" target=\"_blank\">Hypeandcie<\/a>, <a href=\"http:\/\/www.boeingbleudemer.com\" target=\"_blank\">Cynthia<\/a>, <a href=\"http:\/\/macatou.wordpress.com\/\" target=\"_blank\">Thalie<\/a>, <a href=\"http:\/\/anola-lemag.fr\/\" target=\"_blank\">Ann<\/a>, <a href=\"http:\/\/www.lafilledelair.com\/blog\/la-photo-du-mois\/\" target=\"_blank\">La Fille de l&rsquo;Air<\/a>, <a href=\"http:\/\/www.e-slovenie.com\/fr\/vie-en-slovenie\/photos-du-mois\/\" target=\"_blank\">eSlov\u00e9nie<\/a>, <a href=\"http:\/\/lacachouette.over-blog.com\/\" target=\"_blank\">KK-hu\u00e8te En Bretannie<\/a>, <a href=\"http:\/\/histoiresdeux.blogspot.com\" target=\"_blank\">E<\/a>, <a href=\"http:\/\/blogs.paris.fr\/unitedstatesofparis\" target=\"_blank\">Alexinparis<\/a>, <a href=\"http:\/\/tribulationsdemarie.com\" target=\"_blank\">Marie<\/a>, <a href=\"http:\/\/theparisienne.fr\" target=\"_blank\">The Parisienne<\/a>, <a href=\"http:\/\/www.pixeline.fr\/tag\/photo-du-mois\/\" target=\"_blank\">Pixeline<\/a>, <a href=\"http:\/\/fanfanraccoons.blogspot.com\" target=\"_blank\">Fanfan Raccoon<\/a>, <a href=\"http:\/\/vraiefiction.blogspot.com\" target=\"_blank\">Guillaume<\/a>, <a href=\"http:\/\/lacasademamachronique.wordpress.com\/\" target=\"_blank\">Ang\u00e9lique<\/a>, <a href=\"http:\/\/anteketborka.blogspot.com\" target=\"_blank\">magda627<\/a>, <a href=\"http:\/\/www.dameskarlette.com\/\" target=\"_blank\">Dame Skarlette<\/a>, <a href=\"http:\/\/tuxana.blogspot.ca\/\" target=\"_blank\">Tuxana<\/a>, <a href=\"http:\/\/unephotodesquejepeux.wordpress.com\/\" target=\"_blank\">Maria Graphia<\/a>, <a href=\"http:\/\/philae.over-blog.com\" target=\"_blank\">Philae<\/a>, <a href=\"http:\/\/hibiscusblog.net\/category\/la-photo-du-mois-2\" target=\"_blank\">hibiscus<\/a>, <a href=\"http:\/\/foodforthoughtandmore.wordpress.com\/\" target=\"_blank\">Elodie<\/a>, <a href=\"http:\/\/nie-dmb.blogspot.be\/\" target=\"_blank\">Nie<\/a>, <a href=\"http:\/\/www.claires-blog.com\" target=\"_blank\">Claire&rsquo;s Blog<\/a>, <a href=\"http:\/\/jadorejadhere.canalblog.com\/\" target=\"_blank\">J&rsquo;adore j&rsquo;adh\u00e8re<\/a>, <a href=\"http:\/\/lorgnettedunjour.canalblog.com\/\" target=\"_blank\">Lavandine<\/a>, <a href=\"http:\/\/unpluszeroegaledeux.wordpress.com\/category\/photo-du-mois\/\" target=\"_blank\">Pica Moye<\/a>, <a href=\"http:\/\/messineaventure.canalblog.com\/archives\/la_photo_du_mois\/index.html\" target=\"_blank\">La Berlinoise<\/a>, <a href=\"http:\/\/lestetesafranchouilles.blogspot.fr\/\" target=\"_blank\">La Dum<\/a>, <a href=\"http:\/\/provincecanadienne.blogspot.ca\/search\/label\/Photo%20du%20mois\" target=\"_blank\">Stephane08<\/a>, <a href=\"http:\/\/mysweetescape.fr\/\" target=\"_blank\">Chlo\u00e9<\/a>, <a href=\"http:\/\/laulineafaitdesphotos.com\/\" target=\"_blank\">Laulinea<\/a>, <a href=\"http:\/\/www.viviane-voyages.com\" target=\"_blank\">Viviane<\/a>, <a href=\"http:\/\/grandereveuse.fr\/\" target=\"_blank\">Louisianne<\/a>, <a href=\"http:\/\/homeos-tasie.blogspot.fr\/\" target=\"_blank\">Homeos-tasie<\/a>, <a href=\"http:\/\/mimireliton.blogspot.fr\" target=\"_blank\">Mimireliton<\/a>, <a href=\"http:\/\/www.cricriyomfromparis.com\/search\/label\/La%20photo%20du%20mois\" target=\"_blank\">Cricriyom from Paris<\/a>, <a href=\"http:\/\/krn-defouloir.blogspot.com\" target=\"_blank\">Krn<\/a>, <a href=\"http:\/\/www.mon-ecrin-de-passions.com\/\" target=\"_blank\">Lavandine83<\/a>, <a href=\"http:\/\/www.chiffonsandco.fr\" target=\"_blank\">Arwen<\/a>, <a href=\"http:\/\/wonderlandalice.wordpress.com\/\" target=\"_blank\">Alice Wonderland<\/a>, <a href=\"http:\/\/clicpassion.canalblog.com\" target=\"_blank\">Nicky<\/a>, <a href=\"http:\/\/www.perezannik.org\" target=\"_blank\">Annick<\/a>, <a href=\"http:\/\/nanageek.canalblog.com\/\" target=\"_blank\">Nana<\/a>, <a href=\"http:\/\/occident-express.hautetfort.com\" target=\"_blank\">Eurydice<\/a>, <a href=\"http:\/\/chezmamysoren.over-blog.com\" target=\"_blank\">Mamysoren<\/a>, <a href=\"http:\/\/cestpasmoijeljure.com\/\" target=\"_blank\">Dr. CaSo<\/a>, <a href=\"http:\/\/lafeedulogis43.over-blog.fr\" target=\"_blank\">Giselle 43<\/a>, <a href=\"http:\/\/troussecadettephoto.over-blog.com\/\" target=\"_blank\">Trousse cadette<\/a>, <a href=\"http:\/\/madame-ananas.fr\/\" target=\"_blank\">Crearine<\/a>, <a href=\"http:\/\/cocovin.net\/\" target=\"_blank\">Alban<\/a>, <a href=\"http:\/\/champagnefraise.wordpress.com\" target=\"_blank\">Champagne<\/a>, <a href=\"http:\/\/elpadawan.wordpress.com\" target=\"_blank\">El Padawan<\/a>, <a href=\"http:\/\/pilisi.over-blog.com\/tag\/Photo%20du%20mois\/\" target=\"_blank\">Pilisi<\/a>, <a href=\"https:\/\/lyonelkaufmann.ch\/Blog\/category\/blogcafe\/photo-du-mois\/\" target=\"_blank\">Lyonelk<\/a>, <a href=\"http:\/\/www.fromside2side.com\/search\/label\/Photo%20du%20mois\" target=\"_blank\">Isa de fromSide2Side<\/a>, <a href=\"http:\/\/mauricemonamour.blogspot.fr\/\" target=\"_blank\">MauriceMonAmour<\/a>, <a href=\"http:\/\/toxiq.canalblog.com\" target=\"_blank\">BiGBuGS<\/a>, <a href=\"http:\/\/the-singapore-miminews.blogspot.sg\/search\/label\/La%20photo%20du%20mois\" target=\"_blank\">The Singapore Miminews<\/a>, <a href=\"http:\/\/cyberdilou.canalblog.com\" target=\"_blank\">Gizeh<\/a>, <a href=\"http:\/\/www.lesbonheurs.fr\/\" target=\"_blank\">Les bonheurs d&rsquo;Anne &amp; Alex<\/a>, <a href=\"http:\/\/cetomontreal.blogspot.ca\/\" target=\"_blank\">CetO<\/a>, <a href=\"http:\/\/www.malaxi.net\" target=\"_blank\">Laurent Nicolas<\/a>, <a href=\"http:\/\/www.lanantaiseaparis.com\/search\/label\/...%20La%20Photo%20du%20Mois\" target=\"_blank\">La Nantaise \u00e0 Paris<\/a>, <a href=\"http:\/\/revesenmousse.over-blog.com\" target=\"_blank\">Joane<\/a>, <a href=\"http:\/\/www.birdsandbicycles.fr\" target=\"_blank\">Kantu<\/a>, <a href=\"http:\/\/testinauteathome.over-blog.com\/\" target=\"_blank\">Testinaute<\/a>, <a href=\"http:\/\/zoursland.com\" target=\"_blank\">Fr\u00e9d\u00e9ric<\/a>, <a href=\"http:\/\/rythme-indigo.blogspot.com\" target=\"_blank\">Rythme Indigo<\/a>, <a href=\"http:\/\/xoliv.blogspot.fr\" target=\"_blank\">Xoliv&rsquo;<\/a>, <a href=\"http:\/\/mapassionbento.blogspot.fr\/\" target=\"_blank\">DelphineF<\/a>, <a href=\"http:\/\/anne-tranche-de-vie.over-blog.com\/categorie-11390539.html\" target=\"_blank\">Anne<\/a>, <a href=\"http:\/\/cupsofenglishtea.wordpress.com\/\" target=\"_blank\">Proserpinne<\/a>, <a href=\"http:\/\/renepaulhenry.blogspot.com\" target=\"_blank\">Renepaulhenry<\/a>, <a href=\"http:\/\/frenchiesinparis.over-blog.com\" target=\"_blank\">C\u00e9line in Paris<\/a>, <a href=\"http:\/\/www.sephiraph.be\" target=\"_blank\">Sephiraph<\/a>, <a href=\"http:\/\/2mainsetkelkesriens.blogspot.ca\" target=\"_blank\">Agn\u00e8s<\/a>, <a href=\"http:\/\/vudubalcon.blogspot.fr\" target=\"_blank\">Fran\u00e7ois le Ni\u00e7ois<\/a>, <a href=\"http:\/\/bonsbaisersdaustralie.wordpress.com\/category\/la-photo-du-mois\/\" target=\"_blank\">MissCarole<\/a>, <a href=\"http:\/\/galinette-dezailes.blogspot.fr\/\" target=\"_blank\">Galinette<\/a>, <a href=\"http:\/\/www.colourslife.fr\/\" target=\"_blank\">Mahlyn<\/a>, <a href=\"http:\/\/www.quadraetcie.fr\/1\/index.php?q=galerie%2Fla-photo-du-mois\" target=\"_blank\">C\u00e9cile &#8211; Une quadra<\/a>, <a href=\"http:\/\/mesmotsdoubs.blogspot.fr\/search\/label\/la%20photo%20du%20mois\" target=\"_blank\">Genevi\u00e8ve T.<\/a>, <a href=\"http:\/\/monbeaumanoir.wordpress.com\/\" target=\"_blank\">Ava<\/a>, <a href=\"http:\/\/isaquarel.canalblog.com\/archives\/la_photo_du_mois\/index.html\" target=\"_blank\">Isaquarel<\/a>, <a href=\"http:\/\/woocares.wordpress.com\/\" target=\"_blank\">Woocares<\/a>, <a href=\"http:\/\/jetraine2.canalblog.com\/\" target=\"_blank\">A chaque jour sa photo<\/a>, <a href=\"http:\/\/www.inmybubble.org\" target=\"_blank\">Vanilla<\/a>, <a href=\"http:\/\/akai-inthesky.blogspot.com\" target=\"_blank\">Akaieric<\/a>, <a href=\"http:\/\/laudesmontagnes.wordpress.com\/\" target=\"_blank\">Lau* des montagnes<\/a>, <a href=\"http:\/\/photos.byenzo.fr\/\" target=\"_blank\">C\u00e9cile Atch&rsquo;oum<\/a>, <a href=\"http:\/\/leblogdekat.com\" target=\"_blank\">A&rsquo;icha<\/a>, <a href=\"http:\/\/voyageaugredesvents.blogspot.be\" target=\"_blank\">Sylvie<\/a>, <a href=\"http:\/\/toulonbyjulia.com\/blogtoulon\/\" target=\"_blank\">Julia<\/a>, <a href=\"http:\/\/suissexpress.wordpress.com\/\" target=\"_blank\">Christophe<\/a>, <a href=\"http:\/\/blog.lesprincessesdemarie.com\/\" target=\"_blank\">princesse Emalia<\/a>, <a href=\"http:\/\/sublime-essence.over-blog.com\" target=\"_blank\">Bestofava<\/a>, <a href=\"http:\/\/www.memoriesfromanywhere.fr\/\" target=\"_blank\">Memories from anywhere<\/a>, <a href=\"http:\/\/www.cekoline.tumblr.com\"\ntarget=\"_blank\">Cekoline<\/a>, <a href=\"http:\/\/morganebyloosphoto.wordpress.com\" target=\"_blank\">Morgane Byloos Photography<\/a>, <a href=\"http:\/\/reverieschatbleu.canalblog.com\/\" target=\"_blank\">Chat bleu<\/a>, <a href=\"http:\/\/blogoth67.wordpress.com\" target=\"_blank\">Blogoth67<\/a>, <a href=\"http:\/\/derriere-mes-yeux.blogspot.fr\/\" target=\"_blank\">Aude<\/a>, <a href=\"http:\/\/www.legaletas.net\/blog\/index.php\" target=\"_blank\">Gilsoub<\/a>, <a href=\"http:\/\/www.journaldunenicoise.com\" target=\"_blank\">Une ni\u00e7oise<\/a>, <a href=\"http:\/\/filamots.wordpress.com\" target=\"_blank\">Filamots<\/a>, <a href=\"http:\/\/lesphotosdelaurie.blogspot.fr\/\" target=\"_blank\">Laurie<\/a>, <a href=\"http:\/\/dreamtravelshoot.blogspot.com\/\" target=\"_blank\">dreamtravelshoot<\/a>, <a href=\"http:\/\/avecunaccent.canalblog.com\" target=\"_blank\">Elsa<\/a>, <a href=\"http:\/\/le-tour-du-monde-de-la-marmotte.over-blog.com\/\" target=\"_blank\">Marmotte<\/a>, <a href=\"http:\/\/www.unjourunevie.fr\/tag\/la-photo-du-mois\/\" target=\"_blank\">Un jour, une vie<\/a>, <a href=\"http:\/\/www.lesfillesduweb.com\" target=\"_blank\">Les Filles du Web<\/a>, <a href=\"http:\/\/calamonique.com\/\" target=\"_blank\">Calamonique<\/a><\/p>\n","protected":false},"excerpt":{"rendered":"<p>Le th\u00e8me de la photo du mois a \u00e9t\u00e9 choisi par choisi par Cekoline (http:\/\/www.cekoline.tumblr.com). Il s&rsquo;agit de \u00abLes couleurs de mon drapeau\u00bb Note de l&rsquo;auteure: \u00ab\u00a0La seule contrainte est donc d&rsquo;avoir les couleurs de votre drapeau dans votre photo! Cela peut \u00eatre le drapeau de votre pays d&rsquo;origine, ou d&rsquo;adoption ou votre pays pr\u00e9f\u00e9r\u00e9 [&hellip;]<\/p>\n","protected":false},"author":1,"featured_media":14620,"comment_status":"open","ping_status":"open","sticky":false,"template":"","format":"standard","meta":{"_import_markdown_pro_load_document_selector":0,"_import_markdown_pro_submit_text_textarea":"","_genesis_hide_title":false,"_genesis_hide_breadcrumbs":false,"_genesis_hide_singular_image":false,"_genesis_hide_footer_widgets":false,"_genesis_custom_body_class":"","_genesis_custom_post_class":"","_genesis_layout":"full-width-content","jetpack_post_was_ever_published":false,"_jetpack_newsletter_access":"","_jetpack_dont_email_post_to_subs":false,"_jetpack_newsletter_tier_id":0,"_jetpack_memberships_contains_paywalled_content":false,"_jetpack_memberships_contains_paid_content":false,"activitypub_content_warning":"","activitypub_content_visibility":"","activitypub_max_image_attachments":3,"activitypub_interaction_policy_quote":"anyone","activitypub_status":"","footnotes":"","jetpack_publicize_message":"","jetpack_publicize_feature_enabled":true,"jetpack_social_post_already_shared":true,"jetpack_social_options":{"image_generator_settings":{"template":"fullscreen","default_image_id":0,"font":"","enabled":false},"version":2}},"categories":[4],"tags":[],"class_list":{"0":"post-11511","1":"post","2":"type-post","3":"status-publish","4":"format-standard","5":"has-post-thumbnail","7":"category-photo-du-mois","8":"entry"},"jetpack_publicize_connections":[],"featured_image_src":"https:\/\/i0.wp.com\/lyonelkaufmann.ch\/Blog\/wp-content\/uploads\/2015\/02\/13993616199_5c91205769_b.jpg?resize=600%2C400&ssl=1","featured_image_src_square":"https:\/\/i0.wp.com\/lyonelkaufmann.ch\/Blog\/wp-content\/uploads\/2015\/02\/13993616199_5c91205769_b.jpg?resize=600%2C600&ssl=1","author_info":{"display_name":"Lyonel Kaufmann","author_link":"https:\/\/lyonelkaufmann.ch\/Blog\/author\/lyonelk\/"},"jetpack_featured_media_url":"https:\/\/i0.wp.com\/lyonelkaufmann.ch\/Blog\/wp-content\/uploads\/2015\/02\/13993616199_5c91205769_b.jpg?fit=681%2C1024&ssl=1","jetpack_sharing_enabled":true,"jetpack_shortlink":"https:\/\/wp.me\/p1qtF4-2ZF","jetpack-related-posts":[{"id":18488,"url":"https:\/\/lyonelkaufmann.ch\/Blog\/2017\/09\/15\/palette-de-couleurs-photo-du-mois\/","url_meta":{"origin":11511,"position":0},"title":"Palette de couleurs | Photo du mois","author":"Lyonel Kaufmann","date":"15 septembre 2017","format":false,"excerpt":"Le th\u00e8me du mois Palette de couleurs a \u00e9t\u00e9 choisi par Philae (http:\/\/philae.over-blog.com) Mon interpr\u00e9tation du th\u00e8me : L\u2019interpr\u00e9tation du th\u00e8me par les autres participant.e.s : Akaieric, Alban, Alexinparis, Amartia, Ang\u00e9lique, Aude, BiGBuGS, Blogoth67, Brindille, Bubble gones, Cara, Chat bleu, Chiffons and Co, Christophe, Cricriyom from Paris, C\u00e9cileP, C\u00e9line in\u2026","rel":"","context":"Dans &quot;Photo du mois&quot;","block_context":{"text":"Photo du mois","link":"https:\/\/lyonelkaufmann.ch\/Blog\/category\/photo-du-mois\/"},"img":{"alt_text":"","src":"https:\/\/i0.wp.com\/lyonelkaufmann.ch\/Blog\/wp-content\/uploads\/2017\/09\/imgp0684.jpg?fit=1200%2C798&ssl=1&resize=350%2C200","width":350,"height":200,"srcset":"https:\/\/i0.wp.com\/lyonelkaufmann.ch\/Blog\/wp-content\/uploads\/2017\/09\/imgp0684.jpg?fit=1200%2C798&ssl=1&resize=350%2C200 1x, https:\/\/i0.wp.com\/lyonelkaufmann.ch\/Blog\/wp-content\/uploads\/2017\/09\/imgp0684.jpg?fit=1200%2C798&ssl=1&resize=525%2C300 1.5x, https:\/\/i0.wp.com\/lyonelkaufmann.ch\/Blog\/wp-content\/uploads\/2017\/09\/imgp0684.jpg?fit=1200%2C798&ssl=1&resize=700%2C400 2x, https:\/\/i0.wp.com\/lyonelkaufmann.ch\/Blog\/wp-content\/uploads\/2017\/09\/imgp0684.jpg?fit=1200%2C798&ssl=1&resize=1050%2C600 3x"},"classes":[]},{"id":18822,"url":"https:\/\/lyonelkaufmann.ch\/Blog\/2017\/11\/15\/ambiance-automnale-photo-du-mois\/","url_meta":{"origin":11511,"position":1},"title":"Ambiance automnale |\u00a0Photo du mois","author":"Lyonel Kaufmann","date":"15 novembre 2017","format":false,"excerpt":"Le th\u00e8me de ce mois Ambiance automnale a \u00e9t\u00e9 choisi par Josette (http:\/\/josydhoest.wordpress.com\/) Elle est partout en ce moment ! Dans la couleur \u2026 Dans les balades \u2026 Dans les fruits et les l\u00e9gumes \u2026 Dans les f\u00eates, les fleurs et les comm\u00e9morations \u2026 Et plus encore ! Je ne\u2026","rel":"","context":"Dans &quot;Photo du mois&quot;","block_context":{"text":"Photo du mois","link":"https:\/\/lyonelkaufmann.ch\/Blog\/category\/photo-du-mois\/"},"img":{"alt_text":"","src":"https:\/\/i0.wp.com\/lyonelkaufmann.ch\/Blog\/wp-content\/uploads\/2017\/11\/IMG_0567.jpg?fit=1200%2C800&ssl=1&resize=350%2C200","width":350,"height":200,"srcset":"https:\/\/i0.wp.com\/lyonelkaufmann.ch\/Blog\/wp-content\/uploads\/2017\/11\/IMG_0567.jpg?fit=1200%2C800&ssl=1&resize=350%2C200 1x, https:\/\/i0.wp.com\/lyonelkaufmann.ch\/Blog\/wp-content\/uploads\/2017\/11\/IMG_0567.jpg?fit=1200%2C800&ssl=1&resize=525%2C300 1.5x, https:\/\/i0.wp.com\/lyonelkaufmann.ch\/Blog\/wp-content\/uploads\/2017\/11\/IMG_0567.jpg?fit=1200%2C800&ssl=1&resize=700%2C400 2x, https:\/\/i0.wp.com\/lyonelkaufmann.ch\/Blog\/wp-content\/uploads\/2017\/11\/IMG_0567.jpg?fit=1200%2C800&ssl=1&resize=1050%2C600 3x"},"classes":[]},{"id":14970,"url":"https:\/\/lyonelkaufmann.ch\/Blog\/2015\/06\/15\/orange-la-photo-du-mois\/","url_meta":{"origin":11511,"position":2},"title":"Orange |\u00a0La photo du mois","author":"Lyonel Kaufmann","date":"15 juin 2015","format":false,"excerpt":"Le th\u00e8me du mois Orange a \u00e9t\u00e9\u00a0choisi par Xoliv'\u00a0(http:\/\/xoliv.blogspot.fr) : ORANGE, la couleur du bonheur (dixit le mus\u00e9e Beaubourg) alors mettez de l'orange, un ou plusieurs \u00e9l\u00e9ments vous \u00eates libre dans votre photo. Vous avez droit \u00e0 tout ce que vous voulez et \u00e0 toutes les nuances d'orange sauf les\u2026","rel":"","context":"Dans &quot;Photo du mois&quot;","block_context":{"text":"Photo du mois","link":"https:\/\/lyonelkaufmann.ch\/Blog\/category\/photo-du-mois\/"},"img":{"alt_text":"","src":"https:\/\/i0.wp.com\/lyonelkaufmann.ch\/Blog\/wp-content\/uploads\/2015\/06\/DSCF8315-L.jpg?fit=800%2C600&ssl=1&resize=350%2C200","width":350,"height":200,"srcset":"https:\/\/i0.wp.com\/lyonelkaufmann.ch\/Blog\/wp-content\/uploads\/2015\/06\/DSCF8315-L.jpg?fit=800%2C600&ssl=1&resize=350%2C200 1x, https:\/\/i0.wp.com\/lyonelkaufmann.ch\/Blog\/wp-content\/uploads\/2015\/06\/DSCF8315-L.jpg?fit=800%2C600&ssl=1&resize=525%2C300 1.5x, https:\/\/i0.wp.com\/lyonelkaufmann.ch\/Blog\/wp-content\/uploads\/2015\/06\/DSCF8315-L.jpg?fit=800%2C600&ssl=1&resize=700%2C400 2x"},"classes":[]},{"id":18039,"url":"https:\/\/lyonelkaufmann.ch\/Blog\/2017\/03\/15\/sensuel-la-photo-du-mois\/","url_meta":{"origin":11511,"position":3},"title":"Sensuel | La photo du mois","author":"Lyonel Kaufmann","date":"15 mars 2017","format":false,"excerpt":"Th\u00e8me: Sensuel, choisi par Lau* des montagnes (http:\/\/laudesmontagnes.wordpress.com\/) Note de l'auteur-eSensuel(le) Que ce soit une attitude, une courbe, un regard, une mati\u00e8re, un d\u00e9tail, une peau, montrez-nous ce qui est sensuel pour vous. En couleurs ou en noir et blanc, libre \u00e0 vous de sublimer cette sensualit\u00e9. Mon interpr\u00e9tation du\u2026","rel":"","context":"Dans &quot;Photo du mois&quot;","block_context":{"text":"Photo du mois","link":"https:\/\/lyonelkaufmann.ch\/Blog\/category\/photo-du-mois\/"},"img":{"alt_text":"","src":"https:\/\/i0.wp.com\/lyonelkaufmann.ch\/Blog\/wp-content\/uploads\/2017\/03\/Image-12.03.17-22-49.jpeg?fit=797%2C1200&ssl=1&resize=350%2C200","width":350,"height":200,"srcset":"https:\/\/i0.wp.com\/lyonelkaufmann.ch\/Blog\/wp-content\/uploads\/2017\/03\/Image-12.03.17-22-49.jpeg?fit=797%2C1200&ssl=1&resize=350%2C200 1x, https:\/\/i0.wp.com\/lyonelkaufmann.ch\/Blog\/wp-content\/uploads\/2017\/03\/Image-12.03.17-22-49.jpeg?fit=797%2C1200&ssl=1&resize=525%2C300 1.5x, https:\/\/i0.wp.com\/lyonelkaufmann.ch\/Blog\/wp-content\/uploads\/2017\/03\/Image-12.03.17-22-49.jpeg?fit=797%2C1200&ssl=1&resize=700%2C400 2x"},"classes":[]},{"id":15191,"url":"https:\/\/lyonelkaufmann.ch\/Blog\/2015\/09\/15\/15191\/","url_meta":{"origin":11511,"position":4},"title":"Passion(s) |\u00a0Photo du mois","author":"Lyonel Kaufmann","date":"15 septembre 2015","format":false,"excerpt":"Le th\u00e8me de la photo du mois\u00a0Passion(s) a \u00e9t\u00e9\u00a0choisi par\u00a0DelphineF\u00a0(http:\/\/mapassionbento.blogspot.fr\/) : Note de l'auteur-e: Je suis ravie pour mes 3 ans de participation de vous proposer une citation de Saint Augustin : \"Celui qui se perd dans sa passion perd moins que celui qui perd sa passion.\" Je vous propose\u2026","rel":"","context":"Dans &quot;Photo du mois&quot;","block_context":{"text":"Photo du mois","link":"https:\/\/lyonelkaufmann.ch\/Blog\/category\/photo-du-mois\/"},"img":{"alt_text":"","src":"https:\/\/i0.wp.com\/lyonelkaufmann.ch\/Blog\/wp-content\/uploads\/2015\/09\/IMG_1742.jpg?fit=600%2C600&ssl=1&resize=350%2C200","width":350,"height":200,"srcset":"https:\/\/i0.wp.com\/lyonelkaufmann.ch\/Blog\/wp-content\/uploads\/2015\/09\/IMG_1742.jpg?fit=600%2C600&ssl=1&resize=350%2C200 1x, https:\/\/i0.wp.com\/lyonelkaufmann.ch\/Blog\/wp-content\/uploads\/2015\/09\/IMG_1742.jpg?fit=600%2C600&ssl=1&resize=525%2C300 1.5x"},"classes":[]},{"id":14791,"url":"https:\/\/lyonelkaufmann.ch\/Blog\/2015\/04\/06\/a-papillons2015-quebec\/","url_meta":{"origin":11511,"position":5},"title":"A #Papillons2015 |\u00a0Qu\u00e9bec 2015","author":"Lyonel Kaufmann","date":"6 avril 2015","format":false,"excerpt":"Superbe visite ce dimanche \u00e0 Montr\u00e9al au Jardin botanique avec l'exposition Papillons en libert\u00e9 | Couleurs papillons. Cette exposition a lieu du 19 f\u00e9vrier au 26 avril 2015. D\u00e8s le premier pas dans la grande serre, on assiste \u00e0 un v\u00e9ritable ballet de couleurs chatoyantes et lumineuses. On y circule\u2026","rel":"","context":"Dans &quot;Blogcaf\u00e9&quot;","block_context":{"text":"Blogcaf\u00e9","link":"https:\/\/lyonelkaufmann.ch\/Blog\/category\/blogcafe-2\/"},"img":{"alt_text":"","src":"https:\/\/i0.wp.com\/lyonelkaufmann.ch\/Blog\/wp-content\/uploads\/2015\/04\/Papillons2015-X2.jpg?fit=1200%2C798&ssl=1&resize=350%2C200","width":350,"height":200,"srcset":"https:\/\/i0.wp.com\/lyonelkaufmann.ch\/Blog\/wp-content\/uploads\/2015\/04\/Papillons2015-X2.jpg?fit=1200%2C798&ssl=1&resize=350%2C200 1x, https:\/\/i0.wp.com\/lyonelkaufmann.ch\/Blog\/wp-content\/uploads\/2015\/04\/Papillons2015-X2.jpg?fit=1200%2C798&ssl=1&resize=525%2C300 1.5x, https:\/\/i0.wp.com\/lyonelkaufmann.ch\/Blog\/wp-content\/uploads\/2015\/04\/Papillons2015-X2.jpg?fit=1200%2C798&ssl=1&resize=700%2C400 2x, https:\/\/i0.wp.com\/lyonelkaufmann.ch\/Blog\/wp-content\/uploads\/2015\/04\/Papillons2015-X2.jpg?fit=1200%2C798&ssl=1&resize=1050%2C600 3x"},"classes":[]}],"jetpack_likes_enabled":true,"_links":{"self":[{"href":"https:\/\/lyonelkaufmann.ch\/Blog\/wp-json\/wp\/v2\/posts\/11511","targetHints":{"allow":["GET"]}}],"collection":[{"href":"https:\/\/lyonelkaufmann.ch\/Blog\/wp-json\/wp\/v2\/posts"}],"about":[{"href":"https:\/\/lyonelkaufmann.ch\/Blog\/wp-json\/wp\/v2\/types\/post"}],"author":[{"embeddable":true,"href":"https:\/\/lyonelkaufmann.ch\/Blog\/wp-json\/wp\/v2\/users\/1"}],"replies":[{"embeddable":true,"href":"https:\/\/lyonelkaufmann.ch\/Blog\/wp-json\/wp\/v2\/comments?post=11511"}],"version-history":[{"count":0,"href":"https:\/\/lyonelkaufmann.ch\/Blog\/wp-json\/wp\/v2\/posts\/11511\/revisions"}],"wp:featuredmedia":[{"embeddable":true,"href":"https:\/\/lyonelkaufmann.ch\/Blog\/wp-json\/wp\/v2\/media\/14620"}],"wp:attachment":[{"href":"https:\/\/lyonelkaufmann.ch\/Blog\/wp-json\/wp\/v2\/media?parent=11511"}],"wp:term":[{"taxonomy":"category","embeddable":true,"href":"https:\/\/lyonelkaufmann.ch\/Blog\/wp-json\/wp\/v2\/categories?post=11511"},{"taxonomy":"post_tag","embeddable":true,"href":"https:\/\/lyonelkaufmann.ch\/Blog\/wp-json\/wp\/v2\/tags?post=11511"}],"curies":[{"name":"wp","href":"https:\/\/api.w.org\/{rel}","templated":true}]}}