{"id":11541,"date":"2014-06-15T11:00:05","date_gmt":"2014-06-15T10:00:05","guid":{"rendered":"https:\/\/lyonelkaufmann.ch\/Blog\/?p=11541"},"modified":"2014-06-15T11:00:05","modified_gmt":"2014-06-15T10:00:05","slug":"une-certaine-idee-du-design-photo-du-mois","status":"publish","type":"post","link":"https:\/\/lyonelkaufmann.ch\/Blog\/2014\/06\/15\/une-certaine-idee-du-design-photo-du-mois\/","title":{"rendered":"Une certaine id\u00e9e du design | Photo du mois"},"content":{"rendered":"<p><b>Le th\u00e8me du mois : Une certaine id\u00e9e du design<\/b>, choisi par\u00a0Sephiraph (<a href=\"http:\/\/www.sephiraph.be\/\"><span style=\"color:#2e57aa;\">http:\/\/www.sephiraph.be<\/span><\/a>).<\/p>\n<blockquote>\n<p style=\"color:#141923;\">Note de l&rsquo;auteur: \u00ab\u00a0<i>Qu\u2019il soit moderne, ancien, kitsch, industriel, plat, \u00e9pur\u00e9, le design influence la mode, la construction, l\u2019ameublement, la conception des objets qui nous entourent. Et fatalement, on aime ou on n\u2019aime pas, on va s\u2019attacher \u00e0 l\u2019un ou l\u2019autre style qui sera plus ou moins en accord avec notre personne.Et si ce mois-ci vous appliquiez \u00e0 votre photo le design qui vous correspond le plus ? Que les fanas du kitsch nous abreuvent de photos hyper color\u00e9es, que les accros \u00e0 l\u2019\u00e9pure s\u2019essayent au highkey ou au minimalisme\u2026 Exprimez votre design favori par une photo !\u00a0\u00bb<\/i><\/p>\n<\/blockquote>\n<p style=\"color:#141923;\">Ma photo :<\/p>\n<p><a title=\"Une certaine id\u00e9e du design\" href=\"http:\/\/lyonelk.smugmug.com\/Photography\/Photo-du-mois\/i-7VtnqGw\/A\"><img data-recalc-dims=\"1\" loading=\"lazy\" decoding=\"async\" class=\"aligncenter\" title=\"Une certaine id\u00e9e du design\" src=\"https:\/\/i0.wp.com\/lyonelk.smugmug.com\/Photography\/Photo-du-mois\/i-7VtnqGw\/0\/L\/IMGP3009-L.jpg?resize=800%2C532\" alt=\"Une certaine id\u00e9e du design\" width=\"800\" height=\"532\" \/><\/a><\/p>\n<p><strong>\u00a0Commentaire :<\/strong><\/p>\n<p>L&rsquo;objet a \u00e9t\u00e9 r\u00e9alis\u00e9 par mon fils en\u00a03e ann\u00e9e d&rsquo;apprentissage pour un CFC de Constructeur m\u00e9tallique.<\/p>\n<p>Photo prise avec mon Pentax K-3 &#8211; Objectif Sigma 17-70mm iso 200<em> f<\/em>\/2.8 1\/50<\/p>\n<p>L&rsquo;interpr\u00e9tation du th\u00e8me par les autres participants :<br \/>\n<a href=\"http:\/\/calamonique.com\/\" target=\"_blank\">Calamonique<\/a>, <a href=\"http:\/\/macatou.wordpress.com\/\" target=\"_blank\">Thalie<\/a>, <a href=\"http:\/\/troussecadettephoto.over-blog.com\/\" target=\"_blank\">Trousse cadette<\/a>, <a href=\"http:\/\/xoliv.blogspot.fr\" target=\"_blank\">Xoliv&rsquo;<\/a>, <a href=\"http:\/\/isaquarel.canalblog.com\/archives\/la_photo_du_mois\/index.html\" target=\"_blank\">Isaquarel<\/a>, <a href=\"http:\/\/anteketborka.blogspot.com\" target=\"_blank\">magda627<\/a>, <a href=\"http:\/\/clicpassion.canalblog.com\" target=\"_blank\">Nicky<\/a>, <a href=\"http:\/\/revesenmousse.over-blog.com\" target=\"_blank\">Joane<\/a>, <a href=\"http:\/\/sublime-essence.over-blog.com\" target=\"_blank\">Bestofava<\/a>, <a href=\"http:\/\/rythme-indigo.blogspot.com\" target=\"_blank\">Rythme Indigo<\/a>, <a href=\"http:\/\/woocares.wordpress.com\/\" target=\"_blank\">Woocares<\/a>, <a href=\"http:\/\/laulineafaitdesphotos.com\/\" target=\"_blank\">Laulinea<\/a>, <a href=\"http:\/\/theparisienne.fr\" target=\"_blank\">The Parisienne<\/a>, <a href=\"http:\/\/tribulationsdemarie.com\" target=\"_blank\">Marie<\/a>, <a href=\"http:\/\/unephotodesquejepeux.wordpress.com\/\" target=\"_blank\">Maria Graphia<\/a>, <a href=\"http:\/\/anne-tranche-de-vie.over-blog.com\/categorie-11390539.html\" target=\"_blank\">Anne<\/a>, <a href=\"http:\/\/www.lesbonheurs.fr\/\" target=\"_blank\">Les bonheurs d&rsquo;Anne &amp; Alex<\/a>, <a href=\"http:\/\/homeos-tasie.blogspot.fr\/\" target=\"_blank\">Homeos-tasie<\/a>, <a href=\"http:\/\/grandereveuse.fr\/\" target=\"_blank\">Louisianne<\/a>, <a href=\"http:\/\/legrandbazardagathe.blogspot.fr\/\" target=\"_blank\">Agathe<\/a>, <a href=\"http:\/\/www.claires-blog.com\" target=\"_blank\">Claire&rsquo;s Blog<\/a>, <a href=\"https:\/\/lyonelkaufmann.ch\/Blog\/category\/blogcafe\/photo-du-mois\/\" target=\"_blank\">Lyonelk<\/a>, <a href=\"http:\/\/suissexpress.wordpress.com\/\" target=\"_blank\">Christophe<\/a>, <a href=\"http:\/\/www.lesfillesduweb.com\" target=\"_blank\">Les Filles du Web<\/a>, <a href=\"http:\/\/testinauteathome.over-blog.com\/\" target=\"_blank\">Testinaute<\/a>, <a href=\"http:\/\/www.birdsandbicycles.fr\" target=\"_blank\">Kantu<\/a>, <a href=\"http:\/\/mapassionbento.blogspot.fr\/\" target=\"_blank\">DelphineF<\/a>, <a href=\"http:\/\/anola-lemag.fr\/\" target=\"_blank\">Ann<\/a>, <a href=\"http:\/\/nie-dmb.blogspot.be\/\" target=\"_blank\">Nie<\/a>, <a href=\"http:\/\/cocovin.net\/\" target=\"_blank\">Alban<\/a>, <a href=\"http:\/\/www.colourslife.fr\/\" target=\"_blank\">Mahlyn<\/a>, <a href=\"http:\/\/www.e-slovenie.com\/fr\/vie-en-slovenie\/photos-du-mois\/\" target=\"_blank\">eSlov\u00e9nie<\/a>, <a href=\"http:\/\/pilisi.over-blog.com\/tag\/Photo%20du%20mois\/\" target=\"_blank\">Pilisi<\/a>, <a href=\"http:\/\/www.perezannik.org\" target=\"_blank\">Annick<\/a>, <a href=\"http:\/\/www.aureliemenard.com\/category\/blog\/\" target=\"_blank\">Aur\u00e9lieM<\/a>, <a href=\"http:\/\/filamots.wordpress.com\" target=\"_blank\">Filamots<\/a>, <a href=\"http:\/\/leblogdekat.com\" target=\"_blank\">A&rsquo;icha<\/a>, <a href=\"http:\/\/vudubalcon.blogspot.fr\" target=\"_blank\">Fran\u00e7ois le Ni\u00e7ois<\/a>, <a href=\"http:\/\/toulonbyjulia.com\/blogtoulon\/\" target=\"_blank\">Julia<\/a>, <a href=\"http:\/\/www.quadraetcie.fr\/1\/index.php?q=galerie%2Fla-photo-du-mois\" target=\"_blank\">C\u00e9cile &#8211; Une quadra<\/a>, <a href=\"http:\/\/www.memoriesfromanywhere.fr\/\" target=\"_blank\">Memories from anywhere<\/a>, <a href=\"http:\/\/lesphotosdelaurie.blogspot.fr\/\" target=\"_blank\">Laurie<\/a>, <a href=\"http:\/\/cestpasmoijeljure.com\/\" target=\"_blank\">Dr. CaSo<\/a>, <a href=\"http:\/\/www.sephiraph.be\" target=\"_blank\">Sephiraph<\/a>, <a href=\"http:\/\/chezmamysoren.over-blog.com\" target=\"_blank\">Mamysoren<\/a>, <a href=\"http:\/\/krn-defouloir.blogspot.com\" target=\"_blank\">Krn<\/a>, <a href=\"http:\/\/2mainsetkelkesriens.blogspot.ca\" target=\"_blank\">Agn\u00e8s<\/a>, <a href=\"http:\/\/laudesmontagnes.wordpress.com\/\" target=\"_blank\">Lau* des montagnes<\/a>, <a href=\"http:\/\/lafeedulogis43.over-blog.fr\" target=\"_blank\">Giselle 43<\/a>, <a href=\"http:\/\/derriere-mes-yeux.blogspot.fr\/\" target=\"_blank\">Aude<\/a>, <a href=\"http:\/\/hibiscusblog.net\/category\/la-photo-du-mois-2\" target=\"_blank\">hibiscus<\/a>, <a href=\"http:\/\/occident-express.hautetfort.com\" target=\"_blank\">Eurydice<\/a>, <a href=\"http:\/\/blog.lesprincessesdemarie.com\/\" target=\"_blank\">princesse Emalia<\/a>, <a href=\"http:\/\/www.boeingbleudemer.com\" target=\"_blank\">Cynthia<\/a>, <a href=\"http:\/\/mysweetescape.fr\/\" target=\"_blank\">Chlo\u00e9<\/a>, <a href=\"http:\/\/avecunaccent.canalblog.com\" target=\"_blank\">Elsa<\/a>, <a href=\"http:\/\/lestetesafranchouilles.blogspot.fr\/\" target=\"_blank\">La Dum<\/a>, <a href=\"http:\/\/www.lanantaiseaparis.com\/search\/label\/...%20La%20Photo%20du%20Mois\" target=\"_blank\">La Nantaise \u00e0 Paris<\/a>, <a href=\"http:\/\/mauricemonamour.blogspot.fr\/\" target=\"_blank\">MauriceMonAmour<\/a>, <a href=\"http:\/\/blogoth67.wordpress.com\" target=\"_blank\">Blogoth67<\/a>, <a href=\"http:\/\/blablabazar.over-blog.com\/\" target=\"_blank\">Sandrine<\/a>, <a href=\"http:\/\/voyageaugredesvents.blogspot.be\" target=\"_blank\">Sylvie<\/a>, <a href=\"http:\/\/photos.byenzo.fr\/\" target=\"_blank\">C\u00e9cile Atch&rsquo;oum<\/a>, <a href=\"http:\/\/www.mon-ecrin-de-passions.com\/\" target=\"_blank\">Lavandine83<\/a>, <a href=\"http:\/\/monbeaumanoir.wordpress.com\/\" target=\"_blank\">Ava<\/a>, <a href=\"http:\/\/reverieschatbleu.canalblog.com\/\" target=\"_blank\">Chat bleu<\/a>, <a href=\"http:\/\/inside-expat.com\" target=\"_blank\">The Singapore Miminews<\/a>, <a href=\"http:\/\/wonderlandalice.wordpress.com\/\" target=\"_blank\">Alice Wonderland<\/a>, <a href=\"http:\/\/blueedel.wordpress.com\/\" target=\"_blank\">Blue Edel<\/a>, <a href=\"http:\/\/cyberdilou.canalblog.com\" target=\"_blank\">Gizeh<\/a>, <a href=\"http:\/\/www.malaxi.net\" target=\"_blank\">Laurent Nicolas<\/a>, <a href=\"http:\/\/akai-inthesky.blogspot.com\" target=\"_blank\">Akaieric<\/a>, <a href=\"http:\/\/galinette-dezailes.blogspot.fr\/\" target=\"_blank\">Galinette<\/a>, <a href=\"http:\/\/toxiq.canalblog.com\" target=\"_blank\">BiGBuGS<\/a>, <a href=\"http:\/\/cupsofenglishtea.wordpress.com\/\" target=\"_blank\">Proserpinne<\/a>, <a href=\"http:\/\/mimireliton.blogspot.fr\" target=\"_blank\">Mimireliton<\/a>, <a href=\"http:\/\/lacachouette.over-blog.com\/\" target=\"_blank\">KK-hu\u00e8te En Bretannie<\/a>, <a href=\"http:\/\/frenchiesinparis.over-blog.com\" target=\"_blank\">C\u00e9line in Paris<\/a>, <a href=\"http:\/\/lacasademamachronique.wordpress.com\/\" target=\"_blank\">Ang\u00e9lique<\/a>, <a href=\"http:\/\/philae.over-blog.com\" target=\"_blank\">Philae<\/a>, <a href=\"http:\/\/madame-ananas.fr\/\" target=\"_blank\">Crearine<\/a>, <a href=\"http:\/\/bonsbaisersdaustralie.wordpress.com\/category\/la-photo-du-mois\/\" target=\"_blank\">MissCarole<\/a>, <a href=\"http:\/\/cetomontreal.blogspot.ca\/\" target=\"_blank\">CetO<\/a>, <a href=\"http:\/\/elpadawan.wordpress.com\" target=\"_blank\">El Padawan<\/a>, <a href=\"http:\/\/lorgnettedunjour.canalblog.com\/\" target=\"_blank\">Lavandine<\/a>, <a href=\"http:\/\/www.legaletas.net\/blog\/index.php\" target=\"_blank\">Gilsoub<\/a>, <a href=\"http:\/\/renepaulhenry.blogspot.com\" target=\"_blank\">Renepaulhenry<\/a>, <a href=\"http:\/\/www.inmybubble.org\" target=\"_blank\">Vanilla<\/a>, <a href=\"http:\/\/www.pixeline.fr\/tag\/photo-du-mois\/\" target=\"_blank\">Pixeline<\/a>, <a href=\"http:\/\/www.lafilledelair.com\/blog\/la-photo-du-mois\/\" target=\"_blank\">La Fille de l&rsquo;Air<\/a>, <a href=\"http:\/\/morganebyloosphoto.wordpress.com\" target=\"_blank\">Morgane Byloos Photography<\/a>, <a href=\"http:\/\/bellegosse.wordpress.com\/\" target=\"_blank\">Oscara<\/a>, <a href=\"http:\/\/mesmotsdoubs.blogspot.fr\/search\/label\/la%20photo%20du%20mois\" target=\"_blank\">Genevi\u00e8ve T.<\/a>, <a href=\"http:\/\/www.destination-montreal.net\" target=\"_blank\">Lucile et Rod<\/a>, <a href=\"http:\/\/champagnefraise.wordpress.com\" target=\"_blank\">Champagne<\/a>, <a href=\"http:\/\/www.chiffonsandco.fr\" target=\"_blank\">Arwen<\/a>, <a href=\"http:\/\/www.laparentheseenchantee.fr\/\" target=\"_blank\">Isa ToutSimplement<\/a>, <a href=\"http:\/\/fanfanraccoons.blogspot.com\" target=\"_blank\">Fanfan Raccoon<\/a>, <a href=\"http:\/\/www.cricriyomfromparis.com\/search\/label\/La%20photo%20du%20mois\" target=\"_blank\">Cricriyom from Paris<\/a>, <a href=\"http:\/\/www.dameskarlette.com\/\" target=\"_blank\">Dame Skarlette<\/a>, <a href=\"http:\/\/tuxana.blogspot.ca\/\" target=\"_blank\">Tuxana<\/a>, <a href=\"http:\/\/zoursland.com\" target=\"_blank\">Fr\u00e9d\u00e9ric<\/a>, <a href=\"http:\/\/vraiefiction.blogspot.com\" target=\"_blank\">Guillaume<\/a>, <a href=\"http:\/\/lachataignesauvage.over-blog.com\/categorie-12516589.html\" target=\"_blank\">Josiane<\n\/a>, <a href=\"http:\/\/blogs.paris.fr\/unitedstatesofparis\" target=\"_blank\">Alexinparis<\/a><\/p>\n","protected":false},"excerpt":{"rendered":"<p>Le th\u00e8me du mois : Une certaine id\u00e9e du design, choisi par\u00a0Sephiraph (http:\/\/www.sephiraph.be). Note de l&rsquo;auteur: \u00ab\u00a0Qu\u2019il soit moderne, ancien, kitsch, industriel, plat, \u00e9pur\u00e9, le design influence la mode, la construction, l\u2019ameublement, la conception des objets qui nous entourent. Et fatalement, on aime ou on n\u2019aime pas, on va s\u2019attacher \u00e0 l\u2019un ou l\u2019autre style [&hellip;]<\/p>\n","protected":false},"author":1,"featured_media":14618,"comment_status":"open","ping_status":"open","sticky":false,"template":"","format":"standard","meta":{"_import_markdown_pro_load_document_selector":0,"_import_markdown_pro_submit_text_textarea":"","_genesis_hide_title":false,"_genesis_hide_breadcrumbs":false,"_genesis_hide_singular_image":false,"_genesis_hide_footer_widgets":false,"_genesis_custom_body_class":"","_genesis_custom_post_class":"","_genesis_layout":"","jetpack_post_was_ever_published":false,"_jetpack_newsletter_access":"","_jetpack_dont_email_post_to_subs":false,"_jetpack_newsletter_tier_id":0,"_jetpack_memberships_contains_paywalled_content":false,"_jetpack_memberships_contains_paid_content":false,"activitypub_content_warning":"","activitypub_content_visibility":"","activitypub_max_image_attachments":3,"activitypub_interaction_policy_quote":"anyone","activitypub_status":"","footnotes":"","jetpack_publicize_message":"","jetpack_publicize_feature_enabled":true,"jetpack_social_post_already_shared":true,"jetpack_social_options":{"image_generator_settings":{"template":"fullscreen","default_image_id":0,"font":"","enabled":false},"version":2}},"categories":[4],"tags":[],"class_list":{"0":"post-11541","1":"post","2":"type-post","3":"status-publish","4":"format-standard","5":"has-post-thumbnail","7":"category-photo-du-mois","8":"entry"},"jetpack_publicize_connections":[],"featured_image_src":"https:\/\/i0.wp.com\/lyonelkaufmann.ch\/Blog\/wp-content\/uploads\/2015\/02\/imgp3009-l.jpg?resize=600%2C400&ssl=1","featured_image_src_square":"https:\/\/i0.wp.com\/lyonelkaufmann.ch\/Blog\/wp-content\/uploads\/2015\/02\/imgp3009-l.jpg?resize=600%2C532&ssl=1","author_info":{"display_name":"Lyonel Kaufmann","author_link":"https:\/\/lyonelkaufmann.ch\/Blog\/author\/lyonelk\/"},"jetpack_featured_media_url":"https:\/\/i0.wp.com\/lyonelkaufmann.ch\/Blog\/wp-content\/uploads\/2015\/02\/imgp3009-l.jpg?fit=800%2C532&ssl=1","jetpack_sharing_enabled":true,"jetpack_shortlink":"https:\/\/wp.me\/p1qtF4-309","jetpack-related-posts":[{"id":26787,"url":"https:\/\/lyonelkaufmann.ch\/Blog\/2025\/03\/18\/breve-de-comptoir\/","url_meta":{"origin":11541,"position":0},"title":"Br\u00e8ve de comptoir","author":"Lyonel Kaufmann","date":"18 mars 2025","format":false,"excerpt":"Br\u00e8ve de comptoir ou le point de vue photographique saisi \u00e0 ras le comptoir du bar de la cuisine. Exp\u00e9rimentation photographique dans le sens d'une lo-fi photographie. Cette derni\u00e8re est une d\u00e9clinaison de la low-fidelity (basse fid\u00e9lit\u00e9), expression apparue \u00e0 la fin des ann\u00e9es 19801 aux \u00c9tats-Unis pour d\u00e9signer certains\u2026","rel":"","context":"Dans &quot;Blogcaf\u00e9&quot;","block_context":{"text":"Blogcaf\u00e9","link":"https:\/\/lyonelkaufmann.ch\/Blog\/category\/blogcafe-2\/"},"img":{"alt_text":"","src":"https:\/\/i0.wp.com\/lyonelkaufmann.ch\/Blog\/wp-content\/uploads\/2025\/03\/IMG_0639-scaled.jpeg?fit=1200%2C900&ssl=1&resize=350%2C200","width":350,"height":200,"srcset":"https:\/\/i0.wp.com\/lyonelkaufmann.ch\/Blog\/wp-content\/uploads\/2025\/03\/IMG_0639-scaled.jpeg?fit=1200%2C900&ssl=1&resize=350%2C200 1x, https:\/\/i0.wp.com\/lyonelkaufmann.ch\/Blog\/wp-content\/uploads\/2025\/03\/IMG_0639-scaled.jpeg?fit=1200%2C900&ssl=1&resize=525%2C300 1.5x, https:\/\/i0.wp.com\/lyonelkaufmann.ch\/Blog\/wp-content\/uploads\/2025\/03\/IMG_0639-scaled.jpeg?fit=1200%2C900&ssl=1&resize=700%2C400 2x, https:\/\/i0.wp.com\/lyonelkaufmann.ch\/Blog\/wp-content\/uploads\/2025\/03\/IMG_0639-scaled.jpeg?fit=1200%2C900&ssl=1&resize=1050%2C600 3x"},"classes":[]},{"id":7037,"url":"https:\/\/lyonelkaufmann.ch\/Blog\/2012\/08\/12\/revue-de-presse-projet-athena-le-futur-design-de-wikipedia-autour-de-wikipedia-et-des-projets-wikimedia\/","url_meta":{"origin":11541,"position":1},"title":"Revue de presse : Projet Athena : le futur design de Wikip\u00e9dia | Autour de Wikip\u00e9dia et des projets Wikimedia","author":"Lyonel Kaufmann","date":"12 ao\u00fbt 2012","format":false,"excerpt":"Quel avenir pour Wikip\u00e9dia ? Brandon Harris a sa petite id\u00e9e. Ce designer employ\u00e9 par la Wikimedia Foundation a fait para\u00eetre une sorte d\u2019essai d\u2019anticipation dans The Signpost, l\u2019hebdomadaire d\u2019information des projets Wikim\u00e9dia. Il vient d\u2019\u00eatre traduit en fran\u00e7ais sur le blog de Wikim\u00e9dia France. Projet Athena : le futur\u2026","rel":"","context":"Dans &quot;L'Expresso&quot;","block_context":{"text":"L'Expresso","link":"https:\/\/lyonelkaufmann.ch\/Blog\/category\/breves\/"},"img":{"alt_text":"","src":"http:\/\/upload.wikimedia.org\/wikipedia\/commons\/thumb\/2\/28\/Athena-Wikimania-2012-BrandonHarris.png\/250px-Athena-Wikimania-2012-BrandonHarris.png","width":350,"height":200},"classes":[]},{"id":12388,"url":"https:\/\/lyonelkaufmann.ch\/Blog\/2015\/02\/15\/coup-de-coeur-photo-du-mois\/","url_meta":{"origin":11541,"position":2},"title":"Coup de coeur | Photo du mois","author":"Lyonel Kaufmann","date":"15 f\u00e9vrier 2015","format":false,"excerpt":"Le th\u00e8me du mois, Coup de C\u0153ur, a \u00e9t\u00e9 choisi par Brindille\u00a0(http:\/\/brindille33.wordpress.com\/). Sa pr\u00e9sentation du th\u00e8me : A partir de la date du 15 janvier jusqu'au 15 f\u00e9vrier, trouver une photo dans n'importe quel domaine, pas de restriction et pour laquelle vous avez un v\u00e9ritable coup de coeur. Si le\u2026","rel":"","context":"Dans &quot;Photo du mois&quot;","block_context":{"text":"Photo du mois","link":"https:\/\/lyonelkaufmann.ch\/Blog\/category\/photo-du-mois\/"},"img":{"alt_text":"","src":"https:\/\/i0.wp.com\/lyonelkaufmann.ch\/Blog\/wp-content\/uploads\/2015\/02\/16329721115_b17de1d1c9_b.jpg?fit=1024%2C681&ssl=1&resize=350%2C200","width":350,"height":200,"srcset":"https:\/\/i0.wp.com\/lyonelkaufmann.ch\/Blog\/wp-content\/uploads\/2015\/02\/16329721115_b17de1d1c9_b.jpg?fit=1024%2C681&ssl=1&resize=350%2C200 1x, https:\/\/i0.wp.com\/lyonelkaufmann.ch\/Blog\/wp-content\/uploads\/2015\/02\/16329721115_b17de1d1c9_b.jpg?fit=1024%2C681&ssl=1&resize=525%2C300 1.5x, https:\/\/i0.wp.com\/lyonelkaufmann.ch\/Blog\/wp-content\/uploads\/2015\/02\/16329721115_b17de1d1c9_b.jpg?fit=1024%2C681&ssl=1&resize=700%2C400 2x"},"classes":[]},{"id":7048,"url":"https:\/\/lyonelkaufmann.ch\/Blog\/2012\/08\/15\/la-photo-du-mois-oh-my-god\/","url_meta":{"origin":11541,"position":3},"title":"La Photo du mois : Oh, my god !","author":"Lyonel Kaufmann","date":"15 ao\u00fbt 2012","format":"image","excerpt":"Ce mois, c'est Cynthia qui nous a propos\u00e9 le th\u00e8me du mois: Allez \"Oh my god\" Un th\u00e8me sans aucune connotation religieuse mais qui d\u00e9note plut\u00f4t la stup\u00e9faction ou la surprise ... je pense que \u00e7a colle bien aux vacances :) Je dois dire qu'au d\u00e9but ce th\u00e8me m'a plong\u00e9\u2026","rel":"","context":"Dans &quot;Blogcaf\u00e9&quot;","block_context":{"text":"Blogcaf\u00e9","link":"https:\/\/lyonelkaufmann.ch\/Blog\/category\/blogcafe-2\/"},"img":{"alt_text":"","src":"https:\/\/i0.wp.com\/lyonelkaufmann.ch\/Blog\/wp-content\/uploads\/2015\/03\/ohmygod-L.jpg?fit=397%2C600&ssl=1&resize=350%2C200","width":350,"height":200},"classes":[]},{"id":16061,"url":"https:\/\/lyonelkaufmann.ch\/Blog\/2016\/02\/15\/photo-du-mois-en-chantant\/","url_meta":{"origin":11541,"position":4},"title":"Photo du mois : En chantant","author":"Lyonel Kaufmann","date":"15 f\u00e9vrier 2016","format":false,"excerpt":"Th\u00e8me:\u00a0En chantant, choisi par\u00a0Thalie\u00a0(http:\/\/macatou.wordpress.com) Note de l'auteur-e:\u00a0Comme le dit la chanson : \"quand j'\u00e9tais petit gar\u00e7on je repassais mes le\u00e7ons en chantant ; et bien des ann\u00e9es plus tard je chassais mes id\u00e9es noires en chantant [...] la vie c'est plus marrant c'est moins d\u00e9sesp\u00e9rant en chantant\" Votre photo devra\u2026","rel":"","context":"Dans &quot;Photo du mois&quot;","block_context":{"text":"Photo du mois","link":"https:\/\/lyonelkaufmann.ch\/Blog\/category\/photo-du-mois\/"},"img":{"alt_text":"","src":"https:\/\/i0.wp.com\/lyonelkaufmann.ch\/Blog\/wp-content\/uploads\/2016\/02\/Mirza-1.jpg?fit=800%2C800&ssl=1&resize=350%2C200","width":350,"height":200,"srcset":"https:\/\/i0.wp.com\/lyonelkaufmann.ch\/Blog\/wp-content\/uploads\/2016\/02\/Mirza-1.jpg?fit=800%2C800&ssl=1&resize=350%2C200 1x, https:\/\/i0.wp.com\/lyonelkaufmann.ch\/Blog\/wp-content\/uploads\/2016\/02\/Mirza-1.jpg?fit=800%2C800&ssl=1&resize=525%2C300 1.5x, https:\/\/i0.wp.com\/lyonelkaufmann.ch\/Blog\/wp-content\/uploads\/2016\/02\/Mirza-1.jpg?fit=800%2C800&ssl=1&resize=700%2C400 2x"},"classes":[]},{"id":14760,"url":"https:\/\/lyonelkaufmann.ch\/Blog\/2015\/04\/15\/signe-du-declin-industriel-la-photo-du-mois\/","url_meta":{"origin":11541,"position":5},"title":"Signe du d\u00e9clin industriel | La photo du mois","author":"Lyonel Kaufmann","date":"15 avril 2015","format":false,"excerpt":"Le th\u00e8me du mois \u00absigne du d\u00e9clin industriel\u00bb a \u00e9t\u00e9 choisi par Alban (http:\/\/cocovin.net\/). Mon interpr\u00e9tation du th\u00e8me : Sachant que je me rendais \u00e0 Montr\u00e9al fin mars, d\u00e8s que le th\u00e8me a \u00e9t\u00e9 choisi par Alban, j\u2019avais en t\u00eate le sujet de ma photo. Ce groupe de b\u00e2timents situ\u00e9\u2026","rel":"","context":"Dans &quot;Photo du mois&quot;","block_context":{"text":"Photo du mois","link":"https:\/\/lyonelkaufmann.ch\/Blog\/category\/photo-du-mois\/"},"img":{"alt_text":"","src":"https:\/\/i0.wp.com\/lyonelkaufmann.ch\/Blog\/wp-content\/uploads\/2015\/04\/17128274596_d7669b28e4_c.jpg?fit=800%2C532&ssl=1&resize=350%2C200","width":350,"height":200,"srcset":"https:\/\/i0.wp.com\/lyonelkaufmann.ch\/Blog\/wp-content\/uploads\/2015\/04\/17128274596_d7669b28e4_c.jpg?fit=800%2C532&ssl=1&resize=350%2C200 1x, https:\/\/i0.wp.com\/lyonelkaufmann.ch\/Blog\/wp-content\/uploads\/2015\/04\/17128274596_d7669b28e4_c.jpg?fit=800%2C532&ssl=1&resize=525%2C300 1.5x, https:\/\/i0.wp.com\/lyonelkaufmann.ch\/Blog\/wp-content\/uploads\/2015\/04\/17128274596_d7669b28e4_c.jpg?fit=800%2C532&ssl=1&resize=700%2C400 2x"},"classes":[]}],"jetpack_likes_enabled":true,"_links":{"self":[{"href":"https:\/\/lyonelkaufmann.ch\/Blog\/wp-json\/wp\/v2\/posts\/11541","targetHints":{"allow":["GET"]}}],"collection":[{"href":"https:\/\/lyonelkaufmann.ch\/Blog\/wp-json\/wp\/v2\/posts"}],"about":[{"href":"https:\/\/lyonelkaufmann.ch\/Blog\/wp-json\/wp\/v2\/types\/post"}],"author":[{"embeddable":true,"href":"https:\/\/lyonelkaufmann.ch\/Blog\/wp-json\/wp\/v2\/users\/1"}],"replies":[{"embeddable":true,"href":"https:\/\/lyonelkaufmann.ch\/Blog\/wp-json\/wp\/v2\/comments?post=11541"}],"version-history":[{"count":0,"href":"https:\/\/lyonelkaufmann.ch\/Blog\/wp-json\/wp\/v2\/posts\/11541\/revisions"}],"wp:featuredmedia":[{"embeddable":true,"href":"https:\/\/lyonelkaufmann.ch\/Blog\/wp-json\/wp\/v2\/media\/14618"}],"wp:attachment":[{"href":"https:\/\/lyonelkaufmann.ch\/Blog\/wp-json\/wp\/v2\/media?parent=11541"}],"wp:term":[{"taxonomy":"category","embeddable":true,"href":"https:\/\/lyonelkaufmann.ch\/Blog\/wp-json\/wp\/v2\/categories?post=11541"},{"taxonomy":"post_tag","embeddable":true,"href":"https:\/\/lyonelkaufmann.ch\/Blog\/wp-json\/wp\/v2\/tags?post=11541"}],"curies":[{"name":"wp","href":"https:\/\/api.w.org\/{rel}","templated":true}]}}