{"id":11559,"date":"2014-06-10T13:00:16","date_gmt":"2014-06-10T12:00:16","guid":{"rendered":"https:\/\/lyonelkaufmann.ch\/Blog\/?p=11559"},"modified":"2014-06-10T13:00:16","modified_gmt":"2014-06-10T12:00:16","slug":"jardin-concert-eric-constantin","status":"publish","type":"post","link":"https:\/\/lyonelkaufmann.ch\/Blog\/2014\/06\/10\/jardin-concert-eric-constantin\/","title":{"rendered":"Jardin concert :: Eric Constantin"},"content":{"rendered":"<p><img data-recalc-dims=\"1\" loading=\"lazy\" decoding=\"async\" class=\"aligncenter\" src=\"https:\/\/i0.wp.com\/lyonelk.smugmug.com\/Photography\/Jardin-Concert-Eric-Constantin\/i-d2Qd6Fk\/0\/XL\/JardinConcertEricConstantin1-XL.jpg?resize=1024%2C681\" alt=\"\" width=\"1024\" height=\"681\" \/><\/p>\n<p>Alors que son idole, Bruce Springsteen, s&rsquo;est d&rsquo;abord fait conna\u00eetre \u00e0 Asbury Park, Eric Constantin a enchant\u00e9 en ce samedi de Pentec\u00f4te un jardin, forc\u00e9ment extraordinaire, de la banlieue lausannoise.<\/p>\n<p><img data-recalc-dims=\"1\" loading=\"lazy\" decoding=\"async\" class=\"aligncenter\" src=\"https:\/\/i0.wp.com\/lyonelk.smugmug.com\/Photography\/Jardin-Concert-Eric-Constantin\/i-vZx6QQz\/0\/XL\/JardinConcertEricConstantin33-XL.jpg?resize=1024%2C681\" alt=\"\" width=\"1024\" height=\"681\" \/><\/p>\n<p>Pour le plus grand plaisir des personnes pr\u00e9sentes, il les a gratifi\u00e9s de son humour, de sa gentillesse et de ses chansons aux diff\u00e9rentes facettes, accompagn\u00e9 de sa seule guitare, de son banjo ou de son ukul\u00e9l\u00e9.<\/p>\n<p><img data-recalc-dims=\"1\" loading=\"lazy\" decoding=\"async\" class=\"aligncenter\" src=\"https:\/\/i0.wp.com\/lyonelk.smugmug.com\/Photography\/Jardin-Concert-Eric-Constantin\/i-c8BS78L\/0\/XL\/JardinConcertEricConstantin32%2520-%2520Version%25202-XL.jpg?resize=1024%2C683\" alt=\"\" width=\"1024\" height=\"683\" \/><\/p>\n<p>Comme son autre idole, Johnny Hallyday, il n&rsquo;a pas manqu\u00e9 de sauter sur les chaises et les tables pr\u00e9sentes sans en casser une seule cependant.<\/p>\n<p>La galerie photos sous forme de clip vid\u00e9o :<\/p>\n<p><iframe loading=\"lazy\" title=\"Jardin concert  Eric Constantin\" src=\"https:\/\/player.vimeo.com\/video\/97781234?dnt=1&amp;app_id=122963\" width=\"500\" height=\"313\" frameborder=\"0\" allow=\"autoplay; fullscreen; picture-in-picture; clipboard-write\"><\/iframe><\/p>\n<p>La galerie :\u00a0<a href=\"http:\/\/lyonelk.smugmug.com\/Photography\/Jardin-Concert-Eric-Constantin\/i-DDtfRnL\/A\" target=\"_blank\">http:\/\/lyonelk.smugmug.com\/Photography\/Jardin-Concert-Eric-Constantin\/i-DDtfRnL\/A<\/a><\/p>\n<p>Merci \u00e0 lui et \u00e9coutez-le via son site : <a href=\"http:\/\/www.ericconstantin.ch\" target=\"_blank\">http:\/\/www.ericconstantin.ch<\/a>.<\/p>\n","protected":false},"excerpt":{"rendered":"<p>Alors que son idole, Bruce Springsteen, s&rsquo;est d&rsquo;abord fait conna\u00eetre \u00e0 Asbury Park, Eric Constantin a enchant\u00e9 en ce samedi de Pentec\u00f4te un jardin, forc\u00e9ment extraordinaire, de la banlieue lausannoise. Pour le plus grand plaisir des personnes pr\u00e9sentes, il les a gratifi\u00e9s de son humour, de sa gentillesse et de ses chansons aux diff\u00e9rentes facettes, [&hellip;]<\/p>\n","protected":false},"author":1,"featured_media":14616,"comment_status":"open","ping_status":"open","sticky":false,"template":"","format":"standard","meta":{"_import_markdown_pro_load_document_selector":0,"_import_markdown_pro_submit_text_textarea":"","_genesis_hide_title":false,"_genesis_hide_breadcrumbs":false,"_genesis_hide_singular_image":false,"_genesis_hide_footer_widgets":false,"_genesis_custom_body_class":"","_genesis_custom_post_class":"","_genesis_layout":"","jetpack_post_was_ever_published":false,"_jetpack_newsletter_access":"","_jetpack_dont_email_post_to_subs":false,"_jetpack_newsletter_tier_id":0,"_jetpack_memberships_contains_paywalled_content":false,"_jetpack_memberships_contains_paid_content":false,"activitypub_content_warning":"","activitypub_content_visibility":"","activitypub_max_image_attachments":3,"activitypub_interaction_policy_quote":"anyone","activitypub_status":"","footnotes":"","jetpack_publicize_message":"","jetpack_publicize_feature_enabled":true,"jetpack_social_post_already_shared":true,"jetpack_social_options":{"image_generator_settings":{"template":"fullscreen","default_image_id":0,"font":"","enabled":false},"version":2}},"categories":[3],"tags":[],"class_list":{"0":"post-11559","1":"post","2":"type-post","3":"status-publish","4":"format-standard","5":"has-post-thumbnail","7":"category-blogcafe-2","8":"entry"},"jetpack_publicize_connections":[],"featured_image_src":"https:\/\/i0.wp.com\/lyonelkaufmann.ch\/Blog\/wp-content\/uploads\/2015\/02\/jardinconcertericconstantin1-xl.jpg?resize=600%2C400&ssl=1","featured_image_src_square":"https:\/\/i0.wp.com\/lyonelkaufmann.ch\/Blog\/wp-content\/uploads\/2015\/02\/jardinconcertericconstantin1-xl.jpg?resize=600%2C600&ssl=1","author_info":{"display_name":"Lyonel Kaufmann","author_link":"https:\/\/lyonelkaufmann.ch\/Blog\/author\/lyonelk\/"},"jetpack_featured_media_url":"https:\/\/i0.wp.com\/lyonelkaufmann.ch\/Blog\/wp-content\/uploads\/2015\/02\/jardinconcertericconstantin1-xl.jpg?fit=1024%2C681&ssl=1","jetpack_sharing_enabled":true,"jetpack_shortlink":"https:\/\/wp.me\/p1qtF4-30r","jetpack-related-posts":[{"id":17659,"url":"https:\/\/lyonelkaufmann.ch\/Blog\/2016\/11\/14\/eric-constantin-the-final-concert-2\/","url_meta":{"origin":11559,"position":0},"title":"Eric Constantin &#8211; The Final Concert","author":"Lyonel Kaufmann","date":"14 novembre 2016","format":false,"excerpt":"Le 3 novembre 2016, Eric Constantin donnait le dernier concert de sa tourn\u00e9e de son album \"Tour de man\u00e8ge\" et peut-\u00eatre de sa carri\u00e8re \u00e0 Payerne. Son dernier morceau avant les rappels : https:\/\/youtu.be\/xziAKfnnfjU Chapeau bas l'artiste ! Et \u00e0 bient\u00f4t.","rel":"","context":"Dans &quot;Diary&quot;","block_context":{"text":"Diary","link":"https:\/\/lyonelkaufmann.ch\/Blog\/category\/diary\/"},"img":{"alt_text":"","src":"https:\/\/i0.wp.com\/lyonelkaufmann.ch\/Blog\/wp-content\/uploads\/2016\/11\/embed.jpg?fit=1024%2C512&ssl=1&resize=350%2C200","width":350,"height":200,"srcset":"https:\/\/i0.wp.com\/lyonelkaufmann.ch\/Blog\/wp-content\/uploads\/2016\/11\/embed.jpg?fit=1024%2C512&ssl=1&resize=350%2C200 1x, https:\/\/i0.wp.com\/lyonelkaufmann.ch\/Blog\/wp-content\/uploads\/2016\/11\/embed.jpg?fit=1024%2C512&ssl=1&resize=525%2C300 1.5x, https:\/\/i0.wp.com\/lyonelkaufmann.ch\/Blog\/wp-content\/uploads\/2016\/11\/embed.jpg?fit=1024%2C512&ssl=1&resize=700%2C400 2x"},"classes":[]},{"id":18839,"url":"https:\/\/lyonelkaufmann.ch\/Blog\/2017\/12\/02\/miroir-miroir-eric-constantin-30-ans-au-cafe-mogador-lausanne\/","url_meta":{"origin":11559,"position":1},"title":"\u00ab\u00a0Miroir, miroir&#8230;\u00a0\u00bb Eric Constantin (30 ans) au Caf\u00e9 Mogador #lausanne","author":"Lyonel Kaufmann","date":"2 d\u00e9cembre 2017","format":false,"excerpt":"from Instagram: http:\/\/ift.tt\/2AF4o1E","rel":"","context":"Dans &quot;Blogcaf\u00e9&quot;","block_context":{"text":"Blogcaf\u00e9","link":"https:\/\/lyonelkaufmann.ch\/Blog\/category\/blogcafe-2\/"},"img":{"alt_text":"","src":"","width":0,"height":0},"classes":[]},{"id":15230,"url":"https:\/\/lyonelkaufmann.ch\/Blog\/2015\/10\/12\/concert-eric-constantin-au-bilboquet-samedi-10-octobre-2015\/","url_meta":{"origin":11559,"position":2},"title":"Concert : Eric Constantin au Bilboquet, samedi 10 octobre 2015","author":"Lyonel Kaufmann","date":"12 octobre 2015","format":false,"excerpt":"View full version on Tackk Create your own customized Tackk page","rel":"","context":"Dans &quot;Blogcaf\u00e9&quot;","block_context":{"text":"Blogcaf\u00e9","link":"https:\/\/lyonelkaufmann.ch\/Blog\/category\/blogcafe-2\/"},"img":{"alt_text":"","src":"https:\/\/i0.wp.com\/lyonelkaufmann.ch\/Blog\/wp-content\/uploads\/2015\/10\/Eric-Constantin-au-Bilboquet-31-sur-31.jpg?fit=1200%2C1200&ssl=1&resize=350%2C200","width":350,"height":200,"srcset":"https:\/\/i0.wp.com\/lyonelkaufmann.ch\/Blog\/wp-content\/uploads\/2015\/10\/Eric-Constantin-au-Bilboquet-31-sur-31.jpg?fit=1200%2C1200&ssl=1&resize=350%2C200 1x, https:\/\/i0.wp.com\/lyonelkaufmann.ch\/Blog\/wp-content\/uploads\/2015\/10\/Eric-Constantin-au-Bilboquet-31-sur-31.jpg?fit=1200%2C1200&ssl=1&resize=525%2C300 1.5x, https:\/\/i0.wp.com\/lyonelkaufmann.ch\/Blog\/wp-content\/uploads\/2015\/10\/Eric-Constantin-au-Bilboquet-31-sur-31.jpg?fit=1200%2C1200&ssl=1&resize=700%2C400 2x, https:\/\/i0.wp.com\/lyonelkaufmann.ch\/Blog\/wp-content\/uploads\/2015\/10\/Eric-Constantin-au-Bilboquet-31-sur-31.jpg?fit=1200%2C1200&ssl=1&resize=1050%2C600 3x"},"classes":[]},{"id":16970,"url":"https:\/\/lyonelkaufmann.ch\/Blog\/2016\/07\/13\/lundi-11-juillet-sur-le-bateau-roadtrip-norvege-2016\/","url_meta":{"origin":11559,"position":3},"title":"Lundi 11 juillet &#8211; Sur le bateau #Roadtrip #Norv\u00e8ge 2016","author":"Lyonel Kaufmann","date":"13 juillet 2016","format":false,"excerpt":"15h45. Quelque part entre Oslo et Kiel. Le ciel est bas et lourd. Un ciel cr\u00e9pusculaire marque ainsi mon d\u00e9part de Norv\u00e8ge. A l'oppos\u00e9 de mon \u00e9tat d'esprit. Je repars la t\u00eate pleine de belles images, de paysages divers et fabuleux. J'ai retrouv\u00e9 la magie et les sentiments qui m'animaient\u2026","rel":"","context":"Dans &quot;Diary&quot;","block_context":{"text":"Diary","link":"https:\/\/lyonelkaufmann.ch\/Blog\/category\/diary\/"},"img":{"alt_text":"","src":"https:\/\/i0.wp.com\/lyonelkaufmann.ch\/Blog\/wp-content\/uploads\/2016\/07\/Image-11.07.16-22-26.jpeg?fit=792%2C1200&ssl=1&resize=350%2C200","width":350,"height":200,"srcset":"https:\/\/i0.wp.com\/lyonelkaufmann.ch\/Blog\/wp-content\/uploads\/2016\/07\/Image-11.07.16-22-26.jpeg?fit=792%2C1200&ssl=1&resize=350%2C200 1x, https:\/\/i0.wp.com\/lyonelkaufmann.ch\/Blog\/wp-content\/uploads\/2016\/07\/Image-11.07.16-22-26.jpeg?fit=792%2C1200&ssl=1&resize=525%2C300 1.5x, https:\/\/i0.wp.com\/lyonelkaufmann.ch\/Blog\/wp-content\/uploads\/2016\/07\/Image-11.07.16-22-26.jpeg?fit=792%2C1200&ssl=1&resize=700%2C400 2x"},"classes":[]},{"id":16754,"url":"https:\/\/lyonelkaufmann.ch\/Blog\/2016\/07\/01\/jeudi-1er-juillet-etape-1-francfort-roadtrip-norvege-2016\/","url_meta":{"origin":11559,"position":4},"title":"Vendredi 1er juillet Etape 1 : Francfort #Roadtrip #Norv\u00e8ge 2016","author":"Lyonel Kaufmann","date":"1 juillet 2016","format":false,"excerpt":"7h58, la moto est charg\u00e9e et pr\u00eate pour entreprendre un p\u00e9riple de deux semaines dont 8 jours en Norv\u00e8ge, but du voyage. Compte-rendu du jour. Dans les coffres, les habits de voyage (moto, apr\u00e8s-moto, costume de bains, habits de sport) et les affaires personnelles. Dans le sac r\u00e9servoir, un appareil\u2026","rel":"","context":"Dans &quot;Roadbook&quot;","block_context":{"text":"Roadbook","link":"https:\/\/lyonelkaufmann.ch\/Blog\/category\/roadbook\/"},"img":{"alt_text":"","src":"https:\/\/i0.wp.com\/lyonelkaufmann.ch\/Blog\/wp-content\/uploads\/2016\/07\/image.jpeg?fit=800%2C1200&ssl=1&resize=350%2C200","width":350,"height":200,"srcset":"https:\/\/i0.wp.com\/lyonelkaufmann.ch\/Blog\/wp-content\/uploads\/2016\/07\/image.jpeg?fit=800%2C1200&ssl=1&resize=350%2C200 1x, https:\/\/i0.wp.com\/lyonelkaufmann.ch\/Blog\/wp-content\/uploads\/2016\/07\/image.jpeg?fit=800%2C1200&ssl=1&resize=525%2C300 1.5x, https:\/\/i0.wp.com\/lyonelkaufmann.ch\/Blog\/wp-content\/uploads\/2016\/07\/image.jpeg?fit=800%2C1200&ssl=1&resize=700%2C400 2x"},"classes":[]},{"id":7665,"url":"https:\/\/lyonelkaufmann.ch\/Blog\/2005\/07\/29\/une-t%ef%bf%bdte-sculpt%ef%bf%bde-de-lempereur-constantin-retrouv%ef%bf%bde-dans-les-anciens-%ef%bf%bdgouts-de-rome\/","url_meta":{"origin":11559,"position":5},"title":"Une t\u00eate sculpt\u00e9e de l&#8217;empereur Constantin retrouv\u00e9e dans les anciens \u00e9gouts de Rome","author":"Lyonel Kaufmann","date":"29 juillet 2005","format":false,"excerpt":"ROME (AP) - Mais o\u00f9 avait-il la t\u00eate? Dans l'\u00e9gout. Un portrait de marbre de l'empereur romain Constantin a \u00e9t\u00e9 mis au jour la semaine derni\u00e8re par des arch\u00e9ologues qui nettoyaient l'ancien syst\u00e8me de canalisations du Forum, a annonc\u00e9 jeudi Eugenio La Rocca, le directeur des monuments de Rome, en\u2026","rel":"","context":"Dans &quot;histoire&quot;","block_context":{"text":"histoire","link":"https:\/\/lyonelkaufmann.ch\/Blog\/category\/histoire-2\/"},"img":{"alt_text":"","src":"https:\/\/i0.wp.com\/lyonelkaufmann.ch\/Blog\/wp-content\/uploads\/2015\/03\/blogcafe1.jpg?fit=1024%2C683&ssl=1&resize=350%2C200","width":350,"height":200,"srcset":"https:\/\/i0.wp.com\/lyonelkaufmann.ch\/Blog\/wp-content\/uploads\/2015\/03\/blogcafe1.jpg?fit=1024%2C683&ssl=1&resize=350%2C200 1x, https:\/\/i0.wp.com\/lyonelkaufmann.ch\/Blog\/wp-content\/uploads\/2015\/03\/blogcafe1.jpg?fit=1024%2C683&ssl=1&resize=525%2C300 1.5x, https:\/\/i0.wp.com\/lyonelkaufmann.ch\/Blog\/wp-content\/uploads\/2015\/03\/blogcafe1.jpg?fit=1024%2C683&ssl=1&resize=700%2C400 2x"},"classes":[]}],"jetpack_likes_enabled":true,"_links":{"self":[{"href":"https:\/\/lyonelkaufmann.ch\/Blog\/wp-json\/wp\/v2\/posts\/11559","targetHints":{"allow":["GET"]}}],"collection":[{"href":"https:\/\/lyonelkaufmann.ch\/Blog\/wp-json\/wp\/v2\/posts"}],"about":[{"href":"https:\/\/lyonelkaufmann.ch\/Blog\/wp-json\/wp\/v2\/types\/post"}],"author":[{"embeddable":true,"href":"https:\/\/lyonelkaufmann.ch\/Blog\/wp-json\/wp\/v2\/users\/1"}],"replies":[{"embeddable":true,"href":"https:\/\/lyonelkaufmann.ch\/Blog\/wp-json\/wp\/v2\/comments?post=11559"}],"version-history":[{"count":0,"href":"https:\/\/lyonelkaufmann.ch\/Blog\/wp-json\/wp\/v2\/posts\/11559\/revisions"}],"wp:featuredmedia":[{"embeddable":true,"href":"https:\/\/lyonelkaufmann.ch\/Blog\/wp-json\/wp\/v2\/media\/14616"}],"wp:attachment":[{"href":"https:\/\/lyonelkaufmann.ch\/Blog\/wp-json\/wp\/v2\/media?parent=11559"}],"wp:term":[{"taxonomy":"category","embeddable":true,"href":"https:\/\/lyonelkaufmann.ch\/Blog\/wp-json\/wp\/v2\/categories?post=11559"},{"taxonomy":"post_tag","embeddable":true,"href":"https:\/\/lyonelkaufmann.ch\/Blog\/wp-json\/wp\/v2\/tags?post=11559"}],"curies":[{"name":"wp","href":"https:\/\/api.w.org\/{rel}","templated":true}]}}