{"id":11846,"date":"2014-07-25T08:00:00","date_gmt":"2014-07-25T07:00:00","guid":{"rendered":"https:\/\/lyonelkaufmann.ch\/Blog\/?p=11846"},"modified":"2024-01-02T15:23:20","modified_gmt":"2024-01-02T14:23:20","slug":"lanniversaire-paleo2014","status":"publish","type":"post","link":"https:\/\/lyonelkaufmann.ch\/Blog\/2014\/07\/25\/lanniversaire-paleo2014\/","title":{"rendered":"L&rsquo;Anniversaire #paleo2014"},"content":{"rendered":"<p>Ce jeudi 24 juillet, c&rsquo;est l&rsquo;anniversaire de maman. Elle aurait eu 89 ans. Dix ans que maman est morte.<\/p>\n<p><a href=\"https:\/\/i0.wp.com\/lyonelkaufmann.ch\/Blog\/wp-content\/uploads\/2014\/07\/affiche_paleo_1984.jpg?ssl=1\"><img data-recalc-dims=\"1\" loading=\"lazy\" decoding=\"async\" class=\"aligncenter size-full wp-image-11845\" src=\"https:\/\/i0.wp.com\/lyonelkaufmann.ch\/Blog\/wp-content\/uploads\/2014\/07\/affiche_paleo_1984.jpg?resize=213%2C300&#038;ssl=1\" alt=\"affiche_paleo_1984.jpg\" width=\"213\" height=\"300\" \/><\/a>Je me rappelle la seule pr\u00e9sence de maman en 1984 au Pal\u00e9o avec sa couverture patchwork et son fauteuil de plage. Pal\u00e9o avait encore lieu au bord du lac. C\u2019\u00e9tait il y a trente ans. A 59 ans, \u00e0 l\u2019\u00e2ge d\u2019\u00eatre grand-m\u00e8re, ma m\u00e8re observait et d\u00e9couvrait les jeunes \u00e9voluer autour d\u2019elle. Elle en avait m\u00eame vu certains faire l\u2019amour dans leur couverture. Une sacr\u00e9e exp\u00e9rience qu&rsquo;elle fit sans \u00e9mettre aucun jugement de valeurs et en gardant nos affaires pendant que nous passions d&rsquo;une sc\u00e8ne \u00e0 l&rsquo;autre. Pour sa part, elle \u00e9tait venue uniquement pour <a href=\"https:\/\/fr.wikipedia.org\/wiki\/Miriam_Makeba\">Miriam Makeba<\/a> en une incommensurable marque d&rsquo;hommage de sa part \u00e0 la voix de la lutte contre l\u2019apartheid.<\/p>\n<p><span class=\"embed-youtube\" style=\"text-align:center; display: block;\"><iframe loading=\"lazy\" class=\"youtube-player\" width=\"640\" height=\"360\" src=\"https:\/\/www.youtube.com\/embed\/FP6CdNVzjC8?version=3&#038;rel=1&#038;showsearch=0&#038;showinfo=1&#038;iv_load_policy=1&#038;fs=1&#038;hl=fr-FR&#038;autohide=2&#038;wmode=transparent\" allowfullscreen=\"true\" style=\"border:0;\" sandbox=\"allow-scripts allow-same-origin allow-popups allow-presentation allow-popups-to-escape-sandbox\"><\/iframe><\/span><\/p>\n<p>Ce jeudi 24 juillet, c&rsquo;est aussi ce soir qu&rsquo;Elton John jouera sur la Grande Sc\u00e8ne du Pal\u00e9o \u00e0 Nyon d\u00e8s 21 heures.<\/p>\n<p>Ce soir donc, trente ans apr\u00e8s, c\u2019est Elton John que j\u2019attends. Elton John, c\u2019est le premier artiste que j\u2019ai vu en concert en mars 1979. A Beaulieu, il jouait alors seul au piano. <em>\u00abA single Man Tour\u00bb<\/em> \u00e9tait la tourn\u00e9e ayant suivi la parution de son album <em>\u00abSingle Man\u00bb<\/em>. C\u2019\u00e9tait d\u2019ailleurs <a href=\"http:\/\/eltonjohnallsongslist.blogspot.ch\/2009\/03\/elton-tourin-switzerland-statistics.html\">la premi\u00e8re fois<\/a> qu\u2019il jouait en Suisse.\u00a0<em>\u00abSingle Man\u00bb <\/em>est son premier album r\u00e9alis\u00e9 sans son parolier attitr\u00e9 Bernie Taupin. En deuxi\u00e8me partie, il \u00e9tait rejoint par Ray Cooper, percussionniste hallucin\u00e9 et hallucinant, tout droit sorti d\u2019un film des Monthy Python. Il a d\u2019ailleurs fait une br\u00e8ve apparition dans <em>Brazil<\/em> de Terry Gilliam.<\/p>\n<p><span class=\"embed-youtube\" style=\"text-align:center; display: block;\"><iframe loading=\"lazy\" class=\"youtube-player\" width=\"640\" height=\"360\" src=\"https:\/\/www.youtube.com\/embed\/eihkfhJQ648?version=3&#038;rel=1&#038;showsearch=0&#038;showinfo=1&#038;iv_load_policy=1&#038;fs=1&#038;hl=fr-FR&#038;autohide=2&#038;wmode=transparent\" allowfullscreen=\"true\" style=\"border:0;\" sandbox=\"allow-scripts allow-same-origin allow-popups allow-presentation allow-popups-to-escape-sandbox\"><\/iframe><\/span><\/p>\n<address>Petit aper\u00e7u du g\u00e9nie de Ray Cooper et de la qualit\u00e9 des prestations de ces deux comp\u00e8res sur sc\u00e8ne.<\/address>\n<p>1979, un concert g\u00e9nial o\u00f9 nous avons cass\u00e9 les fauteuils \u00e0 force de danser dessus au moment des rappels et plus particuli\u00e8rement sur\u00a0<em>\u00abSaturday Night&rsquo;s Alright for Fighting\u00bb<\/em>.<\/p>\n<p>Pour un aper\u00e7u de cette tourn\u00e9e, je vous conseille le documentaire r\u00e9alis\u00e9 \u00e0 l\u2019occasion de sa tourn\u00e9e en URSS en 1979 \u2014 soit juste dix ans avant la Chute du Mur de Berlin. Ne serait-ce que pour deux moments. Le premier lorsque Elton John, ne savant plus comment faire pour briser la glace avec le public d\u2019apparatchiks, passe sur une note de <em>\u00abBennie and The Jets\u00bb<\/em> \u00e0 un air russe. Le deuxi\u00e8me, lorsque l\u2019\u00e9quipe de tournage offre un billet de concert \u00e0 un fan sovi\u00e9tique, d\u00e9sesp\u00e9r\u00e9 de ne pas avoir de ticket.<\/p>\n<p><span class=\"embed-youtube\" style=\"text-align:center; display: block;\"><iframe loading=\"lazy\" class=\"youtube-player\" width=\"640\" height=\"360\" src=\"https:\/\/www.youtube.com\/embed\/s_t_BgJ2tCM?version=3&#038;rel=1&#038;showsearch=0&#038;showinfo=1&#038;iv_load_policy=1&#038;fs=1&#038;hl=fr-FR&#038;autohide=2&#038;wmode=transparent\" allowfullscreen=\"true\" style=\"border:0;\" sandbox=\"allow-scripts allow-same-origin allow-popups allow-presentation allow-popups-to-escape-sandbox\"><\/iframe><\/span><\/p>\n<p>Elton John &amp; Ray Cooper &#8211; <em>Better Off Dead<\/em> (Moscou, USSR, 1979)<\/p>\n<p>Depuis, j\u2019ai revu deux fois Elton John en concert sans que ceux-ci n\u2019atteignent l\u2019intensit\u00e9 du concert de Beaulieu. A part, peut-\u00eatre, le final de son concert de Vevey lorsque sortant de son juke-box \u00e0 tubes, il a entonn\u00e9 <em>\u00abFuneral for a Friend | Tonight\u00bb<\/em>, <em>\u00abBennie and The Jets\u00bb<\/em> et\u00a0<em>\u00abSaturday Night&rsquo;s Alright for Fighting\u00bb<\/em>.<\/p>\n<p>Encore un peu de patience et je verrai de quel bois Elton John se chauffe encore lorsque les \u00e9toiles s\u2019accrocheront au plafond de l\u2019Asse. Alors, peut-\u00eatre, ma m\u00e8re d\u00e9posera \u00a0sa vieille couverture pour agripper quelques notes de musique \u00e0 son \u00e9toile pendant que deux jeunes feront l\u2019amour sous leur couverture.<\/p>\n","protected":false},"excerpt":{"rendered":"<p>Ce jeudi 24 juillet, c&rsquo;est l&rsquo;anniversaire de maman. Elle aurait eu 89 ans. Dix ans que maman est morte. Je me rappelle la seule pr\u00e9sence de maman en 1984 au Pal\u00e9o avec sa couverture patchwork et son fauteuil de plage. Pal\u00e9o avait encore lieu au bord du lac. C\u2019\u00e9tait il y a trente ans. A [&hellip;]<\/p>\n","protected":false},"author":1,"featured_media":14593,"comment_status":"open","ping_status":"closed","sticky":false,"template":"","format":"standard","meta":{"_import_markdown_pro_load_document_selector":0,"_import_markdown_pro_submit_text_textarea":"","_genesis_hide_title":false,"_genesis_hide_breadcrumbs":false,"_genesis_hide_singular_image":false,"_genesis_hide_footer_widgets":false,"_genesis_custom_body_class":"","_genesis_custom_post_class":"","_genesis_layout":"","jetpack_post_was_ever_published":false,"_jetpack_newsletter_access":"","_jetpack_dont_email_post_to_subs":false,"_jetpack_newsletter_tier_id":0,"_jetpack_memberships_contains_paywalled_content":false,"_jetpack_memberships_contains_paid_content":false,"activitypub_content_warning":"","activitypub_content_visibility":"","activitypub_max_image_attachments":3,"activitypub_interaction_policy_quote":"anyone","activitypub_status":"","footnotes":"","jetpack_publicize_message":"","jetpack_publicize_feature_enabled":true,"jetpack_social_post_already_shared":true,"jetpack_social_options":{"image_generator_settings":{"template":"fullscreen","default_image_id":0,"font":"","enabled":false},"version":2}},"categories":[3],"tags":[],"class_list":{"0":"post-11846","1":"post","2":"type-post","3":"status-publish","4":"format-standard","5":"has-post-thumbnail","7":"category-blogcafe-2","8":"entry"},"jetpack_publicize_connections":[],"featured_image_src":"https:\/\/i0.wp.com\/lyonelkaufmann.ch\/Blog\/wp-content\/uploads\/2015\/02\/affiche_paleo_1984.jpg?resize=213%2C300&ssl=1","featured_image_src_square":"https:\/\/i0.wp.com\/lyonelkaufmann.ch\/Blog\/wp-content\/uploads\/2015\/02\/affiche_paleo_1984.jpg?resize=213%2C300&ssl=1","author_info":{"display_name":"Lyonel Kaufmann","author_link":"https:\/\/lyonelkaufmann.ch\/Blog\/author\/lyonelk\/"},"jetpack_featured_media_url":"https:\/\/i0.wp.com\/lyonelkaufmann.ch\/Blog\/wp-content\/uploads\/2015\/02\/affiche_paleo_1984.jpg?fit=213%2C300&ssl=1","jetpack_sharing_enabled":true,"jetpack_shortlink":"https:\/\/wp.me\/p1qtF4-354","jetpack-related-posts":[{"id":11914,"url":"https:\/\/lyonelkaufmann.ch\/Blog\/2014\/08\/16\/julien-dore-paleo-2014\/","url_meta":{"origin":11846,"position":0},"title":"Julien Dor\u00e9 #Pal\u00e9o 2014","author":"Lyonel Kaufmann","date":"16 ao\u00fbt 2014","format":false,"excerpt":"Concert de Julien Dor\u00e9 \u00e0 Pal\u00e9o, samedi 26 juillet 2014, Grande\u00a0Sc\u00e8ne. Petit retour sur l\u2019\u00e9dition 2014 de Pal\u00e9o avec le concert de Julien Dor\u00e9. Sa prestation a \u00e9t\u00e9 tr\u00e8s appr\u00e9ci\u00e9e. Le temps d\u2019un excellent concert, Julien Dor\u00e9 nous a fait oubli\u00e9 la boue dans laquelle nous trempions. Merci \u00e0 lui.\u2026","rel":"","context":"Dans &quot;Photo du jour&quot;","block_context":{"text":"Photo du jour","link":"https:\/\/lyonelkaufmann.ch\/Blog\/category\/photo-du-jour\/"},"img":{"alt_text":"","src":"https:\/\/i0.wp.com\/lyonelkaufmann.ch\/Blog\/wp-content\/uploads\/2015\/02\/1408175543_thumb1.jpeg?fit=718%2C959&ssl=1&resize=350%2C200","width":350,"height":200,"srcset":"https:\/\/i0.wp.com\/lyonelkaufmann.ch\/Blog\/wp-content\/uploads\/2015\/02\/1408175543_thumb1.jpeg?fit=718%2C959&ssl=1&resize=350%2C200 1x, https:\/\/i0.wp.com\/lyonelkaufmann.ch\/Blog\/wp-content\/uploads\/2015\/02\/1408175543_thumb1.jpeg?fit=718%2C959&ssl=1&resize=525%2C300 1.5x, https:\/\/i0.wp.com\/lyonelkaufmann.ch\/Blog\/wp-content\/uploads\/2015\/02\/1408175543_thumb1.jpeg?fit=718%2C959&ssl=1&resize=700%2C400 2x"},"classes":[]},{"id":20243,"url":"https:\/\/lyonelkaufmann.ch\/Blog\/2019\/07\/26\/coucher-de-soleil-paleo-19-24-juillet\/","url_meta":{"origin":11846,"position":1},"title":"Coucher de soleil | Pal\u00e9o 19 (24 juillet)","author":"Lyonel Kaufmann","date":"26 juillet 2019","format":false,"excerpt":"Alors que d\u00e9bute le concert de M sur la grande sc\u00e8ne, l'\u00e9clairagiste du ciel s\u2019invite derri\u00e8re les spectateurs pour un moment de pure magie. @paleofestival #paleo19 #nyon #suisse #musique #music #festival #petitmomentdebonheur #pentaxkp #pentax #kp","rel":"","context":"Dans &quot;Blogcaf\u00e9&quot;","block_context":{"text":"Blogcaf\u00e9","link":"https:\/\/lyonelkaufmann.ch\/Blog\/category\/blogcafe-2\/"},"img":{"alt_text":"","src":"https:\/\/i0.wp.com\/lyonelkaufmann.ch\/Blog\/wp-content\/uploads\/2019\/07\/img_0022.jpg?fit=1200%2C798&ssl=1&resize=350%2C200","width":350,"height":200,"srcset":"https:\/\/i0.wp.com\/lyonelkaufmann.ch\/Blog\/wp-content\/uploads\/2019\/07\/img_0022.jpg?fit=1200%2C798&ssl=1&resize=350%2C200 1x, https:\/\/i0.wp.com\/lyonelkaufmann.ch\/Blog\/wp-content\/uploads\/2019\/07\/img_0022.jpg?fit=1200%2C798&ssl=1&resize=525%2C300 1.5x, https:\/\/i0.wp.com\/lyonelkaufmann.ch\/Blog\/wp-content\/uploads\/2019\/07\/img_0022.jpg?fit=1200%2C798&ssl=1&resize=700%2C400 2x, https:\/\/i0.wp.com\/lyonelkaufmann.ch\/Blog\/wp-content\/uploads\/2019\/07\/img_0022.jpg?fit=1200%2C798&ssl=1&resize=1050%2C600 3x"},"classes":[]},{"id":618,"url":"https:\/\/lyonelkaufmann.ch\/Blog\/2007\/05\/25\/pour-ma-mere-24071925-25052004\/","url_meta":{"origin":11846,"position":2},"title":"Pour ma m\u00e8re (24.07.1925-25.05.2004)","author":"Lyonel Kaufmann","date":"25 mai 2007","format":false,"excerpt":"L'heure est \u00e0 la m\u00e9moire. Sans pathos. Trois ans, un gouffre et \u00e0 la fois rien. Il est des anniversaires qui sont des br\u00fblures de l'\u00e2me. Avec tout l'amour d'un fils pour sa m\u00e8re.","rel":"","context":"Dans &quot;Blogcaf\u00e9&quot;","block_context":{"text":"Blogcaf\u00e9","link":"https:\/\/lyonelkaufmann.ch\/Blog\/category\/blogcafe-2\/"},"img":{"alt_text":"","src":"https:\/\/i0.wp.com\/img.youtube.com\/vi\/TI5tOBROqr0\/0.jpg?resize=350%2C200","width":350,"height":200},"classes":[]},{"id":23525,"url":"https:\/\/lyonelkaufmann.ch\/Blog\/2023\/01\/06\/23525\/","url_meta":{"origin":11846,"position":3},"title":"Au moment d\u2019\u00eatre \u00e0 vous d\u2019Isabelle Boulay","author":"Lyonel Kaufmann","date":"6 janvier 2023","format":false,"excerpt":"https:\/\/youtu.be\/EsY4-Myf9sI Au moment d'\u00eatre \u00e0 vous Cela faisait bien longtemps que je n\u2019avais pas entendu \u00e0 nouveau cette chanson d\u2019Isabelle Boulay. Elle me replonge pr\u00e8s de vingt ans en arri\u00e8re. Cette chanson m\u2019a accompagn\u00e9 durant la fin de vie de ma m\u00e8re. Partir aux bouts cass\u00e9sAux entrailles de chairVoir la\u2026","rel":"","context":"Dans &quot;Blogcaf\u00e9&quot;","block_context":{"text":"Blogcaf\u00e9","link":"https:\/\/lyonelkaufmann.ch\/Blog\/category\/blogcafe-2\/"},"img":{"alt_text":"","src":"https:\/\/i0.wp.com\/lyonelkaufmann.ch\/Blog\/wp-content\/uploads\/2015\/03\/05.jpg?fit=480%2C360&ssl=1&resize=350%2C200","width":350,"height":200},"classes":[]},{"id":15101,"url":"https:\/\/lyonelkaufmann.ch\/Blog\/2015\/07\/24\/ben-harper-the-innocent-criminals-les-copains-dabord\/","url_meta":{"origin":11846,"position":4},"title":"Ben Harper &#038; The Innocent Criminals &#8211; Les copains d&rsquo;abord","author":"Lyonel Kaufmann","date":"24 juillet 2015","format":false,"excerpt":"Est-il encore n\u00e9cessaire de pr\u00e9senter ce grand habitu\u00e9 du Pal\u00e9o? Ben Harper \u00e0 Nyon, c'est comme un ami qu'on voit tous les trois ans, un pote dont on ne prend pas de nouvelles entre temps mais qu'on a toujours plaisir \u00e0 retrouver parce qu'on sait que ce sera toujours un\u2026","rel":"","context":"Dans &quot;L'Expresso&quot;","block_context":{"text":"L'Expresso","link":"https:\/\/lyonelkaufmann.ch\/Blog\/category\/breves\/"},"img":{"alt_text":"","src":"https:\/\/i0.wp.com\/lyonelkaufmann.ch\/Blog\/wp-content\/uploads\/2015\/07\/IMG_1251-0.jpg?fit=600%2C399&ssl=1&resize=350%2C200","width":350,"height":200,"srcset":"https:\/\/i0.wp.com\/lyonelkaufmann.ch\/Blog\/wp-content\/uploads\/2015\/07\/IMG_1251-0.jpg?fit=600%2C399&ssl=1&resize=350%2C200 1x, https:\/\/i0.wp.com\/lyonelkaufmann.ch\/Blog\/wp-content\/uploads\/2015\/07\/IMG_1251-0.jpg?fit=600%2C399&ssl=1&resize=525%2C300 1.5x"},"classes":[]},{"id":6691,"url":"https:\/\/lyonelkaufmann.ch\/Blog\/2013\/01\/13\/revue-de-presse-le-metro-de-londres-remet-ses-habits-depoque-pour-ses-150-ans-tsrinfo-ch\/","url_meta":{"origin":11846,"position":5},"title":"Revue de presse : Le m\u00e9tro de Londres remet ses habits d&rsquo;\u00e9poque pour ses 150 ans | tsrinfo.ch","author":"Lyonel Kaufmann","date":"13 janvier 2013","format":false,"excerpt":"Un train \u00e0 vapeur datant de 1898, des gens en costume d'\u00e9poque et un maire Boris Johnson tout enthousiaste, Londres a f\u00eat\u00e9 dimanche le 150e anniversaire du m\u00e9tro de la ville avec une parade sur le r\u00e9seau d'aujourd'hui. Un train \u00e0 vapeur du XIXe si\u00e8cle a transport\u00e9 des passagers dimanche\u2026","rel":"","context":"Dans &quot;histoire&quot;","block_context":{"text":"histoire","link":"https:\/\/lyonelkaufmann.ch\/Blog\/category\/histoire-2\/"},"img":{"alt_text":"","src":"https:\/\/i0.wp.com\/lyonelkaufmann.ch\/Blog\/wp-content\/uploads\/2015\/03\/blogcafe1.jpg?fit=1024%2C683&ssl=1&resize=350%2C200","width":350,"height":200,"srcset":"https:\/\/i0.wp.com\/lyonelkaufmann.ch\/Blog\/wp-content\/uploads\/2015\/03\/blogcafe1.jpg?fit=1024%2C683&ssl=1&resize=350%2C200 1x, https:\/\/i0.wp.com\/lyonelkaufmann.ch\/Blog\/wp-content\/uploads\/2015\/03\/blogcafe1.jpg?fit=1024%2C683&ssl=1&resize=525%2C300 1.5x, https:\/\/i0.wp.com\/lyonelkaufmann.ch\/Blog\/wp-content\/uploads\/2015\/03\/blogcafe1.jpg?fit=1024%2C683&ssl=1&resize=700%2C400 2x"},"classes":[]}],"jetpack_likes_enabled":true,"_links":{"self":[{"href":"https:\/\/lyonelkaufmann.ch\/Blog\/wp-json\/wp\/v2\/posts\/11846","targetHints":{"allow":["GET"]}}],"collection":[{"href":"https:\/\/lyonelkaufmann.ch\/Blog\/wp-json\/wp\/v2\/posts"}],"about":[{"href":"https:\/\/lyonelkaufmann.ch\/Blog\/wp-json\/wp\/v2\/types\/post"}],"author":[{"embeddable":true,"href":"https:\/\/lyonelkaufmann.ch\/Blog\/wp-json\/wp\/v2\/users\/1"}],"replies":[{"embeddable":true,"href":"https:\/\/lyonelkaufmann.ch\/Blog\/wp-json\/wp\/v2\/comments?post=11846"}],"version-history":[{"count":2,"href":"https:\/\/lyonelkaufmann.ch\/Blog\/wp-json\/wp\/v2\/posts\/11846\/revisions"}],"predecessor-version":[{"id":24781,"href":"https:\/\/lyonelkaufmann.ch\/Blog\/wp-json\/wp\/v2\/posts\/11846\/revisions\/24781"}],"wp:featuredmedia":[{"embeddable":true,"href":"https:\/\/lyonelkaufmann.ch\/Blog\/wp-json\/wp\/v2\/media\/14593"}],"wp:attachment":[{"href":"https:\/\/lyonelkaufmann.ch\/Blog\/wp-json\/wp\/v2\/media?parent=11846"}],"wp:term":[{"taxonomy":"category","embeddable":true,"href":"https:\/\/lyonelkaufmann.ch\/Blog\/wp-json\/wp\/v2\/categories?post=11846"},{"taxonomy":"post_tag","embeddable":true,"href":"https:\/\/lyonelkaufmann.ch\/Blog\/wp-json\/wp\/v2\/tags?post=11846"}],"curies":[{"name":"wp","href":"https:\/\/api.w.org\/{rel}","templated":true}]}}