{"id":11970,"date":"2014-08-31T16:26:14","date_gmt":"2014-08-31T15:26:14","guid":{"rendered":"https:\/\/lyonelkaufmann.ch\/Blog\/?p=11970"},"modified":"2014-08-31T16:26:14","modified_gmt":"2014-08-31T15:26:14","slug":"sur-la-route-de-ludovia11","status":"publish","type":"post","link":"https:\/\/lyonelkaufmann.ch\/Blog\/2014\/08\/31\/sur-la-route-de-ludovia11\/","title":{"rendered":"Sur la route de #Ludovia11"},"content":{"rendered":"<p>Comme en 2010 et en 2013, j&rsquo;ai eu le plaisir et la chance d&rsquo;\u00eatre invit\u00e9 \u00e0 Ax-les-Thermes pour la 11e \u00e9dition de Ludovia dont le th\u00e8me \u00e9tait la culture num\u00e9rique. L&rsquo;occasion \u00e9galement de traverser la France \u00e0 moto. Petit compte-rendu du trajet aller.<\/p>\n<p><iframe loading=\"lazy\" title=\"Video Player\" id=\"vp1ETin0\" width=\"500\" height=\"281\" frameborder=\"0\" src=\"https:\/\/s3.amazonaws.com\/embed.animoto.com\/play.html?w=swf\/production\/vp1&#038;e=1712185530&#038;f=ETin0qh3VI3v0FLENMghig&#038;d=0&#038;m=p&#038;r=360p+720p&#038;i=m&#038;asset_domain=s3-p.animoto.com&#038;animoto_domain=animoto.com&#038;options=\" allowfullscreen><\/iframe><\/p>\n<p>Sur la route de Ludovia avec des photos du Puy-en-Vellay, du vallon d&rsquo;Ispignac-Qu\u00e9zac, des C\u00e9vennes, de Millau, Castres et enfin Tarascon.<\/p>\n","protected":false},"excerpt":{"rendered":"<p>Comme en 2010 et en 2013, j&rsquo;ai eu le plaisir et la chance d&rsquo;\u00eatre invit\u00e9 \u00e0 Ax-les-Thermes pour la 11e \u00e9dition de Ludovia dont le th\u00e8me \u00e9tait la culture num\u00e9rique. L&rsquo;occasion \u00e9galement de traverser la France \u00e0 moto. Petit compte-rendu du trajet aller. Sur la route de Ludovia avec des photos du Puy-en-Vellay, du vallon [&hellip;]<\/p>\n","protected":false},"author":1,"featured_media":14680,"comment_status":"open","ping_status":"open","sticky":false,"template":"","format":"standard","meta":{"_import_markdown_pro_load_document_selector":0,"_import_markdown_pro_submit_text_textarea":"","_genesis_hide_title":false,"_genesis_hide_breadcrumbs":false,"_genesis_hide_singular_image":false,"_genesis_hide_footer_widgets":false,"_genesis_custom_body_class":"","_genesis_custom_post_class":"","_genesis_layout":"","jetpack_post_was_ever_published":false,"_jetpack_newsletter_access":"","_jetpack_dont_email_post_to_subs":false,"_jetpack_newsletter_tier_id":0,"_jetpack_memberships_contains_paywalled_content":false,"_jetpack_memberships_contains_paid_content":false,"activitypub_content_warning":"","activitypub_content_visibility":"","activitypub_max_image_attachments":3,"activitypub_interaction_policy_quote":"anyone","activitypub_status":"","footnotes":"","jetpack_publicize_message":"","jetpack_publicize_feature_enabled":true,"jetpack_social_post_already_shared":true,"jetpack_social_options":{"image_generator_settings":{"template":"fullscreen","default_image_id":0,"font":"","enabled":false},"version":2}},"categories":[3],"tags":[],"class_list":{"0":"post-11970","1":"post","2":"type-post","3":"status-publish","4":"format-standard","5":"has-post-thumbnail","7":"category-blogcafe-2","8":"entry"},"jetpack_publicize_connections":[],"featured_image_src":"https:\/\/i0.wp.com\/lyonelkaufmann.ch\/Blog\/wp-content\/uploads\/2015\/03\/blogcafe1.jpg?resize=600%2C400&ssl=1","featured_image_src_square":"https:\/\/i0.wp.com\/lyonelkaufmann.ch\/Blog\/wp-content\/uploads\/2015\/03\/blogcafe1.jpg?resize=600%2C600&ssl=1","author_info":{"display_name":"Lyonel Kaufmann","author_link":"https:\/\/lyonelkaufmann.ch\/Blog\/author\/lyonelk\/"},"jetpack_featured_media_url":"https:\/\/i0.wp.com\/lyonelkaufmann.ch\/Blog\/wp-content\/uploads\/2015\/03\/blogcafe1.jpg?fit=1024%2C683&ssl=1","jetpack_sharing_enabled":true,"jetpack_shortlink":"https:\/\/wp.me\/p1qtF4-374","jetpack-related-posts":[{"id":3124,"url":"https:\/\/lyonelkaufmann.ch\/Blog\/2010\/08\/22\/sur-la-route-de-ludovia\/","url_meta":{"origin":11970,"position":0},"title":"Sur la route de Ludovia : jour 1","author":"Lyonel Kaufmann","date":"22 ao\u00fbt 2010","format":false,"excerpt":"C'\u00e9tait donc aujourd'hui le signal du d\u00e9part pour Ludovia puisque j'ai choisi de joindre l'utile \u00e0 l'agr\u00e9able en choisissant de m'y rendre \u00e0 moto. Histoire aussi de complexifier la question de l'\u00e9ducation nomade! A l'heure du d\u00e9part Nouveau concept de MotoBus pour compl\u00e9ter l'offre du M\u00e9diaBus de la HEP Vaud?\u2026","rel":"","context":"Dans &quot;histoire&quot;","block_context":{"text":"histoire","link":"https:\/\/lyonelkaufmann.ch\/Blog\/category\/histoire-2\/"},"img":{"alt_text":"","src":"https:\/\/i0.wp.com\/lyonelkaufmann.ch\/Blog\/wp-content\/uploads\/2015\/03\/p_700_525_AB7B0E74-FEB3-48B7-9614-D04287194966.jpeg.jpg?fit=480%2C640&ssl=1&resize=350%2C200","width":350,"height":200},"classes":[]},{"id":20268,"url":"https:\/\/lyonelkaufmann.ch\/Blog\/2019\/08\/17\/la-route-de-ludovia16-la-tour-de-peilz-a-grenoble\/","url_meta":{"origin":11970,"position":1},"title":"La route de Ludovia#16 : La Tour-de-Peilz \u00e0 Grenoble","author":"Lyonel Kaufmann","date":"17 ao\u00fbt 2019","format":false,"excerpt":"Cette fois, c\u2019est l\u2019heure du d\u00e9part, un peu anticip\u00e9 d'un demi-jour, pour Ax-Les-Thermes. D\u00e9part \u00e0 13h07 Arriv\u00e9e \u00e0 17h30 \u00e0 Grenoble. D\u2019abord, l\u2019autoroute jusqu\u2019\u00e0 Aix-les-Bains, puis le Massif de la Chartreuse jusqu\u2019\u00e0 Grenoble. La temp\u00e9rature est agr\u00e9able au d\u00e9part entre 24 et 27 degr\u00e9s. Elle va augmenter du c\u00f4t\u00e9 de\u2026","rel":"","context":"Dans &quot;Blogcaf\u00e9&quot;","block_context":{"text":"Blogcaf\u00e9","link":"https:\/\/lyonelkaufmann.ch\/Blog\/category\/blogcafe-2\/"},"img":{"alt_text":"","src":"https:\/\/i0.wp.com\/lyonelkaufmann.ch\/Blog\/wp-content\/uploads\/2019\/08\/hipstamaticphoto-587732351.132799-1.jpg?fit=1200%2C1200&ssl=1&resize=350%2C200","width":350,"height":200,"srcset":"https:\/\/i0.wp.com\/lyonelkaufmann.ch\/Blog\/wp-content\/uploads\/2019\/08\/hipstamaticphoto-587732351.132799-1.jpg?fit=1200%2C1200&ssl=1&resize=350%2C200 1x, https:\/\/i0.wp.com\/lyonelkaufmann.ch\/Blog\/wp-content\/uploads\/2019\/08\/hipstamaticphoto-587732351.132799-1.jpg?fit=1200%2C1200&ssl=1&resize=525%2C300 1.5x, https:\/\/i0.wp.com\/lyonelkaufmann.ch\/Blog\/wp-content\/uploads\/2019\/08\/hipstamaticphoto-587732351.132799-1.jpg?fit=1200%2C1200&ssl=1&resize=700%2C400 2x, https:\/\/i0.wp.com\/lyonelkaufmann.ch\/Blog\/wp-content\/uploads\/2019\/08\/hipstamaticphoto-587732351.132799-1.jpg?fit=1200%2C1200&ssl=1&resize=1050%2C600 3x"},"classes":[]},{"id":3113,"url":"https:\/\/lyonelkaufmann.ch\/Blog\/2010\/08\/21\/ludovia-2010-creativite-et-interaction\/","url_meta":{"origin":11970,"position":2},"title":"En route pour Ludovia 2010","author":"Lyonel Kaufmann","date":"21 ao\u00fbt 2010","format":false,"excerpt":"Toute la semaine prochaine, vous pourrez me retrouver ou me suivre \u00e0 Ludovia 2010. En effet, j'y ai \u00e9t\u00e9 invit\u00e9 officiellement au titre de \"blogueur\" pour rendre compte de la manifestation et faire la synth\u00e8se d'une des tables-rondes. Mais qu'est-ce que Ludovia? Ludovia est une Universit\u00e9 d'\u00e9t\u00e9 sur l'e-\u00e9ducation et\u2026","rel":"","context":"Dans &quot;histoire&quot;","block_context":{"text":"histoire","link":"https:\/\/lyonelkaufmann.ch\/Blog\/category\/histoire-2\/"},"img":{"alt_text":"","src":"https:\/\/i0.wp.com\/lyonelkaufmann.ch\/Blog\/wp-content\/uploads\/2015\/03\/Tsw7.jpg?fit=640%2C480&ssl=1&resize=350%2C200","width":350,"height":200,"srcset":"https:\/\/i0.wp.com\/lyonelkaufmann.ch\/Blog\/wp-content\/uploads\/2015\/03\/Tsw7.jpg?fit=640%2C480&ssl=1&resize=350%2C200 1x, https:\/\/i0.wp.com\/lyonelkaufmann.ch\/Blog\/wp-content\/uploads\/2015\/03\/Tsw7.jpg?fit=640%2C480&ssl=1&resize=525%2C300 1.5x"},"classes":[]},{"id":7430,"url":"https:\/\/lyonelkaufmann.ch\/Blog\/2013\/09\/02\/ludovia2013-mon-voyage-retour\/","url_meta":{"origin":11970,"position":3},"title":"#Ludovia2013 : mon voyage retour","author":"Lyonel Kaufmann","date":"2 septembre 2013","format":false,"excerpt":"Le retour de Ludovia \u00e0 moto m'a\u00a0permis\u00a0tout en appr\u00e9ciant la route et les paysages d'avoir le temps de faire d\u00e9filer dans sa t\u00eate les images, sons et impressions de cette 10e \u00e9dition de Ludovia (lire Mon bilan de #Ludovia2013). Je vous pr\u00e9sente les images du voyage de retour en guise\u2026","rel":"","context":"Dans &quot;histoire&quot;","block_context":{"text":"histoire","link":"https:\/\/lyonelkaufmann.ch\/Blog\/category\/histoire-2\/"},"img":{"alt_text":"","src":"https:\/\/i0.wp.com\/lyonelkaufmann.ch\/Blog\/wp-content\/uploads\/2015\/03\/Ludovia2013-11.jpg?fit=768%2C1024&ssl=1&resize=350%2C200","width":350,"height":200,"srcset":"https:\/\/i0.wp.com\/lyonelkaufmann.ch\/Blog\/wp-content\/uploads\/2015\/03\/Ludovia2013-11.jpg?fit=768%2C1024&ssl=1&resize=350%2C200 1x, https:\/\/i0.wp.com\/lyonelkaufmann.ch\/Blog\/wp-content\/uploads\/2015\/03\/Ludovia2013-11.jpg?fit=768%2C1024&ssl=1&resize=525%2C300 1.5x, https:\/\/i0.wp.com\/lyonelkaufmann.ch\/Blog\/wp-content\/uploads\/2015\/03\/Ludovia2013-11.jpg?fit=768%2C1024&ssl=1&resize=700%2C400 2x"},"classes":[]},{"id":10660,"url":"https:\/\/lyonelkaufmann.ch\/Blog\/2013\/09\/02\/ludovia2013-mon-voyage-retour-2\/","url_meta":{"origin":11970,"position":4},"title":"#Ludovia2013 : mon voyage retour","author":"Lyonel Kaufmann","date":"2 septembre 2013","format":false,"excerpt":"Le retour de Ludovia \u00e0 moto m'a\u00a0permis\u00a0tout en appr\u00e9ciant la route et les paysages d'avoir le temps de faire d\u00e9filer dans sa t\u00eate les images, sons et impressions de cette 10e \u00e9dition de Ludovia (lire Mon bilan de #Ludovia2013). Je vous pr\u00e9sente les images du voyage de retour en guise\u2026","rel":"","context":"Dans &quot;Blogcaf\u00e9&quot;","block_context":{"text":"Blogcaf\u00e9","link":"https:\/\/lyonelkaufmann.ch\/Blog\/category\/blogcafe-2\/"},"img":{"alt_text":"","src":"https:\/\/i0.wp.com\/lyonelkaufmann.ch\/Blog\/wp-content\/uploads\/2015\/03\/Ludovia2013-1.jpg?fit=768%2C1024&ssl=1&resize=350%2C200","width":350,"height":200,"srcset":"https:\/\/i0.wp.com\/lyonelkaufmann.ch\/Blog\/wp-content\/uploads\/2015\/03\/Ludovia2013-1.jpg?fit=768%2C1024&ssl=1&resize=350%2C200 1x, https:\/\/i0.wp.com\/lyonelkaufmann.ch\/Blog\/wp-content\/uploads\/2015\/03\/Ludovia2013-1.jpg?fit=768%2C1024&ssl=1&resize=525%2C300 1.5x, https:\/\/i0.wp.com\/lyonelkaufmann.ch\/Blog\/wp-content\/uploads\/2015\/03\/Ludovia2013-1.jpg?fit=768%2C1024&ssl=1&resize=700%2C400 2x"},"classes":[]},{"id":18420,"url":"https:\/\/lyonelkaufmann.ch\/Blog\/2017\/08\/20\/cathedrale-clermont-ferrand-sur-la-route-de-ludovia14\/","url_meta":{"origin":11970,"position":5},"title":"Cath\u00e9drale Clermont-Ferrand. Sur la route de #Ludovia#14","author":"Lyonel Kaufmann","date":"20 ao\u00fbt 2017","format":false,"excerpt":"from Instagram: http:\/\/ift.tt\/2fVy81v","rel":"","context":"Dans &quot;Blogcaf\u00e9&quot;","block_context":{"text":"Blogcaf\u00e9","link":"https:\/\/lyonelkaufmann.ch\/Blog\/category\/blogcafe-2\/"},"img":{"alt_text":"","src":"","width":0,"height":0},"classes":[]}],"jetpack_likes_enabled":true,"_links":{"self":[{"href":"https:\/\/lyonelkaufmann.ch\/Blog\/wp-json\/wp\/v2\/posts\/11970","targetHints":{"allow":["GET"]}}],"collection":[{"href":"https:\/\/lyonelkaufmann.ch\/Blog\/wp-json\/wp\/v2\/posts"}],"about":[{"href":"https:\/\/lyonelkaufmann.ch\/Blog\/wp-json\/wp\/v2\/types\/post"}],"author":[{"embeddable":true,"href":"https:\/\/lyonelkaufmann.ch\/Blog\/wp-json\/wp\/v2\/users\/1"}],"replies":[{"embeddable":true,"href":"https:\/\/lyonelkaufmann.ch\/Blog\/wp-json\/wp\/v2\/comments?post=11970"}],"version-history":[{"count":0,"href":"https:\/\/lyonelkaufmann.ch\/Blog\/wp-json\/wp\/v2\/posts\/11970\/revisions"}],"wp:featuredmedia":[{"embeddable":true,"href":"https:\/\/lyonelkaufmann.ch\/Blog\/wp-json\/wp\/v2\/media\/14680"}],"wp:attachment":[{"href":"https:\/\/lyonelkaufmann.ch\/Blog\/wp-json\/wp\/v2\/media?parent=11970"}],"wp:term":[{"taxonomy":"category","embeddable":true,"href":"https:\/\/lyonelkaufmann.ch\/Blog\/wp-json\/wp\/v2\/categories?post=11970"},{"taxonomy":"post_tag","embeddable":true,"href":"https:\/\/lyonelkaufmann.ch\/Blog\/wp-json\/wp\/v2\/tags?post=11970"}],"curies":[{"name":"wp","href":"https:\/\/api.w.org\/{rel}","templated":true}]}}