{"id":11995,"date":"2014-09-10T07:04:29","date_gmt":"2014-09-10T06:04:29","guid":{"rendered":"https:\/\/lyonelkaufmann.ch\/Blog\/?p=11995"},"modified":"2014-09-10T07:04:29","modified_gmt":"2014-09-10T06:04:29","slug":"reseaux-sociaux-le-retour-de-la-vie-privee","status":"publish","type":"post","link":"https:\/\/lyonelkaufmann.ch\/Blog\/2014\/09\/10\/reseaux-sociaux-le-retour-de-la-vie-privee\/","title":{"rendered":"R\u00e9seaux sociaux : le retour de la vie priv\u00e9e ?"},"content":{"rendered":"<p><b>Ce billet peut para\u00eetre paradoxal au moment o\u00f9 sont diffus\u00e9es des photos pirat\u00e9es de people nord-am\u00e9ricaines ou qu\u2019un politicien suisse, Geri M\u00fcller, se voit jeter en p\u00e2ture, nu dans son bureau, par son ex (<a href=\"http:\/\/www.lematin.ch\/suisse\/conseiller-national-geri-mueller-aurait-envoye-selfies-nus\/story\/31141383?track\" title=\"\" target=\"_blank\">Le conseiller national Geri M\u00fcller aurait envoy\u00e9 des selfies nus<\/a>&nbsp;| Le Matin). Et pourtant, en lisant deux enqu\u00eates r\u00e9centes consacr\u00e9es \u00e0 l\u2019\u00e9tude des r\u00e9seaux sociaux, c\u2019est bien la conclusion \u00e0 laquelle je parviens.<\/b><\/p>\n<p>Sur son blog MediaSociaux.fr, Fred Cavazza s\u2019interroge de savoir si nous assistons \u00e0 la fin des conversations sur les m\u00e9dias sociaux (<a href=\"http:\/\/www.mediassociaux.fr\/2014\/09\/08\/ce-fin-conversations-les-medias-sociaux\/?utm_source=feedburner&amp;utm_medium=feed&amp;utm_campaign=Feed%3A+mediassociaux+%28MediasSociaux.fr%29\" title=\"\" target=\"_blank\">Est-ce la fin des conversations sur les m\u00e9dias sociaux ?<\/a>). Il la met sur le compte de deux facteurs explicatifs :<\/p>\n<ul>\n<li>L\u2019\u00e9crasante domination de Facebook (<a href=\"http:\/\/thenextweb.com\/facebook\/2014\/09\/05\/world-map-top-social-networks-shows-facebook-now-dominates-130-137-countries\/\">World map of top social networks shows Facebook now dominates 130 out of 137 countries<\/a>) qui favorise tr\u00e8s largement les interactions de surface comme les Like aux grandes conversations (plus complexes \u00e0 mon\u00e9tiser) ;<\/li>\n<li>La tr\u00e8s forte popularit\u00e9 des applications mobiles (cf.&nbsp;<a href=\"http:\/\/www.mediassociaux.fr\/2014\/03\/05\/les-applications-mobiles-vont-elles-tuer-les-conversations-et-le-web\/\">Les applications mobiles vont-elles tuer les conversations ?<\/a>).<\/li>\n<\/ul>\n<p>Il constate \u00e9galement&nbsp;l\u2019\u00e9volution des usages et notamment la&nbsp;<strong>pr\u00e9dominance des contenus visuels au&nbsp;d\u00e9triment des contenus textuels<\/strong>&nbsp;(<a href=\"http:\/\/www.businessinsider.com\/chart-of-the-day-snapchat-is-hotter-than-twitter-2014-8\">Snapchat Is Exploding In Popularity \u2014 It\u2019s Even Hotter Than Twitter<\/a>). De plus, il note que&nbsp;les utilisateurs passent plus de temps \u00e0 consulter et s\u2019envoyer des messages priv\u00e9s plut\u00f4t qu\u2019\u00e0 discuter et publier. Enfin,&nbsp;les applications mobiles reposant sur l\u2019anonymat des publications font un tabac, \u00e0 l\u2019image de&nbsp;<a href=\"http:\/\/whisper.sh\/stories\/\">Whisper<\/a>&nbsp;ou de&nbsp;<a href=\"https:\/\/www.secret.ly\/\">Secret<\/a>.<\/p>\n<p>Pour sa part, en juin dernier, le&nbsp;<a href=\"http:\/\/www.pewresearch.org\/\">Pew Research Center<\/a>, ce think tank am\u00e9ricain \u201cnon partisan\u201d d\u00e9di\u00e9 \u00e0 l\u2019\u00e9tude \u201cdes faits et tendances qui transforment notre monde\u201d, a livr\u00e9&nbsp;<a href=\"http:\/\/www.people-press.org\/2014\/06\/12\/political-polarization-in-the-american-public\">une impressionnante \u00e9tude<\/a>&nbsp;sur la mont\u00e9e de la polarisation du d\u00e9bat public aux Etats-Unis (<a href=\"http:\/\/www.internetactu.net\/2014\/09\/10\/les-reseaux-sociaux-polarisent-ils-ou-elargissent-ils-le-debat-public\/\" title=\"Lien permanent : Les r\u00e9seaux sociaux polarisent-ils ou \u00e9largissent-ils le d\u00e9bat public ?\">Les r\u00e9seaux sociaux polarisent-ils ou \u00e9largissent-ils le d\u00e9bat public ?<\/a>&nbsp;| InternetActu). Par rapport \u00e0 notre sujet, l\u2019\u00e9tude met en \u00e9vidence la <i>\u201cspirale du silence\u201d<\/i>, c\u2019est-\u00e0- dire le fait que les gens ont tendance \u00e0 moins exprimer leur point de vue s\u2019ils pensent qu\u2019il est diff\u00e9rent de celles de leurs relations. C\u2019est ainsi que, dans le sondage utilis\u00e9 pour r\u00e9aliser l\u2019\u00e9tude, les chercheurs ont pos\u00e9 des questions autour des r\u00e9v\u00e9lations d\u2019Edward Snowden, un sujet sur lequel les Am\u00e9ricains sont \u00e9galement divis\u00e9s. La plupart des personnes interrog\u00e9es ont d\u00e9clar\u00e9 qu\u2019elles seraient pr\u00eates \u00e0 discuter de ce sujet avec amis et famille, mais pas sur Facebook et Twitter.<\/p>\n<footer><\/footer>\n<p><\/p>\n","protected":false},"excerpt":{"rendered":"<p>Ce billet peut para\u00eetre paradoxal au moment o\u00f9 sont diffus\u00e9es des photos pirat\u00e9es de people nord-am\u00e9ricaines ou qu\u2019un politicien suisse, Geri M\u00fcller, se voit jeter en p\u00e2ture, nu dans son bureau, par son ex (Le conseiller national Geri M\u00fcller aurait envoy\u00e9 des selfies nus&nbsp;| Le Matin). Et pourtant, en lisant deux enqu\u00eates r\u00e9centes consacr\u00e9es \u00e0 [&hellip;]<\/p>\n","protected":false},"author":1,"featured_media":14680,"comment_status":"open","ping_status":"open","sticky":false,"template":"","format":"standard","meta":{"_import_markdown_pro_load_document_selector":0,"_import_markdown_pro_submit_text_textarea":"","_genesis_hide_title":false,"_genesis_hide_breadcrumbs":false,"_genesis_hide_singular_image":false,"_genesis_hide_footer_widgets":false,"_genesis_custom_body_class":"","_genesis_custom_post_class":"","_genesis_layout":"","jetpack_post_was_ever_published":false,"_jetpack_newsletter_access":"","_jetpack_dont_email_post_to_subs":false,"_jetpack_newsletter_tier_id":0,"_jetpack_memberships_contains_paywalled_content":false,"_jetpack_memberships_contains_paid_content":false,"activitypub_content_warning":"","activitypub_content_visibility":"","activitypub_max_image_attachments":3,"activitypub_interaction_policy_quote":"anyone","activitypub_status":"","footnotes":"","jetpack_publicize_message":"","jetpack_publicize_feature_enabled":true,"jetpack_social_post_already_shared":true,"jetpack_social_options":{"image_generator_settings":{"template":"fullscreen","default_image_id":0,"font":"","enabled":false},"version":2}},"categories":[3],"tags":[],"class_list":{"0":"post-11995","1":"post","2":"type-post","3":"status-publish","4":"format-standard","5":"has-post-thumbnail","7":"category-blogcafe-2","8":"entry"},"jetpack_publicize_connections":[],"featured_image_src":"https:\/\/i0.wp.com\/lyonelkaufmann.ch\/Blog\/wp-content\/uploads\/2015\/03\/blogcafe1.jpg?resize=600%2C400&ssl=1","featured_image_src_square":"https:\/\/i0.wp.com\/lyonelkaufmann.ch\/Blog\/wp-content\/uploads\/2015\/03\/blogcafe1.jpg?resize=600%2C600&ssl=1","author_info":{"display_name":"Lyonel Kaufmann","author_link":"https:\/\/lyonelkaufmann.ch\/Blog\/author\/lyonelk\/"},"jetpack_featured_media_url":"https:\/\/i0.wp.com\/lyonelkaufmann.ch\/Blog\/wp-content\/uploads\/2015\/03\/blogcafe1.jpg?fit=1024%2C683&ssl=1","jetpack_sharing_enabled":true,"jetpack_shortlink":"https:\/\/wp.me\/p1qtF4-37t","jetpack-related-posts":[{"id":5532,"url":"https:\/\/lyonelkaufmann.ch\/Blog\/2012\/02\/21\/panorama-des-medias-sociaux-2012-mediassociaux-fr\/","url_meta":{"origin":11995,"position":0},"title":"Panorama des m\u00e9dias sociaux 2012 |\u00a0MediasSociaux.fr","author":"Lyonel Kaufmann","date":"21 f\u00e9vrier 2012","format":false,"excerpt":"Comme chaque ann\u00e9e depuis quatre ans (2008, 2009 et 2011), Fr\u00e9d\u00e9ric Cavazza vous propose son panorama des m\u00e9dias sociaux qui, en 2012, g\u00e9n\u00e9ralise les conversations et qui tient compte des terminaux mobiles. Au centre de son panorama, il y place donc Facebook, Twitter et Google + et s'en explique, puis\u2026","rel":"","context":"Dans &quot;Blogcaf\u00e9&quot;","block_context":{"text":"Blogcaf\u00e9","link":"https:\/\/lyonelkaufmann.ch\/Blog\/category\/blogcafe-2\/"},"img":{"alt_text":"","src":"https:\/\/i0.wp.com\/lyonelkaufmann.ch\/Blog\/wp-content\/uploads\/2015\/03\/Panorama_MS_2012-522x550.png?fit=522%2C550&ssl=1&resize=350%2C200","width":350,"height":200},"classes":[]},{"id":12653,"url":"https:\/\/lyonelkaufmann.ch\/Blog\/2010\/05\/07\/la-revolution-des-reseaux-sociaux-tome-2\/","url_meta":{"origin":11995,"position":1},"title":"La r\u00e9volution des r\u00e9seaux sociaux. Tome 2","author":"Lyonel Kaufmann","date":"7 mai 2010","format":"aside","excerpt":"Mise \u00e0 jour de la vid\u00e9o \"Social Media Revolution\". Source: La r\u00e9volution des r\u00e9seaux sociaux et donc des m\u00e9dias sociaux.","rel":"","context":"Dans &quot;Blogcaf\u00e9&quot;","block_context":{"text":"Blogcaf\u00e9","link":"https:\/\/lyonelkaufmann.ch\/Blog\/category\/blogcafe-2\/"},"img":{"alt_text":"","src":"https:\/\/i0.wp.com\/lyonelkaufmann.ch\/Blog\/wp-content\/uploads\/2015\/03\/085.jpg?fit=480%2C360&ssl=1&resize=350%2C200","width":350,"height":200},"classes":[]},{"id":1442,"url":"https:\/\/lyonelkaufmann.ch\/Blog\/2009\/08\/03\/lectures-dete-preparer-sa-rentree-2\/","url_meta":{"origin":11995,"position":2},"title":"Lectures d&rsquo;\u00e9t\u00e9: Pr\u00e9parer sa rentr\u00e9e (2)","author":"Lyonel Kaufmann","date":"3 ao\u00fbt 2009","format":false,"excerpt":"Quand l'\u00e9t\u00e9 vient c'est le temps tout \u00e0 la fois de lire des romans policiers et de pr\u00e9parer sa rentr\u00e9e \u00e0 l'aide de lectures stimulantes. Voici les miennes p\u00each\u00e9es sur la to\u00eele. Comment les m\u00e9dias sociaux stimulent ma m\u00e9moire R\u00e9flexions de Fran\u00e7ois Guit\u00e9 sur l'impact des m\u00e9dias sociaux sur son\u2026","rel":"","context":"Dans &quot;histoire&quot;","block_context":{"text":"histoire","link":"https:\/\/lyonelkaufmann.ch\/Blog\/category\/histoire-2\/"},"img":{"alt_text":"","src":"https:\/\/i0.wp.com\/lyonelkaufmann.ch\/Blog\/wp-content\/uploads\/2015\/03\/memorisationmediassociauxs.jpg?fit=550%2C352&ssl=1&resize=350%2C200","width":350,"height":200,"srcset":"https:\/\/i0.wp.com\/lyonelkaufmann.ch\/Blog\/wp-content\/uploads\/2015\/03\/memorisationmediassociauxs.jpg?fit=550%2C352&ssl=1&resize=350%2C200 1x, https:\/\/i0.wp.com\/lyonelkaufmann.ch\/Blog\/wp-content\/uploads\/2015\/03\/memorisationmediassociauxs.jpg?fit=550%2C352&ssl=1&resize=525%2C300 1.5x"},"classes":[]},{"id":3779,"url":"https:\/\/lyonelkaufmann.ch\/Blog\/2010\/10\/17\/demenagement-2-0-comment-exporter-vos-donnees-dans-les-reseaux-medias-sociaux\/","url_meta":{"origin":11995,"position":3},"title":"D\u00e9m\u00e9nagement 2.0: comment exporter vos donn\u00e9es dans les r\u00e9seaux-m\u00e9dias sociaux","author":"Lyonel Kaufmann","date":"17 octobre 2010","format":"aside","excerpt":"via N'ayez pas peur !! Le blog sur les nouvelles formes de communicationD\u00e9m\u00e9nagement 2.0: comment exporter vos donn\u00e9es dans les r\u00e9seaux-m\u00e9dias sociaux un texte original de N'ayez pas peur !! ... Read More >>","rel":"","context":"Dans &quot;L'Expresso&quot;","block_context":{"text":"L'Expresso","link":"https:\/\/lyonelkaufmann.ch\/Blog\/category\/breves\/"},"img":{"alt_text":"","src":"https:\/\/i0.wp.com\/lyonelkaufmann.ch\/Blog\/wp-content\/uploads\/2015\/03\/blogcafe1.jpg?fit=1024%2C683&ssl=1&resize=350%2C200","width":350,"height":200,"srcset":"https:\/\/i0.wp.com\/lyonelkaufmann.ch\/Blog\/wp-content\/uploads\/2015\/03\/blogcafe1.jpg?fit=1024%2C683&ssl=1&resize=350%2C200 1x, https:\/\/i0.wp.com\/lyonelkaufmann.ch\/Blog\/wp-content\/uploads\/2015\/03\/blogcafe1.jpg?fit=1024%2C683&ssl=1&resize=525%2C300 1.5x, https:\/\/i0.wp.com\/lyonelkaufmann.ch\/Blog\/wp-content\/uploads\/2015\/03\/blogcafe1.jpg?fit=1024%2C683&ssl=1&resize=700%2C400 2x"},"classes":[]},{"id":12733,"url":"https:\/\/lyonelkaufmann.ch\/Blog\/2011\/07\/05\/les-adolescents-attentifs-a-leur-vie-privee-sur-les-reseaux-sociaux-lemonde-fr\/","url_meta":{"origin":11995,"position":4},"title":"Les adolescents attentifs \u00e0 leur vie priv\u00e9e sur les r\u00e9seaux sociaux | LeMonde.fr","author":"Lyonel Kaufmann","date":"5 juillet 2011","format":"aside","excerpt":"Les adolescents sont plut\u00f4t conscients de l'impact que peuvent avoir les r\u00e9seaux sociaux sur leur vie priv\u00e9e, m\u00eame s'ils ne ma\u00eetrisent pas toujours les outils permettant de g\u00e9rer leurs communications en ligne : c'est l'un des principaux enseignements d'un sondage r\u00e9alis\u00e9 par TNS Sofres pour le compte de la CNIL\u2026","rel":"","context":"Dans &quot;Blogcaf\u00e9&quot;","block_context":{"text":"Blogcaf\u00e9","link":"https:\/\/lyonelkaufmann.ch\/Blog\/category\/blogcafe-2\/"},"img":{"alt_text":"","src":"https:\/\/i0.wp.com\/lyonelkaufmann.ch\/Blog\/wp-content\/uploads\/2015\/03\/blogcafe1.jpg?fit=1024%2C683&ssl=1&resize=350%2C200","width":350,"height":200,"srcset":"https:\/\/i0.wp.com\/lyonelkaufmann.ch\/Blog\/wp-content\/uploads\/2015\/03\/blogcafe1.jpg?fit=1024%2C683&ssl=1&resize=350%2C200 1x, https:\/\/i0.wp.com\/lyonelkaufmann.ch\/Blog\/wp-content\/uploads\/2015\/03\/blogcafe1.jpg?fit=1024%2C683&ssl=1&resize=525%2C300 1.5x, https:\/\/i0.wp.com\/lyonelkaufmann.ch\/Blog\/wp-content\/uploads\/2015\/03\/blogcafe1.jpg?fit=1024%2C683&ssl=1&resize=700%2C400 2x"},"classes":[]},{"id":5088,"url":"https:\/\/lyonelkaufmann.ch\/Blog\/2012\/02\/25\/reseaux-sociaux-veille-et-usages-pedagogiques-netpublic\/","url_meta":{"origin":11995,"position":5},"title":"R\u00e9seaux sociaux : Veille et usages p\u00e9dagogiques |\u00a0NetPublic","author":"Lyonel Kaufmann","date":"25 f\u00e9vrier 2012","format":false,"excerpt":"Via Scoop.it - M\u00e9dias sociaux et enseignement\u00c0 travers des fonctions de veille, d\u2019\u00e9change et de cr\u00e9ativit\u00e9, Xavier Galaup montre des exemples de projets participatifs et collaboratifs qui induisent et produisent un mode relationnel renouvel\u00e9 notamment avec les publics (pour les biblioth\u00e8ques) et les apprenants (pour l\u2019enseignement). La pr\u00e9sentation Veille et\u2026","rel":"","context":"Dans &quot;histoire&quot;","block_context":{"text":"histoire","link":"https:\/\/lyonelkaufmann.ch\/Blog\/category\/histoire-2\/"},"img":{"alt_text":"","src":"https:\/\/i0.wp.com\/lyonelkaufmann.ch\/Blog\/wp-content\/uploads\/2015\/03\/XT4znOPJjiEluJC1rYJhojl72eJkfbmt4t8yenImKBXEejxNn4ZJNZ2ss5Ku7Cxt.jpg?fit=500%2C298&ssl=1&resize=350%2C200","width":350,"height":200},"classes":[]}],"jetpack_likes_enabled":true,"_links":{"self":[{"href":"https:\/\/lyonelkaufmann.ch\/Blog\/wp-json\/wp\/v2\/posts\/11995","targetHints":{"allow":["GET"]}}],"collection":[{"href":"https:\/\/lyonelkaufmann.ch\/Blog\/wp-json\/wp\/v2\/posts"}],"about":[{"href":"https:\/\/lyonelkaufmann.ch\/Blog\/wp-json\/wp\/v2\/types\/post"}],"author":[{"embeddable":true,"href":"https:\/\/lyonelkaufmann.ch\/Blog\/wp-json\/wp\/v2\/users\/1"}],"replies":[{"embeddable":true,"href":"https:\/\/lyonelkaufmann.ch\/Blog\/wp-json\/wp\/v2\/comments?post=11995"}],"version-history":[{"count":0,"href":"https:\/\/lyonelkaufmann.ch\/Blog\/wp-json\/wp\/v2\/posts\/11995\/revisions"}],"wp:featuredmedia":[{"embeddable":true,"href":"https:\/\/lyonelkaufmann.ch\/Blog\/wp-json\/wp\/v2\/media\/14680"}],"wp:attachment":[{"href":"https:\/\/lyonelkaufmann.ch\/Blog\/wp-json\/wp\/v2\/media?parent=11995"}],"wp:term":[{"taxonomy":"category","embeddable":true,"href":"https:\/\/lyonelkaufmann.ch\/Blog\/wp-json\/wp\/v2\/categories?post=11995"},{"taxonomy":"post_tag","embeddable":true,"href":"https:\/\/lyonelkaufmann.ch\/Blog\/wp-json\/wp\/v2\/tags?post=11995"}],"curies":[{"name":"wp","href":"https:\/\/api.w.org\/{rel}","templated":true}]}}