{"id":12018,"date":"2014-09-14T23:41:00","date_gmt":"2014-09-14T22:41:00","guid":{"rendered":"https:\/\/lyonelkaufmann.ch\/Blog\/?p=12018"},"modified":"2024-01-02T16:54:02","modified_gmt":"2024-01-02T15:54:02","slug":"ouverture-festival-images-vevey","status":"publish","type":"post","link":"https:\/\/lyonelkaufmann.ch\/Blog\/2014\/09\/14\/ouverture-festival-images-vevey\/","title":{"rendered":"Ouverture |\u00a0Festival Images @ Vevey"},"content":{"rendered":"<p class=\"\">Ce samedi 13 septembre 2014 a eu lieu l\u2019ouverture du Festival Images @ Vevey. Le <i>Festival d\u2019arts visuels Images<\/i> est le premier festival de photographie en plein air de Suisse. Il produit tous les deux ans des expositions de photographie monumentale in\u00e9dites dans les rues de Vevey; il propose aussi de nombreuses expositions dans divers lieux de la r\u00e9gion d\u00e9di\u00e9s \u00e0 l\u2019image et pr\u00e9sente les laur\u00e9ats du concours qu\u2019il organise: le <i>Grand Prix international de photographie<\/i> de Vevey.<\/p>\n<p>Enti\u00e8rement gratuit, le <i>Festival Images<\/i> est \u00e0 la fois un v\u00e9ritable mus\u00e9e \u00e0 ciel ouvert et une plateforme de qualit\u00e9 pour les artistes suisses et internationaux. 68 expositions sont \u00e0 d\u00e9couvrir\u00a0<strong>du 13 septembre au 5 octobre 2014<\/strong>. Le programme des expositions est disponible sur la page\u00a0<a href=\"http:\/\/www.images.ch\/2014\/fr\/festival\/programmation\/\" target=\"_blank\" rel=\"noopener\">programmation<\/a>\u00a0du site du Festival. Courez !<\/p>\n<p class=\"\"><a href=\"https:\/\/i0.wp.com\/lyonelkaufmann.ch\/Blog\/wp-content\/uploads\/2014\/09\/1410734042_full.jpeg?ssl=1\" target=\"_blank\" rel=\"noopener\"><img data-recalc-dims=\"1\" decoding=\"async\" class=\"full aligncenter\" title=\"\" src=\"https:\/\/i0.wp.com\/lyonelkaufmann.ch\/Blog\/wp-content\/uploads\/2014\/09\/1410734042_thumb.jpeg?ssl=1\" alt=\"\" align=\"middle\" \/><\/a><\/p>\n<p class=\"\">Le public attend le d\u00e9but de la c\u00e9r\u00e9monie d&rsquo;ouverture<\/p>\n<p><a href=\"https:\/\/i0.wp.com\/lyonelkaufmann.ch\/Blog\/wp-content\/uploads\/2014\/09\/1410734876_full.jpeg?ssl=1\" target=\"_blank\" rel=\"noopener\"><img data-recalc-dims=\"1\" decoding=\"async\" class=\"aligncenter full\" title=\"\" src=\"https:\/\/i0.wp.com\/lyonelkaufmann.ch\/Blog\/wp-content\/uploads\/2014\/09\/1410734876_thumb.jpeg?ssl=1\" alt=\"\" align=\"middle\" \/><\/a><\/p>\n<p>Mister Loyal, Pierre Smets.<\/p>\n<footer><a href=\"https:\/\/i0.wp.com\/lyonelkaufmann.ch\/Blog\/wp-content\/uploads\/2014\/09\/1410734142_full.jpeg?ssl=1\" target=\"_blank\" rel=\"noopener\"><img data-recalc-dims=\"1\" decoding=\"async\" class=\"full aligncenter\" title=\"\" src=\"https:\/\/i0.wp.com\/lyonelkaufmann.ch\/Blog\/wp-content\/uploads\/2014\/09\/1410734142_thumb.jpeg?ssl=1\" alt=\"\" align=\"middle\" \/><\/a><\/p>\n<p class=\"\">Discours de Laurent Ballif, syndic de Vevey.<\/p>\n<\/footer>\n<p><a href=\"https:\/\/i0.wp.com\/lyonelkaufmann.ch\/Blog\/wp-content\/uploads\/2014\/09\/1410734207_full.jpeg?ssl=1\" target=\"_blank\" rel=\"noopener\"><img data-recalc-dims=\"1\" decoding=\"async\" class=\"aligncenter full\" title=\"\" src=\"https:\/\/i0.wp.com\/lyonelkaufmann.ch\/Blog\/wp-content\/uploads\/2014\/09\/1410734207_thumb.jpeg?ssl=1\" alt=\"\" align=\"middle\" \/><\/a><\/p>\n<p class=\"wrapped\">Discours d&rsquo;Anne-Catherine Lyon, conseill\u00e8re d\u2019Etat.<\/p>\n<p><a href=\"https:\/\/i0.wp.com\/lyonelkaufmann.ch\/Blog\/wp-content\/uploads\/2014\/09\/1410734234_full.jpeg?ssl=1\" target=\"_blank\" rel=\"noopener\"><img data-recalc-dims=\"1\" decoding=\"async\" class=\"aligncenter full\" title=\"\" src=\"https:\/\/i0.wp.com\/lyonelkaufmann.ch\/Blog\/wp-content\/uploads\/2014\/09\/1410734234_thumb.jpeg?ssl=1\" alt=\"\" align=\"middle\" \/><\/a><\/p>\n<p>Mister Images (himself) Stefano Stoll.<\/p>\n<p><a href=\"https:\/\/i0.wp.com\/lyonelkaufmann.ch\/Blog\/wp-content\/uploads\/2014\/09\/1410734300_full.jpeg?ssl=1\" target=\"_blank\" rel=\"noopener\"><img data-recalc-dims=\"1\" decoding=\"async\" class=\"aligncenter full\" title=\"\" src=\"https:\/\/i0.wp.com\/lyonelkaufmann.ch\/Blog\/wp-content\/uploads\/2014\/09\/1410734300_thumb.jpeg?ssl=1\" alt=\"\" align=\"middle\" \/><\/a><\/p>\n<p>Les laur\u00e9ats des 4 mentions avec leurs parrains.<\/p>\n<p>Mention Reportage &#8211; Leica : Abir Abdullah (Bangladesh) pour son projet sur les effets de la globalisation sur l\u2019industrie textile dans son pays.<br \/>\nMention Lumi\u00e8re &#8211; Broncolor : C\u00e9dric Raccio (Suisse) pour Valensis, une exploration du Valais \u00e0 travers les mythes et les l\u00e9gendes de ce canton.<br \/>\nPrix sp\u00e9cial du jury : Lucia Nimcova (Slovaquie) pour Chuanita\u2019s diary.<br \/>\nBourse Nestl\u00e9 : Olivier Cablat (France) avec Duck.<\/p>\n<p><a href=\"https:\/\/i0.wp.com\/lyonelkaufmann.ch\/Blog\/wp-content\/uploads\/2014\/09\/1410734353_full.jpeg?ssl=1\" target=\"_blank\" rel=\"noopener\"><img data-recalc-dims=\"1\" decoding=\"async\" class=\"aligncenter full\" title=\"\" src=\"https:\/\/i0.wp.com\/lyonelkaufmann.ch\/Blog\/wp-content\/uploads\/2014\/09\/1410734353_thumb.jpeg?ssl=1\" alt=\"\" align=\"middle\" \/><\/a><\/p>\n<p>Augustin Rebetez, laur\u00e9at du\u00a0Grand Prix de photographie de Vevey 2013\/2014.<\/p>\n<p><a href=\"https:\/\/i0.wp.com\/lyonelkaufmann.ch\/Blog\/wp-content\/uploads\/2014\/09\/1410734394_full.jpeg?ssl=1\" target=\"_blank\" rel=\"noopener\"><img data-recalc-dims=\"1\" decoding=\"async\" class=\"aligncenter full\" title=\"\" src=\"https:\/\/i0.wp.com\/lyonelkaufmann.ch\/Blog\/wp-content\/uploads\/2014\/09\/1410734394_thumb.jpeg?ssl=1\" alt=\"\" align=\"middle\" \/><\/a><\/p>\n<p>Toute l&rsquo;\u00e9quipe du Festival Images avec Stefano Stoll.<\/p>\n<p>Voir les photos sur\u00a0<a title=\"\" href=\"https:\/\/www.flickr.com\/photos\/lyonelkaufmann\/sets\/72157647194257409\" target=\"_blank\" rel=\"noopener\">Flickr<\/a>.<\/p>\n<p>To be continued\u2026<\/p>\n","protected":false},"excerpt":{"rendered":"<p>Ce samedi 13 septembre 2014 a eu lieu l\u2019ouverture du Festival Images @ Vevey. Le Festival d\u2019arts visuels Images est le premier festival de photographie en plein air de Suisse. Il produit tous les deux ans des expositions de photographie monumentale in\u00e9dites dans les rues de Vevey; il propose aussi de nombreuses expositions dans divers [&hellip;]<\/p>\n","protected":false},"author":1,"featured_media":13931,"comment_status":"open","ping_status":"open","sticky":false,"template":"","format":"standard","meta":{"_import_markdown_pro_load_document_selector":0,"_import_markdown_pro_submit_text_textarea":"","_genesis_hide_title":false,"_genesis_hide_breadcrumbs":false,"_genesis_hide_singular_image":false,"_genesis_hide_footer_widgets":false,"_genesis_custom_body_class":"","_genesis_custom_post_class":"","_genesis_layout":"","jetpack_post_was_ever_published":false,"_jetpack_newsletter_access":"","_jetpack_dont_email_post_to_subs":false,"_jetpack_newsletter_tier_id":0,"_jetpack_memberships_contains_paywalled_content":false,"_jetpack_memberships_contains_paid_content":false,"activitypub_content_warning":"","activitypub_content_visibility":"","activitypub_max_image_attachments":3,"activitypub_interaction_policy_quote":"anyone","activitypub_status":"","footnotes":"","jetpack_publicize_message":"","jetpack_publicize_feature_enabled":true,"jetpack_social_post_already_shared":true,"jetpack_social_options":{"image_generator_settings":{"template":"fullscreen","default_image_id":0,"font":"","enabled":false},"version":2}},"categories":[3],"tags":[],"class_list":{"0":"post-12018","1":"post","2":"type-post","3":"status-publish","4":"format-standard","5":"has-post-thumbnail","7":"category-blogcafe-2","8":"entry"},"jetpack_publicize_connections":[],"featured_image_src":"https:\/\/i0.wp.com\/lyonelkaufmann.ch\/Blog\/wp-content\/uploads\/2015\/03\/1410734042_thumb.jpeg.jpg?resize=600%2C400&ssl=1","featured_image_src_square":"https:\/\/i0.wp.com\/lyonelkaufmann.ch\/Blog\/wp-content\/uploads\/2015\/03\/1410734042_thumb.jpeg.jpg?resize=600%2C425&ssl=1","author_info":{"display_name":"Lyonel Kaufmann","author_link":"https:\/\/lyonelkaufmann.ch\/Blog\/author\/lyonelk\/"},"jetpack_featured_media_url":"https:\/\/i0.wp.com\/lyonelkaufmann.ch\/Blog\/wp-content\/uploads\/2015\/03\/1410734042_thumb.jpeg.jpg?fit=638%2C425&ssl=1","jetpack_sharing_enabled":true,"jetpack_shortlink":"https:\/\/wp.me\/p1qtF4-37Q","jetpack-related-posts":[{"id":9168,"url":"https:\/\/lyonelkaufmann.ch\/Blog\/2013\/01\/17\/festival-images-appel-a-candidatures\/","url_meta":{"origin":12018,"position":0},"title":"Festival Images : Appel \u00e0 candidatures","author":"Lyonel Kaufmann","date":"17 janvier 2013","format":false,"excerpt":"Le Festival Images relance son concours de photographie. Artistes et photographes ont jusqu'au 15 mars 2013 pour participer au Grand Prix international de photographie de Vevey. Le Grand Prix international de photographie de Vevey est une bourse d\u2019aide \u00e0 la cr\u00e9ation photographique. Ce prix de quelques CHF 40'000 (env. \u20ac33'000)\u2026","rel":"","context":"Dans &quot;L'Expresso&quot;","block_context":{"text":"L'Expresso","link":"https:\/\/lyonelkaufmann.ch\/Blog\/category\/breves\/"},"img":{"alt_text":"","src":"https:\/\/i0.wp.com\/lyonelkaufmann.ch\/Blog\/wp-content\/uploads\/2015\/03\/24.jpg?fit=1000%2C744&ssl=1&resize=350%2C200","width":350,"height":200,"srcset":"https:\/\/i0.wp.com\/lyonelkaufmann.ch\/Blog\/wp-content\/uploads\/2015\/03\/24.jpg?fit=1000%2C744&ssl=1&resize=350%2C200 1x, https:\/\/i0.wp.com\/lyonelkaufmann.ch\/Blog\/wp-content\/uploads\/2015\/03\/24.jpg?fit=1000%2C744&ssl=1&resize=525%2C300 1.5x, https:\/\/i0.wp.com\/lyonelkaufmann.ch\/Blog\/wp-content\/uploads\/2015\/03\/24.jpg?fit=1000%2C744&ssl=1&resize=700%2C400 2x"},"classes":[]},{"id":12771,"url":"https:\/\/lyonelkaufmann.ch\/Blog\/2012\/08\/23\/festival-images-2012-un-cindy-sherman-de-500-m2-a-vevey\/","url_meta":{"origin":12018,"position":1},"title":"Festival Images 2012 : Un Cindy Sherman de 500 m2 \u00e0 Vevey","author":"Lyonel Kaufmann","date":"23 ao\u00fbt 2012","format":"image","excerpt":"Apr\u00e8s une \u00e9dition 2010 remarquable, la barre \u00e9tait plac\u00e9e haut pour Stefano Stoll et le Festival Images \u00e0 Vevey. Aujourd'hui, \u00e0 deux semaines et demie de l'ouverture de l'\u00e9dition 2012, celle-ci s'annonce prometteuse \u00e0 l'exemple de cette derni\u00e8re pi\u00e8ce du puzzle : un portrait g\u00e9ant de l\u2019artiste contemporaine am\u00e9ricaine Cindy\u2026","rel":"","context":"Dans &quot;Blogcaf\u00e9&quot;","block_context":{"text":"Blogcaf\u00e9","link":"https:\/\/lyonelkaufmann.ch\/Blog\/category\/blogcafe-2\/"},"img":{"alt_text":"","src":"https:\/\/i0.wp.com\/www.politis.ch\/carnets\/wp-content\/uploads\/2012\/08\/16.jpg?resize=350%2C200","width":350,"height":200,"srcset":"https:\/\/i0.wp.com\/www.politis.ch\/carnets\/wp-content\/uploads\/2012\/08\/16.jpg?resize=350%2C200 1x, https:\/\/i0.wp.com\/www.politis.ch\/carnets\/wp-content\/uploads\/2012\/08\/16.jpg?resize=525%2C300 1.5x"},"classes":[]},{"id":12029,"url":"https:\/\/lyonelkaufmann.ch\/Blog\/2014\/09\/15\/from-the-shelton-looking-east-festival-images-vevey\/","url_meta":{"origin":12018,"position":2},"title":"From the Shelton, Looking East |\u00a0Festival #Images @\u00a0Vevey","author":"Lyonel Kaufmann","date":"15 septembre 2014","format":false,"excerpt":"Le\u00e7on 1 D\u00e9ambuler dans les rues de Vevey et s'inspirer des oeuvres des autres pour exp\u00e9rimenter. Merci \u00e0 la biennale du Festival IMAGES' de rendre ceci possible pendant trois semaines ! Arno Rafael Minkkinen (2005). From the Shelton, Looking East sur la fa\u00e7ade BCV \u00e0 Vevey. Tout au long de\u2026","rel":"","context":"Dans &quot;Blogcaf\u00e9&quot;","block_context":{"text":"Blogcaf\u00e9","link":"https:\/\/lyonelkaufmann.ch\/Blog\/category\/blogcafe-2\/"},"img":{"alt_text":"","src":"https:\/\/i0.wp.com\/lyonelkaufmann.ch\/Blog\/wp-content\/uploads\/2015\/02\/shelton.jpg?fit=1200%2C797&ssl=1&resize=350%2C200","width":350,"height":200,"srcset":"https:\/\/i0.wp.com\/lyonelkaufmann.ch\/Blog\/wp-content\/uploads\/2015\/02\/shelton.jpg?fit=1200%2C797&ssl=1&resize=350%2C200 1x, https:\/\/i0.wp.com\/lyonelkaufmann.ch\/Blog\/wp-content\/uploads\/2015\/02\/shelton.jpg?fit=1200%2C797&ssl=1&resize=525%2C300 1.5x, https:\/\/i0.wp.com\/lyonelkaufmann.ch\/Blog\/wp-content\/uploads\/2015\/02\/shelton.jpg?fit=1200%2C797&ssl=1&resize=700%2C400 2x, https:\/\/i0.wp.com\/lyonelkaufmann.ch\/Blog\/wp-content\/uploads\/2015\/02\/shelton.jpg?fit=1200%2C797&ssl=1&resize=1050%2C600 3x"},"classes":[]},{"id":12083,"url":"https:\/\/lyonelkaufmann.ch\/Blog\/2014\/10\/10\/duck-festival-images-vevey\/","url_meta":{"origin":12018,"position":3},"title":"Duck | Festival #Images @ Vevey","author":"Lyonel Kaufmann","date":"10 octobre 2014","format":false,"excerpt":"Le\u00e7on 5 : penser \u00e0 ajouter une pr\u00e9sence humaine DUCK Laur\u00e9at de la Bourse Nestl\u00e9 au Grand Prix international de photographie de Vevey 2013\/2014 N\u00e9 en 1978, Olivier Cablat suit des \u00e9tudes d\u2019art et de photographie avant de travailler pour le Centre National de la Recherche Scientifique (CNRS) en Egypte\u2026","rel":"","context":"Dans &quot;Photo du jour&quot;","block_context":{"text":"Photo du jour","link":"https:\/\/lyonelkaufmann.ch\/Blog\/category\/photo-du-jour\/"},"img":{"alt_text":"","src":"https:\/\/i0.wp.com\/lyonelkaufmann.ch\/Blog\/wp-content\/uploads\/2015\/03\/1412971425_thumb.jpeg.jpg?fit=800%2C531&ssl=1&resize=350%2C200","width":350,"height":200,"srcset":"https:\/\/i0.wp.com\/lyonelkaufmann.ch\/Blog\/wp-content\/uploads\/2015\/03\/1412971425_thumb.jpeg.jpg?fit=800%2C531&ssl=1&resize=350%2C200 1x, https:\/\/i0.wp.com\/lyonelkaufmann.ch\/Blog\/wp-content\/uploads\/2015\/03\/1412971425_thumb.jpeg.jpg?fit=800%2C531&ssl=1&resize=525%2C300 1.5x, https:\/\/i0.wp.com\/lyonelkaufmann.ch\/Blog\/wp-content\/uploads\/2015\/03\/1412971425_thumb.jpeg.jpg?fit=800%2C531&ssl=1&resize=700%2C400 2x"},"classes":[]},{"id":12131,"url":"https:\/\/lyonelkaufmann.ch\/Blog\/2014\/10\/13\/postcards-from-google-earth-festival-images-vevey\/","url_meta":{"origin":12018,"position":4},"title":"Postcards from Google Earth | Festival #Images @Vevey","author":"Lyonel Kaufmann","date":"13 octobre 2014","format":false,"excerpt":"Le\u00e7on 8 :\u00a0pour ajouter de la vie \u00e0 une image fixe, rien ne vaut un enfant au ballon. Postcards from Google Earth N\u00e9 en 1971, Clement Valla est un artiste qui vit et travaille \u00e0 Brooklyn et qui a suivi une double formation d\u2019architecte et de designer. Valla collectionne des\u2026","rel":"","context":"Dans &quot;Photo du jour&quot;","block_context":{"text":"Photo du jour","link":"https:\/\/lyonelkaufmann.ch\/Blog\/category\/photo-du-jour\/"},"img":{"alt_text":"","src":"https:\/\/i0.wp.com\/lyonelkaufmann.ch\/Blog\/wp-content\/uploads\/2015\/03\/example1.jpg?fit=800%2C531&ssl=1&resize=350%2C200","width":350,"height":200,"srcset":"https:\/\/i0.wp.com\/lyonelkaufmann.ch\/Blog\/wp-content\/uploads\/2015\/03\/example1.jpg?fit=800%2C531&ssl=1&resize=350%2C200 1x, https:\/\/i0.wp.com\/lyonelkaufmann.ch\/Blog\/wp-content\/uploads\/2015\/03\/example1.jpg?fit=800%2C531&ssl=1&resize=525%2C300 1.5x, https:\/\/i0.wp.com\/lyonelkaufmann.ch\/Blog\/wp-content\/uploads\/2015\/03\/example1.jpg?fit=800%2C531&ssl=1&resize=700%2C400 2x"},"classes":[]},{"id":12126,"url":"https:\/\/lyonelkaufmann.ch\/Blog\/2014\/10\/12\/primal-mountain-festival-images-vevey\/","url_meta":{"origin":12018,"position":5},"title":"Primal Mountain | Festival #Images @Vevey","author":"Lyonel Kaufmann","date":"12 octobre 2014","format":false,"excerpt":"Le\u00e7on 7 : au 50mm (focale fixe) du flou tu auras, \u00e0 toi de choisir o\u00f9. Primal Mountain N\u00e9 \u00e0 Osaka en 1979, Yuji Hamada a \u00e9tudi\u00e9 la photographie \u00e0 l\u2019Universit\u00e9 de Nihon. Un jour, il re\u00e7oit de la part d\u2019un de ses amis une carte postale de la Suisse\u2026","rel":"","context":"Dans &quot;Photo du jour&quot;","block_context":{"text":"Photo du jour","link":"https:\/\/lyonelkaufmann.ch\/Blog\/category\/photo-du-jour\/"},"img":{"alt_text":"","src":"https:\/\/i0.wp.com\/lyonelkaufmann.ch\/Blog\/wp-content\/uploads\/2015\/03\/example.jpg?fit=800%2C531&ssl=1&resize=350%2C200","width":350,"height":200,"srcset":"https:\/\/i0.wp.com\/lyonelkaufmann.ch\/Blog\/wp-content\/uploads\/2015\/03\/example.jpg?fit=800%2C531&ssl=1&resize=350%2C200 1x, https:\/\/i0.wp.com\/lyonelkaufmann.ch\/Blog\/wp-content\/uploads\/2015\/03\/example.jpg?fit=800%2C531&ssl=1&resize=525%2C300 1.5x, https:\/\/i0.wp.com\/lyonelkaufmann.ch\/Blog\/wp-content\/uploads\/2015\/03\/example.jpg?fit=800%2C531&ssl=1&resize=700%2C400 2x"},"classes":[]}],"jetpack_likes_enabled":true,"_links":{"self":[{"href":"https:\/\/lyonelkaufmann.ch\/Blog\/wp-json\/wp\/v2\/posts\/12018","targetHints":{"allow":["GET"]}}],"collection":[{"href":"https:\/\/lyonelkaufmann.ch\/Blog\/wp-json\/wp\/v2\/posts"}],"about":[{"href":"https:\/\/lyonelkaufmann.ch\/Blog\/wp-json\/wp\/v2\/types\/post"}],"author":[{"embeddable":true,"href":"https:\/\/lyonelkaufmann.ch\/Blog\/wp-json\/wp\/v2\/users\/1"}],"replies":[{"embeddable":true,"href":"https:\/\/lyonelkaufmann.ch\/Blog\/wp-json\/wp\/v2\/comments?post=12018"}],"version-history":[{"count":2,"href":"https:\/\/lyonelkaufmann.ch\/Blog\/wp-json\/wp\/v2\/posts\/12018\/revisions"}],"predecessor-version":[{"id":24791,"href":"https:\/\/lyonelkaufmann.ch\/Blog\/wp-json\/wp\/v2\/posts\/12018\/revisions\/24791"}],"wp:featuredmedia":[{"embeddable":true,"href":"https:\/\/lyonelkaufmann.ch\/Blog\/wp-json\/wp\/v2\/media\/13931"}],"wp:attachment":[{"href":"https:\/\/lyonelkaufmann.ch\/Blog\/wp-json\/wp\/v2\/media?parent=12018"}],"wp:term":[{"taxonomy":"category","embeddable":true,"href":"https:\/\/lyonelkaufmann.ch\/Blog\/wp-json\/wp\/v2\/categories?post=12018"},{"taxonomy":"post_tag","embeddable":true,"href":"https:\/\/lyonelkaufmann.ch\/Blog\/wp-json\/wp\/v2\/tags?post=12018"}],"curies":[{"name":"wp","href":"https:\/\/api.w.org\/{rel}","templated":true}]}}