{"id":12035,"date":"2014-09-18T00:15:22","date_gmt":"2014-09-17T23:15:22","guid":{"rendered":"https:\/\/lyonelkaufmann.ch\/Blog\/?p=12035"},"modified":"2024-01-02T16:55:51","modified_gmt":"2024-01-02T15:55:51","slug":"rfk-funeral-train-festival-images-vevey","status":"publish","type":"post","link":"https:\/\/lyonelkaufmann.ch\/Blog\/2014\/09\/18\/rfk-funeral-train-festival-images-vevey\/","title":{"rendered":"RFK Funeral Train | Festival #Images @\u00a0Vevey"},"content":{"rendered":"<p class=\"\"><b>Le\u00e7on 2<\/b><b><br \/>\n<\/b><br \/>\nElargir (l\u00e9g\u00e8rement) le cadre et soudain des v\u00e9los deviennent spectateurs de l\u2019image.<br \/>\nMerci \u00e0 la biennale du Festival IMAGES&rsquo; de rendre ceci possible pendant trois semaines !<\/p>\n<p><a href=\"https:\/\/i0.wp.com\/lyonelk.smugmug.com\/Portfolio\/Festival-Images-2014\/i-j5QpNt4\/0\/X3\/Fusco%2540Images2014-X3.jpg\"><img data-recalc-dims=\"1\" loading=\"lazy\" decoding=\"async\" src=\"https:\/\/i0.wp.com\/lyonelk.smugmug.com\/Portfolio\/Festival-Images-2014\/i-j5QpNt4\/0\/tPj56fbd56SDqTMTbpZLbCHcW4wDqprFhhRGpRWZ\/499x750\/Fusco%2540Images2014-499x750.jpg?resize=499%2C750&#038;ssl=1\" alt=\"Fusco@Images2014\" width=\"499\" height=\"750\" \/><\/a><\/p>\n<p>Paul Fusco (1968). <i>RFK Funeral Train<\/i> \u00e0 la gare de Vevey.<\/p>\n<p>Ces photos de Paul Fusco ont \u00e9t\u00e9 prises durant le voyage emmenant la d\u00e9pouille de Robert Kennedy de New York \u00e0 Washington. Elles sont remises en perspective \u00e0 la gare de Vevey permettant aux voyageurs d&rsquo;exp\u00e9rimenter un point de vue proche de celui du reporter d\u2019alors.<\/p>\n<p>Mon portfolio IMAGES\u2019 :\u00a0<a title=\"\" href=\"http:\/\/lyonelk.smugmug.com\/Portfolio\/Festival-Images-2014\/\" target=\"_blank\" rel=\"noopener\">http:\/\/lyonelk.smugmug.com\/Portfolio\/Festival-Images-2014\/<\/a><\/p>\n<p>To be continued\u2026<\/p>\n","protected":false},"excerpt":{"rendered":"<p>Le\u00e7on 2 Elargir (l\u00e9g\u00e8rement) le cadre et soudain des v\u00e9los deviennent spectateurs de l\u2019image. Merci \u00e0 la biennale du Festival IMAGES&rsquo; de rendre ceci possible pendant trois semaines ! Paul Fusco (1968). RFK Funeral Train \u00e0 la gare de Vevey. Ces photos de Paul Fusco ont \u00e9t\u00e9 prises durant le voyage emmenant la d\u00e9pouille de [&hellip;]<\/p>\n","protected":false},"author":1,"featured_media":13460,"comment_status":"open","ping_status":"open","sticky":false,"template":"","format":"standard","meta":{"_import_markdown_pro_load_document_selector":0,"_import_markdown_pro_submit_text_textarea":"","_genesis_hide_title":false,"_genesis_hide_breadcrumbs":false,"_genesis_hide_singular_image":false,"_genesis_hide_footer_widgets":false,"_genesis_custom_body_class":"","_genesis_custom_post_class":"","_genesis_layout":"","jetpack_post_was_ever_published":false,"_jetpack_newsletter_access":"","_jetpack_dont_email_post_to_subs":false,"_jetpack_newsletter_tier_id":0,"_jetpack_memberships_contains_paywalled_content":false,"_jetpack_memberships_contains_paid_content":false,"activitypub_content_warning":"","activitypub_content_visibility":"","activitypub_max_image_attachments":3,"activitypub_interaction_policy_quote":"anyone","activitypub_status":"","footnotes":"","jetpack_publicize_message":"","jetpack_publicize_feature_enabled":true,"jetpack_social_post_already_shared":true,"jetpack_social_options":{"image_generator_settings":{"template":"fullscreen","default_image_id":0,"font":"","enabled":false},"version":2}},"categories":[3],"tags":[],"class_list":{"0":"post-12035","1":"post","2":"type-post","3":"status-publish","4":"format-standard","5":"has-post-thumbnail","7":"category-blogcafe-2","8":"entry"},"jetpack_publicize_connections":[],"featured_image_src":"https:\/\/i0.wp.com\/lyonelkaufmann.ch\/Blog\/wp-content\/uploads\/2015\/02\/rfk.jpg?resize=600%2C400&ssl=1","featured_image_src_square":"https:\/\/i0.wp.com\/lyonelkaufmann.ch\/Blog\/wp-content\/uploads\/2015\/02\/rfk.jpg?resize=600%2C600&ssl=1","author_info":{"display_name":"Lyonel Kaufmann","author_link":"https:\/\/lyonelkaufmann.ch\/Blog\/author\/lyonelk\/"},"jetpack_featured_media_url":"https:\/\/i0.wp.com\/lyonelkaufmann.ch\/Blog\/wp-content\/uploads\/2015\/02\/rfk.jpg?fit=%2C&ssl=1","jetpack_sharing_enabled":true,"jetpack_shortlink":"https:\/\/wp.me\/p1qtF4-387","jetpack-related-posts":[{"id":12083,"url":"https:\/\/lyonelkaufmann.ch\/Blog\/2014\/10\/10\/duck-festival-images-vevey\/","url_meta":{"origin":12035,"position":0},"title":"Duck | Festival #Images @ Vevey","author":"Lyonel Kaufmann","date":"10 octobre 2014","format":false,"excerpt":"Le\u00e7on 5 : penser \u00e0 ajouter une pr\u00e9sence humaine DUCK Laur\u00e9at de la Bourse Nestl\u00e9 au Grand Prix international de photographie de Vevey 2013\/2014 N\u00e9 en 1978, Olivier Cablat suit des \u00e9tudes d\u2019art et de photographie avant de travailler pour le Centre National de la Recherche Scientifique (CNRS) en Egypte\u2026","rel":"","context":"Dans &quot;Photo du jour&quot;","block_context":{"text":"Photo du jour","link":"https:\/\/lyonelkaufmann.ch\/Blog\/category\/photo-du-jour\/"},"img":{"alt_text":"","src":"https:\/\/i0.wp.com\/lyonelkaufmann.ch\/Blog\/wp-content\/uploads\/2015\/03\/1412971425_thumb.jpeg.jpg?fit=800%2C531&ssl=1&resize=350%2C200","width":350,"height":200,"srcset":"https:\/\/i0.wp.com\/lyonelkaufmann.ch\/Blog\/wp-content\/uploads\/2015\/03\/1412971425_thumb.jpeg.jpg?fit=800%2C531&ssl=1&resize=350%2C200 1x, https:\/\/i0.wp.com\/lyonelkaufmann.ch\/Blog\/wp-content\/uploads\/2015\/03\/1412971425_thumb.jpeg.jpg?fit=800%2C531&ssl=1&resize=525%2C300 1.5x, https:\/\/i0.wp.com\/lyonelkaufmann.ch\/Blog\/wp-content\/uploads\/2015\/03\/1412971425_thumb.jpeg.jpg?fit=800%2C531&ssl=1&resize=700%2C400 2x"},"classes":[]},{"id":12029,"url":"https:\/\/lyonelkaufmann.ch\/Blog\/2014\/09\/15\/from-the-shelton-looking-east-festival-images-vevey\/","url_meta":{"origin":12035,"position":1},"title":"From the Shelton, Looking East |\u00a0Festival #Images @\u00a0Vevey","author":"Lyonel Kaufmann","date":"15 septembre 2014","format":false,"excerpt":"Le\u00e7on 1 D\u00e9ambuler dans les rues de Vevey et s'inspirer des oeuvres des autres pour exp\u00e9rimenter. Merci \u00e0 la biennale du Festival IMAGES' de rendre ceci possible pendant trois semaines ! Arno Rafael Minkkinen (2005). From the Shelton, Looking East sur la fa\u00e7ade BCV \u00e0 Vevey. Tout au long de\u2026","rel":"","context":"Dans &quot;Blogcaf\u00e9&quot;","block_context":{"text":"Blogcaf\u00e9","link":"https:\/\/lyonelkaufmann.ch\/Blog\/category\/blogcafe-2\/"},"img":{"alt_text":"","src":"https:\/\/i0.wp.com\/lyonelkaufmann.ch\/Blog\/wp-content\/uploads\/2015\/02\/shelton.jpg?fit=1200%2C797&ssl=1&resize=350%2C200","width":350,"height":200,"srcset":"https:\/\/i0.wp.com\/lyonelkaufmann.ch\/Blog\/wp-content\/uploads\/2015\/02\/shelton.jpg?fit=1200%2C797&ssl=1&resize=350%2C200 1x, https:\/\/i0.wp.com\/lyonelkaufmann.ch\/Blog\/wp-content\/uploads\/2015\/02\/shelton.jpg?fit=1200%2C797&ssl=1&resize=525%2C300 1.5x, https:\/\/i0.wp.com\/lyonelkaufmann.ch\/Blog\/wp-content\/uploads\/2015\/02\/shelton.jpg?fit=1200%2C797&ssl=1&resize=700%2C400 2x, https:\/\/i0.wp.com\/lyonelkaufmann.ch\/Blog\/wp-content\/uploads\/2015\/02\/shelton.jpg?fit=1200%2C797&ssl=1&resize=1050%2C600 3x"},"classes":[]},{"id":12071,"url":"https:\/\/lyonelkaufmann.ch\/Blog\/2014\/10\/06\/cities-numbers-festival-images-vevey\/","url_meta":{"origin":12035,"position":2},"title":"Cities &amp; Numbers | Festival #Images @ Vevey","author":"Lyonel Kaufmann","date":"6 octobre 2014","format":false,"excerpt":"Le\u00e7on 4 : m\u00e9langer la vie du lieu avec la vie de l\u2019image. Cities & Numbers :\u00a0 A la mani\u00e8re d\u2019un anthropologue, l\u2019artiste Hans Eijkelboom utilise la photographie comme moyen d\u2019\u00e9tude pour ses recherches sur les apparences et les identit\u00e9s. Intrigu\u00e9 par l\u2019\u00e9volution de la soci\u00e9t\u00e9 de consommation et son\u2026","rel":"","context":"Dans &quot;Photo du jour&quot;","block_context":{"text":"Photo du jour","link":"https:\/\/lyonelkaufmann.ch\/Blog\/category\/photo-du-jour\/"},"img":{"alt_text":"","src":"https:\/\/i0.wp.com\/lyonelkaufmann.ch\/Blog\/wp-content\/uploads\/2015\/03\/1412634479_thumb.jpeg.jpg?fit=1200%2C797&ssl=1&resize=350%2C200","width":350,"height":200,"srcset":"https:\/\/i0.wp.com\/lyonelkaufmann.ch\/Blog\/wp-content\/uploads\/2015\/03\/1412634479_thumb.jpeg.jpg?fit=1200%2C797&ssl=1&resize=350%2C200 1x, https:\/\/i0.wp.com\/lyonelkaufmann.ch\/Blog\/wp-content\/uploads\/2015\/03\/1412634479_thumb.jpeg.jpg?fit=1200%2C797&ssl=1&resize=525%2C300 1.5x, https:\/\/i0.wp.com\/lyonelkaufmann.ch\/Blog\/wp-content\/uploads\/2015\/03\/1412634479_thumb.jpeg.jpg?fit=1200%2C797&ssl=1&resize=700%2C400 2x, https:\/\/i0.wp.com\/lyonelkaufmann.ch\/Blog\/wp-content\/uploads\/2015\/03\/1412634479_thumb.jpeg.jpg?fit=1200%2C797&ssl=1&resize=1050%2C600 3x"},"classes":[]},{"id":12126,"url":"https:\/\/lyonelkaufmann.ch\/Blog\/2014\/10\/12\/primal-mountain-festival-images-vevey\/","url_meta":{"origin":12035,"position":3},"title":"Primal Mountain | Festival #Images @Vevey","author":"Lyonel Kaufmann","date":"12 octobre 2014","format":false,"excerpt":"Le\u00e7on 7 : au 50mm (focale fixe) du flou tu auras, \u00e0 toi de choisir o\u00f9. Primal Mountain N\u00e9 \u00e0 Osaka en 1979, Yuji Hamada a \u00e9tudi\u00e9 la photographie \u00e0 l\u2019Universit\u00e9 de Nihon. Un jour, il re\u00e7oit de la part d\u2019un de ses amis une carte postale de la Suisse\u2026","rel":"","context":"Dans &quot;Photo du jour&quot;","block_context":{"text":"Photo du jour","link":"https:\/\/lyonelkaufmann.ch\/Blog\/category\/photo-du-jour\/"},"img":{"alt_text":"","src":"https:\/\/i0.wp.com\/lyonelkaufmann.ch\/Blog\/wp-content\/uploads\/2015\/03\/example.jpg?fit=800%2C531&ssl=1&resize=350%2C200","width":350,"height":200,"srcset":"https:\/\/i0.wp.com\/lyonelkaufmann.ch\/Blog\/wp-content\/uploads\/2015\/03\/example.jpg?fit=800%2C531&ssl=1&resize=350%2C200 1x, https:\/\/i0.wp.com\/lyonelkaufmann.ch\/Blog\/wp-content\/uploads\/2015\/03\/example.jpg?fit=800%2C531&ssl=1&resize=525%2C300 1.5x, https:\/\/i0.wp.com\/lyonelkaufmann.ch\/Blog\/wp-content\/uploads\/2015\/03\/example.jpg?fit=800%2C531&ssl=1&resize=700%2C400 2x"},"classes":[]},{"id":12131,"url":"https:\/\/lyonelkaufmann.ch\/Blog\/2014\/10\/13\/postcards-from-google-earth-festival-images-vevey\/","url_meta":{"origin":12035,"position":4},"title":"Postcards from Google Earth | Festival #Images @Vevey","author":"Lyonel Kaufmann","date":"13 octobre 2014","format":false,"excerpt":"Le\u00e7on 8 :\u00a0pour ajouter de la vie \u00e0 une image fixe, rien ne vaut un enfant au ballon. Postcards from Google Earth N\u00e9 en 1971, Clement Valla est un artiste qui vit et travaille \u00e0 Brooklyn et qui a suivi une double formation d\u2019architecte et de designer. Valla collectionne des\u2026","rel":"","context":"Dans &quot;Photo du jour&quot;","block_context":{"text":"Photo du jour","link":"https:\/\/lyonelkaufmann.ch\/Blog\/category\/photo-du-jour\/"},"img":{"alt_text":"","src":"https:\/\/i0.wp.com\/lyonelkaufmann.ch\/Blog\/wp-content\/uploads\/2015\/03\/example1.jpg?fit=800%2C531&ssl=1&resize=350%2C200","width":350,"height":200,"srcset":"https:\/\/i0.wp.com\/lyonelkaufmann.ch\/Blog\/wp-content\/uploads\/2015\/03\/example1.jpg?fit=800%2C531&ssl=1&resize=350%2C200 1x, https:\/\/i0.wp.com\/lyonelkaufmann.ch\/Blog\/wp-content\/uploads\/2015\/03\/example1.jpg?fit=800%2C531&ssl=1&resize=525%2C300 1.5x, https:\/\/i0.wp.com\/lyonelkaufmann.ch\/Blog\/wp-content\/uploads\/2015\/03\/example1.jpg?fit=800%2C531&ssl=1&resize=700%2C400 2x"},"classes":[]},{"id":12123,"url":"https:\/\/lyonelkaufmann.ch\/Blog\/2014\/10\/11\/atomik-magik-circus-festival-images-vevey\/","url_meta":{"origin":12035,"position":5},"title":"Atomik Magik Circus | Festival #Images @ Vevey","author":"Lyonel Kaufmann","date":"11 octobre 2014","format":false,"excerpt":"Le\u00e7on 6 : Rolex et R\u00e9volution iraient-ils de pairs? ou quand l\u2019humour et l\u2019ironie donnent le ton et r\u00e9activent tant notre m\u00e9moire que notre imaginaire. Atomik Magik Circus D\u2019un c\u00f4t\u00e9, des sculptures hors normes imbib\u00e9es des angoisses post Guerre froide par Fran\u00e7ois Burland. De l\u2019autre, un duo de photographes plasticiens\u2026","rel":"","context":"Dans &quot;Photo du jour&quot;","block_context":{"text":"Photo du jour","link":"https:\/\/lyonelkaufmann.ch\/Blog\/category\/photo-du-jour\/"},"img":{"alt_text":"","src":"https:\/\/i0.wp.com\/lyonelkaufmann.ch\/Blog\/wp-content\/uploads\/2015\/03\/1412972109_thumb.jpeg.jpg?fit=638%2C959&ssl=1&resize=350%2C200","width":350,"height":200,"srcset":"https:\/\/i0.wp.com\/lyonelkaufmann.ch\/Blog\/wp-content\/uploads\/2015\/03\/1412972109_thumb.jpeg.jpg?fit=638%2C959&ssl=1&resize=350%2C200 1x, https:\/\/i0.wp.com\/lyonelkaufmann.ch\/Blog\/wp-content\/uploads\/2015\/03\/1412972109_thumb.jpeg.jpg?fit=638%2C959&ssl=1&resize=525%2C300 1.5x"},"classes":[]}],"jetpack_likes_enabled":true,"_links":{"self":[{"href":"https:\/\/lyonelkaufmann.ch\/Blog\/wp-json\/wp\/v2\/posts\/12035","targetHints":{"allow":["GET"]}}],"collection":[{"href":"https:\/\/lyonelkaufmann.ch\/Blog\/wp-json\/wp\/v2\/posts"}],"about":[{"href":"https:\/\/lyonelkaufmann.ch\/Blog\/wp-json\/wp\/v2\/types\/post"}],"author":[{"embeddable":true,"href":"https:\/\/lyonelkaufmann.ch\/Blog\/wp-json\/wp\/v2\/users\/1"}],"replies":[{"embeddable":true,"href":"https:\/\/lyonelkaufmann.ch\/Blog\/wp-json\/wp\/v2\/comments?post=12035"}],"version-history":[{"count":1,"href":"https:\/\/lyonelkaufmann.ch\/Blog\/wp-json\/wp\/v2\/posts\/12035\/revisions"}],"predecessor-version":[{"id":24793,"href":"https:\/\/lyonelkaufmann.ch\/Blog\/wp-json\/wp\/v2\/posts\/12035\/revisions\/24793"}],"wp:featuredmedia":[{"embeddable":true,"href":"https:\/\/lyonelkaufmann.ch\/Blog\/wp-json\/wp\/v2\/media\/13460"}],"wp:attachment":[{"href":"https:\/\/lyonelkaufmann.ch\/Blog\/wp-json\/wp\/v2\/media?parent=12035"}],"wp:term":[{"taxonomy":"category","embeddable":true,"href":"https:\/\/lyonelkaufmann.ch\/Blog\/wp-json\/wp\/v2\/categories?post=12035"},{"taxonomy":"post_tag","embeddable":true,"href":"https:\/\/lyonelkaufmann.ch\/Blog\/wp-json\/wp\/v2\/tags?post=12035"}],"curies":[{"name":"wp","href":"https:\/\/api.w.org\/{rel}","templated":true}]}}