{"id":12045,"date":"2014-09-24T00:20:34","date_gmt":"2014-09-23T23:20:34","guid":{"rendered":"https:\/\/lyonelkaufmann.ch\/Blog\/?p=12045"},"modified":"2014-09-24T00:20:34","modified_gmt":"2014-09-23T23:20:34","slug":"trois-jours-milan","status":"publish","type":"post","link":"https:\/\/lyonelkaufmann.ch\/Blog\/2014\/09\/24\/trois-jours-milan\/","title":{"rendered":"Trois jours @ Milan"},"content":{"rendered":"<p><iframe loading=\"lazy\" title=\"Video Player\" id=\"vp19QJD0\" width=\"500\" height=\"281\" frameborder=\"0\" src=\"https:\/\/s3.amazonaws.com\/embed.animoto.com\/play.html?w=swf\/production\/vp1&#038;e=1712591314&#038;f=9QJD0X4vUQ1P6CQPvutmLg&#038;d=0&#038;m=p&#038;r=360p+720p&#038;i=m&#038;asset_domain=s3-p.animoto.com&#038;animoto_domain=animoto.com&#038;options=\" allowfullscreen><\/iframe><\/p>\n<p>Nous avons profit\u00e9 du week-end du Je\u00fbne F\u00e9d\u00e9ral pour passer trois jours \u00e0 Milan. Et voil\u00e0 le travail&#8230;<\/p>\n","protected":false},"excerpt":{"rendered":"<p>Nous avons profit\u00e9 du week-end du Je\u00fbne F\u00e9d\u00e9ral pour passer trois jours \u00e0 Milan. Et voil\u00e0 le travail&#8230;<\/p>\n","protected":false},"author":1,"featured_media":14680,"comment_status":"open","ping_status":"open","sticky":false,"template":"","format":"video","meta":{"_import_markdown_pro_load_document_selector":0,"_import_markdown_pro_submit_text_textarea":"","_genesis_hide_title":false,"_genesis_hide_breadcrumbs":false,"_genesis_hide_singular_image":false,"_genesis_hide_footer_widgets":false,"_genesis_custom_body_class":"","_genesis_custom_post_class":"","_genesis_layout":"","jetpack_post_was_ever_published":false,"_jetpack_newsletter_access":"","_jetpack_dont_email_post_to_subs":false,"_jetpack_newsletter_tier_id":0,"_jetpack_memberships_contains_paywalled_content":false,"_jetpack_memberships_contains_paid_content":false,"activitypub_content_warning":"","activitypub_content_visibility":"","activitypub_max_image_attachments":3,"activitypub_interaction_policy_quote":"anyone","activitypub_status":"","footnotes":"","jetpack_publicize_message":"","jetpack_publicize_feature_enabled":true,"jetpack_social_post_already_shared":true,"jetpack_social_options":{"image_generator_settings":{"template":"fullscreen","default_image_id":0,"font":"","enabled":false},"version":2}},"categories":[3],"tags":[],"class_list":{"0":"post-12045","1":"post","2":"type-post","3":"status-publish","4":"format-video","5":"has-post-thumbnail","7":"category-blogcafe-2","8":"post_format-post-format-video","9":"entry"},"jetpack_publicize_connections":[],"featured_image_src":"https:\/\/i0.wp.com\/lyonelkaufmann.ch\/Blog\/wp-content\/uploads\/2015\/03\/blogcafe1.jpg?resize=600%2C400&ssl=1","featured_image_src_square":"https:\/\/i0.wp.com\/lyonelkaufmann.ch\/Blog\/wp-content\/uploads\/2015\/03\/blogcafe1.jpg?resize=600%2C600&ssl=1","author_info":{"display_name":"Lyonel Kaufmann","author_link":"https:\/\/lyonelkaufmann.ch\/Blog\/author\/lyonelk\/"},"jetpack_featured_media_url":"https:\/\/i0.wp.com\/lyonelkaufmann.ch\/Blog\/wp-content\/uploads\/2015\/03\/blogcafe1.jpg?fit=1024%2C683&ssl=1","jetpack_sharing_enabled":true,"jetpack_shortlink":"https:\/\/wp.me\/p1qtF4-38h","jetpack-related-posts":[{"id":15187,"url":"https:\/\/lyonelkaufmann.ch\/Blog\/2015\/09\/08\/lhomme-du-parc-photo-du-jour\/","url_meta":{"origin":12045,"position":0},"title":"L&rsquo;homme du parc |\u00a0Photo du jour","author":"Lyonel Kaufmann","date":"8 septembre 2015","format":false,"excerpt":"Place de Milan, Lausanne, mardi 8 septembre 2015","rel":"","context":"Dans &quot;Photo du jour&quot;","block_context":{"text":"Photo du jour","link":"https:\/\/lyonelkaufmann.ch\/Blog\/category\/photo-du-jour\/"},"img":{"alt_text":"","src":"https:\/\/i0.wp.com\/lyonelkaufmann.ch\/Blog\/wp-content\/uploads\/2015\/09\/P9080078-Modifier-L.jpg?fit=600%2C600&ssl=1&resize=350%2C200","width":350,"height":200,"srcset":"https:\/\/i0.wp.com\/lyonelkaufmann.ch\/Blog\/wp-content\/uploads\/2015\/09\/P9080078-Modifier-L.jpg?fit=600%2C600&ssl=1&resize=350%2C200 1x, https:\/\/i0.wp.com\/lyonelkaufmann.ch\/Blog\/wp-content\/uploads\/2015\/09\/P9080078-Modifier-L.jpg?fit=600%2C600&ssl=1&resize=525%2C300 1.5x"},"classes":[]},{"id":17920,"url":"https:\/\/lyonelkaufmann.ch\/Blog\/2017\/01\/11\/10-janvier-changement-de-decor\/","url_meta":{"origin":12045,"position":1},"title":"10 janvier &#8211; Changement de d\u00e9cor","author":"Lyonel Kaufmann","date":"11 janvier 2017","format":false,"excerpt":"Poursuivant ma route en direction de l'Avenue de Cour et de mon bureau, je traverse enchant\u00e9 la Place de Milan et j'admire le changement de d\u00e9cor.","rel":"","context":"Dans &quot;Diary&quot;","block_context":{"text":"Diary","link":"https:\/\/lyonelkaufmann.ch\/Blog\/category\/diary\/"},"img":{"alt_text":"","src":"https:\/\/i0.wp.com\/lyonelkaufmann.ch\/Blog\/wp-content\/uploads\/2017\/01\/Image-11.01.17-09-14.a713deb02d1e4522a130c05059648479.jpeg?fit=1200%2C797&ssl=1&resize=350%2C200","width":350,"height":200,"srcset":"https:\/\/i0.wp.com\/lyonelkaufmann.ch\/Blog\/wp-content\/uploads\/2017\/01\/Image-11.01.17-09-14.a713deb02d1e4522a130c05059648479.jpeg?fit=1200%2C797&ssl=1&resize=350%2C200 1x, https:\/\/i0.wp.com\/lyonelkaufmann.ch\/Blog\/wp-content\/uploads\/2017\/01\/Image-11.01.17-09-14.a713deb02d1e4522a130c05059648479.jpeg?fit=1200%2C797&ssl=1&resize=525%2C300 1.5x, https:\/\/i0.wp.com\/lyonelkaufmann.ch\/Blog\/wp-content\/uploads\/2017\/01\/Image-11.01.17-09-14.a713deb02d1e4522a130c05059648479.jpeg?fit=1200%2C797&ssl=1&resize=700%2C400 2x, https:\/\/i0.wp.com\/lyonelkaufmann.ch\/Blog\/wp-content\/uploads\/2017\/01\/Image-11.01.17-09-14.a713deb02d1e4522a130c05059648479.jpeg?fit=1200%2C797&ssl=1&resize=1050%2C600 3x"},"classes":[]},{"id":15157,"url":"https:\/\/lyonelkaufmann.ch\/Blog\/2015\/08\/11\/le-montriond-place-de-milan\/","url_meta":{"origin":12045,"position":2},"title":"Le Montriond | Place de Milan","author":"Lyonel Kaufmann","date":"11 ao\u00fbt 2015","format":false,"excerpt":"En prenant ma pause de midi \u00e0 la Place de Milan, j\u2019ai fait une jolie d\u00e9couverte ce mardi avec Le Montriond ou plut\u00f4t en l\u2019\u00e9tat actuel Le Cabanon, caf\u00e9 de quartier \u00e9ph\u00e9m\u00e8re du 31 juillet \u00e0 octobre 2015.\u00a0 Celui-ci vient d\u2019ouvrir ses portes, profitant de la chaleur estivale avant que\u2026","rel":"","context":"Dans &quot;Blogcaf\u00e9&quot;","block_context":{"text":"Blogcaf\u00e9","link":"https:\/\/lyonelkaufmann.ch\/Blog\/category\/blogcafe-2\/"},"img":{"alt_text":"","src":"https:\/\/i0.wp.com\/lyonelkaufmann.ch\/Blog\/wp-content\/uploads\/2015\/08\/DSCF0846-3.jpg?fit=1200%2C900&ssl=1&resize=350%2C200","width":350,"height":200,"srcset":"https:\/\/i0.wp.com\/lyonelkaufmann.ch\/Blog\/wp-content\/uploads\/2015\/08\/DSCF0846-3.jpg?fit=1200%2C900&ssl=1&resize=350%2C200 1x, https:\/\/i0.wp.com\/lyonelkaufmann.ch\/Blog\/wp-content\/uploads\/2015\/08\/DSCF0846-3.jpg?fit=1200%2C900&ssl=1&resize=525%2C300 1.5x, https:\/\/i0.wp.com\/lyonelkaufmann.ch\/Blog\/wp-content\/uploads\/2015\/08\/DSCF0846-3.jpg?fit=1200%2C900&ssl=1&resize=700%2C400 2x, https:\/\/i0.wp.com\/lyonelkaufmann.ch\/Blog\/wp-content\/uploads\/2015\/08\/DSCF0846-3.jpg?fit=1200%2C900&ssl=1&resize=1050%2C600 3x"},"classes":[]},{"id":18918,"url":"https:\/\/lyonelkaufmann.ch\/Blog\/2017\/12\/22\/et-juste-olivier-pesta\/","url_meta":{"origin":12045,"position":3},"title":"Et Juste Olivier pesta\u2026","author":"Lyonel Kaufmann","date":"22 d\u00e9cembre 2017","format":false,"excerpt":"C\u2019est beau la neige, certes, mais Juste Olivier pestait contre cette impossibilit\u00e9 qui l\u2019emp\u00eachait de lancer des boules de neige !","rel":"","context":"Dans &quot;Photo du jour&quot;","block_context":{"text":"Photo du jour","link":"https:\/\/lyonelkaufmann.ch\/Blog\/category\/photo-du-jour\/"},"img":{"alt_text":"","src":"https:\/\/i0.wp.com\/lyonelkaufmann.ch\/Blog\/wp-content\/uploads\/2017\/12\/IMGP5321.8278baa9ebeb43c8af72bf2b4e4a3378.jpg?fit=1024%2C681&ssl=1&resize=350%2C200","width":350,"height":200,"srcset":"https:\/\/i0.wp.com\/lyonelkaufmann.ch\/Blog\/wp-content\/uploads\/2017\/12\/IMGP5321.8278baa9ebeb43c8af72bf2b4e4a3378.jpg?fit=1024%2C681&ssl=1&resize=350%2C200 1x, https:\/\/i0.wp.com\/lyonelkaufmann.ch\/Blog\/wp-content\/uploads\/2017\/12\/IMGP5321.8278baa9ebeb43c8af72bf2b4e4a3378.jpg?fit=1024%2C681&ssl=1&resize=525%2C300 1.5x, https:\/\/i0.wp.com\/lyonelkaufmann.ch\/Blog\/wp-content\/uploads\/2017\/12\/IMGP5321.8278baa9ebeb43c8af72bf2b4e4a3378.jpg?fit=1024%2C681&ssl=1&resize=700%2C400 2x"},"classes":[]},{"id":18922,"url":"https:\/\/lyonelkaufmann.ch\/Blog\/2017\/12\/24\/jardin-dhiver-1\/","url_meta":{"origin":12045,"position":4},"title":"Jardin d\u2019hiver (1)","author":"Lyonel Kaufmann","date":"24 d\u00e9cembre 2017","format":false,"excerpt":"Place de Milan - Lausanne - 18 d\u00e9cembre 2017 \/ Pentax KP A S\u00e9rie Lens 24-50mm ISO 200 f\/5.6 1\/80 En ce lundi matin, il cheminait \u00e0 travers les flocons de neige.","rel":"","context":"Dans &quot;Photo du jour&quot;","block_context":{"text":"Photo du jour","link":"https:\/\/lyonelkaufmann.ch\/Blog\/category\/photo-du-jour\/"},"img":{"alt_text":"","src":"https:\/\/i0.wp.com\/lyonelkaufmann.ch\/Blog\/wp-content\/uploads\/2017\/12\/img_0638.jpg?fit=1024%2C1024&ssl=1&resize=350%2C200","width":350,"height":200,"srcset":"https:\/\/i0.wp.com\/lyonelkaufmann.ch\/Blog\/wp-content\/uploads\/2017\/12\/img_0638.jpg?fit=1024%2C1024&ssl=1&resize=350%2C200 1x, https:\/\/i0.wp.com\/lyonelkaufmann.ch\/Blog\/wp-content\/uploads\/2017\/12\/img_0638.jpg?fit=1024%2C1024&ssl=1&resize=525%2C300 1.5x, https:\/\/i0.wp.com\/lyonelkaufmann.ch\/Blog\/wp-content\/uploads\/2017\/12\/img_0638.jpg?fit=1024%2C1024&ssl=1&resize=700%2C400 2x"},"classes":[]},{"id":18931,"url":"https:\/\/lyonelkaufmann.ch\/Blog\/2017\/12\/26\/jardin-dhiver-4\/","url_meta":{"origin":12045,"position":5},"title":"Jardin d\u2019hiver (4)","author":"Lyonel Kaufmann","date":"26 d\u00e9cembre 2017","format":false,"excerpt":"Place de Milan \u2013 Lausanne \u2013 18 d\u00e9cembre 2017 \/ Pentax KP A S\u00e9rie Lens 24-50mm ISO 400 f\/5 1\/160 Soudain une touche de couleur dans le d\u00e9cor. On entend le bonjour joyeux.","rel":"","context":"Dans &quot;Photo du jour&quot;","block_context":{"text":"Photo du jour","link":"https:\/\/lyonelkaufmann.ch\/Blog\/category\/photo-du-jour\/"},"img":{"alt_text":"","src":"https:\/\/i0.wp.com\/lyonelkaufmann.ch\/Blog\/wp-content\/uploads\/2017\/12\/img_0635.jpg?fit=1024%2C681&ssl=1&resize=350%2C200","width":350,"height":200,"srcset":"https:\/\/i0.wp.com\/lyonelkaufmann.ch\/Blog\/wp-content\/uploads\/2017\/12\/img_0635.jpg?fit=1024%2C681&ssl=1&resize=350%2C200 1x, https:\/\/i0.wp.com\/lyonelkaufmann.ch\/Blog\/wp-content\/uploads\/2017\/12\/img_0635.jpg?fit=1024%2C681&ssl=1&resize=525%2C300 1.5x, https:\/\/i0.wp.com\/lyonelkaufmann.ch\/Blog\/wp-content\/uploads\/2017\/12\/img_0635.jpg?fit=1024%2C681&ssl=1&resize=700%2C400 2x"},"classes":[]}],"jetpack_likes_enabled":true,"_links":{"self":[{"href":"https:\/\/lyonelkaufmann.ch\/Blog\/wp-json\/wp\/v2\/posts\/12045","targetHints":{"allow":["GET"]}}],"collection":[{"href":"https:\/\/lyonelkaufmann.ch\/Blog\/wp-json\/wp\/v2\/posts"}],"about":[{"href":"https:\/\/lyonelkaufmann.ch\/Blog\/wp-json\/wp\/v2\/types\/post"}],"author":[{"embeddable":true,"href":"https:\/\/lyonelkaufmann.ch\/Blog\/wp-json\/wp\/v2\/users\/1"}],"replies":[{"embeddable":true,"href":"https:\/\/lyonelkaufmann.ch\/Blog\/wp-json\/wp\/v2\/comments?post=12045"}],"version-history":[{"count":0,"href":"https:\/\/lyonelkaufmann.ch\/Blog\/wp-json\/wp\/v2\/posts\/12045\/revisions"}],"wp:featuredmedia":[{"embeddable":true,"href":"https:\/\/lyonelkaufmann.ch\/Blog\/wp-json\/wp\/v2\/media\/14680"}],"wp:attachment":[{"href":"https:\/\/lyonelkaufmann.ch\/Blog\/wp-json\/wp\/v2\/media?parent=12045"}],"wp:term":[{"taxonomy":"category","embeddable":true,"href":"https:\/\/lyonelkaufmann.ch\/Blog\/wp-json\/wp\/v2\/categories?post=12045"},{"taxonomy":"post_tag","embeddable":true,"href":"https:\/\/lyonelkaufmann.ch\/Blog\/wp-json\/wp\/v2\/tags?post=12045"}],"curies":[{"name":"wp","href":"https:\/\/api.w.org\/{rel}","templated":true}]}}