{"id":12057,"date":"2014-10-04T10:17:48","date_gmt":"2014-10-04T09:17:48","guid":{"rendered":"https:\/\/lyonelkaufmann.ch\/Blog\/?p=12057"},"modified":"2024-01-02T17:10:27","modified_gmt":"2024-01-02T16:10:27","slug":"la-tour-de-peilz-cyrano-de-bergerac-et-tour-vagabonde","status":"publish","type":"post","link":"https:\/\/lyonelkaufmann.ch\/Blog\/2014\/10\/04\/la-tour-de-peilz-cyrano-de-bergerac-et-tour-vagabonde\/","title":{"rendered":"La Tour-de-Peilz : Cyrano de Bergerac et Tour vagabonde"},"content":{"rendered":"<p>Pour f\u00eater ses dix ans, la Compagnie des Exil\u00e9s s&rsquo;est lanc\u00e9e dans une aventure peu commune. Elle a choisi de monter Cyrano de Bergerac d&rsquo;Edmond Rostand dans une r\u00e9plique du fameux theatre anglais The Globe. C&rsquo;est \u00e0 voir jusqu&rsquo;au 12 octobre \u00e0 La Tour-de-Peilz. D\u00e9p\u00eachez-vous !<\/p>\n<p><a href=\"https:\/\/i0.wp.com\/lyonelkaufmann.ch\/Blog\/wp-content\/uploads\/2014\/10\/DSC04988.jpg?ssl=1\"><img data-recalc-dims=\"1\" decoding=\"async\" class=\"alignnone size-full\" src=\"https:\/\/i0.wp.com\/lyonelkaufmann.ch\/Blog\/wp-content\/uploads\/2014\/10\/DSC04988.jpg?ssl=1\" alt=\"DSC04988.JPG\" \/><\/a><br \/>\nLe montage de La Tour vagabonde<\/p>\n<p><a href=\"https:\/\/i0.wp.com\/lyonelkaufmann.ch\/Blog\/wp-content\/uploads\/2014\/10\/IMG_2933.jpg?ssl=1\"><img data-recalc-dims=\"1\" decoding=\"async\" class=\"alignnone size-full\" src=\"https:\/\/i0.wp.com\/lyonelkaufmann.ch\/Blog\/wp-content\/uploads\/2014\/10\/IMG_2933.jpg?ssl=1\" alt=\"IMG_2933.JPG\" \/><\/a><br \/>\nSteve Riccard est Cyrano (ici avant de tailler sa barbe&#8230;)<\/p>\n<p><a href=\"https:\/\/i0.wp.com\/lyonelkaufmann.ch\/Blog\/wp-content\/uploads\/2014\/10\/IMG_2939.jpg?ssl=1\"><img data-recalc-dims=\"1\" decoding=\"async\" class=\"alignnone size-full\" src=\"https:\/\/i0.wp.com\/lyonelkaufmann.ch\/Blog\/wp-content\/uploads\/2014\/10\/IMG_2939.jpg?ssl=1\" alt=\"IMG_2939.JPG\" \/><\/a><br \/>\n19 com\u00e9diens et la Tour vagabonde nous replongent au 17\u00e8me si\u00e8cle.<\/p>\n<p>Pour en savoir plus sur la Tour vagabonde et le spectacle, un article de Migros Magazine : <a href=\"http:\/\/www.migrosmagazine.ch\/societe\/reportage\/article\/la-tour-a-remonter-le-temps\">La Tour \u00e0 remonter le temps<\/a>.<\/p>\n<p>Pour r\u00e9server vos places : <a href=\"http:\/\/cyrano-de-bergerac.ch\">http:\/\/cyrano-de-bergerac.ch<\/a><\/p>\n","protected":false},"excerpt":{"rendered":"<p>Pour f\u00eater ses dix ans, la Compagnie des Exil\u00e9s s&rsquo;est lanc\u00e9e dans une aventure peu commune. Elle a choisi de monter Cyrano de Bergerac d&rsquo;Edmond Rostand dans une r\u00e9plique du fameux theatre anglais The Globe. C&rsquo;est \u00e0 voir jusqu&rsquo;au 12 octobre \u00e0 La Tour-de-Peilz. D\u00e9p\u00eachez-vous ! Le montage de La Tour vagabonde Steve Riccard est [&hellip;]<\/p>\n","protected":false},"author":1,"featured_media":14594,"comment_status":"open","ping_status":"open","sticky":false,"template":"","format":"standard","meta":{"_import_markdown_pro_load_document_selector":0,"_import_markdown_pro_submit_text_textarea":"","_genesis_hide_title":false,"_genesis_hide_breadcrumbs":false,"_genesis_hide_singular_image":false,"_genesis_hide_footer_widgets":false,"_genesis_custom_body_class":"","_genesis_custom_post_class":"","_genesis_layout":"","jetpack_post_was_ever_published":false,"_jetpack_newsletter_access":"","_jetpack_dont_email_post_to_subs":false,"_jetpack_newsletter_tier_id":0,"_jetpack_memberships_contains_paywalled_content":false,"_jetpack_memberships_contains_paid_content":false,"activitypub_content_warning":"","activitypub_content_visibility":"","activitypub_max_image_attachments":3,"activitypub_interaction_policy_quote":"anyone","activitypub_status":"","footnotes":"","jetpack_publicize_message":"","jetpack_publicize_feature_enabled":true,"jetpack_social_post_already_shared":true,"jetpack_social_options":{"image_generator_settings":{"template":"fullscreen","default_image_id":0,"font":"","enabled":false},"version":2}},"categories":[3],"tags":[],"class_list":{"0":"post-12057","1":"post","2":"type-post","3":"status-publish","4":"format-standard","5":"has-post-thumbnail","7":"category-blogcafe-2","8":"entry"},"jetpack_publicize_connections":[],"featured_image_src":"https:\/\/i0.wp.com\/lyonelkaufmann.ch\/Blog\/wp-content\/uploads\/2015\/02\/dsc04988.jpg?resize=600%2C400&ssl=1","featured_image_src_square":"https:\/\/i0.wp.com\/lyonelkaufmann.ch\/Blog\/wp-content\/uploads\/2015\/02\/dsc04988.jpg?resize=600%2C600&ssl=1","author_info":{"display_name":"Lyonel Kaufmann","author_link":"https:\/\/lyonelkaufmann.ch\/Blog\/author\/lyonelk\/"},"jetpack_featured_media_url":"https:\/\/i0.wp.com\/lyonelkaufmann.ch\/Blog\/wp-content\/uploads\/2015\/02\/dsc04988.jpg?fit=1365%2C2047&ssl=1","jetpack_sharing_enabled":true,"jetpack_shortlink":"https:\/\/wp.me\/p1qtF4-38t","jetpack-related-posts":[{"id":12138,"url":"https:\/\/lyonelkaufmann.ch\/Blog\/2014\/10\/11\/cyrano-supplementaires-les-17-18-19-octobre\/","url_meta":{"origin":12057,"position":0},"title":"Cyrano !!! Suppl\u00e9mentaires les 17-18-19 octobre !!!","author":"Lyonel Kaufmann","date":"11 octobre 2014","format":false,"excerpt":"Superbe succ\u00e8s pour la Cie des Exil\u00e9s et leur spectacle du 10e anniversaire, Cyrano de Bergerac, produit dans La Tour vagabonde \u00e0 La Tour-de-Peilz. A voir absolument ou \u00e0 revoir d\u2019ici au 19 octobre \u00e0 La Tour-de-Peilz. Copyright \u00a9 2014 Les Exil\u00e9s, All rights reserved.","rel":"","context":"Dans &quot;Blogcaf\u00e9&quot;","block_context":{"text":"Blogcaf\u00e9","link":"https:\/\/lyonelkaufmann.ch\/Blog\/category\/blogcafe-2\/"},"img":{"alt_text":"","src":"https:\/\/i0.wp.com\/lyonelkaufmann.ch\/Blog\/wp-content\/uploads\/2015\/03\/1413049772_thumb.jpeg.jpg?fit=495%2C699&ssl=1&resize=350%2C200","width":350,"height":200},"classes":[]},{"id":15676,"url":"https:\/\/lyonelkaufmann.ch\/Blog\/2015\/12\/19\/noel-au-chateau-2015-la-tour-de-peilz\/","url_meta":{"origin":12057,"position":1},"title":"No\u00ebl au Ch\u00e2teau 2015 @ La Tour-de-Peilz","author":"Lyonel Kaufmann","date":"19 d\u00e9cembre 2015","format":false,"excerpt":"Traditionnelle manifestation, juste avant les festivit\u00e9s de l'Avent, No\u00ebl au Ch\u00e2teau s'est d\u00e9roul\u00e9 ce samedi 19 d\u00e9cembre au Ch\u00e2teau de La Tour-de-Peilz sous une temp\u00e9rature fort cl\u00e9mente pour la saison. Voici quelques photos de la chant\u00e9e qui a ravi petits et grands.","rel":"","context":"Dans &quot;Blogcaf\u00e9&quot;","block_context":{"text":"Blogcaf\u00e9","link":"https:\/\/lyonelkaufmann.ch\/Blog\/category\/blogcafe-2\/"},"img":{"alt_text":"","src":"https:\/\/i0.wp.com\/lyonelkaufmann.ch\/Blog\/wp-content\/uploads\/2015\/12\/IMG_0103.jpg?fit=1200%2C797&ssl=1&resize=350%2C200","width":350,"height":200,"srcset":"https:\/\/i0.wp.com\/lyonelkaufmann.ch\/Blog\/wp-content\/uploads\/2015\/12\/IMG_0103.jpg?fit=1200%2C797&ssl=1&resize=350%2C200 1x, https:\/\/i0.wp.com\/lyonelkaufmann.ch\/Blog\/wp-content\/uploads\/2015\/12\/IMG_0103.jpg?fit=1200%2C797&ssl=1&resize=525%2C300 1.5x, https:\/\/i0.wp.com\/lyonelkaufmann.ch\/Blog\/wp-content\/uploads\/2015\/12\/IMG_0103.jpg?fit=1200%2C797&ssl=1&resize=700%2C400 2x, https:\/\/i0.wp.com\/lyonelkaufmann.ch\/Blog\/wp-content\/uploads\/2015\/12\/IMG_0103.jpg?fit=1200%2C797&ssl=1&resize=1050%2C600 3x"},"classes":[]},{"id":5605,"url":"https:\/\/lyonelkaufmann.ch\/Blog\/2012\/02\/28\/ciel-en-feu-la-tour-de-peilz\/","url_meta":{"origin":12057,"position":2},"title":"Ciel en feu | La Tour-de-Peilz","author":"Lyonel Kaufmann","date":"28 f\u00e9vrier 2012","format":"image","excerpt":"L\u00e0 je pensais que la journ\u00e9e \u00e9tait finie et puis, juste avant une s\u00e9ance au Ch\u00e2teau de La Tour-de-Peilz au Mus\u00e9e suisse du Jeu, le coucher de soleil sur le lac L\u00e9man s'est impos\u00e9 \u00e0 moi. J'ai plong\u00e9 la main dans mon sac, sorti mon appareil et voil\u00e0.\u00a0Tout simplement. N'h\u00e9sitez\u2026","rel":"","context":"Dans &quot;Blogcaf\u00e9&quot;","block_context":{"text":"Blogcaf\u00e9","link":"https:\/\/lyonelkaufmann.ch\/Blog\/category\/blogcafe-2\/"},"img":{"alt_text":"","src":"https:\/\/i0.wp.com\/lyonelkaufmann.ch\/Blog\/wp-content\/uploads\/2015\/03\/DSCN0955.jpg?fit=600%2C450&ssl=1&resize=350%2C200","width":350,"height":200,"srcset":"https:\/\/i0.wp.com\/lyonelkaufmann.ch\/Blog\/wp-content\/uploads\/2015\/03\/DSCN0955.jpg?fit=600%2C450&ssl=1&resize=350%2C200 1x, https:\/\/i0.wp.com\/lyonelkaufmann.ch\/Blog\/wp-content\/uploads\/2015\/03\/DSCN0955.jpg?fit=600%2C450&ssl=1&resize=525%2C300 1.5x"},"classes":[]},{"id":26907,"url":"https:\/\/lyonelkaufmann.ch\/Blog\/2025\/04\/19\/pergolas-place-des-anciens-fosses-la-tour-de-peilz\/","url_meta":{"origin":12057,"position":3},"title":"Pergolas @Place des Anciens-Foss\u00e9s (La Tour-de-Peilz)","author":"Lyonel Kaufmann","date":"19 avril 2025","format":false,"excerpt":"Une pergolas a r\u00e9cemment pris place sur les Anciens-Foss\u00e9s et offrira de l'ombre bienvenue aux utilisateur\u00b7trices de la place.","rel":"","context":"Dans &quot;Blogcaf\u00e9&quot;","block_context":{"text":"Blogcaf\u00e9","link":"https:\/\/lyonelkaufmann.ch\/Blog\/category\/blogcafe-2\/"},"img":{"alt_text":"","src":"https:\/\/i0.wp.com\/lyonelkaufmann.ch\/Blog\/wp-content\/uploads\/2025\/04\/IMG_0724-scaled.jpg?fit=1200%2C900&ssl=1&resize=350%2C200","width":350,"height":200,"srcset":"https:\/\/i0.wp.com\/lyonelkaufmann.ch\/Blog\/wp-content\/uploads\/2025\/04\/IMG_0724-scaled.jpg?fit=1200%2C900&ssl=1&resize=350%2C200 1x, https:\/\/i0.wp.com\/lyonelkaufmann.ch\/Blog\/wp-content\/uploads\/2025\/04\/IMG_0724-scaled.jpg?fit=1200%2C900&ssl=1&resize=525%2C300 1.5x, https:\/\/i0.wp.com\/lyonelkaufmann.ch\/Blog\/wp-content\/uploads\/2025\/04\/IMG_0724-scaled.jpg?fit=1200%2C900&ssl=1&resize=700%2C400 2x, https:\/\/i0.wp.com\/lyonelkaufmann.ch\/Blog\/wp-content\/uploads\/2025\/04\/IMG_0724-scaled.jpg?fit=1200%2C900&ssl=1&resize=1050%2C600 3x"},"classes":[]},{"id":11209,"url":"https:\/\/lyonelkaufmann.ch\/Blog\/2014\/02\/14\/bain-des-hommes-la-tour-de-peilz\/","url_meta":{"origin":12057,"position":4},"title":"Bain des Hommes @ La Tour-de-Peilz","author":"Lyonel Kaufmann","date":"14 f\u00e9vrier 2014","format":false,"excerpt":"Bain des Hommes \u00e0 La Tour-de-Peilz. En ce jour de janvier, le chaud dominait le froid\u2026 Pentax K-3 \u2013 Objectif SMC Pentax DA 16-45mm \u2013\u00a0f\/4 1\/250","rel":"","context":"Dans &quot;Photo du jour&quot;","block_context":{"text":"Photo du jour","link":"https:\/\/lyonelkaufmann.ch\/Blog\/category\/photo-du-jour\/"},"img":{"alt_text":"Chaud\/Froid @Bains des Hommes","src":"https:\/\/i0.wp.com\/lyonelkaufmann.ch\/Blog\/wp-content\/uploads\/2014\/02\/chaud_froid.jpg?resize=350%2C200&ssl=1","width":350,"height":200,"srcset":"https:\/\/i0.wp.com\/lyonelkaufmann.ch\/Blog\/wp-content\/uploads\/2014\/02\/chaud_froid.jpg?resize=350%2C200&ssl=1 1x, https:\/\/i0.wp.com\/lyonelkaufmann.ch\/Blog\/wp-content\/uploads\/2014\/02\/chaud_froid.jpg?resize=525%2C300&ssl=1 1.5x, https:\/\/i0.wp.com\/lyonelkaufmann.ch\/Blog\/wp-content\/uploads\/2014\/02\/chaud_froid.jpg?resize=700%2C400&ssl=1 2x"},"classes":[]},{"id":10815,"url":"https:\/\/lyonelkaufmann.ch\/Blog\/2013\/10\/13\/championnat-suisse-de-dressage-la-tour-de-peilz\/","url_meta":{"origin":12057,"position":5},"title":"Championnat suisse de dressage @La Tour-de-Peilz","author":"Lyonel Kaufmann","date":"13 octobre 2013","format":false,"excerpt":"Dimanche 6 octobre : Championnat suisse de dressage @La Tour-de-Peilz Sony RX-100","rel":"","context":"Dans &quot;Photo du jour&quot;","block_context":{"text":"Photo du jour","link":"https:\/\/lyonelkaufmann.ch\/Blog\/category\/photo-du-jour\/"},"img":{"alt_text":"","src":"https:\/\/i0.wp.com\/lyonelkaufmann.ch\/Blog\/wp-content\/uploads\/2015\/03\/20131013-103117.jpg?fit=480%2C480&ssl=1&resize=350%2C200","width":350,"height":200},"classes":[]}],"jetpack_likes_enabled":true,"_links":{"self":[{"href":"https:\/\/lyonelkaufmann.ch\/Blog\/wp-json\/wp\/v2\/posts\/12057","targetHints":{"allow":["GET"]}}],"collection":[{"href":"https:\/\/lyonelkaufmann.ch\/Blog\/wp-json\/wp\/v2\/posts"}],"about":[{"href":"https:\/\/lyonelkaufmann.ch\/Blog\/wp-json\/wp\/v2\/types\/post"}],"author":[{"embeddable":true,"href":"https:\/\/lyonelkaufmann.ch\/Blog\/wp-json\/wp\/v2\/users\/1"}],"replies":[{"embeddable":true,"href":"https:\/\/lyonelkaufmann.ch\/Blog\/wp-json\/wp\/v2\/comments?post=12057"}],"version-history":[{"count":1,"href":"https:\/\/lyonelkaufmann.ch\/Blog\/wp-json\/wp\/v2\/posts\/12057\/revisions"}],"predecessor-version":[{"id":24802,"href":"https:\/\/lyonelkaufmann.ch\/Blog\/wp-json\/wp\/v2\/posts\/12057\/revisions\/24802"}],"wp:featuredmedia":[{"embeddable":true,"href":"https:\/\/lyonelkaufmann.ch\/Blog\/wp-json\/wp\/v2\/media\/14594"}],"wp:attachment":[{"href":"https:\/\/lyonelkaufmann.ch\/Blog\/wp-json\/wp\/v2\/media?parent=12057"}],"wp:term":[{"taxonomy":"category","embeddable":true,"href":"https:\/\/lyonelkaufmann.ch\/Blog\/wp-json\/wp\/v2\/categories?post=12057"},{"taxonomy":"post_tag","embeddable":true,"href":"https:\/\/lyonelkaufmann.ch\/Blog\/wp-json\/wp\/v2\/tags?post=12057"}],"curies":[{"name":"wp","href":"https:\/\/api.w.org\/{rel}","templated":true}]}}