{"id":12117,"date":"2014-10-15T11:00:28","date_gmt":"2014-10-15T10:00:28","guid":{"rendered":"https:\/\/lyonelkaufmann.ch\/Blog\/?p=12117"},"modified":"2014-10-15T11:00:28","modified_gmt":"2014-10-15T10:00:28","slug":"prendre-lair-photo-du-jour","status":"publish","type":"post","link":"https:\/\/lyonelkaufmann.ch\/Blog\/2014\/10\/15\/prendre-lair-photo-du-jour\/","title":{"rendered":"Prendre l&rsquo;air | Photo du mois"},"content":{"rendered":"<p>Ce mois, le th\u00e8me<strong> Prendre l&rsquo;air <\/strong>a \u00e9t\u00e9\u00a0choisi par La Fille de l&rsquo;Air (<a href=\"http:\/\/www.lafilledelair.com\/blog\/la-photo-du-mois\/\" target=\"_blank\" rel=\"nofollow\">http:\/\/www.lafilledelair.com\/blog\/la-photo-du-mois\/<\/a>).<\/p>\n<p><a href=\"https:\/\/i0.wp.com\/lyonelk.smugmug.com\/Photography\/Photo-du-mois\/i-pmmbG5p\/0\/XL\/IMG_2494-XL.jpg\"><img data-recalc-dims=\"1\" loading=\"lazy\" decoding=\"async\" class=\"aligncenter\" src=\"https:\/\/i0.wp.com\/lyonelk.smugmug.com\/Photography\/Photo-du-mois\/i-pmmbG5p\/0\/XL\/IMG_2494-XL.jpg?resize=768%2C768\" alt=\"\" width=\"768\" height=\"768\" \/><\/a><\/p>\n<p>Voici mon acceptation du th\u00e8me. La photo a \u00e9t\u00e9 prise \u00e0 Montreux le 1er juin. Ce jour-l\u00e0, le temps incitait indubitablement \u00e0 prendre l&rsquo;air.<\/p>\n<p>L&rsquo;interpr\u00e9tation de mes confr\u00e8res et consoeurs :<br \/>\n<a href=\"http:\/\/clicpassion.canalblog.com\" target=\"_blank\">Nicky<\/a>, <a href=\"http:\/\/derriere-mes-yeux.blogspot.fr\/\" target=\"_blank\">Aude<\/a>, <a href=\"http:\/\/www.legaletas.net\/blog\/index.php\" target=\"_blank\">Gilsoub<\/a>, <a href=\"http:\/\/frenchiesinparis.over-blog.com\" target=\"_blank\">C\u00e9line in Paris<\/a>, <a href=\"http:\/\/cyberdilou.canalblog.com\" target=\"_blank\">Gizeh<\/a>, <a href=\"http:\/\/monbeaumanoir.wordpress.com\/\" target=\"_blank\">Ava<\/a>, <a href=\"http:\/\/xoliv.blogspot.fr\" target=\"_blank\">Xoliv&rsquo;<\/a>, <a href=\"http:\/\/www.dameskarlette.com\/\" target=\"_blank\">Dame Skarlette<\/a>, <a href=\"http:\/\/www.jenaique2pieds.blogspot.com\" target=\"_blank\">Loulou<\/a>, <a href=\"http:\/\/lesavisdagrippine.com\/\" target=\"_blank\">Agrippine<\/a>, <a href=\"http:\/\/rythme-indigo.blogspot.com\" target=\"_blank\">Rythme Indigo<\/a>, <a href=\"http:\/\/renepaulhenry.blogspot.com\" target=\"_blank\">Renepaulhenry<\/a>, <a href=\"http:\/\/grandereveuse.fr\/\" target=\"_blank\">Louisianne<\/a>, <a href=\"http:\/\/unephotodesquejepeux.wordpress.com\/\" target=\"_blank\">Maria Graphia<\/a>, <a href=\"http:\/\/www.laparentheseenchantee.fr\/\" target=\"_blank\">Isa ToutSimplement<\/a>, <a href=\"http:\/\/www.chiffonsandco.fr\" target=\"_blank\">Arwen<\/a>, <a href=\"http:\/\/brindille33.wordpress.com\/\" target=\"_blank\">Brindille<\/a>, <a href=\"http:\/\/anteketborka.blogspot.com\" target=\"_blank\">magda627<\/a>, <a href=\"http:\/\/c-est-reparti.blogspot.com\/\" target=\"_blank\">Cara<\/a>, <a href=\"http:\/\/luniversdetataflo.eklablog.fr\/\" target=\"_blank\">Tataflo<\/a>, <a href=\"http:\/\/lacasademamachronique.wordpress.com\/\" target=\"_blank\">Ang\u00e9lique<\/a>, <a href=\"http:\/\/www.legrandbazardagathe.com\/\" target=\"_blank\">Agathe<\/a>, <a href=\"http:\/\/lestetesafranchouilles.blogspot.fr\/\" target=\"_blank\">La Dum<\/a>, <a href=\"http:\/\/mimireliton.blogspot.fr\" target=\"_blank\">Mimireliton<\/a>, <a href=\"http:\/\/yvettelachouette.com\/\" target=\"_blank\">Yvette la Chouette<\/a>, <a href=\"http:\/\/www.perezannik.org\" target=\"_blank\">Annick<\/a>, <a href=\"http:\/\/www.kkhuete-en-bretannie.fr\/\" target=\"_blank\">KK-hu\u00e8te En Bretannie<\/a>, <a href=\"http:\/\/photos.byenzo.fr\/\" target=\"_blank\">C\u00e9cile Atch&rsquo;oum<\/a>, <a href=\"http:\/\/pilisi.over-blog.com\/tag\/Photo%20du%20mois\/\" target=\"_blank\">Pilisi<\/a>, <a href=\"http:\/\/sublime-essence.over-blog.com\" target=\"_blank\">Bestofava<\/a>, <a href=\"http:\/\/cocovin.net\/\" target=\"_blank\">Alban<\/a>, <a href=\"http:\/\/calamonique.com\/\" target=\"_blank\">Calamonique<\/a>, <a href=\"http:\/\/www.carnetsduneflaneuse.fr\" target=\"_blank\">La Flaneuse<\/a>, <a href=\"http:\/\/lesphotosdelaurie.blogspot.fr\/\" target=\"_blank\">Laurie<\/a>, <a href=\"http:\/\/krn-defouloir.blogspot.com\" target=\"_blank\">Krn<\/a>, <a href=\"http:\/\/mytravelswithlove.blogspot.fr\/\" target=\"_blank\">Autour de Cia<\/a>, <a href=\"http:\/\/blog.lesprincessesdemarie.com\/\" target=\"_blank\">princesse Emalia<\/a>, <a href=\"http:\/\/tribulationsdemarie.com\" target=\"_blank\">Marie<\/a>, <a href=\"http:\/\/inside-expat.com\" target=\"_blank\">Eva INside-EXpat<\/a>, <a href=\"http:\/\/voyageaugredesvents.blogspot.be\" target=\"_blank\">Sylvie<\/a>, <a href=\"http:\/\/morganebyloosphoto.wordpress.com\" target=\"_blank\">Morgane Byloos Photography<\/a>, <a href=\"http:\/\/toulonbyjulia.com\/blogtoulon\/\" target=\"_blank\">Julia<\/a>, <a href=\"http:\/\/le-tour-du-monde-de-la-marmotte.over-blog.com\/\" target=\"_blank\">Marmotte<\/a>, <a href=\"http:\/\/champagnefraise.wordpress.com\" target=\"_blank\">Champagne<\/a>, <a href=\"http:\/\/www.lagaleriemilla.fr\/\" target=\"_blank\">Milla la galerie<\/a>, <a href=\"http:\/\/www.photo-tuto.fr\" target=\"_blank\">Photo Tuto<\/a>, <a href=\"http:\/\/reverieschatbleu.canalblog.com\/\" target=\"_blank\">Chat bleu<\/a>, <a href=\"http:\/\/isaquarel.canalblog.com\/archives\/la_photo_du_mois\/index.html\" target=\"_blank\">Isaquarel<\/a>, <a href=\"http:\/\/www.lesfillesduweb.com\" target=\"_blank\">Les Filles du Web<\/a>, <a href=\"http:\/\/blablabazar.over-blog.com\/\" target=\"_blank\">Sandrine<\/a>, <a href=\"http:\/\/histoiresdeux.blogspot.com\" target=\"_blank\">E<\/a>, <a href=\"http:\/\/fanfanraccoons.blogspot.com\" target=\"_blank\">Fanfan Raccoon<\/a>, <a href=\"http:\/\/wonderlandalice.wordpress.com\/\" target=\"_blank\">Alice Wonderland<\/a>, <a href=\"http:\/\/suissexpress.wordpress.com\/\" target=\"_blank\">Christophe<\/a>, <a href=\"http:\/\/tambour-major.blogspot.ca\/search\/label\/La%20photo%20du%20mois\" target=\"_blank\">Tambour Major<\/a>, <a href=\"http:\/\/cetomontreal.com\/\" target=\"_blank\">CetO<\/a>, <a href=\"http:\/\/occident-express.hautetfort.com\" target=\"_blank\">Eurydice<\/a>, <a href=\"http:\/\/zoursland.com\" target=\"_blank\">Fr\u00e9d\u00e9ric<\/a>, <a href=\"http:\/\/1jalf.blogspot.ca\/\" target=\"_blank\">Nanouk<\/a>, <a href=\"http:\/\/homeos-tasie.blogspot.fr\/\" target=\"_blank\">Homeos-tasie<\/a>, <a href=\"http:\/\/avecunaccent.canalblog.com\" target=\"_blank\">Elsa<\/a>, <a href=\"http:\/\/leblogdekat.com\" target=\"_blank\">A&rsquo;icha<\/a>, <a href=\"http:\/\/lachataignesauvage.over-blog.com\/categorie-12516589.html\" target=\"_blank\">Josiane<\/a>, <a href=\"http:\/\/www.cricriyomfromparis.com\/search\/label\/La%20photo%20du%20mois\" target=\"_blank\">Cricriyom from Paris<\/a>, <a href=\"http:\/\/mapassionbento.blogspot.fr\/\" target=\"_blank\">DelphineF<\/a>, <a href=\"http:\/\/www.inmybubble.org\" target=\"_blank\">Vanilla<\/a>, <a href=\"http:\/\/www.malaxi.net\" target=\"_blank\">Laurent Nicolas<\/a>, <a href=\"http:\/\/www.salondetheberlinois.com\/\" target=\"_blank\">Salon de Th\u00e9<\/a>, <a href=\"http:\/\/lirerelire.blogspot.fr\" target=\"_blank\">Estelle<\/a>, <a href=\"http:\/\/akai-inthesky.blogspot.com\" target=\"_blank\">Akaieric<\/a>, <a href=\"http:\/\/macatou.wordpress.com\/\" target=\"_blank\">Thalie<\/a>, <a href=\"http:\/\/www.memoriesfromanywhere.fr\/\" target=\"_blank\">Memories from anywhere<\/a>, <a href=\"http:\/\/elpadawan.wordpress.com\" target=\"_blank\">El Padawan<\/a>, <a href=\"http:\/\/cupsofenglishtea.com\/\" target=\"_blank\">Kenza<\/a>, <a href=\"http:\/\/www.mon-ecrin-de-passions.com\/\" target=\"_blank\">Lavandine83<\/a>, <a href=\"http:\/\/www.testinaute.com\/\" target=\"_blank\">Testinaute<\/a>, <a href=\"http:\/\/www.lafilledelair.com\/blog\/la-photo-du-mois\/\" target=\"_blank\">La Fille de l&rsquo;Air<\/a>, <a href=\"http:\/\/vudubalcon.blogspot.fr\" target=\"_blank\">Fran\u00e7ois le Ni\u00e7ois<\/a>, <a href=\"http:\/\/tuxana.blogspot.ca\/\" target=\"_blank\">Tuxana<\/a>, <a href=\"http:\/\/mauricemonamour.blogspot.fr\/\" target=\"_blank\">MauriceMonAmour<\/a>, <a href=\"http:\/\/www.destination-montreal.net\" target=\"_blank\">Destination Montr\u00e9al<\/a>, <a href=\"http:\/\/zazaetsesfantaisies.blogspot.fr\/\" target=\"_blank\">Zaza<\/a>, <a href=\"https:\/\/lyonelkaufmann.ch\/Blog\/category\/blogcafe\/photo-du-mois\/\" target=\"_blank\">Lyonelk<\/a>, <a href=\"http:\/\/2mainsetkelkesriens.blogspot.ca\" target=\"_blank\">Agn\u00e8s<\/a>, <a href=\"http:\/\/cukithca.wordpress.com\/\" target=\"_blank\">Cocazzz<\/a>, <a href=\"http:\/\/blogoth67.wordpress.com\" target=\"_blank\">Blogoth67<\/a>, <a href=\"http:\/\/blueedel.wordpress.com\/\" target=\"_blank\">Blue Edel<\/a>, <a href=\"http:\/\/www.lesbonheurs.fr\/\" target=\"_blank\">Les bonheurs d&rsquo;Anne &amp; Alex<\/a>, <a href=\"http:\/\/galinette-dezailes.blogspot.fr\/\" target=\"_blank\">Galinette<\/a>, <a href=\"http:\/\/lafeedulogis43.over-blog.fr\" target=\"_blank\">Giselle 43<\/a>, <a href=\"http:\/\/laudesmontagnes.wordpress.com\/\" target=\"_blank\">Lau* des montagnes<\/a>, <a href=\"http:\/\/toxiq.canalblog.com\" target=\"_blank\">BiGBuGS<\/a>, <a href=\"http:\/\/mysweetescape.fr\/\" target=\"_blank\">Chlo\u00e9<\/a>, <a href=\"http:\/\/chezmamysoren.over-blog.com\" target=\"_blank\">Mamysoren<\/a>, <a href=\"http:\/\/bonsbaisersdaustralie.wordpress.com\/category\/la-photo-du-mois\/\" target=\"_blank\">MissCarole<\/a>, <a href=\"http:\/\/vraiefiction.blogspot.com\" target=\"_blank\">Guillaume<\/a>, <a href=\"http:\/\/anne-tranche-de-vie.over-blog.com\/categorie-11390539.html\" target=\"_blank\">Anne<\/a>, <a href=\"http:\/\/madame-ananas.fr\/\" target=\"_blank\">Crearine<\/a>, <a href=\"http:\/\/philae.over-blog.com\" target=\"_blank\">Philae<\/a>, <a href=\"http:\/\/www.laulinea.com\/\" target=\"_blank\">Laulinea<\/a>, <a href=\"http:\/\/www.pixeline.fr\/tag\/photo-du-mois\/\" target=\"_blank\">Pixeline<\/a>, <a href=\"http:\/\/www.unitedstatesofparis.com\" target=\"_blank\">Alexinparis<\/a>, <a href=\"http:\/\/www.colourslife.fr\/\" target=\"_blank\">Mahlyn<\/a>, <a href=\"http:\/\/www.lanantaiseaparis.com\/search\/label\/...%20La%20Photo%20du%20Mois\" target=\"_blank\">La Nantaise \u00e0 Paris<\/a>, <a href=\"http:\/\/www.sephiraph.be\" target=\"_blank\">Sephiraph<\/a>, <a href=\"h\nttp:\/\/lorgnettedunjour.canalblog.com\/\" target=\"_blank\">Lavandine<\/a><\/p>\n","protected":false},"excerpt":{"rendered":"<p>Ce mois, le th\u00e8me Prendre l&rsquo;air a \u00e9t\u00e9\u00a0choisi par La Fille de l&rsquo;Air (http:\/\/www.lafilledelair.com\/blog\/la-photo-du-mois\/). Voici mon acceptation du th\u00e8me. La photo a \u00e9t\u00e9 prise \u00e0 Montreux le 1er juin. Ce jour-l\u00e0, le temps incitait indubitablement \u00e0 prendre l&rsquo;air. L&rsquo;interpr\u00e9tation de mes confr\u00e8res et consoeurs : Nicky, Aude, Gilsoub, C\u00e9line in Paris, Gizeh, Ava, Xoliv&rsquo;, Dame [&hellip;]<\/p>\n","protected":false},"author":1,"featured_media":14529,"comment_status":"open","ping_status":"open","sticky":false,"template":"","format":"standard","meta":{"_import_markdown_pro_load_document_selector":0,"_import_markdown_pro_submit_text_textarea":"","_genesis_hide_title":false,"_genesis_hide_breadcrumbs":false,"_genesis_hide_singular_image":false,"_genesis_hide_footer_widgets":false,"_genesis_custom_body_class":"","_genesis_custom_post_class":"","_genesis_layout":"","jetpack_post_was_ever_published":false,"_jetpack_newsletter_access":"","_jetpack_dont_email_post_to_subs":false,"_jetpack_newsletter_tier_id":0,"_jetpack_memberships_contains_paywalled_content":false,"_jetpack_memberships_contains_paid_content":false,"activitypub_content_warning":"","activitypub_content_visibility":"","activitypub_max_image_attachments":3,"activitypub_interaction_policy_quote":"anyone","activitypub_status":"","footnotes":"","jetpack_publicize_message":"","jetpack_publicize_feature_enabled":true,"jetpack_social_post_already_shared":true,"jetpack_social_options":{"image_generator_settings":{"template":"fullscreen","default_image_id":0,"font":"","enabled":false},"version":2}},"categories":[4],"tags":[],"class_list":{"0":"post-12117","1":"post","2":"type-post","3":"status-publish","4":"format-standard","5":"has-post-thumbnail","7":"category-photo-du-mois","8":"entry"},"jetpack_publicize_connections":[],"featured_image_src":"https:\/\/i0.wp.com\/lyonelkaufmann.ch\/Blog\/wp-content\/uploads\/2015\/03\/IMG_2494-XL.jpg?resize=600%2C400&ssl=1","featured_image_src_square":"https:\/\/i0.wp.com\/lyonelkaufmann.ch\/Blog\/wp-content\/uploads\/2015\/03\/IMG_2494-XL.jpg?resize=600%2C600&ssl=1","author_info":{"display_name":"Lyonel Kaufmann","author_link":"https:\/\/lyonelkaufmann.ch\/Blog\/author\/lyonelk\/"},"jetpack_featured_media_url":"https:\/\/i0.wp.com\/lyonelkaufmann.ch\/Blog\/wp-content\/uploads\/2015\/03\/IMG_2494-XL.jpg?fit=768%2C768&ssl=1","jetpack_sharing_enabled":true,"jetpack_shortlink":"https:\/\/wp.me\/p1qtF4-39r","jetpack-related-posts":[{"id":15504,"url":"https:\/\/lyonelkaufmann.ch\/Blog\/2015\/12\/15\/evasion-photo-du-mois\/","url_meta":{"origin":12117,"position":0},"title":"Evasion |\u00a0Photo du mois","author":"Lyonel Kaufmann","date":"15 d\u00e9cembre 2015","format":false,"excerpt":"Le th\u00e8me du mois, \u00c9vasion\u00a0a \u00e9t\u00e9 choisi par\u00a0Nicky,\u00a0http:\/\/clicpassion.canalblog.com.\u00a0Note de l'auteur-e: Je ne peux que penser aux victimes malheureuses de la barbarie et je leur rends un vibrant hommage. Mon th\u00e8me pour le mois de d\u00e9cembre a \u00e9t\u00e9 choisi bien avant ces tristes \u00e9v\u00e8nements. Il s'agit de l'\u00e9vasion. Nous en aurons\u2026","rel":"","context":"Dans &quot;Photo du mois&quot;","block_context":{"text":"Photo du mois","link":"https:\/\/lyonelkaufmann.ch\/Blog\/category\/photo-du-mois\/"},"img":{"alt_text":"","src":"https:\/\/i0.wp.com\/lyonelkaufmann.ch\/Blog\/wp-content\/uploads\/2015\/11\/PB130039.jpg?fit=1200%2C800&ssl=1&resize=350%2C200","width":350,"height":200,"srcset":"https:\/\/i0.wp.com\/lyonelkaufmann.ch\/Blog\/wp-content\/uploads\/2015\/11\/PB130039.jpg?fit=1200%2C800&ssl=1&resize=350%2C200 1x, https:\/\/i0.wp.com\/lyonelkaufmann.ch\/Blog\/wp-content\/uploads\/2015\/11\/PB130039.jpg?fit=1200%2C800&ssl=1&resize=525%2C300 1.5x, https:\/\/i0.wp.com\/lyonelkaufmann.ch\/Blog\/wp-content\/uploads\/2015\/11\/PB130039.jpg?fit=1200%2C800&ssl=1&resize=700%2C400 2x, https:\/\/i0.wp.com\/lyonelkaufmann.ch\/Blog\/wp-content\/uploads\/2015\/11\/PB130039.jpg?fit=1200%2C800&ssl=1&resize=1050%2C600 3x"},"classes":[]},{"id":18234,"url":"https:\/\/lyonelkaufmann.ch\/Blog\/2017\/07\/15\/provocation-photo-du-mois\/","url_meta":{"origin":12117,"position":1},"title":"Provocation | Photo du mois","author":"Lyonel Kaufmann","date":"15 juillet 2017","format":false,"excerpt":"Le th\u00e8me de la photo du mois Provocation\u00a0a \u00e9t\u00e9 choisi par Morgane Byloos Photography (http:\/\/morganebyloosphoto.wordpress.com). Note de l\u2019auteur-e : dans tous les sens du terme Mon interpr\u00e9tation du th\u00e8me : \u00a0 Est-ce le choix de la photo qui est en soi une provocation par rapport au th\u00e8me choisi ? Est-ce\u2026","rel":"","context":"Dans &quot;Photo du mois&quot;","block_context":{"text":"Photo du mois","link":"https:\/\/lyonelkaufmann.ch\/Blog\/category\/photo-du-mois\/"},"img":{"alt_text":"","src":"https:\/\/i0.wp.com\/lyonelkaufmann.ch\/Blog\/wp-content\/uploads\/2017\/07\/image.jpg?fit=1200%2C800&ssl=1&resize=350%2C200","width":350,"height":200,"srcset":"https:\/\/i0.wp.com\/lyonelkaufmann.ch\/Blog\/wp-content\/uploads\/2017\/07\/image.jpg?fit=1200%2C800&ssl=1&resize=350%2C200 1x, https:\/\/i0.wp.com\/lyonelkaufmann.ch\/Blog\/wp-content\/uploads\/2017\/07\/image.jpg?fit=1200%2C800&ssl=1&resize=525%2C300 1.5x, https:\/\/i0.wp.com\/lyonelkaufmann.ch\/Blog\/wp-content\/uploads\/2017\/07\/image.jpg?fit=1200%2C800&ssl=1&resize=700%2C400 2x, https:\/\/i0.wp.com\/lyonelkaufmann.ch\/Blog\/wp-content\/uploads\/2017\/07\/image.jpg?fit=1200%2C800&ssl=1&resize=1050%2C600 3x"},"classes":[]},{"id":18501,"url":"https:\/\/lyonelkaufmann.ch\/Blog\/2017\/10\/15\/innovation-la-photo-du-mois\/","url_meta":{"origin":12117,"position":2},"title":"Innovation | La photo du mois","author":"Lyonel Kaufmann","date":"15 octobre 2017","format":false,"excerpt":"Le th\u00e8me du mois l\u2019innovation a \u00e9t\u00e9 choisi par Cricriyom from Paris (http:\/\/www.cricriyomfromparis.com\/search\/label\/La%20photo%20du%20mois) Explication : Comment pouvons-nous mettre en valeur l'innovation, la cr\u00e9ation collective, le eureka des temps modernes ? Mon interpr\u00e9tation du th\u00e8me : Photo prise en ao\u00fbt 2017 lors de l\u2019Universit\u00e9o d\u2019\u00e9t\u00e9 Ludovia, consacr\u00e9e au num\u00e9rique. A l\u2019occasion\u2026","rel":"","context":"Dans &quot;Photo du mois&quot;","block_context":{"text":"Photo du mois","link":"https:\/\/lyonelkaufmann.ch\/Blog\/category\/photo-du-mois\/"},"img":{"alt_text":"","src":"https:\/\/i0.wp.com\/lyonelkaufmann.ch\/Blog\/wp-content\/uploads\/2017\/10\/imgp7428.jpg?fit=1200%2C800&ssl=1&resize=350%2C200","width":350,"height":200,"srcset":"https:\/\/i0.wp.com\/lyonelkaufmann.ch\/Blog\/wp-content\/uploads\/2017\/10\/imgp7428.jpg?fit=1200%2C800&ssl=1&resize=350%2C200 1x, https:\/\/i0.wp.com\/lyonelkaufmann.ch\/Blog\/wp-content\/uploads\/2017\/10\/imgp7428.jpg?fit=1200%2C800&ssl=1&resize=525%2C300 1.5x, https:\/\/i0.wp.com\/lyonelkaufmann.ch\/Blog\/wp-content\/uploads\/2017\/10\/imgp7428.jpg?fit=1200%2C800&ssl=1&resize=700%2C400 2x, https:\/\/i0.wp.com\/lyonelkaufmann.ch\/Blog\/wp-content\/uploads\/2017\/10\/imgp7428.jpg?fit=1200%2C800&ssl=1&resize=1050%2C600 3x"},"classes":[]},{"id":15191,"url":"https:\/\/lyonelkaufmann.ch\/Blog\/2015\/09\/15\/15191\/","url_meta":{"origin":12117,"position":3},"title":"Passion(s) |\u00a0Photo du mois","author":"Lyonel Kaufmann","date":"15 septembre 2015","format":false,"excerpt":"Le th\u00e8me de la photo du mois\u00a0Passion(s) a \u00e9t\u00e9\u00a0choisi par\u00a0DelphineF\u00a0(http:\/\/mapassionbento.blogspot.fr\/) : Note de l'auteur-e: Je suis ravie pour mes 3 ans de participation de vous proposer une citation de Saint Augustin : \"Celui qui se perd dans sa passion perd moins que celui qui perd sa passion.\" Je vous propose\u2026","rel":"","context":"Dans &quot;Photo du mois&quot;","block_context":{"text":"Photo du mois","link":"https:\/\/lyonelkaufmann.ch\/Blog\/category\/photo-du-mois\/"},"img":{"alt_text":"","src":"https:\/\/i0.wp.com\/lyonelkaufmann.ch\/Blog\/wp-content\/uploads\/2015\/09\/IMG_1742.jpg?fit=600%2C600&ssl=1&resize=350%2C200","width":350,"height":200,"srcset":"https:\/\/i0.wp.com\/lyonelkaufmann.ch\/Blog\/wp-content\/uploads\/2015\/09\/IMG_1742.jpg?fit=600%2C600&ssl=1&resize=350%2C200 1x, https:\/\/i0.wp.com\/lyonelkaufmann.ch\/Blog\/wp-content\/uploads\/2015\/09\/IMG_1742.jpg?fit=600%2C600&ssl=1&resize=525%2C300 1.5x"},"classes":[]},{"id":18488,"url":"https:\/\/lyonelkaufmann.ch\/Blog\/2017\/09\/15\/palette-de-couleurs-photo-du-mois\/","url_meta":{"origin":12117,"position":4},"title":"Palette de couleurs | Photo du mois","author":"Lyonel Kaufmann","date":"15 septembre 2017","format":false,"excerpt":"Le th\u00e8me du mois Palette de couleurs a \u00e9t\u00e9 choisi par Philae (http:\/\/philae.over-blog.com) Mon interpr\u00e9tation du th\u00e8me : L\u2019interpr\u00e9tation du th\u00e8me par les autres participant.e.s : Akaieric, Alban, Alexinparis, Amartia, Ang\u00e9lique, Aude, BiGBuGS, Blogoth67, Brindille, Bubble gones, Cara, Chat bleu, Chiffons and Co, Christophe, Cricriyom from Paris, C\u00e9cileP, C\u00e9line in\u2026","rel":"","context":"Dans &quot;Photo du mois&quot;","block_context":{"text":"Photo du mois","link":"https:\/\/lyonelkaufmann.ch\/Blog\/category\/photo-du-mois\/"},"img":{"alt_text":"","src":"https:\/\/i0.wp.com\/lyonelkaufmann.ch\/Blog\/wp-content\/uploads\/2017\/09\/imgp0684.jpg?fit=1200%2C798&ssl=1&resize=350%2C200","width":350,"height":200,"srcset":"https:\/\/i0.wp.com\/lyonelkaufmann.ch\/Blog\/wp-content\/uploads\/2017\/09\/imgp0684.jpg?fit=1200%2C798&ssl=1&resize=350%2C200 1x, https:\/\/i0.wp.com\/lyonelkaufmann.ch\/Blog\/wp-content\/uploads\/2017\/09\/imgp0684.jpg?fit=1200%2C798&ssl=1&resize=525%2C300 1.5x, https:\/\/i0.wp.com\/lyonelkaufmann.ch\/Blog\/wp-content\/uploads\/2017\/09\/imgp0684.jpg?fit=1200%2C798&ssl=1&resize=700%2C400 2x, https:\/\/i0.wp.com\/lyonelkaufmann.ch\/Blog\/wp-content\/uploads\/2017\/09\/imgp0684.jpg?fit=1200%2C798&ssl=1&resize=1050%2C600 3x"},"classes":[]},{"id":14970,"url":"https:\/\/lyonelkaufmann.ch\/Blog\/2015\/06\/15\/orange-la-photo-du-mois\/","url_meta":{"origin":12117,"position":5},"title":"Orange |\u00a0La photo du mois","author":"Lyonel Kaufmann","date":"15 juin 2015","format":false,"excerpt":"Le th\u00e8me du mois Orange a \u00e9t\u00e9\u00a0choisi par Xoliv'\u00a0(http:\/\/xoliv.blogspot.fr) : ORANGE, la couleur du bonheur (dixit le mus\u00e9e Beaubourg) alors mettez de l'orange, un ou plusieurs \u00e9l\u00e9ments vous \u00eates libre dans votre photo. Vous avez droit \u00e0 tout ce que vous voulez et \u00e0 toutes les nuances d'orange sauf les\u2026","rel":"","context":"Dans &quot;Photo du mois&quot;","block_context":{"text":"Photo du mois","link":"https:\/\/lyonelkaufmann.ch\/Blog\/category\/photo-du-mois\/"},"img":{"alt_text":"","src":"https:\/\/i0.wp.com\/lyonelkaufmann.ch\/Blog\/wp-content\/uploads\/2015\/06\/DSCF8315-L.jpg?fit=800%2C600&ssl=1&resize=350%2C200","width":350,"height":200,"srcset":"https:\/\/i0.wp.com\/lyonelkaufmann.ch\/Blog\/wp-content\/uploads\/2015\/06\/DSCF8315-L.jpg?fit=800%2C600&ssl=1&resize=350%2C200 1x, https:\/\/i0.wp.com\/lyonelkaufmann.ch\/Blog\/wp-content\/uploads\/2015\/06\/DSCF8315-L.jpg?fit=800%2C600&ssl=1&resize=525%2C300 1.5x, https:\/\/i0.wp.com\/lyonelkaufmann.ch\/Blog\/wp-content\/uploads\/2015\/06\/DSCF8315-L.jpg?fit=800%2C600&ssl=1&resize=700%2C400 2x"},"classes":[]}],"jetpack_likes_enabled":true,"_links":{"self":[{"href":"https:\/\/lyonelkaufmann.ch\/Blog\/wp-json\/wp\/v2\/posts\/12117","targetHints":{"allow":["GET"]}}],"collection":[{"href":"https:\/\/lyonelkaufmann.ch\/Blog\/wp-json\/wp\/v2\/posts"}],"about":[{"href":"https:\/\/lyonelkaufmann.ch\/Blog\/wp-json\/wp\/v2\/types\/post"}],"author":[{"embeddable":true,"href":"https:\/\/lyonelkaufmann.ch\/Blog\/wp-json\/wp\/v2\/users\/1"}],"replies":[{"embeddable":true,"href":"https:\/\/lyonelkaufmann.ch\/Blog\/wp-json\/wp\/v2\/comments?post=12117"}],"version-history":[{"count":0,"href":"https:\/\/lyonelkaufmann.ch\/Blog\/wp-json\/wp\/v2\/posts\/12117\/revisions"}],"wp:featuredmedia":[{"embeddable":true,"href":"https:\/\/lyonelkaufmann.ch\/Blog\/wp-json\/wp\/v2\/media\/14529"}],"wp:attachment":[{"href":"https:\/\/lyonelkaufmann.ch\/Blog\/wp-json\/wp\/v2\/media?parent=12117"}],"wp:term":[{"taxonomy":"category","embeddable":true,"href":"https:\/\/lyonelkaufmann.ch\/Blog\/wp-json\/wp\/v2\/categories?post=12117"},{"taxonomy":"post_tag","embeddable":true,"href":"https:\/\/lyonelkaufmann.ch\/Blog\/wp-json\/wp\/v2\/tags?post=12117"}],"curies":[{"name":"wp","href":"https:\/\/api.w.org\/{rel}","templated":true}]}}