{"id":12138,"date":"2014-10-11T18:51:56","date_gmt":"2014-10-11T17:51:56","guid":{"rendered":"https:\/\/lyonelkaufmann.ch\/Blog\/?p=12138"},"modified":"2014-10-11T18:51:56","modified_gmt":"2014-10-11T17:51:56","slug":"cyrano-supplementaires-les-17-18-19-octobre","status":"publish","type":"post","link":"https:\/\/lyonelkaufmann.ch\/Blog\/2014\/10\/11\/cyrano-supplementaires-les-17-18-19-octobre\/","title":{"rendered":"Cyrano !!! Suppl\u00e9mentaires les 17-18-19 octobre !!!"},"content":{"rendered":"<p><b>Superbe succ\u00e8s pour la Cie des Exil\u00e9s et leur spectacle du 10e anniversaire, Cyrano de Bergerac, produit dans La Tour vagabonde \u00e0 La Tour-de-Peilz. A voir absolument ou \u00e0 revoir d\u2019ici au 19 octobre \u00e0 La Tour-de-Peilz.<\/b><\/p>\n<p><img data-recalc-dims=\"1\" decoding=\"async\" class=\"full aligncenter\" title=\"\" src=\"https:\/\/i0.wp.com\/lyonelkaufmann.ch\/Blog\/wp-content\/uploads\/2014\/10\/1413049772_thumb.jpeg\" alt=\"\" align=\"middle\" \/><br \/>\n<em>Copyright \u00a9 2014 Les Exil\u00e9s, All rights reserved.<\/em><\/p>\n","protected":false},"excerpt":{"rendered":"<p>Superbe succ\u00e8s pour la Cie des Exil\u00e9s et leur spectacle du 10e anniversaire, Cyrano de Bergerac, produit dans La Tour vagabonde \u00e0 La Tour-de-Peilz. A voir absolument ou \u00e0 revoir d\u2019ici au 19 octobre \u00e0 La Tour-de-Peilz. Copyright \u00a9 2014 Les Exil\u00e9s, All rights reserved.<\/p>\n","protected":false},"author":1,"featured_media":14030,"comment_status":"open","ping_status":"open","sticky":false,"template":"","format":"standard","meta":{"_import_markdown_pro_load_document_selector":0,"_import_markdown_pro_submit_text_textarea":"","_genesis_hide_title":false,"_genesis_hide_breadcrumbs":false,"_genesis_hide_singular_image":false,"_genesis_hide_footer_widgets":false,"_genesis_custom_body_class":"","_genesis_custom_post_class":"","_genesis_layout":"","jetpack_post_was_ever_published":false,"_jetpack_newsletter_access":"","_jetpack_dont_email_post_to_subs":false,"_jetpack_newsletter_tier_id":0,"_jetpack_memberships_contains_paywalled_content":false,"_jetpack_memberships_contains_paid_content":false,"activitypub_content_warning":"","activitypub_content_visibility":"","activitypub_max_image_attachments":3,"activitypub_interaction_policy_quote":"anyone","activitypub_status":"","footnotes":"","jetpack_publicize_message":"","jetpack_publicize_feature_enabled":true,"jetpack_social_post_already_shared":true,"jetpack_social_options":{"image_generator_settings":{"template":"fullscreen","default_image_id":0,"font":"","enabled":false},"version":2}},"categories":[3],"tags":[],"class_list":{"0":"post-12138","1":"post","2":"type-post","3":"status-publish","4":"format-standard","5":"has-post-thumbnail","7":"category-blogcafe-2","8":"entry"},"jetpack_publicize_connections":[],"featured_image_src":"https:\/\/i0.wp.com\/lyonelkaufmann.ch\/Blog\/wp-content\/uploads\/2015\/03\/1413049772_thumb.jpeg.jpg?resize=495%2C400&ssl=1","featured_image_src_square":"https:\/\/i0.wp.com\/lyonelkaufmann.ch\/Blog\/wp-content\/uploads\/2015\/03\/1413049772_thumb.jpeg.jpg?resize=495%2C600&ssl=1","author_info":{"display_name":"Lyonel Kaufmann","author_link":"https:\/\/lyonelkaufmann.ch\/Blog\/author\/lyonelk\/"},"jetpack_featured_media_url":"https:\/\/i0.wp.com\/lyonelkaufmann.ch\/Blog\/wp-content\/uploads\/2015\/03\/1413049772_thumb.jpeg.jpg?fit=495%2C699&ssl=1","jetpack_sharing_enabled":true,"jetpack_shortlink":"https:\/\/wp.me\/p1qtF4-39M","jetpack-related-posts":[{"id":12057,"url":"https:\/\/lyonelkaufmann.ch\/Blog\/2014\/10\/04\/la-tour-de-peilz-cyrano-de-bergerac-et-tour-vagabonde\/","url_meta":{"origin":12138,"position":0},"title":"La Tour-de-Peilz : Cyrano de Bergerac et Tour vagabonde","author":"Lyonel Kaufmann","date":"4 octobre 2014","format":false,"excerpt":"Pour f\u00eater ses dix ans, la Compagnie des Exil\u00e9s s'est lanc\u00e9e dans une aventure peu commune. Elle a choisi de monter Cyrano de Bergerac d'Edmond Rostand dans une r\u00e9plique du fameux theatre anglais The Globe. C'est \u00e0 voir jusqu'au 12 octobre \u00e0 La Tour-de-Peilz. D\u00e9p\u00eachez-vous ! Le montage de La\u2026","rel":"","context":"Dans &quot;Blogcaf\u00e9&quot;","block_context":{"text":"Blogcaf\u00e9","link":"https:\/\/lyonelkaufmann.ch\/Blog\/category\/blogcafe-2\/"},"img":{"alt_text":"","src":"https:\/\/i0.wp.com\/lyonelkaufmann.ch\/Blog\/wp-content\/uploads\/2015\/02\/dsc04988.jpg?fit=800%2C1200&ssl=1&resize=350%2C200","width":350,"height":200,"srcset":"https:\/\/i0.wp.com\/lyonelkaufmann.ch\/Blog\/wp-content\/uploads\/2015\/02\/dsc04988.jpg?fit=800%2C1200&ssl=1&resize=350%2C200 1x, https:\/\/i0.wp.com\/lyonelkaufmann.ch\/Blog\/wp-content\/uploads\/2015\/02\/dsc04988.jpg?fit=800%2C1200&ssl=1&resize=525%2C300 1.5x, https:\/\/i0.wp.com\/lyonelkaufmann.ch\/Blog\/wp-content\/uploads\/2015\/02\/dsc04988.jpg?fit=800%2C1200&ssl=1&resize=700%2C400 2x"},"classes":[]},{"id":10815,"url":"https:\/\/lyonelkaufmann.ch\/Blog\/2013\/10\/13\/championnat-suisse-de-dressage-la-tour-de-peilz\/","url_meta":{"origin":12138,"position":1},"title":"Championnat suisse de dressage @La Tour-de-Peilz","author":"Lyonel Kaufmann","date":"13 octobre 2013","format":false,"excerpt":"Dimanche 6 octobre : Championnat suisse de dressage @La Tour-de-Peilz Sony RX-100","rel":"","context":"Dans &quot;Photo du jour&quot;","block_context":{"text":"Photo du jour","link":"https:\/\/lyonelkaufmann.ch\/Blog\/category\/photo-du-jour\/"},"img":{"alt_text":"","src":"https:\/\/i0.wp.com\/lyonelkaufmann.ch\/Blog\/wp-content\/uploads\/2015\/03\/20131013-103117.jpg?fit=480%2C480&ssl=1&resize=350%2C200","width":350,"height":200},"classes":[]},{"id":10818,"url":"https:\/\/lyonelkaufmann.ch\/Blog\/2013\/10\/13\/championnat-suisse-de-dressage-la-tour-de-peilz-ii\/","url_meta":{"origin":12138,"position":2},"title":"Championnat suisse de dressage @La Tour-de-Peilz (II)","author":"Lyonel Kaufmann","date":"13 octobre 2013","format":false,"excerpt":"Dimanche 6 octobre : Championnat suisse de dressage @La Tour-de-Peilz Sony RX-100","rel":"","context":"Dans &quot;Photo du jour&quot;","block_context":{"text":"Photo du jour","link":"https:\/\/lyonelkaufmann.ch\/Blog\/category\/photo-du-jour\/"},"img":{"alt_text":"","src":"https:\/\/i0.wp.com\/lyonelkaufmann.ch\/Blog\/wp-content\/uploads\/2015\/03\/20131013-103320.jpg?fit=720%2C480&ssl=1&resize=350%2C200","width":350,"height":200,"srcset":"https:\/\/i0.wp.com\/lyonelkaufmann.ch\/Blog\/wp-content\/uploads\/2015\/03\/20131013-103320.jpg?fit=720%2C480&ssl=1&resize=350%2C200 1x, https:\/\/i0.wp.com\/lyonelkaufmann.ch\/Blog\/wp-content\/uploads\/2015\/03\/20131013-103320.jpg?fit=720%2C480&ssl=1&resize=525%2C300 1.5x, https:\/\/i0.wp.com\/lyonelkaufmann.ch\/Blog\/wp-content\/uploads\/2015\/03\/20131013-103320.jpg?fit=720%2C480&ssl=1&resize=700%2C400 2x"},"classes":[]},{"id":10823,"url":"https:\/\/lyonelkaufmann.ch\/Blog\/2013\/10\/13\/championnat-suisse-de-dressage-la-tour-de-peilz-iii\/","url_meta":{"origin":12138,"position":3},"title":"Championnat suisse de dressage @La Tour-de-Peilz (III)","author":"Lyonel Kaufmann","date":"13 octobre 2013","format":false,"excerpt":"Dimanche 6 octobre : Championnat suisse de dressage @La Tour-de-Peilz Sony RX-100","rel":"","context":"Dans &quot;Photo du jour&quot;","block_context":{"text":"Photo du jour","link":"https:\/\/lyonelkaufmann.ch\/Blog\/category\/photo-du-jour\/"},"img":{"alt_text":"","src":"https:\/\/i0.wp.com\/lyonelkaufmann.ch\/Blog\/wp-content\/uploads\/2015\/03\/20131013-103603.jpg?fit=480%2C480&ssl=1&resize=350%2C200","width":350,"height":200},"classes":[]},{"id":15676,"url":"https:\/\/lyonelkaufmann.ch\/Blog\/2015\/12\/19\/noel-au-chateau-2015-la-tour-de-peilz\/","url_meta":{"origin":12138,"position":4},"title":"No\u00ebl au Ch\u00e2teau 2015 @ La Tour-de-Peilz","author":"Lyonel Kaufmann","date":"19 d\u00e9cembre 2015","format":false,"excerpt":"Traditionnelle manifestation, juste avant les festivit\u00e9s de l'Avent, No\u00ebl au Ch\u00e2teau s'est d\u00e9roul\u00e9 ce samedi 19 d\u00e9cembre au Ch\u00e2teau de La Tour-de-Peilz sous une temp\u00e9rature fort cl\u00e9mente pour la saison. Voici quelques photos de la chant\u00e9e qui a ravi petits et grands.","rel":"","context":"Dans &quot;Blogcaf\u00e9&quot;","block_context":{"text":"Blogcaf\u00e9","link":"https:\/\/lyonelkaufmann.ch\/Blog\/category\/blogcafe-2\/"},"img":{"alt_text":"","src":"https:\/\/i0.wp.com\/lyonelkaufmann.ch\/Blog\/wp-content\/uploads\/2015\/12\/IMG_0103.jpg?fit=1200%2C797&ssl=1&resize=350%2C200","width":350,"height":200,"srcset":"https:\/\/i0.wp.com\/lyonelkaufmann.ch\/Blog\/wp-content\/uploads\/2015\/12\/IMG_0103.jpg?fit=1200%2C797&ssl=1&resize=350%2C200 1x, https:\/\/i0.wp.com\/lyonelkaufmann.ch\/Blog\/wp-content\/uploads\/2015\/12\/IMG_0103.jpg?fit=1200%2C797&ssl=1&resize=525%2C300 1.5x, https:\/\/i0.wp.com\/lyonelkaufmann.ch\/Blog\/wp-content\/uploads\/2015\/12\/IMG_0103.jpg?fit=1200%2C797&ssl=1&resize=700%2C400 2x, https:\/\/i0.wp.com\/lyonelkaufmann.ch\/Blog\/wp-content\/uploads\/2015\/12\/IMG_0103.jpg?fit=1200%2C797&ssl=1&resize=1050%2C600 3x"},"classes":[]},{"id":26907,"url":"https:\/\/lyonelkaufmann.ch\/Blog\/2025\/04\/19\/pergolas-place-des-anciens-fosses-la-tour-de-peilz\/","url_meta":{"origin":12138,"position":5},"title":"Pergolas @Place des Anciens-Foss\u00e9s (La Tour-de-Peilz)","author":"Lyonel Kaufmann","date":"19 avril 2025","format":false,"excerpt":"Une pergolas a r\u00e9cemment pris place sur les Anciens-Foss\u00e9s et offrira de l'ombre bienvenue aux utilisateur\u00b7trices de la place.","rel":"","context":"Dans &quot;Blogcaf\u00e9&quot;","block_context":{"text":"Blogcaf\u00e9","link":"https:\/\/lyonelkaufmann.ch\/Blog\/category\/blogcafe-2\/"},"img":{"alt_text":"","src":"https:\/\/i0.wp.com\/lyonelkaufmann.ch\/Blog\/wp-content\/uploads\/2025\/04\/IMG_0724-scaled.jpg?fit=1200%2C900&ssl=1&resize=350%2C200","width":350,"height":200,"srcset":"https:\/\/i0.wp.com\/lyonelkaufmann.ch\/Blog\/wp-content\/uploads\/2025\/04\/IMG_0724-scaled.jpg?fit=1200%2C900&ssl=1&resize=350%2C200 1x, https:\/\/i0.wp.com\/lyonelkaufmann.ch\/Blog\/wp-content\/uploads\/2025\/04\/IMG_0724-scaled.jpg?fit=1200%2C900&ssl=1&resize=525%2C300 1.5x, https:\/\/i0.wp.com\/lyonelkaufmann.ch\/Blog\/wp-content\/uploads\/2025\/04\/IMG_0724-scaled.jpg?fit=1200%2C900&ssl=1&resize=700%2C400 2x, https:\/\/i0.wp.com\/lyonelkaufmann.ch\/Blog\/wp-content\/uploads\/2025\/04\/IMG_0724-scaled.jpg?fit=1200%2C900&ssl=1&resize=1050%2C600 3x"},"classes":[]}],"jetpack_likes_enabled":true,"_links":{"self":[{"href":"https:\/\/lyonelkaufmann.ch\/Blog\/wp-json\/wp\/v2\/posts\/12138","targetHints":{"allow":["GET"]}}],"collection":[{"href":"https:\/\/lyonelkaufmann.ch\/Blog\/wp-json\/wp\/v2\/posts"}],"about":[{"href":"https:\/\/lyonelkaufmann.ch\/Blog\/wp-json\/wp\/v2\/types\/post"}],"author":[{"embeddable":true,"href":"https:\/\/lyonelkaufmann.ch\/Blog\/wp-json\/wp\/v2\/users\/1"}],"replies":[{"embeddable":true,"href":"https:\/\/lyonelkaufmann.ch\/Blog\/wp-json\/wp\/v2\/comments?post=12138"}],"version-history":[{"count":0,"href":"https:\/\/lyonelkaufmann.ch\/Blog\/wp-json\/wp\/v2\/posts\/12138\/revisions"}],"wp:featuredmedia":[{"embeddable":true,"href":"https:\/\/lyonelkaufmann.ch\/Blog\/wp-json\/wp\/v2\/media\/14030"}],"wp:attachment":[{"href":"https:\/\/lyonelkaufmann.ch\/Blog\/wp-json\/wp\/v2\/media?parent=12138"}],"wp:term":[{"taxonomy":"category","embeddable":true,"href":"https:\/\/lyonelkaufmann.ch\/Blog\/wp-json\/wp\/v2\/categories?post=12138"},{"taxonomy":"post_tag","embeddable":true,"href":"https:\/\/lyonelkaufmann.ch\/Blog\/wp-json\/wp\/v2\/tags?post=12138"}],"curies":[{"name":"wp","href":"https:\/\/api.w.org\/{rel}","templated":true}]}}