{"id":1217,"date":"2009-03-19T13:29:08","date_gmt":"2009-03-19T12:29:08","guid":{"rendered":"http:\/\/lyonelkaufmann.ch\/histoire\/?p=1217"},"modified":"2009-03-19T13:29:08","modified_gmt":"2009-03-19T12:29:08","slug":"curiospheretv-videos-et-ressources-educatives-pour-primaire-college-et-lycee","status":"publish","type":"post","link":"https:\/\/lyonelkaufmann.ch\/Blog\/2009\/03\/19\/curiospheretv-videos-et-ressources-educatives-pour-primaire-college-et-lycee\/","title":{"rendered":"La crise \u00e9conomique en une cinquantaine de vid\u00e9os | Curiosphere.tv"},"content":{"rendered":"<div class=\"href\"><a href=\"http:\/\/www.curiosphere.tv\/nuage\/5941-1-crise-financiere\" target=\"_blank\">Curiosphere.tv &#8211; Vid\u00e9os et ressources \u00e9ducatives pour primaire, coll\u00e8ge et lyc\u00e9e<\/a><\/div>\n<div class=\"descrip\">La crise \u00e9conomique en une cinquantaine de vid\u00e9os. Curiosph\u00e8re,\u00a0le site de France T\u00e9l\u00e9visions, propose des extraits d\u2019\u00e9missions avec pour invit\u00e9s des \u00e9conomistes et des personnalit\u00e9s telles Alpha Blondy ou Jacques Attali.<\/div>\n<p><a href=\"http:\/\/histoire.tumblr.com\/rss\">Aller \u00e0 la source<\/a><\/p>\n","protected":false},"excerpt":{"rendered":"<p>Curiosphere.tv &#8211; Vid\u00e9os et ressources \u00e9ducatives pour primaire, coll\u00e8ge et lyc\u00e9e La crise \u00e9conomique en une cinquantaine de vid\u00e9os. Curiosph\u00e8re,\u00a0le site de France T\u00e9l\u00e9visions, propose des extraits d\u2019\u00e9missions avec pour invit\u00e9s des \u00e9conomistes et des personnalit\u00e9s telles Alpha Blondy ou Jacques Attali. Aller \u00e0 la source<\/p>\n","protected":false},"author":1,"featured_media":14680,"comment_status":"open","ping_status":"closed","sticky":false,"template":"","format":"standard","meta":{"_import_markdown_pro_load_document_selector":0,"_import_markdown_pro_submit_text_textarea":"","_genesis_hide_title":false,"_genesis_hide_breadcrumbs":false,"_genesis_hide_singular_image":false,"_genesis_hide_footer_widgets":false,"_genesis_custom_body_class":"","_genesis_custom_post_class":"","_genesis_layout":"","jetpack_post_was_ever_published":false,"_jetpack_newsletter_access":"","_jetpack_dont_email_post_to_subs":false,"_jetpack_newsletter_tier_id":0,"_jetpack_memberships_contains_paywalled_content":false,"_jetpack_memberships_contains_paid_content":false,"activitypub_content_warning":"","activitypub_content_visibility":"","activitypub_max_image_attachments":3,"activitypub_interaction_policy_quote":"anyone","activitypub_status":"","footnotes":"","jetpack_publicize_message":"","jetpack_publicize_feature_enabled":true,"jetpack_social_post_already_shared":true,"jetpack_social_options":{"image_generator_settings":{"template":"fullscreen","default_image_id":0,"font":"","enabled":false},"version":2}},"categories":[2],"tags":[],"class_list":{"0":"post-1217","1":"post","2":"type-post","3":"status-publish","4":"format-standard","5":"has-post-thumbnail","7":"category-histoire-2","8":"entry"},"jetpack_publicize_connections":[],"featured_image_src":"https:\/\/i0.wp.com\/lyonelkaufmann.ch\/Blog\/wp-content\/uploads\/2015\/03\/blogcafe1.jpg?resize=600%2C400&ssl=1","featured_image_src_square":"https:\/\/i0.wp.com\/lyonelkaufmann.ch\/Blog\/wp-content\/uploads\/2015\/03\/blogcafe1.jpg?resize=600%2C600&ssl=1","author_info":{"display_name":"Lyonel Kaufmann","author_link":"https:\/\/lyonelkaufmann.ch\/Blog\/author\/lyonelk\/"},"jetpack_featured_media_url":"https:\/\/i0.wp.com\/lyonelkaufmann.ch\/Blog\/wp-content\/uploads\/2015\/03\/blogcafe1.jpg?fit=1024%2C683&ssl=1","jetpack_sharing_enabled":true,"jetpack_shortlink":"https:\/\/wp.me\/p1qtF4-jD","jetpack-related-posts":[{"id":7839,"url":"https:\/\/lyonelkaufmann.ch\/Blog\/2007\/08\/31\/grande-depression-et-new-deal-3-ressources-en-ligne\/","url_meta":{"origin":1217,"position":0},"title":"Grande d\u00e9pression et New Deal : 3. Ressources en ligne","author":"Lyonel Kaufmann","date":"31 ao\u00fbt 2007","format":false,"excerpt":"En prolongement de notre travail concernant la mani\u00e8re dont la crise de 1929 et le New Deal sont pr\u00e9sent\u00e9s dans les programmes et les manuels scolaires ainsi que l\u2019\u00e9tat historiographique de ces questions, voici un certain nombre de ressources en ligne utiles pour la pr\u00e9paration du sujet et des activit\u00e9s\u2026","rel":"","context":"Dans &quot;histoire&quot;","block_context":{"text":"histoire","link":"https:\/\/lyonelkaufmann.ch\/Blog\/category\/histoire-2\/"},"img":{"alt_text":"","src":"https:\/\/i0.wp.com\/lyonelkaufmann.ch\/Blog\/wp-content\/uploads\/2015\/03\/r15.gif?fit=500%2C402&ssl=1&resize=350%2C200","width":350,"height":200},"classes":[]},{"id":6830,"url":"https:\/\/lyonelkaufmann.ch\/Blog\/2013\/02\/23\/revue-de-presse-europe-un-verdun-economique-et-social\/","url_meta":{"origin":1217,"position":1},"title":"Revue de presse : Europe : un Verdun \u00e9conomique et social","author":"Lyonel Kaufmann","date":"23 f\u00e9vrier 2013","format":false,"excerpt":"Au nom de l'orthodoxie budg\u00e9taire, un si\u00e8cle apr\u00e8s avoir men\u00e9, en version militaire, un carnage sans raison ni fondement, l\u2019Europe institue le Verdun \u00e9conomique.Europe : un Verdun \u00e9conomique et social","rel":"","context":"Dans &quot;histoire&quot;","block_context":{"text":"histoire","link":"https:\/\/lyonelkaufmann.ch\/Blog\/category\/histoire-2\/"},"img":{"alt_text":"","src":"https:\/\/i0.wp.com\/lyonelkaufmann.ch\/Blog\/wp-content\/uploads\/2015\/03\/blogcafe1.jpg?fit=1024%2C683&ssl=1&resize=350%2C200","width":350,"height":200,"srcset":"https:\/\/i0.wp.com\/lyonelkaufmann.ch\/Blog\/wp-content\/uploads\/2015\/03\/blogcafe1.jpg?fit=1024%2C683&ssl=1&resize=350%2C200 1x, https:\/\/i0.wp.com\/lyonelkaufmann.ch\/Blog\/wp-content\/uploads\/2015\/03\/blogcafe1.jpg?fit=1024%2C683&ssl=1&resize=525%2C300 1.5x, https:\/\/i0.wp.com\/lyonelkaufmann.ch\/Blog\/wp-content\/uploads\/2015\/03\/blogcafe1.jpg?fit=1024%2C683&ssl=1&resize=700%2C400 2x"},"classes":[]},{"id":7830,"url":"https:\/\/lyonelkaufmann.ch\/Blog\/2007\/08\/03\/grande-dpression-et-new-deal-2-que-nous-dit-lhistoriographie-1\/","url_meta":{"origin":1217,"position":2},"title":"Grande d\u00e9pression et New Deal : 2. Que nous dit l&rsquo;historiographie? (1)","author":"Lyonel Kaufmann","date":"3 ao\u00fbt 2007","format":false,"excerpt":"La p\u00e9riode estivale est propice \u00e0 la pr\u00e9paration de la rentr\u00e9e scolaire\u2026 y compris pour les formateurs en didactique\u2026 Je vous propose donc de suivre ma r\u00e9flexion relative au sujet sur la Grande D\u00e9pression et le New Deal. Vos commentaires sont en tout temps les bienvenus. Sujet pr\u00e9c\u00e9dent : Grande\u2026","rel":"","context":"Dans &quot;histoire&quot;","block_context":{"text":"histoire","link":"https:\/\/lyonelkaufmann.ch\/Blog\/category\/histoire-2\/"},"img":{"alt_text":"","src":"https:\/\/i0.wp.com\/lyonelkaufmann.ch\/Blog\/wp-content\/uploads\/2015\/03\/41NYM74ETHL._BO2204203200_PIsitb-dp-500-arrowTopRight45-64_OU08_AA240_SH20_.jpg?fit=240%2C240&ssl=1&resize=350%2C200","width":350,"height":200},"classes":[]},{"id":1314,"url":"https:\/\/lyonelkaufmann.ch\/Blog\/2008\/11\/04\/links-for-2008-11-04\/","url_meta":{"origin":1217,"position":3},"title":"Sp\u00e9cial crise : retour sur la plus grande crise financi\u00e8re depuis 1929","author":"Lyonel Kaufmann","date":"4 novembre 2008","format":"aside","excerpt":"Sp\u00e9cial crise : retour sur la plus grande crise financi\u00e8re depuis 1929 par * - issu de Sp\u00e9cial crise n\u00b0274 Novembre 2008 Ensemble d'articles d'Alternatives Economiques pour mieux comprendre les tenants et aboutissants de la situation, y compris pour la suite des op\u00e9rations. A lire notamment, \u00abLa crise d'un mod\u00e8le\u2026","rel":"","context":"Dans &quot;Blogcaf\u00e9&quot;","block_context":{"text":"Blogcaf\u00e9","link":"https:\/\/lyonelkaufmann.ch\/Blog\/category\/blogcafe-2\/"},"img":{"alt_text":"","src":"https:\/\/i0.wp.com\/lyonelkaufmann.ch\/Blog\/wp-content\/uploads\/2015\/03\/blogcafe1.jpg?fit=1024%2C683&ssl=1&resize=350%2C200","width":350,"height":200,"srcset":"https:\/\/i0.wp.com\/lyonelkaufmann.ch\/Blog\/wp-content\/uploads\/2015\/03\/blogcafe1.jpg?fit=1024%2C683&ssl=1&resize=350%2C200 1x, https:\/\/i0.wp.com\/lyonelkaufmann.ch\/Blog\/wp-content\/uploads\/2015\/03\/blogcafe1.jpg?fit=1024%2C683&ssl=1&resize=525%2C300 1.5x, https:\/\/i0.wp.com\/lyonelkaufmann.ch\/Blog\/wp-content\/uploads\/2015\/03\/blogcafe1.jpg?fit=1024%2C683&ssl=1&resize=700%2C400 2x"},"classes":[]},{"id":3221,"url":"https:\/\/lyonelkaufmann.ch\/Blog\/2010\/09\/16\/sommes-nous-des-influenceurs-la-longue-traine-ma-rattrape\/","url_meta":{"origin":1217,"position":4},"title":"Sommes-nous des influenceurs? : La longue traine m\u2019a rattrap\u00e9!","author":"Lyonel Kaufmann","date":"16 septembre 2010","format":false,"excerpt":"Ou quand une s\u00e9rie d'articles datant de l'\u00e9t\u00e9 2007 confirme la th\u00e9orie de la longue tra\u00eene de Chris Anderson, fournit un aper\u00e7u du travail journalistique en 2010 et apporte un \u00e9clairage sur la notori\u00e9t\u00e9 \u00e0 l'\u00e8re des reseaux sociaux. En juillet-ao\u00fbt 2007, je r\u00e9digeais une s\u00e9rie de quatre articles consacr\u00e9s\u2026","rel":"","context":"Dans &quot;histoire&quot;","block_context":{"text":"histoire","link":"https:\/\/lyonelkaufmann.ch\/Blog\/category\/histoire-2\/"},"img":{"alt_text":"","src":"https:\/\/i0.wp.com\/lyonelkaufmann.ch\/Blog\/wp-content\/uploads\/2015\/03\/blogcafe1.jpg?fit=1024%2C683&ssl=1&resize=350%2C200","width":350,"height":200,"srcset":"https:\/\/i0.wp.com\/lyonelkaufmann.ch\/Blog\/wp-content\/uploads\/2015\/03\/blogcafe1.jpg?fit=1024%2C683&ssl=1&resize=350%2C200 1x, https:\/\/i0.wp.com\/lyonelkaufmann.ch\/Blog\/wp-content\/uploads\/2015\/03\/blogcafe1.jpg?fit=1024%2C683&ssl=1&resize=525%2C300 1.5x, https:\/\/i0.wp.com\/lyonelkaufmann.ch\/Blog\/wp-content\/uploads\/2015\/03\/blogcafe1.jpg?fit=1024%2C683&ssl=1&resize=700%2C400 2x"},"classes":[]},{"id":7836,"url":"https:\/\/lyonelkaufmann.ch\/Blog\/2007\/08\/23\/grande-dpression-et-new-deal-2-que-nous-dit-lhistoriographie-2\/","url_meta":{"origin":1217,"position":5},"title":"Grande d\u00e9pression et New Deal : 2. Que nous dit l&rsquo;historiographie? (2)","author":"Lyonel Kaufmann","date":"23 ao\u00fbt 2007","format":false,"excerpt":"\"At the bus station.\" par Jack Delano (Durham, North Carolina, May 1940). Source Apr\u00e8s m'\u00eatre attach\u00e9 aux interpr\u00e9tations et d\u00e9bats relatifs \u00e0 la crise, l'\u00e9tape suivante consiste a interrog\u00e9 les interpr\u00e9tations des historiens et des \u00e9conomistes \u00e0 l'\u00e9gard du New Deal, mis en place lors des deux premiers mandats de\u2026","rel":"","context":"Dans &quot;histoire&quot;","block_context":{"text":"histoire","link":"https:\/\/lyonelkaufmann.ch\/Blog\/category\/histoire-2\/"},"img":{"alt_text":"","src":"https:\/\/i0.wp.com\/lyonelkaufmann.ch\/Blog\/wp-content\/uploads\/2015\/03\/busstation.jpg?fit=600%2C408&ssl=1&resize=350%2C200","width":350,"height":200,"srcset":"https:\/\/i0.wp.com\/lyonelkaufmann.ch\/Blog\/wp-content\/uploads\/2015\/03\/busstation.jpg?fit=600%2C408&ssl=1&resize=350%2C200 1x, https:\/\/i0.wp.com\/lyonelkaufmann.ch\/Blog\/wp-content\/uploads\/2015\/03\/busstation.jpg?fit=600%2C408&ssl=1&resize=525%2C300 1.5x"},"classes":[]}],"jetpack_likes_enabled":true,"_links":{"self":[{"href":"https:\/\/lyonelkaufmann.ch\/Blog\/wp-json\/wp\/v2\/posts\/1217","targetHints":{"allow":["GET"]}}],"collection":[{"href":"https:\/\/lyonelkaufmann.ch\/Blog\/wp-json\/wp\/v2\/posts"}],"about":[{"href":"https:\/\/lyonelkaufmann.ch\/Blog\/wp-json\/wp\/v2\/types\/post"}],"author":[{"embeddable":true,"href":"https:\/\/lyonelkaufmann.ch\/Blog\/wp-json\/wp\/v2\/users\/1"}],"replies":[{"embeddable":true,"href":"https:\/\/lyonelkaufmann.ch\/Blog\/wp-json\/wp\/v2\/comments?post=1217"}],"version-history":[{"count":0,"href":"https:\/\/lyonelkaufmann.ch\/Blog\/wp-json\/wp\/v2\/posts\/1217\/revisions"}],"wp:featuredmedia":[{"embeddable":true,"href":"https:\/\/lyonelkaufmann.ch\/Blog\/wp-json\/wp\/v2\/media\/14680"}],"wp:attachment":[{"href":"https:\/\/lyonelkaufmann.ch\/Blog\/wp-json\/wp\/v2\/media?parent=1217"}],"wp:term":[{"taxonomy":"category","embeddable":true,"href":"https:\/\/lyonelkaufmann.ch\/Blog\/wp-json\/wp\/v2\/categories?post=1217"},{"taxonomy":"post_tag","embeddable":true,"href":"https:\/\/lyonelkaufmann.ch\/Blog\/wp-json\/wp\/v2\/tags?post=1217"}],"curies":[{"name":"wp","href":"https:\/\/api.w.org\/{rel}","templated":true}]}}