{"id":12197,"date":"2014-10-24T23:48:16","date_gmt":"2014-10-24T22:48:16","guid":{"rendered":"https:\/\/lyonelkaufmann.ch\/Blog\/?p=12197"},"modified":"2014-10-24T23:48:16","modified_gmt":"2014-10-24T22:48:16","slug":"rouen-16-10-2014","status":"publish","type":"post","link":"https:\/\/lyonelkaufmann.ch\/Blog\/2014\/10\/24\/rouen-16-10-2014\/","title":{"rendered":"Rouen &#8211; 16.10.2014"},"content":{"rendered":"<p><a title=\"Rouen - 16.10.2014\" href=\"http:\/\/www.flickr.com\/photos\/lyonelkaufmann\/15432923127\" target=\"_blank\"><img data-recalc-dims=\"1\" decoding=\"async\" class=\"aligncenter\" src=\"https:\/\/i0.wp.com\/farm4.staticflickr.com\/3938\/15432923127_84f4b53358_c.jpg?ssl=1\" alt=\"Rouen - 16.10.2014\" \/><\/a><\/p>\n<p>En ce jeudi 16 octobre, je red\u00e9couvre, l&rsquo;appareil \u00e0 la main, la vieille ville de Rouen.<br \/>\nDe retour \u00e0 la maison, je retravaille la photo et d\u00e9couvre Pixelmator pour iPad (<a href=\"http:\/\/www.pixelmator.com\/ipad\/#\" target=\"_blank\">http:\/\/www.pixelmator.com\/ipad\/#<\/a>).<\/p>\n","protected":false},"excerpt":{"rendered":"<p>En ce jeudi 16 octobre, je red\u00e9couvre, l&rsquo;appareil \u00e0 la main, la vieille ville de Rouen. De retour \u00e0 la maison, je retravaille la photo et d\u00e9couvre Pixelmator pour iPad (http:\/\/www.pixelmator.com\/ipad\/#).<\/p>\n","protected":false},"author":1,"featured_media":13932,"comment_status":"open","ping_status":"open","sticky":false,"template":"","format":"standard","meta":{"_import_markdown_pro_load_document_selector":0,"_import_markdown_pro_submit_text_textarea":"","_genesis_hide_title":false,"_genesis_hide_breadcrumbs":false,"_genesis_hide_singular_image":false,"_genesis_hide_footer_widgets":false,"_genesis_custom_body_class":"","_genesis_custom_post_class":"","_genesis_layout":"","jetpack_post_was_ever_published":false,"_jetpack_newsletter_access":"","_jetpack_dont_email_post_to_subs":false,"_jetpack_newsletter_tier_id":0,"_jetpack_memberships_contains_paywalled_content":false,"_jetpack_memberships_contains_paid_content":false,"activitypub_content_warning":"","activitypub_content_visibility":"","activitypub_max_image_attachments":3,"activitypub_interaction_policy_quote":"anyone","activitypub_status":"","footnotes":"","jetpack_publicize_message":"","jetpack_publicize_feature_enabled":true,"jetpack_social_post_already_shared":true,"jetpack_social_options":{"image_generator_settings":{"template":"fullscreen","default_image_id":0,"font":"","enabled":false},"version":2}},"categories":[3],"tags":[],"class_list":{"0":"post-12197","1":"post","2":"type-post","3":"status-publish","4":"format-standard","5":"has-post-thumbnail","7":"category-blogcafe-2","8":"entry"},"jetpack_publicize_connections":[],"featured_image_src":"https:\/\/i0.wp.com\/lyonelkaufmann.ch\/Blog\/wp-content\/uploads\/2015\/03\/15432923127_84f4b53358_c.jpg?resize=600%2C400&ssl=1","featured_image_src_square":"https:\/\/i0.wp.com\/lyonelkaufmann.ch\/Blog\/wp-content\/uploads\/2015\/03\/15432923127_84f4b53358_c.jpg?resize=600%2C600&ssl=1","author_info":{"display_name":"Lyonel Kaufmann","author_link":"https:\/\/lyonelkaufmann.ch\/Blog\/author\/lyonelk\/"},"jetpack_featured_media_url":"https:\/\/i0.wp.com\/lyonelkaufmann.ch\/Blog\/wp-content\/uploads\/2015\/03\/15432923127_84f4b53358_c.jpg?fit=600%2C800&ssl=1","jetpack_sharing_enabled":true,"jetpack_shortlink":"https:\/\/wp.me\/p1qtF4-3aJ","jetpack-related-posts":[{"id":3740,"url":"https:\/\/lyonelkaufmann.ch\/Blog\/2010\/10\/10\/je-ipade-tu-ipades-il-ipade\/","url_meta":{"origin":12197,"position":0},"title":"Je iPade, tu iPades, il iPade","author":"Lyonel Kaufmann","date":"10 octobre 2010","format":"aside","excerpt":"via ZERO SECONDEAvec les autres m\u00e9dias, on dirait qu'il n'y a pas de probl\u00e8me, mais avec le iPad je ne sais pas comment nommer son usage. Je ... Read More >>","rel":"","context":"Dans &quot;L'Expresso&quot;","block_context":{"text":"L'Expresso","link":"https:\/\/lyonelkaufmann.ch\/Blog\/category\/breves\/"},"img":{"alt_text":"","src":"https:\/\/i0.wp.com\/lyonelkaufmann.ch\/Blog\/wp-content\/uploads\/2015\/03\/blogcafe1.jpg?fit=1024%2C683&ssl=1&resize=350%2C200","width":350,"height":200,"srcset":"https:\/\/i0.wp.com\/lyonelkaufmann.ch\/Blog\/wp-content\/uploads\/2015\/03\/blogcafe1.jpg?fit=1024%2C683&ssl=1&resize=350%2C200 1x, https:\/\/i0.wp.com\/lyonelkaufmann.ch\/Blog\/wp-content\/uploads\/2015\/03\/blogcafe1.jpg?fit=1024%2C683&ssl=1&resize=525%2C300 1.5x, https:\/\/i0.wp.com\/lyonelkaufmann.ch\/Blog\/wp-content\/uploads\/2015\/03\/blogcafe1.jpg?fit=1024%2C683&ssl=1&resize=700%2C400 2x"},"classes":[]},{"id":3234,"url":"https:\/\/lyonelkaufmann.ch\/Blog\/2010\/05\/06\/clamcase-laccessoire-ultime-pour-ipad\/","url_meta":{"origin":12197,"position":1},"title":"ClamCase : l\u2019accessoire ultime pour iPad ?","author":"Lyonel Kaufmann","date":"6 mai 2010","format":"aside","excerpt":"Si la r\u00e9alisation est \u00e0 la hauteur, ClamCase pourrait \u00eatre l\u2019accessoire ultime pour iPad. Cet accessoire fait \u00e0 la fois office d\u2019\u00e9tui et comprend un clavier Bluetooth. (Via\u00a0ClamCase : l\u2019accessoire ultime pour iPad ?)","rel":"","context":"Dans &quot;Blogcaf\u00e9&quot;","block_context":{"text":"Blogcaf\u00e9","link":"https:\/\/lyonelkaufmann.ch\/Blog\/category\/blogcafe-2\/"},"img":{"alt_text":"","src":"https:\/\/i0.wp.com\/lyonelkaufmann.ch\/Blog\/wp-content\/uploads\/2015\/03\/079.jpg?fit=480%2C360&ssl=1&resize=350%2C200","width":350,"height":200},"classes":[]},{"id":9409,"url":"https:\/\/lyonelkaufmann.ch\/Blog\/2013\/02\/20\/revue-de-presse-ipad-et-ios-utilisateurs-experts-vs-utilisateurs-liberes\/","url_meta":{"origin":12197,"position":2},"title":"Revue de presse : iPad et iOS : utilisateurs experts vs utilisateurs lib\u00e9r\u00e9s","author":"Lyonel Kaufmann","date":"20 f\u00e9vrier 2013","format":false,"excerpt":"Rene Ritchie : \u00abLorsque l'iPad a \u00e9t\u00e9 annonc\u00e9, un ami et ancien coll\u00e8gue s'est lament\u00e9, en le caract\u00e9risant comme le glas de la puissance de l'informatique ouverte. J'ai accueilli l'iPad comme le glas du temps pass\u00e9 \u00e0 d\u00e9panner tous ceux de mes proches et et de mes voisins qui \u00e9taient\u2026","rel":"","context":"Dans &quot;Blogcaf\u00e9&quot;","block_context":{"text":"Blogcaf\u00e9","link":"https:\/\/lyonelkaufmann.ch\/Blog\/category\/blogcafe-2\/"},"img":{"alt_text":"","src":"https:\/\/i0.wp.com\/lyonelkaufmann.ch\/Blog\/wp-content\/uploads\/2015\/03\/ipad2.jpg?fit=616%2C410&ssl=1&resize=350%2C200","width":350,"height":200,"srcset":"https:\/\/i0.wp.com\/lyonelkaufmann.ch\/Blog\/wp-content\/uploads\/2015\/03\/ipad2.jpg?fit=616%2C410&ssl=1&resize=350%2C200 1x, https:\/\/i0.wp.com\/lyonelkaufmann.ch\/Blog\/wp-content\/uploads\/2015\/03\/ipad2.jpg?fit=616%2C410&ssl=1&resize=525%2C300 1.5x"},"classes":[]},{"id":21071,"url":"https:\/\/lyonelkaufmann.ch\/Blog\/2020\/01\/23\/test-du-clavier-brydge-129-mkii-et-de-son-slime-protective-case-avec-un-ipad-pro-129-de-2015\/","url_meta":{"origin":12197,"position":3},"title":"Test du clavier Brydge 12\u201d9-MkII et de son Slime Protective Case avec un iPad Pro 12\u201d9 de 2015","author":"Lyonel Kaufmann","date":"23 janvier 2020","format":false,"excerpt":"A fin d\u00e9cembre, j\u2019ai re\u00e7u le clavier Brydge 12\u201d9 pour l\u2019iPad Pro 12\u201d9 (2015), premi\u00e8re g\u00e9n\u00e9ration auquel j\u2019ai associ\u00e9 le Slime Protective Case \u00e9galement propos\u00e9 par Brydge. Voici un test rapide de cette configuration apr\u00e8s trois semaines d\u2019utilisation. Le clavier propos\u00e9 par Brydge est probablement le clavier qui se rapproche\u2026","rel":"","context":"Dans &quot;Blogcaf\u00e9&quot;","block_context":{"text":"Blogcaf\u00e9","link":"https:\/\/lyonelkaufmann.ch\/Blog\/category\/blogcafe-2\/"},"img":{"alt_text":"","src":"https:\/\/i0.wp.com\/lyonelkaufmann.ch\/Blog\/wp-content\/uploads\/2020\/01\/C3E0D1D0-2D2F-42A6-9632-A5EC094A2649.36f455a8c04049858c819644a4d7a2a2.jpeg?fit=1000%2C1000&ssl=1&resize=350%2C200","width":350,"height":200,"srcset":"https:\/\/i0.wp.com\/lyonelkaufmann.ch\/Blog\/wp-content\/uploads\/2020\/01\/C3E0D1D0-2D2F-42A6-9632-A5EC094A2649.36f455a8c04049858c819644a4d7a2a2.jpeg?fit=1000%2C1000&ssl=1&resize=350%2C200 1x, https:\/\/i0.wp.com\/lyonelkaufmann.ch\/Blog\/wp-content\/uploads\/2020\/01\/C3E0D1D0-2D2F-42A6-9632-A5EC094A2649.36f455a8c04049858c819644a4d7a2a2.jpeg?fit=1000%2C1000&ssl=1&resize=525%2C300 1.5x, https:\/\/i0.wp.com\/lyonelkaufmann.ch\/Blog\/wp-content\/uploads\/2020\/01\/C3E0D1D0-2D2F-42A6-9632-A5EC094A2649.36f455a8c04049858c819644a4d7a2a2.jpeg?fit=1000%2C1000&ssl=1&resize=700%2C400 2x"},"classes":[]},{"id":23055,"url":"https:\/\/lyonelkaufmann.ch\/Blog\/2021\/12\/14\/ipad-air-vs-macbook-12\/","url_meta":{"origin":12197,"position":4},"title":"iPad Air vs Macbook 12\u201d","author":"Lyonel Kaufmann","date":"14 d\u00e9cembre 2021","format":false,"excerpt":"Pendant longtemps, j\u2019ai pens\u00e9 que le meilleur iPad \u00e9tait en fait le MacBook 12\u201d en raison de ses aspects multit\u00e2ches et de son encombrement minimal. Certes, sa limitation bureautique et ses lenteurs pour certaines t\u00e2ches le restreignaient, mais le confort de sa frappe au clavier surpassait les possibilit\u00e9s de mes\u2026","rel":"","context":"Dans &quot;Diary&quot;","block_context":{"text":"Diary","link":"https:\/\/lyonelkaufmann.ch\/Blog\/category\/diary\/"},"img":{"alt_text":"","src":"","width":0,"height":0},"classes":[]},{"id":3344,"url":"https:\/\/lyonelkaufmann.ch\/Blog\/2010\/07\/25\/le-premier-social-media-magazine-sur-ipad-la-social-newsroom\/","url_meta":{"origin":12197,"position":5},"title":"Le premier \u201csocial media\u201d magazine sur iPad | La Social Newsroom","author":"Lyonel Kaufmann","date":"25 juillet 2010","format":"aside","excerpt":"Ce n\u2019est pas la premi\u00e8re fois que des applications ou des sites \u00a0se branchent sur les API de Twitter ou Facebook pour organiser les contenus \u00e0 la fa\u00e7on d\u2019un m\u00e9dia. Ce qui est int\u00e9ressant avec Flipboard, c\u2019est qu\u2019un effort consid\u00e9rable a \u00e9t\u00e9 fourni sur l\u2019interface graphique et l\u2019ergonomie. C\u2019est \u00e9videmment\u2026","rel":"","context":"Dans &quot;Blogcaf\u00e9&quot;","block_context":{"text":"Blogcaf\u00e9","link":"https:\/\/lyonelkaufmann.ch\/Blog\/category\/blogcafe-2\/"},"img":{"alt_text":"","src":"https:\/\/i0.wp.com\/lyonelkaufmann.ch\/Blog\/wp-content\/uploads\/2010\/07\/flipboard-HP-NB-300x225.png?resize=350%2C200","width":350,"height":200},"classes":[]}],"jetpack_likes_enabled":true,"_links":{"self":[{"href":"https:\/\/lyonelkaufmann.ch\/Blog\/wp-json\/wp\/v2\/posts\/12197","targetHints":{"allow":["GET"]}}],"collection":[{"href":"https:\/\/lyonelkaufmann.ch\/Blog\/wp-json\/wp\/v2\/posts"}],"about":[{"href":"https:\/\/lyonelkaufmann.ch\/Blog\/wp-json\/wp\/v2\/types\/post"}],"author":[{"embeddable":true,"href":"https:\/\/lyonelkaufmann.ch\/Blog\/wp-json\/wp\/v2\/users\/1"}],"replies":[{"embeddable":true,"href":"https:\/\/lyonelkaufmann.ch\/Blog\/wp-json\/wp\/v2\/comments?post=12197"}],"version-history":[{"count":0,"href":"https:\/\/lyonelkaufmann.ch\/Blog\/wp-json\/wp\/v2\/posts\/12197\/revisions"}],"wp:featuredmedia":[{"embeddable":true,"href":"https:\/\/lyonelkaufmann.ch\/Blog\/wp-json\/wp\/v2\/media\/13932"}],"wp:attachment":[{"href":"https:\/\/lyonelkaufmann.ch\/Blog\/wp-json\/wp\/v2\/media?parent=12197"}],"wp:term":[{"taxonomy":"category","embeddable":true,"href":"https:\/\/lyonelkaufmann.ch\/Blog\/wp-json\/wp\/v2\/categories?post=12197"},{"taxonomy":"post_tag","embeddable":true,"href":"https:\/\/lyonelkaufmann.ch\/Blog\/wp-json\/wp\/v2\/tags?post=12197"}],"curies":[{"name":"wp","href":"https:\/\/api.w.org\/{rel}","templated":true}]}}