{"id":12219,"date":"2014-11-15T12:00:00","date_gmt":"2014-11-15T11:00:00","guid":{"rendered":"https:\/\/lyonelkaufmann.ch\/Blog\/?p=12219"},"modified":"2014-11-15T12:00:00","modified_gmt":"2014-11-15T11:00:00","slug":"voir-la-vie-en-rose-photo-du-mois","status":"publish","type":"post","link":"https:\/\/lyonelkaufmann.ch\/Blog\/2014\/11\/15\/voir-la-vie-en-rose-photo-du-mois\/","title":{"rendered":"Voir la vie en rose |\u00a0Photo du mois"},"content":{"rendered":"<p>Ce mois, le th\u00e8me <strong>Voir la vie en rose<\/strong>, a \u00e9t\u00e9 choisi par Arwen (<a href=\"http:\/\/www.chiffonsandco.fr\/\" target=\"_blank\" rel=\"nofollow\">http:\/\/www.chiffonsandco.fr<\/a>\u00a0).<\/p>\n<p><a href=\"https:\/\/i0.wp.com\/lyonelkaufmann.ch\/Blog\/wp-content\/uploads\/2014\/11\/1416002913_full.jpeg\" target=\"_blank\"><img data-recalc-dims=\"1\" loading=\"lazy\" decoding=\"async\" class=\"aligncenter\" src=\"https:\/\/i0.wp.com\/lyonelkaufmann.ch\/Blog\/wp-content\/uploads\/2014\/11\/1416002913_thumb.jpeg?resize=1024%2C767\" alt=\"\" width=\"1024\" height=\"767\" align=\"left\" \/><\/a><\/p>\n<p>Voici mon acceptation du th\u00e8me. La photo a \u00e9t\u00e9 prise en Normandie le 15 octobre. Illustration que m\u00eame un jour d&rsquo;automne pluvieux, il est possible de voir la vie en rose\u2026<\/p>\n<p>L&rsquo;interpr\u00e9tation de mes confr\u00e8res et consoeurs :<\/p>\n<p><a href=\"http:\/\/lorgnettedunjour.canalblog.com\/\" target=\"_blank\">Lavandine<\/a>, <a href=\"https:\/\/lyonelkaufmann.ch\/Blog\/category\/blogcafe\/photo-du-mois\/\" target=\"_blank\">Lyonelk<\/a>, <a href=\"http:\/\/www.kkhuete-en-bretannie.fr\/\" target=\"_blank\">KK-hu\u00e8te En Bretannie<\/a>, <a href=\"http:\/\/vudubalcon.blogspot.fr\" target=\"_blank\">Fran\u00e7ois le Ni\u00e7ois<\/a>, <a href=\"http:\/\/pilisi.over-blog.com\/tag\/Photo%20du%20mois\/\" target=\"_blank\">Pilisi<\/a>, <a href=\"http:\/\/zoursland.com\" target=\"_blank\">Fr\u00e9d\u00e9ric<\/a>, <a href=\"http:\/\/anola-lemag.fr\/blog-de-voyage\/\" target=\"_blank\">Ann<\/a>, <a href=\"http:\/\/woocares.wordpress.com\/\" target=\"_blank\">Woocares<\/a>, <a href=\"http:\/\/mysweetescape.fr\/\" target=\"_blank\">Chlo\u00e9<\/a>, <a href=\"http:\/\/cocovin.net\/\" target=\"_blank\">Alban<\/a>, <a href=\"http:\/\/www.lesfillesduweb.com\" target=\"_blank\">Les Filles du Web<\/a>, <a href=\"http:\/\/www.legrandbazardagathe.com\/\" target=\"_blank\">Agathe<\/a>, <a href=\"http:\/\/c-est-reparti.blogspot.com\/\" target=\"_blank\">Cara<\/a>, <a href=\"http:\/\/calamonique.com\/\" target=\"_blank\">Calamonique<\/a>, <a href=\"http:\/\/akai-inthesky.blogspot.com\" target=\"_blank\">Akaieric<\/a>, <a href=\"http:\/\/www.laparentheseenchantee.fr\/\" target=\"_blank\">Isa ToutSimplement<\/a>, <a href=\"http:\/\/vraiefiction.blogspot.com\" target=\"_blank\">Guillaume<\/a>, <a href=\"http:\/\/lesavisdagrippine.com\/\" target=\"_blank\">Agrippine<\/a>, <a href=\"http:\/\/suissexpress.wordpress.com\/\" target=\"_blank\">Christophe<\/a>, <a href=\"http:\/\/blogoth67.wordpress.com\" target=\"_blank\">Blogoth67<\/a>, <a href=\"http:\/\/renepaulhenry.blogspot.com\" target=\"_blank\">Renepaulhenry<\/a>, <a href=\"http:\/\/www.lanantaiseaparis.com\/search\/label\/...%20La%20Photo%20du%20Mois\" target=\"_blank\">La Nantaise \u00e0 Paris<\/a>, <a href=\"http:\/\/morganebyloosphoto.wordpress.com\" target=\"_blank\">Morgane Byloos Photography<\/a>, <a href=\"http:\/\/luniversdetataflo.eklablog.fr\/\" target=\"_blank\">Tataflo<\/a>, <a href=\"http:\/\/www.memoriesfromanywhere.fr\/\" target=\"_blank\">Memories from anywhere<\/a>, <a href=\"http:\/\/occident-express.hautetfort.com\" target=\"_blank\">Eurydice<\/a>, <a href=\"http:\/\/blog.lesprincessesdemarie.com\/\" target=\"_blank\">princesse Emalia<\/a>, <a href=\"http:\/\/www.malaxi.net\" target=\"_blank\">Laurent Nicolas<\/a>, <a href=\"http:\/\/www.inmybubble.org\" target=\"_blank\">Vanilla<\/a>, <a href=\"http:\/\/blueedel.wordpress.com\/\" target=\"_blank\">Blue Edel<\/a>, <a href=\"http:\/\/philae.over-blog.com\" target=\"_blank\">Philae<\/a>, <a href=\"http:\/\/www.destination-montreal.net\" target=\"_blank\">Destination Montr\u00e9al<\/a>, <a href=\"http:\/\/unephotodesquejepeux.wordpress.com\/\" target=\"_blank\">Maria Graphia<\/a>, <a href=\"http:\/\/le-tour-du-monde-de-la-marmotte.over-blog.com\/\" target=\"_blank\">Marmotte<\/a>, <a href=\"http:\/\/frenchiesinparis.over-blog.com\" target=\"_blank\">C\u00e9line in Paris<\/a>, <a href=\"http:\/\/champagnefraise.wordpress.com\" target=\"_blank\">Champagne<\/a>, <a href=\"http:\/\/lirerelire.blogspot.fr\" target=\"_blank\">Estelle<\/a>, <a href=\"http:\/\/www.photo-tuto.fr\" target=\"_blank\">Photo Tuto<\/a>, <a href=\"http:\/\/www.mon-ecrin-de-passions.com\/\" target=\"_blank\">Lavandine83<\/a>, <a href=\"http:\/\/www.chiffonsandco.fr\" target=\"_blank\">Arwen<\/a>, <a href=\"http:\/\/www.sailortoshyo.com\/tag\/la-photo-du-mois\/\" target=\"_blank\">Sailortoshyo<\/a>, <a href=\"http:\/\/bonsbaisersdaustralie.wordpress.com\/category\/la-photo-du-mois\/\" target=\"_blank\">MissCarole<\/a>, <a href=\"http:\/\/isaquarel.canalblog.com\/archives\/la_photo_du_mois\/index.html\" target=\"_blank\">Isaquarel<\/a>, <a href=\"http:\/\/monbeaumanoir.wordpress.com\/\" target=\"_blank\">Ava<\/a>, <a href=\"http:\/\/macatou.wordpress.com\/\" target=\"_blank\">Thalie<\/a>, <a href=\"http:\/\/chezmamysoren.over-blog.com\" target=\"_blank\">Mamysoren<\/a>, <a href=\"http:\/\/hibiscusblog.net\/category\/la-photo-du-mois-2\" target=\"_blank\">hibiscus<\/a>, <a href=\"http:\/\/www.colourslife.fr\/\" target=\"_blank\">Mahlyn<\/a>, <a href=\"http:\/\/leblogdekat.com\" target=\"_blank\">A&rsquo;icha<\/a>, <a href=\"http:\/\/lestetesafranchouilles.blogspot.fr\/\" target=\"_blank\">La Dum<\/a>, <a href=\"http:\/\/www.lesbonheurs.fr\/\" target=\"_blank\">Les bonheurs d&rsquo;Anne &amp; Alex<\/a>, <a href=\"http:\/\/mauricemonamour.blogspot.fr\/\" target=\"_blank\">MauriceMonAmour<\/a>, <a href=\"http:\/\/www.testinaute.com\/\" target=\"_blank\">Testinaute<\/a>, <a href=\"http:\/\/rythme-indigo.blogspot.com\" target=\"_blank\">Rythme Indigo<\/a>, <a href=\"http:\/\/www.quadraetcie.fr\/1\/index.php?q=galerie%2Fla-photo-du-mois\" target=\"_blank\">C\u00e9cile &#8211; Une quadra<\/a>, <a href=\"http:\/\/lafeedulogis43.over-blog.fr\" target=\"_blank\">Giselle 43<\/a>, <a href=\"http:\/\/toxiq.canalblog.com\" target=\"_blank\">BiGBuGS<\/a>, <a href=\"http:\/\/brindille33.wordpress.com\/\" target=\"_blank\">Brindille<\/a>, <a href=\"http:\/\/www.legaletas.net\/blog\/index.php\" target=\"_blank\">Gilsoub<\/a>, <a href=\"http:\/\/fanfanraccoons.blogspot.com\" target=\"_blank\">Fanfan Raccoon<\/a>, <a href=\"http:\/\/www.lafilledelair.com\/blog\/la-photo-du-mois\/\" target=\"_blank\">La Fille de l&rsquo;Air<\/a>, <a href=\"http:\/\/xoliv.blogspot.fr\" target=\"_blank\">Xoliv&rsquo;<\/a>, <a href=\"http:\/\/grandereveuse.fr\/\" target=\"_blank\">Louisianne<\/a>, <a href=\"http:\/\/photos.byenzo.fr\/\" target=\"_blank\">C\u00e9cile Atch&rsquo;oum<\/a>, <a href=\"http:\/\/histoiresdeux.blogspot.com\" target=\"_blank\">E<\/a>, <a href=\"http:\/\/laudesmontagnes.wordpress.com\/\" target=\"_blank\">Lau* des montagnes<\/a>, <a href=\"http:\/\/toulonbyjulia.com\/blogtoulon\/\" target=\"_blank\">Julia<\/a>, <a href=\"http:\/\/1jalf.blogspot.ca\/\" target=\"_blank\">Nanouk<\/a>, <a href=\"http:\/\/luckasetmoi.blogspot.fr\/\" target=\"_blank\">Luckasetmoi<\/a>, <a href=\"http:\/\/tuxana.blogspot.ca\/\" target=\"_blank\">Tuxana<\/a>, <a href=\"http:\/\/www.my-little-reflex.com\/blog\/la-photo-du-mois\/\" target=\"_blank\">Marion<\/a>, <a href=\"http:\/\/www.fromside2side.com\/category\/photo-du-mois\" target=\"_blank\">Isa de fromSide2Side<\/a>, <a href=\"http:\/\/www.salondetheberlinois.com\/\" target=\"_blank\">Salon de Th\u00e9<\/a>, <a href=\"http:\/\/lachataignesauvage.over-blog.com\/categorie-12516589.html\" target=\"_blank\">Josiane<\/a>, <a href=\"http:\/\/www.lagaleriemilla.fr\/\" target=\"_blank\">Milla la galerie<\/a>, <a href=\"http:\/\/inside-expat.com\" target=\"_blank\">Eva INside-EXpat<\/a>, <a href=\"http:\/\/yvettelachouette.com\/\" target=\"_blank\">Yvette la Chouette<\/a>, <a href=\"http:\/\/krn-defouloir.blogspot.com\" target=\"_blank\">Krn<\/a>, <a href=\"http:\/\/reverieschatbleu.canalblog.com\/\" target=\"_blank\">Chat bleu<\/a>, <a href=\"http:\/\/mytravelswithlove.blogspot.fr\/\" target=\"_blank\">Autour de Cia<\/a>, <a href=\"http:\/\/mimireliton.blogspot.fr\" target=\"_blank\">Mimireliton<\/a>, <a href=\"http:\/\/sublime-essence.over-blog.com\" target=\"_blank\">Bestofava<\/a>, <a href=\"http:\/\/www.dameskarlette.com\/\" target=\"_blank\">Dame Skarlette<\/a>, <a href=\"http:\/\/cukithca.wordpress.com\/\" target=\"_blank\">Cocazzz<\/a>, <a href=\"http:\/\/elpadawan.wordpress.com\" target=\"_blank\">El Padawan<\/a>, <a href=\"http:\/\/lesphotosdelaurie.blogspot.fr\/\" target=\"_blank\">Laurie<\/a>, <a href=\"http:\/\/mapassionbento.blogspot.fr\/\" target=\"_blank\">DelphineF<\/a>, <a href=\"http:\/\/tribulationsdemarie.com\" target=\"_blank\">Marie<\/a>, <a href=\"http:\/\/lacasademamachronique.wordpress.com\/\" target=\"_blank\">Ang\u00e9lique<\/a>, <a href=\"http:\/\/anne-tranche-de-vie.over-blog.com\/categorie-11390539.html\" target=\"_blank\">Anne<\/a>, <a href=\"http:\/\/www.unitedstatesofparis.com\" target=\"_blank\">Alexinparis<\/a>, <a href=\"http:\/\/tambour-major.blogspot.ca\/search\/label\/La%20photo%20du%20mois\" target=\"_blank\">Tambour Major<\/a>, <a href=\"http:\/\/cetomontreal.com\/\" target=\"_blank\">CetO<\/a>, <a href=\"http:\/\/clicpassion.canalblog.com\" target=\"_blank\">Nicky<\/a>, <a href=\"http:\/\/www.pixeline.fr\/tag\/photo-du-mois\/\" target=\"_blank\">Pixeline<\/a>, <a href=\"http:\/\/derriere-mes-yeux.blogspot.fr\/\" target=\"_blank\">Aude<\/a>, <a href=\"http:\/\/2mainsetkelkesriens.blogspot.ca\" target=\"_blank\">Agn\u00e8s<\/a>, <a href=\"http:\/\/www.laulinea.com\/\" target=\"_blank\">Laulinea<\/a>, <a href=\"http:\/\/blablabazar.over-blog.com\/\" target=\"_blank\">Sandrine<\/a>, <a href=\"http:\/\/cestpasmoijeljure.com\/\" target=\"_blank\">Dr. CaSo<\/a>, <a href=\"http:\/\/www.voyagerenphotos.com\" target=\"_blank\">Voyager en photo<\/a>, <a href=\"http:\/\/madame-ananas.fr\/\" target=\"_blank\">Crearine<\/a>, <a href=\"http:\/\/voyageaugredesvents.blogspot.be\" target=\"_blank\">Sylvie<\/a>, <a href=\"http:\/\/cyberdilou.canalblog.com\" target=\"_blank\">Gize<br \/>\nh<\/a>, <a href=\"http:\/\/anteketborka.blogspot.com\" target=\"_blank\">magda627<\/a>, <a href=\"http:\/\/www.cricriyomfromparis.com\/search\/label\/La%20photo%20du%20mois\" target=\"_blank\">Cricriyom from Paris<\/a>, <a href=\"http:\/\/www.jenaique2pieds.blogspot.com\" target=\"_blank\">Loulou<\/a>, <a href=\"http:\/\/cupsofenglishtea.com\/\" target=\"_blank\">Kenza<\/a>, <a href=\"http:\/\/josydhoest.wordpress.com\/\" target=\"_blank\">Josette<\/a>, <a href=\"http:\/\/homeos-tasie.blogspot.fr\/\" target=\"_blank\">Homeos-tasie<\/a>.<\/p>\n","protected":false},"excerpt":{"rendered":"<p>Ce mois, le th\u00e8me Voir la vie en rose, a \u00e9t\u00e9 choisi par Arwen (http:\/\/www.chiffonsandco.fr\u00a0). Voici mon acceptation du th\u00e8me. La photo a \u00e9t\u00e9 prise en Normandie le 15 octobre. Illustration que m\u00eame un jour d&rsquo;automne pluvieux, il est possible de voir la vie en rose\u2026 L&rsquo;interpr\u00e9tation de mes confr\u00e8res et consoeurs : Lavandine, Lyonelk, [&hellip;]<\/p>\n","protected":false},"author":1,"featured_media":14572,"comment_status":"open","ping_status":"open","sticky":false,"template":"","format":"standard","meta":{"_import_markdown_pro_load_document_selector":0,"_import_markdown_pro_submit_text_textarea":"","_genesis_hide_title":false,"_genesis_hide_breadcrumbs":false,"_genesis_hide_singular_image":false,"_genesis_hide_footer_widgets":false,"_genesis_custom_body_class":"","_genesis_custom_post_class":"","_genesis_layout":"","jetpack_post_was_ever_published":false,"_jetpack_newsletter_access":"","_jetpack_dont_email_post_to_subs":false,"_jetpack_newsletter_tier_id":0,"_jetpack_memberships_contains_paywalled_content":false,"_jetpack_memberships_contains_paid_content":false,"activitypub_content_warning":"","activitypub_content_visibility":"","activitypub_max_image_attachments":3,"activitypub_interaction_policy_quote":"anyone","activitypub_status":"","footnotes":"","jetpack_publicize_message":"","jetpack_publicize_feature_enabled":true,"jetpack_social_post_already_shared":true,"jetpack_social_options":{"image_generator_settings":{"template":"fullscreen","default_image_id":0,"font":"","enabled":false},"version":2}},"categories":[4],"tags":[],"class_list":{"0":"post-12219","1":"post","2":"type-post","3":"status-publish","4":"format-standard","5":"has-post-thumbnail","7":"category-photo-du-mois","8":"entry"},"jetpack_publicize_connections":[],"featured_image_src":"https:\/\/i0.wp.com\/lyonelkaufmann.ch\/Blog\/wp-content\/uploads\/2015\/02\/vie_rose1.jpg?resize=600%2C400&ssl=1","featured_image_src_square":"https:\/\/i0.wp.com\/lyonelkaufmann.ch\/Blog\/wp-content\/uploads\/2015\/02\/vie_rose1.jpg?resize=600%2C600&ssl=1","author_info":{"display_name":"Lyonel Kaufmann","author_link":"https:\/\/lyonelkaufmann.ch\/Blog\/author\/lyonelk\/"},"jetpack_featured_media_url":"https:\/\/i0.wp.com\/lyonelkaufmann.ch\/Blog\/wp-content\/uploads\/2015\/02\/vie_rose1.jpg?fit=1024%2C767&ssl=1","jetpack_sharing_enabled":true,"jetpack_shortlink":"https:\/\/wp.me\/p1qtF4-3b5","jetpack-related-posts":[{"id":15191,"url":"https:\/\/lyonelkaufmann.ch\/Blog\/2015\/09\/15\/15191\/","url_meta":{"origin":12219,"position":0},"title":"Passion(s) |\u00a0Photo du mois","author":"Lyonel Kaufmann","date":"15 septembre 2015","format":false,"excerpt":"Le th\u00e8me de la photo du mois\u00a0Passion(s) a \u00e9t\u00e9\u00a0choisi par\u00a0DelphineF\u00a0(http:\/\/mapassionbento.blogspot.fr\/) : Note de l'auteur-e: Je suis ravie pour mes 3 ans de participation de vous proposer une citation de Saint Augustin : \"Celui qui se perd dans sa passion perd moins que celui qui perd sa passion.\" Je vous propose\u2026","rel":"","context":"Dans &quot;Photo du mois&quot;","block_context":{"text":"Photo du mois","link":"https:\/\/lyonelkaufmann.ch\/Blog\/category\/photo-du-mois\/"},"img":{"alt_text":"","src":"https:\/\/i0.wp.com\/lyonelkaufmann.ch\/Blog\/wp-content\/uploads\/2015\/09\/IMG_1742.jpg?fit=600%2C600&ssl=1&resize=350%2C200","width":350,"height":200,"srcset":"https:\/\/i0.wp.com\/lyonelkaufmann.ch\/Blog\/wp-content\/uploads\/2015\/09\/IMG_1742.jpg?fit=600%2C600&ssl=1&resize=350%2C200 1x, https:\/\/i0.wp.com\/lyonelkaufmann.ch\/Blog\/wp-content\/uploads\/2015\/09\/IMG_1742.jpg?fit=600%2C600&ssl=1&resize=525%2C300 1.5x"},"classes":[]},{"id":14970,"url":"https:\/\/lyonelkaufmann.ch\/Blog\/2015\/06\/15\/orange-la-photo-du-mois\/","url_meta":{"origin":12219,"position":1},"title":"Orange |\u00a0La photo du mois","author":"Lyonel Kaufmann","date":"15 juin 2015","format":false,"excerpt":"Le th\u00e8me du mois Orange a \u00e9t\u00e9\u00a0choisi par Xoliv'\u00a0(http:\/\/xoliv.blogspot.fr) : ORANGE, la couleur du bonheur (dixit le mus\u00e9e Beaubourg) alors mettez de l'orange, un ou plusieurs \u00e9l\u00e9ments vous \u00eates libre dans votre photo. Vous avez droit \u00e0 tout ce que vous voulez et \u00e0 toutes les nuances d'orange sauf les\u2026","rel":"","context":"Dans &quot;Photo du mois&quot;","block_context":{"text":"Photo du mois","link":"https:\/\/lyonelkaufmann.ch\/Blog\/category\/photo-du-mois\/"},"img":{"alt_text":"","src":"https:\/\/i0.wp.com\/lyonelkaufmann.ch\/Blog\/wp-content\/uploads\/2015\/06\/DSCF8315-L.jpg?fit=800%2C600&ssl=1&resize=350%2C200","width":350,"height":200,"srcset":"https:\/\/i0.wp.com\/lyonelkaufmann.ch\/Blog\/wp-content\/uploads\/2015\/06\/DSCF8315-L.jpg?fit=800%2C600&ssl=1&resize=350%2C200 1x, https:\/\/i0.wp.com\/lyonelkaufmann.ch\/Blog\/wp-content\/uploads\/2015\/06\/DSCF8315-L.jpg?fit=800%2C600&ssl=1&resize=525%2C300 1.5x, https:\/\/i0.wp.com\/lyonelkaufmann.ch\/Blog\/wp-content\/uploads\/2015\/06\/DSCF8315-L.jpg?fit=800%2C600&ssl=1&resize=700%2C400 2x"},"classes":[]},{"id":15375,"url":"https:\/\/lyonelkaufmann.ch\/Blog\/2015\/11\/15\/in-memoriam-photo-du-mois\/","url_meta":{"origin":12219,"position":2},"title":"In Memoriam |\u00a0Photo du mois","author":"Lyonel Kaufmann","date":"15 novembre 2015","format":"image","excerpt":"Ce mois, le th\u00e8me est\u00a0M\u00e9moire. Il a \u00e9t\u00e9\u00a0choisi par Elpadawan (https:\/\/elpadawan.wordpress.com\/) Pas de note ni d'explication. Je vous laisse la libert\u00e9 d'interpr\u00e9ter le th\u00e8me comme bon vous semble. En dire plus serait d\u00e9j\u00e0 vous orienter... Mon interpr\u00e9tation du th\u00e8me : La photo a \u00e9t\u00e9 prise le vendredi 13 novembre \u00e0\u2026","rel":"","context":"Dans &quot;Photo du mois&quot;","block_context":{"text":"Photo du mois","link":"https:\/\/lyonelkaufmann.ch\/Blog\/category\/photo-du-mois\/"},"img":{"alt_text":"","src":"https:\/\/i0.wp.com\/lyonelkaufmann.ch\/Blog\/wp-content\/uploads\/2015\/11\/PB130049.jpg?fit=1200%2C800&ssl=1&resize=350%2C200","width":350,"height":200,"srcset":"https:\/\/i0.wp.com\/lyonelkaufmann.ch\/Blog\/wp-content\/uploads\/2015\/11\/PB130049.jpg?fit=1200%2C800&ssl=1&resize=350%2C200 1x, https:\/\/i0.wp.com\/lyonelkaufmann.ch\/Blog\/wp-content\/uploads\/2015\/11\/PB130049.jpg?fit=1200%2C800&ssl=1&resize=525%2C300 1.5x, https:\/\/i0.wp.com\/lyonelkaufmann.ch\/Blog\/wp-content\/uploads\/2015\/11\/PB130049.jpg?fit=1200%2C800&ssl=1&resize=700%2C400 2x, https:\/\/i0.wp.com\/lyonelkaufmann.ch\/Blog\/wp-content\/uploads\/2015\/11\/PB130049.jpg?fit=1200%2C800&ssl=1&resize=1050%2C600 3x"},"classes":[]},{"id":15215,"url":"https:\/\/lyonelkaufmann.ch\/Blog\/2015\/10\/15\/nuages-photo-du-mois\/","url_meta":{"origin":12219,"position":3},"title":"Nuage(s) |\u00a0Photo du mois","author":"Lyonel Kaufmann","date":"15 octobre 2015","format":false,"excerpt":"Le th\u00e8me du mois a \u00e9t\u00e9 choisi par\u00a0Dame Skarlette (http:\/\/www.dameskarlette.com\/): \"NUAGE : Que vous ayez la t\u00eate dans les nuages, que vous soyez sur un petit nuage, que vous rajoutiez un nuage de lait ou tout simplement que vous aimiez regarder les nuages et imaginer des formes avec ceux-ci, \u00e0\u2026","rel":"","context":"Dans &quot;Photo du mois&quot;","block_context":{"text":"Photo du mois","link":"https:\/\/lyonelkaufmann.ch\/Blog\/category\/photo-du-mois\/"},"img":{"alt_text":"","src":"https:\/\/i0.wp.com\/lyonelkaufmann.ch\/Blog\/wp-content\/uploads\/2015\/10\/Nuage_Murano_Venise-1-680x10241.jpg?fit=680%2C1024&ssl=1&resize=350%2C200","width":350,"height":200,"srcset":"https:\/\/i0.wp.com\/lyonelkaufmann.ch\/Blog\/wp-content\/uploads\/2015\/10\/Nuage_Murano_Venise-1-680x10241.jpg?fit=680%2C1024&ssl=1&resize=350%2C200 1x, https:\/\/i0.wp.com\/lyonelkaufmann.ch\/Blog\/wp-content\/uploads\/2015\/10\/Nuage_Murano_Venise-1-680x10241.jpg?fit=680%2C1024&ssl=1&resize=525%2C300 1.5x"},"classes":[]},{"id":12456,"url":"https:\/\/lyonelkaufmann.ch\/Blog\/2015\/03\/15\/mais-keskece-photo-du-mois\/","url_meta":{"origin":12219,"position":4},"title":"\u00ab Mais\u2026 kesk\u00e9c\u00e9 ? \u00bb | Photo du mois","author":"Lyonel Kaufmann","date":"15 mars 2015","format":false,"excerpt":"Le th\u00e8me du mois, \u00ab Mais\u2026 kesk\u00e9c\u00e9 ? \u00bb, a \u00e9t\u00e9 choisi par Eric Milesi (http:\/\/akai-inthesky.blogspot.com). Sa pr\u00e9sentation du th\u00e8me : Oui alors, si je comprends bien, c\u2019est \u00e0 moi de choisir le th\u00e8me de la photo du mois de Mars ? Je vous pr\u00e9viens \u00e7a va \u00eatre tordu! Alors\u2026","rel":"","context":"Dans &quot;Photo du mois&quot;","block_context":{"text":"Photo du mois","link":"https:\/\/lyonelkaufmann.ch\/Blog\/category\/photo-du-mois\/"},"img":{"alt_text":"","src":"https:\/\/i0.wp.com\/lyonelkaufmann.ch\/Blog\/wp-content\/uploads\/2015\/03\/IMGP0881.jpg?fit=796%2C1200&ssl=1&resize=350%2C200","width":350,"height":200,"srcset":"https:\/\/i0.wp.com\/lyonelkaufmann.ch\/Blog\/wp-content\/uploads\/2015\/03\/IMGP0881.jpg?fit=796%2C1200&ssl=1&resize=350%2C200 1x, https:\/\/i0.wp.com\/lyonelkaufmann.ch\/Blog\/wp-content\/uploads\/2015\/03\/IMGP0881.jpg?fit=796%2C1200&ssl=1&resize=525%2C300 1.5x, https:\/\/i0.wp.com\/lyonelkaufmann.ch\/Blog\/wp-content\/uploads\/2015\/03\/IMGP0881.jpg?fit=796%2C1200&ssl=1&resize=700%2C400 2x"},"classes":[]},{"id":14888,"url":"https:\/\/lyonelkaufmann.ch\/Blog\/2015\/05\/15\/le-flou-et-la-vie-photo-du-mois\/","url_meta":{"origin":12219,"position":5},"title":"Le flou et la vie | Photo du mois","author":"Lyonel Kaufmann","date":"15 mai 2015","format":false,"excerpt":"Le th\u00e8me du mois est un peu particulier ce mois-ci, car c\u2019\u00e9tait mon tour. J\u2019ai donc choisi le th\u00e8me suivant \u00abLe Flou et la Vie\u00bb. Avec la petite explication suivante (qui a plong\u00e9 certains participants dans une certaine perplexit\u00e9\u2026) : D\u00e8s son invention, la photographie est associ\u00e9e \u00e0 la nettet\u00e9\u2026","rel":"","context":"Dans &quot;Photo du mois&quot;","block_context":{"text":"Photo du mois","link":"https:\/\/lyonelkaufmann.ch\/Blog\/category\/photo-du-mois\/"},"img":{"alt_text":"","src":"https:\/\/i0.wp.com\/lyonelkaufmann.ch\/Blog\/wp-content\/uploads\/2015\/05\/IMGP0381.jpg?fit=1024%2C681&ssl=1&resize=350%2C200","width":350,"height":200,"srcset":"https:\/\/i0.wp.com\/lyonelkaufmann.ch\/Blog\/wp-content\/uploads\/2015\/05\/IMGP0381.jpg?fit=1024%2C681&ssl=1&resize=350%2C200 1x, https:\/\/i0.wp.com\/lyonelkaufmann.ch\/Blog\/wp-content\/uploads\/2015\/05\/IMGP0381.jpg?fit=1024%2C681&ssl=1&resize=525%2C300 1.5x, https:\/\/i0.wp.com\/lyonelkaufmann.ch\/Blog\/wp-content\/uploads\/2015\/05\/IMGP0381.jpg?fit=1024%2C681&ssl=1&resize=700%2C400 2x"},"classes":[]}],"jetpack_likes_enabled":true,"_links":{"self":[{"href":"https:\/\/lyonelkaufmann.ch\/Blog\/wp-json\/wp\/v2\/posts\/12219","targetHints":{"allow":["GET"]}}],"collection":[{"href":"https:\/\/lyonelkaufmann.ch\/Blog\/wp-json\/wp\/v2\/posts"}],"about":[{"href":"https:\/\/lyonelkaufmann.ch\/Blog\/wp-json\/wp\/v2\/types\/post"}],"author":[{"embeddable":true,"href":"https:\/\/lyonelkaufmann.ch\/Blog\/wp-json\/wp\/v2\/users\/1"}],"replies":[{"embeddable":true,"href":"https:\/\/lyonelkaufmann.ch\/Blog\/wp-json\/wp\/v2\/comments?post=12219"}],"version-history":[{"count":0,"href":"https:\/\/lyonelkaufmann.ch\/Blog\/wp-json\/wp\/v2\/posts\/12219\/revisions"}],"wp:featuredmedia":[{"embeddable":true,"href":"https:\/\/lyonelkaufmann.ch\/Blog\/wp-json\/wp\/v2\/media\/14572"}],"wp:attachment":[{"href":"https:\/\/lyonelkaufmann.ch\/Blog\/wp-json\/wp\/v2\/media?parent=12219"}],"wp:term":[{"taxonomy":"category","embeddable":true,"href":"https:\/\/lyonelkaufmann.ch\/Blog\/wp-json\/wp\/v2\/categories?post=12219"},{"taxonomy":"post_tag","embeddable":true,"href":"https:\/\/lyonelkaufmann.ch\/Blog\/wp-json\/wp\/v2\/tags?post=12219"}],"curies":[{"name":"wp","href":"https:\/\/api.w.org\/{rel}","templated":true}]}}