{"id":12225,"date":"2014-12-15T12:00:55","date_gmt":"2014-12-15T11:00:55","guid":{"rendered":"https:\/\/lyonelkaufmann.ch\/Blog\/?p=12225"},"modified":"2024-01-02T17:14:07","modified_gmt":"2024-01-02T16:14:07","slug":"decor-de-film-photo-du-mois","status":"publish","type":"post","link":"https:\/\/lyonelkaufmann.ch\/Blog\/2014\/12\/15\/decor-de-film-photo-du-mois\/","title":{"rendered":"D\u00e9cor de film |\u00a0Photo du mois"},"content":{"rendered":"<p>Le th\u00e8me du mois <strong>D\u00e9cor de Film<\/strong> a \u00e9t\u00e9 choisi par Alexinparis <a href=\"http:\/\/www.unitedstatesofparis.com\" target=\"_blank\" rel=\"noopener\">http:\/\/www.unitedstatesofparis.com<\/a>.<br \/>\nNote d&rsquo;Alexinparis: <em>\u00ab\u00a0parce qu&rsquo;il arrive qu&rsquo;une rue, un immeuble, un paysage, un int\u00e9rieur soit suffisamment cin\u00e9g\u00e9nique au point de les imaginer comme d\u00e9cors possibles d&rsquo;un film (pass\u00e9 ou \u00e0 venir).\u00a0\u00bb<\/em><br \/>\n<a title=\"\" href=\"http:\/\/www.flickr.com\/photos\/lyonelkaufmann\/15640070609\" target=\"_blank\" rel=\"noopener\"><img data-recalc-dims=\"1\" loading=\"lazy\" decoding=\"async\" class=\"aligncenter\" src=\"https:\/\/i0.wp.com\/farm8.staticflickr.com\/7530\/15640070609_a11705a7d5_b.jpg?resize=551%2C802&#038;ssl=1\" alt=\"\" width=\"551\" height=\"802\" \/><\/a><\/p>\n<p>Ce 11 novembre 2014, c&rsquo;\u00e9tait l&rsquo;heure de l&rsquo;exercice Tornado. Avec des\u00a0fumig\u00e8nes et des figurants pris \u00abpar les flammes\u00bb, Lausanne \u00e9tait \u00e0 l&rsquo;heure d&rsquo;un film catastrophe. Enfin presque\u2026<\/p>\n<p>Le th\u00e8me trait\u00e9 par les autres participants :<br \/>\n<a href=\"http:\/\/vraiefiction.blogspot.com\" target=\"_blank\" rel=\"noopener\">Guillaume<\/a>, <a href=\"http:\/\/tuxana.blogspot.ca\/\" target=\"_blank\" rel=\"noopener\">Tuxana<\/a>, <a href=\"http:\/\/anteketborka.blogspot.com\" target=\"_blank\" rel=\"noopener\">magda627<\/a>, <a href=\"http:\/\/madame-ananas.fr\/\" target=\"_blank\" rel=\"noopener\">Crearine<\/a>, <a href=\"http:\/\/zoursland.com\" target=\"_blank\" rel=\"noopener\">Fr\u00e9d\u00e9ric<\/a>, <a href=\"http:\/\/anne-tranche-de-vie.over-blog.com\/categorie-11390539.html\" target=\"_blank\" rel=\"noopener\">Anne<\/a>, <a href=\"http:\/\/josydhoest.wordpress.com\/\" target=\"_blank\" rel=\"noopener\">Josette<\/a>, <a href=\"http:\/\/sublime-essence.over-blog.com\" target=\"_blank\" rel=\"noopener\">Bestofava<\/a>, <a href=\"http:\/\/blablabazar.over-blog.com\/\" target=\"_blank\" rel=\"noopener\">Sandrine<\/a>, <a href=\"http:\/\/www.destination-montreal.net\" target=\"_blank\" rel=\"noopener\">Destination Montr\u00e9al<\/a>, <a href=\"http:\/\/lafeedulogis43.over-blog.fr\" target=\"_blank\" rel=\"noopener\">Giselle 43<\/a>, <a href=\"http:\/\/calamonique.com\/\" target=\"_blank\" rel=\"noopener\">Calamonique<\/a>, <a href=\"http:\/\/monbeaumanoir.wordpress.com\/\" target=\"_blank\" rel=\"noopener\">Ava<\/a>, <a href=\"http:\/\/toxiq.canalblog.com\" target=\"_blank\" rel=\"noopener\">BiGBuGS<\/a>, <a href=\"http:\/\/www.laparentheseenchantee.fr\/\" target=\"_blank\" rel=\"noopener\">Isa ToutSimplement<\/a>, <a href=\"http:\/\/www.birdsandbicycles.fr\" target=\"_blank\" rel=\"noopener\">Kantu<\/a>, <a href=\"http:\/\/blogoth67.wordpress.com\" target=\"_blank\" rel=\"noopener\">Blogoth67<\/a>, <a href=\"http:\/\/rythme-indigo.blogspot.com\" target=\"_blank\" rel=\"noopener\">Rythme Indigo<\/a>, <a href=\"http:\/\/mimireliton.blogspot.fr\" target=\"_blank\" rel=\"noopener\">Mimireliton<\/a>, <a href=\"http:\/\/mauricemonamour.blogspot.fr\/\" target=\"_blank\" rel=\"noopener\">MauriceMonAmour<\/a>, <a href=\"http:\/\/www.lesfillesduweb.com\" target=\"_blank\" rel=\"noopener\">Les Filles du Web<\/a>, <a href=\"http:\/\/lesphotosdelaurie.blogspot.fr\/\" target=\"_blank\" rel=\"noopener\">Laurie<\/a>, <a href=\"http:\/\/cestpasmoijeljure.com\/\" target=\"_blank\" rel=\"noopener\">Dr. CaSo<\/a>, <a href=\"http:\/\/macatou.wordpress.com\/\" target=\"_blank\" rel=\"noopener\">Thalie<\/a>, <a href=\"http:\/\/www.mon-ecrin-de-passions.com\/\" target=\"_blank\" rel=\"noopener\">Lavandine83<\/a>, <a href=\"http:\/\/yoppappop.blogspot.fr\" target=\"_blank\" rel=\"noopener\">Yoppappop<\/a>, <a href=\"http:\/\/woocares.wordpress.com\/\" target=\"_blank\" rel=\"noopener\">Woocares<\/a>, <a href=\"http:\/\/derriere-mes-yeux.blogspot.fr\/\" target=\"_blank\" rel=\"noopener\">Aude<\/a>, <a href=\"http:\/\/cukithca.wordpress.com\/\" target=\"_blank\" rel=\"noopener\">Cocazzz<\/a>, <a href=\"http:\/\/toulonbyjulia.com\/blogtoulon\/\" target=\"_blank\" rel=\"noopener\">Julia<\/a>, <a href=\"http:\/\/www.unitedstatesofparis.com\" target=\"_blank\" rel=\"noopener\">Alexinparis<\/a>, <a href=\"http:\/\/cocovin.net\/\" target=\"_blank\" rel=\"noopener\">Alban<\/a>, <a href=\"http:\/\/sebdanzephotographe.wordpress.com\/category\/photo-du-mois\/\" target=\"_blank\" rel=\"noopener\">Wolverine<\/a>, <a href=\"http:\/\/www.tofashionandbeyond.fr\" target=\"_blank\" rel=\"noopener\">Tofashionandbeyond<\/a>, <a href=\"http:\/\/www.salondetheberlinois.com\/\" target=\"_blank\" rel=\"noopener\">Salon de Th\u00e9<\/a>, <a href=\"http:\/\/clicpassion.canalblog.com\" target=\"_blank\" rel=\"noopener\">Nicky<\/a>, <a href=\"http:\/\/zazaetsesfantaisies.blogspot.fr\/\" target=\"_blank\" rel=\"noopener\">Zaza<\/a>, <a href=\"http:\/\/www.legaletas.net\/blog\/index.php\" target=\"_blank\" rel=\"noopener\">Gilsoub<\/a>, <a href=\"http:\/\/luckasetmoi.blogspot.fr\/\" target=\"_blank\" rel=\"noopener\">Luckasetmoi<\/a>, <a href=\"http:\/\/histoiresdeux.blogspot.com\" target=\"_blank\" rel=\"noopener\">E<\/a>, <a href=\"http:\/\/woad.fr\/category\/photo-du-mois\/\" target=\"_blank\" rel=\"noopener\">Amy<\/a>, <a href=\"http:\/\/leblogdekat.com\" target=\"_blank\" rel=\"noopener\">A&rsquo;icha<\/a>, <a href=\"http:\/\/occident-express.hautetfort.com\" target=\"_blank\" rel=\"noopener\">Eurydice<\/a>, <a href=\"http:\/\/www.fromside2side.com\/category\/photo-du-mois\" target=\"_blank\" rel=\"noopener\">Isa de fromSide2Side<\/a>, <a href=\"http:\/\/www.voyagerenphotos.com\" target=\"_blank\" rel=\"noopener\">Voyager en photo<\/a>, <a href=\"http:\/\/laudesmontagnes.wordpress.com\/\" target=\"_blank\" rel=\"noopener\">Lau* des montagnes<\/a>, <a href=\"http:\/\/akai-inthesky.blogspot.com\" target=\"_blank\" rel=\"noopener\">Akaieric<\/a>, <a href=\"http:\/\/unephotodesquejepeux.wordpress.com\/\" target=\"_blank\" rel=\"noopener\">Maria Graphia<\/a>, <a href=\"http:\/\/www.cricriyomfromparis.com\/search\/label\/La%20photo%20du%20mois\" target=\"_blank\" rel=\"noopener\">Cricriyom from Paris<\/a>, <a href=\"http:\/\/suissexpress.wordpress.com\/\" target=\"_blank\" rel=\"noopener\">Christophe<\/a>, <a href=\"http:\/\/c-est-reparti.blogspot.com\/\" target=\"_blank\" rel=\"noopener\">Cara<\/a>, <a href=\"http:\/\/elpadawan.wordpress.com\" target=\"_blank\" rel=\"noopener\">El Padawan<\/a>, <a href=\"http:\/\/philae.over-blog.com\" target=\"_blank\" rel=\"noopener\">Philae<\/a>, <a href=\"http:\/\/www.kkhuete-en-bretannie.fr\/\" target=\"_blank\" rel=\"noopener\">KK-hu\u00e8te En Bretannie<\/a>, <a href=\"http:\/\/photos.byenzo.fr\/\" target=\"_blank\" rel=\"noopener\">C\u00e9cile Atch&rsquo;oum<\/a>, <a href=\"http:\/\/voyageaugredesvents.blogspot.be\" target=\"_blank\" rel=\"noopener\">Sylvie<\/a>, <a href=\"http:\/\/1jalf.blogspot.ca\/\" target=\"_blank\" rel=\"noopener\">Nanouk<\/a>, <a href=\"http:\/\/blog.lesprincessesdemarie.com\/\" target=\"_blank\" rel=\"noopener\">princesse Emalia<\/a>, <a href=\"http:\/\/www.lafilledelair.com\/blog\/la-photo-du-mois\/\" target=\"_blank\" rel=\"noopener\">La Fille de l&rsquo;Air<\/a>, <a href=\"http:\/\/utopique-lily.blogspot.com\" target=\"_blank\" rel=\"noopener\">Utopique-Lily<\/a>, <a href=\"http:\/\/frenchiesinparis.over-blog.com\" target=\"_blank\" rel=\"noopener\">C\u00e9line in Paris<\/a>, <a href=\"http:\/\/www.chiffonsandco.fr\" target=\"_blank\" rel=\"noopener\">Arwen<\/a>, <a href=\"http:\/\/www.malaxi.net\" target=\"_blank\" rel=\"noopener\">Laurent Nicolas<\/a>, <a href=\"http:\/\/chezmamysoren.over-blog.com\" target=\"_blank\" rel=\"noopener\">Mamysoren<\/a>, <a href=\"http:\/\/www.mylittleroad.com\/\" target=\"_blank\" rel=\"noopener\">MyLittleRoad<\/a>, <a href=\"http:\/\/mytravelswithlove.blogspot.fr\/\" target=\"_blank\" rel=\"noopener\">Autour de Cia<\/a>, <a href=\"http:\/\/www.lesbonheurs.fr\/\" target=\"_blank\" rel=\"noopener\">Les bonheurs d&rsquo;Anne &amp; Alex<\/a>, <a href=\"http:\/\/lorgnettedunjour.canalblog.com\/\" target=\"_blank\" rel=\"noopener\">Lavandine<\/a>, <a href=\"http:\/\/brindille33.wordpress.com\/\" target=\"_blank\" rel=\"noopener\">Brindille<\/a>, <a href=\"http:\/\/lirerelire.blogspot.fr\" target=\"_blank\" rel=\"noopener\">Estelle<\/a>, <a href=\"http:\/\/www.lanantaiseaparis.com\/search\/label\/...%20La%20Photo%20du%20Mois\" target=\"_blank\" rel=\"noopener\">La Nantaise \u00e0 Paris<\/a>, <a href=\"http:\/\/renepaulhenry.blogspot.com\" target=\"_blank\" rel=\"noopener\">Renepaulhenry<\/a>, <a href=\"http:\/\/tambour-major.blogspot.ca\/search\/label\/La%20photo%20du%20mois\" target=\"_blank\" rel=\"noopener\">Tambour Major<\/a>, <a href=\"http:\/\/www.lagaleriemilla.fr\/\" target=\"_blank\" rel=\"noopener\">Milla la galerie<\/a>, <a href=\"http:\/\/yvettelachouette.com\/\" target=\"_blank\" rel=\"noopener\">Yvette la Chouette<\/a>, <a href=\"http:\/\/www.dameskarlette.com\/\" target=\"_blank\" rel=\"noopener\">Dame Skarlette<\/a>, <a href=\"http:\/\/luniversdetataflo.eklablog.fr\/\" target=\"_blank\" rel=\"noopener\">Tataflo<\/a>, <a href=\"https:\/\/lyonelkaufmann.ch\/Blog\/category\/blogcafe\/photo-du-mois\/\" target=\"_blank\" rel=\"noopener\">Lyonelk<\/a>, <a href=\"http:\/\/mapassionbento.blogspot.fr\/\" target=\"_blank\" rel=\"noopener\">DelphineF<\/a>, <a href=\"http:\/\/pilisi.over-blog.com\/tag\/Photo%20du%20mois\/\" target=\"_blank\" rel=\"noopener\">Pilisi<\/a>, <a href=\"http:\/\/krn-defouloir.blogspot.com\" target=\"_blank\" rel=\"noopener\">Krn<\/a>, <a href=\"http:\/\/mysweetescape.fr\/\" target=\"_blank\" rel=\"noopener\">Chlo\u00e9<\/a>, <a href=\"http:\/\/isaquarel.canalblog.com\/archives\/la_photo_du_mois\/index.html\" target=\"_blank\" rel=\"noopener\">Isaquarel<\/a>, <a href=\"http:\/\/www.my-little-reflex.com\/blog\/la-photo-du-mois\/\" target=\"_blank\" rel=\"noopener\">Marion<\/a>, <a href=\"http:\/\/www.inmybubble.org\" target=\"_blank\" rel=\"noopener\">Vanilla<\/a>, <a href=\"http:\/\/inside-expat.com\" target=\"_blank\" rel=\"noopener\">Eva INside-EXpat<\/a>, <a href=\"http:\/\/le-tour-du-monde-de-la-marmotte.over-blog.com\/\" target=\"_blank\" rel=\"noopener\">Marmotte<\/a>, <a href=\"http:\/\/cyberdilou.canalblog.com\" target=\"_blank\" rel=\"noopener\">Gizeh<\/a>, <a href=\"http:\/\/www.colourslife.fr\/\" target=\"_blank\" rel=\"noopener\">Mahlyn<\/a>, <a href=\"http:\/\/www.jenaique2pieds.blogspot.com\" target=\"_blank\" rel=\"noopener\">Loulou<\/a>, <a href=\"http:\/\/www.pixeline.fr\/tag\/photo-du-mois\/\" target=\"_blank\" rel=\"noopener\">Pixeline<\/a>, <a href=\"http:\/\/2mainsetkelkesriens.blogspot.ca\" target=\"_blank\" rel=\"noopener\">Agn\u00e8s<\/a>, <a href=\"http:\/\/vudubalcon.blogspot.fr\" target=\"_blank\" rel=\"noopener\">Fran\u00e7ois le Ni\u00e7ois<\/a>, <a href=\"http:\/\/lestetesafranchouilles.blogspot.fr\/\" target=\"_blank\" rel=\"noopener\">La Dum<\/a>, <a href=\"http:\/\/www.memoriesfromanywhere.fr\/\" target=\"_blank\" rel=\"noopener\">Memories from anywhere<\/a>, <a href=\"http:\/\/morganebyloosphoto.wordpress.com\" target=\"_blank\" rel=\"noopener\">Morgane Byloos Photography<\/a>, <a href=\"http:\/\/champagnefraise.wordpress.com\" target=\"_blank\" rel=\"noopener\">Champagne<\/a>, <a href=\"http:\/\/lesavisdagrippine.com\/\" target=\"_blank\" rel=\"noopener\">Agrippine<\/a>, <a href=\"http:\/\/xoliv.blogspot.fr\" target=\"_blank\" rel=\"noopener\">Xoliv&rsquo;<\/a>, <a href=\"http:\/\/www.testinaute.com\/\" target=\"_blank\" rel=\"noopener\">Testinaute<\/a>, <a href=\"http:\/\/reverieschatbleu.canalblog.com\/\" target=\"_blank\" rel=\"noopener\">Chat bleu<\/a>, <a href=\"http:\/\/www.laulinea.com\/\" target=\"_blank\" rel=\"noopener\">Laulinea<\/a>, <a href=\"http:\/\/homeos-tasie.blogspot.fr\/\" target=\"_blank\" rel=\"noopener\">Homeos-tasie<\/a>, <a href=\"http:\/\/tribulationsdemarie.com\" target=\"_blank\" rel=\"noopener\">Marie<\/a>, <a href=\"http:\/\/cupsofenglishtea.com\/\" targe\nt=\"_blank\">Kenza<\/a>, <a href=\"http:\/\/blueedel.wordpress.com\/\" target=\"_blank\" rel=\"noopener\">Blue Edel<\/a>, <a href=\"http:\/\/fanfanraccoons.blogspot.com\" target=\"_blank\" rel=\"noopener\">Fanfan Raccoon<\/a>, <a href=\"http:\/\/bonsbaisersdaustralie.wordpress.com\/category\/la-photo-du-mois\/\" target=\"_blank\" rel=\"noopener\">MissCarole<\/a>.<\/p>\n","protected":false},"excerpt":{"rendered":"<p>Le th\u00e8me du mois D\u00e9cor de Film a \u00e9t\u00e9 choisi par Alexinparis http:\/\/www.unitedstatesofparis.com. Note d&rsquo;Alexinparis: \u00ab\u00a0parce qu&rsquo;il arrive qu&rsquo;une rue, un immeuble, un paysage, un int\u00e9rieur soit suffisamment cin\u00e9g\u00e9nique au point de les imaginer comme d\u00e9cors possibles d&rsquo;un film (pass\u00e9 ou \u00e0 venir).\u00a0\u00bb Ce 11 novembre 2014, c&rsquo;\u00e9tait l&rsquo;heure de l&rsquo;exercice Tornado. Avec des\u00a0fumig\u00e8nes et [&hellip;]<\/p>\n","protected":false},"author":1,"featured_media":14536,"comment_status":"open","ping_status":"open","sticky":false,"template":"","format":"standard","meta":{"_import_markdown_pro_load_document_selector":0,"_import_markdown_pro_submit_text_textarea":"","_genesis_hide_title":false,"_genesis_hide_breadcrumbs":false,"_genesis_hide_singular_image":false,"_genesis_hide_footer_widgets":false,"_genesis_custom_body_class":"","_genesis_custom_post_class":"","_genesis_layout":"","jetpack_post_was_ever_published":false,"_jetpack_newsletter_access":"","_jetpack_dont_email_post_to_subs":false,"_jetpack_newsletter_tier_id":0,"_jetpack_memberships_contains_paywalled_content":false,"_jetpack_memberships_contains_paid_content":false,"activitypub_content_warning":"","activitypub_content_visibility":"","activitypub_max_image_attachments":3,"activitypub_interaction_policy_quote":"anyone","activitypub_status":"","footnotes":"","jetpack_publicize_message":"","jetpack_publicize_feature_enabled":true,"jetpack_social_post_already_shared":true,"jetpack_social_options":{"image_generator_settings":{"template":"fullscreen","default_image_id":0,"font":"","enabled":false},"version":2}},"categories":[4],"tags":[],"class_list":{"0":"post-12225","1":"post","2":"type-post","3":"status-publish","4":"format-standard","5":"has-post-thumbnail","7":"category-photo-du-mois","8":"entry"},"jetpack_publicize_connections":[],"featured_image_src":"https:\/\/i0.wp.com\/lyonelkaufmann.ch\/Blog\/wp-content\/uploads\/2015\/03\/15640070609_a11705a7d5_b.jpg?resize=600%2C400&ssl=1","featured_image_src_square":"https:\/\/i0.wp.com\/lyonelkaufmann.ch\/Blog\/wp-content\/uploads\/2015\/03\/15640070609_a11705a7d5_b.jpg?resize=600%2C600&ssl=1","author_info":{"display_name":"Lyonel Kaufmann","author_link":"https:\/\/lyonelkaufmann.ch\/Blog\/author\/lyonelk\/"},"jetpack_featured_media_url":"https:\/\/i0.wp.com\/lyonelkaufmann.ch\/Blog\/wp-content\/uploads\/2015\/03\/15640070609_a11705a7d5_b.jpg?fit=768%2C1024&ssl=1","jetpack_sharing_enabled":true,"jetpack_shortlink":"https:\/\/wp.me\/p1qtF4-3bb","jetpack-related-posts":[{"id":18985,"url":"https:\/\/lyonelkaufmann.ch\/Blog\/2018\/01\/15\/festivites-apres-photo-du-mois\/","url_meta":{"origin":12225,"position":0},"title":"Festivit\u00e9s\u2026 (Apr\u00e8s) |\u00a0Photo du mois","author":"Lyonel Kaufmann","date":"15 janvier 2018","format":false,"excerpt":"Le th\u00e8me de ce mois, Festivit\u00e9s a \u00e9t\u00e9 choisi par Sous mon arbre (http:\/\/irissousmonarbre.blogspot.ch\/) dans la joie et l'all\u00e9gresse , \u00e9v\u00e9nements publics , ou familial , les r\u00e9jouissances en tout genre ne manquent pas dans une ann\u00e9e Allez hop : soyons fou Mon interpr\u00e9tation du th\u00e8me : Interpr\u00e9tation, je l'avoue,\u2026","rel":"","context":"Dans &quot;Photo du mois&quot;","block_context":{"text":"Photo du mois","link":"https:\/\/lyonelkaufmann.ch\/Blog\/category\/photo-du-mois\/"},"img":{"alt_text":"","src":"https:\/\/i0.wp.com\/lyonelkaufmann.ch\/Blog\/wp-content\/uploads\/2018\/01\/imgp5459.jpg?fit=1200%2C797&ssl=1&resize=350%2C200","width":350,"height":200,"srcset":"https:\/\/i0.wp.com\/lyonelkaufmann.ch\/Blog\/wp-content\/uploads\/2018\/01\/imgp5459.jpg?fit=1200%2C797&ssl=1&resize=350%2C200 1x, https:\/\/i0.wp.com\/lyonelkaufmann.ch\/Blog\/wp-content\/uploads\/2018\/01\/imgp5459.jpg?fit=1200%2C797&ssl=1&resize=525%2C300 1.5x, https:\/\/i0.wp.com\/lyonelkaufmann.ch\/Blog\/wp-content\/uploads\/2018\/01\/imgp5459.jpg?fit=1200%2C797&ssl=1&resize=700%2C400 2x, https:\/\/i0.wp.com\/lyonelkaufmann.ch\/Blog\/wp-content\/uploads\/2018\/01\/imgp5459.jpg?fit=1200%2C797&ssl=1&resize=1050%2C600 3x"},"classes":[]},{"id":18501,"url":"https:\/\/lyonelkaufmann.ch\/Blog\/2017\/10\/15\/innovation-la-photo-du-mois\/","url_meta":{"origin":12225,"position":1},"title":"Innovation | La photo du mois","author":"Lyonel Kaufmann","date":"15 octobre 2017","format":false,"excerpt":"Le th\u00e8me du mois l\u2019innovation a \u00e9t\u00e9 choisi par Cricriyom from Paris (http:\/\/www.cricriyomfromparis.com\/search\/label\/La%20photo%20du%20mois) Explication : Comment pouvons-nous mettre en valeur l'innovation, la cr\u00e9ation collective, le eureka des temps modernes ? Mon interpr\u00e9tation du th\u00e8me : Photo prise en ao\u00fbt 2017 lors de l\u2019Universit\u00e9o d\u2019\u00e9t\u00e9 Ludovia, consacr\u00e9e au num\u00e9rique. A l\u2019occasion\u2026","rel":"","context":"Dans &quot;Photo du mois&quot;","block_context":{"text":"Photo du mois","link":"https:\/\/lyonelkaufmann.ch\/Blog\/category\/photo-du-mois\/"},"img":{"alt_text":"","src":"https:\/\/i0.wp.com\/lyonelkaufmann.ch\/Blog\/wp-content\/uploads\/2017\/10\/imgp7428.jpg?fit=1200%2C800&ssl=1&resize=350%2C200","width":350,"height":200,"srcset":"https:\/\/i0.wp.com\/lyonelkaufmann.ch\/Blog\/wp-content\/uploads\/2017\/10\/imgp7428.jpg?fit=1200%2C800&ssl=1&resize=350%2C200 1x, https:\/\/i0.wp.com\/lyonelkaufmann.ch\/Blog\/wp-content\/uploads\/2017\/10\/imgp7428.jpg?fit=1200%2C800&ssl=1&resize=525%2C300 1.5x, https:\/\/i0.wp.com\/lyonelkaufmann.ch\/Blog\/wp-content\/uploads\/2017\/10\/imgp7428.jpg?fit=1200%2C800&ssl=1&resize=700%2C400 2x, https:\/\/i0.wp.com\/lyonelkaufmann.ch\/Blog\/wp-content\/uploads\/2017\/10\/imgp7428.jpg?fit=1200%2C800&ssl=1&resize=1050%2C600 3x"},"classes":[]},{"id":18234,"url":"https:\/\/lyonelkaufmann.ch\/Blog\/2017\/07\/15\/provocation-photo-du-mois\/","url_meta":{"origin":12225,"position":2},"title":"Provocation | Photo du mois","author":"Lyonel Kaufmann","date":"15 juillet 2017","format":false,"excerpt":"Le th\u00e8me de la photo du mois Provocation\u00a0a \u00e9t\u00e9 choisi par Morgane Byloos Photography (http:\/\/morganebyloosphoto.wordpress.com). Note de l\u2019auteur-e : dans tous les sens du terme Mon interpr\u00e9tation du th\u00e8me : \u00a0 Est-ce le choix de la photo qui est en soi une provocation par rapport au th\u00e8me choisi ? Est-ce\u2026","rel":"","context":"Dans &quot;Photo du mois&quot;","block_context":{"text":"Photo du mois","link":"https:\/\/lyonelkaufmann.ch\/Blog\/category\/photo-du-mois\/"},"img":{"alt_text":"","src":"https:\/\/i0.wp.com\/lyonelkaufmann.ch\/Blog\/wp-content\/uploads\/2017\/07\/image.jpg?fit=1200%2C800&ssl=1&resize=350%2C200","width":350,"height":200,"srcset":"https:\/\/i0.wp.com\/lyonelkaufmann.ch\/Blog\/wp-content\/uploads\/2017\/07\/image.jpg?fit=1200%2C800&ssl=1&resize=350%2C200 1x, https:\/\/i0.wp.com\/lyonelkaufmann.ch\/Blog\/wp-content\/uploads\/2017\/07\/image.jpg?fit=1200%2C800&ssl=1&resize=525%2C300 1.5x, https:\/\/i0.wp.com\/lyonelkaufmann.ch\/Blog\/wp-content\/uploads\/2017\/07\/image.jpg?fit=1200%2C800&ssl=1&resize=700%2C400 2x, https:\/\/i0.wp.com\/lyonelkaufmann.ch\/Blog\/wp-content\/uploads\/2017\/07\/image.jpg?fit=1200%2C800&ssl=1&resize=1050%2C600 3x"},"classes":[]},{"id":18488,"url":"https:\/\/lyonelkaufmann.ch\/Blog\/2017\/09\/15\/palette-de-couleurs-photo-du-mois\/","url_meta":{"origin":12225,"position":3},"title":"Palette de couleurs | Photo du mois","author":"Lyonel Kaufmann","date":"15 septembre 2017","format":false,"excerpt":"Le th\u00e8me du mois Palette de couleurs a \u00e9t\u00e9 choisi par Philae (http:\/\/philae.over-blog.com) Mon interpr\u00e9tation du th\u00e8me : L\u2019interpr\u00e9tation du th\u00e8me par les autres participant.e.s : Akaieric, Alban, Alexinparis, Amartia, Ang\u00e9lique, Aude, BiGBuGS, Blogoth67, Brindille, Bubble gones, Cara, Chat bleu, Chiffons and Co, Christophe, Cricriyom from Paris, C\u00e9cileP, C\u00e9line in\u2026","rel":"","context":"Dans &quot;Photo du mois&quot;","block_context":{"text":"Photo du mois","link":"https:\/\/lyonelkaufmann.ch\/Blog\/category\/photo-du-mois\/"},"img":{"alt_text":"","src":"https:\/\/i0.wp.com\/lyonelkaufmann.ch\/Blog\/wp-content\/uploads\/2017\/09\/imgp0684.jpg?fit=1200%2C798&ssl=1&resize=350%2C200","width":350,"height":200,"srcset":"https:\/\/i0.wp.com\/lyonelkaufmann.ch\/Blog\/wp-content\/uploads\/2017\/09\/imgp0684.jpg?fit=1200%2C798&ssl=1&resize=350%2C200 1x, https:\/\/i0.wp.com\/lyonelkaufmann.ch\/Blog\/wp-content\/uploads\/2017\/09\/imgp0684.jpg?fit=1200%2C798&ssl=1&resize=525%2C300 1.5x, https:\/\/i0.wp.com\/lyonelkaufmann.ch\/Blog\/wp-content\/uploads\/2017\/09\/imgp0684.jpg?fit=1200%2C798&ssl=1&resize=700%2C400 2x, https:\/\/i0.wp.com\/lyonelkaufmann.ch\/Blog\/wp-content\/uploads\/2017\/09\/imgp0684.jpg?fit=1200%2C798&ssl=1&resize=1050%2C600 3x"},"classes":[]},{"id":19177,"url":"https:\/\/lyonelkaufmann.ch\/Blog\/2018\/04\/15\/la-tete-dans-les-etoiles-la-photo-du-mois\/","url_meta":{"origin":12225,"position":4},"title":"La t\u00eate dans les \u00e9toiles | La photo du mois","author":"Lyonel Kaufmann","date":"15 avril 2018","format":false,"excerpt":"Le th\u00e8me \u00ab\u00a0La t\u00eate dans les \u00e9toiles\u00a0\u00bb a \u00e9t\u00e9 choisi par Alice Wonderland (http:\/\/wonderlandalice.wordpress.com\/) Mon interpr\u00e9tation du th\u00e8me : Je fais partie de la g\u00e9n\u00e9ration pour lesquels \u00ab\u00a0On a march\u00e9 sur la lune\u00a0\u00bb a ber\u00e7\u00e9 leur vision de l\u2019espace\u2026 L\u2019interpr\u00e9tation du th\u00e8me par les autres participant.e.s : Akaieric, Albane, Alexinparis,\u2026","rel":"","context":"Dans &quot;Photo du mois&quot;","block_context":{"text":"Photo du mois","link":"https:\/\/lyonelkaufmann.ch\/Blog\/category\/photo-du-mois\/"},"img":{"alt_text":"","src":"https:\/\/i0.wp.com\/lyonelkaufmann.ch\/Blog\/wp-content\/uploads\/2018\/04\/2E00DC7C-F6E9-40E4-9EB6-370BA8909F32.5768f9cad3044d0cbe80dd279d198ca8.jpeg?fit=860%2C1200&ssl=1&resize=350%2C200","width":350,"height":200,"srcset":"https:\/\/i0.wp.com\/lyonelkaufmann.ch\/Blog\/wp-content\/uploads\/2018\/04\/2E00DC7C-F6E9-40E4-9EB6-370BA8909F32.5768f9cad3044d0cbe80dd279d198ca8.jpeg?fit=860%2C1200&ssl=1&resize=350%2C200 1x, https:\/\/i0.wp.com\/lyonelkaufmann.ch\/Blog\/wp-content\/uploads\/2018\/04\/2E00DC7C-F6E9-40E4-9EB6-370BA8909F32.5768f9cad3044d0cbe80dd279d198ca8.jpeg?fit=860%2C1200&ssl=1&resize=525%2C300 1.5x, https:\/\/i0.wp.com\/lyonelkaufmann.ch\/Blog\/wp-content\/uploads\/2018\/04\/2E00DC7C-F6E9-40E4-9EB6-370BA8909F32.5768f9cad3044d0cbe80dd279d198ca8.jpeg?fit=860%2C1200&ssl=1&resize=700%2C400 2x"},"classes":[]},{"id":16721,"url":"https:\/\/lyonelkaufmann.ch\/Blog\/2016\/07\/15\/reflet-photo-du-mois\/","url_meta":{"origin":12225,"position":5},"title":"Reflet |\u00a0Photo du mois","author":"Lyonel Kaufmann","date":"15 juillet 2016","format":false,"excerpt":"En ce mois de juillet 2016, c'est Testinaute (http:\/\/www.testinaute.com\/) qui a propos\u00e9 le th\u00e8me du mois et qui nous l'a pr\u00e9sent\u00e9 de la mani\u00e8re suivante : Apr\u00e8s 4 ans de participation, j'ai l'honneur de vous proposer le sujet du mois de Juillet. Le th\u00e8me est donc : \"Reflet\" Je vous\u2026","rel":"","context":"Dans &quot;Photo du mois&quot;","block_context":{"text":"Photo du mois","link":"https:\/\/lyonelkaufmann.ch\/Blog\/category\/photo-du-mois\/"},"img":{"alt_text":"","src":"https:\/\/i0.wp.com\/lyonelkaufmann.ch\/Blog\/wp-content\/uploads\/2016\/07\/reflets.png?fit=1200%2C800&ssl=1&resize=350%2C200","width":350,"height":200,"srcset":"https:\/\/i0.wp.com\/lyonelkaufmann.ch\/Blog\/wp-content\/uploads\/2016\/07\/reflets.png?fit=1200%2C800&ssl=1&resize=350%2C200 1x, https:\/\/i0.wp.com\/lyonelkaufmann.ch\/Blog\/wp-content\/uploads\/2016\/07\/reflets.png?fit=1200%2C800&ssl=1&resize=525%2C300 1.5x, https:\/\/i0.wp.com\/lyonelkaufmann.ch\/Blog\/wp-content\/uploads\/2016\/07\/reflets.png?fit=1200%2C800&ssl=1&resize=700%2C400 2x, https:\/\/i0.wp.com\/lyonelkaufmann.ch\/Blog\/wp-content\/uploads\/2016\/07\/reflets.png?fit=1200%2C800&ssl=1&resize=1050%2C600 3x"},"classes":[]}],"jetpack_likes_enabled":true,"_links":{"self":[{"href":"https:\/\/lyonelkaufmann.ch\/Blog\/wp-json\/wp\/v2\/posts\/12225","targetHints":{"allow":["GET"]}}],"collection":[{"href":"https:\/\/lyonelkaufmann.ch\/Blog\/wp-json\/wp\/v2\/posts"}],"about":[{"href":"https:\/\/lyonelkaufmann.ch\/Blog\/wp-json\/wp\/v2\/types\/post"}],"author":[{"embeddable":true,"href":"https:\/\/lyonelkaufmann.ch\/Blog\/wp-json\/wp\/v2\/users\/1"}],"replies":[{"embeddable":true,"href":"https:\/\/lyonelkaufmann.ch\/Blog\/wp-json\/wp\/v2\/comments?post=12225"}],"version-history":[{"count":1,"href":"https:\/\/lyonelkaufmann.ch\/Blog\/wp-json\/wp\/v2\/posts\/12225\/revisions"}],"predecessor-version":[{"id":24806,"href":"https:\/\/lyonelkaufmann.ch\/Blog\/wp-json\/wp\/v2\/posts\/12225\/revisions\/24806"}],"wp:featuredmedia":[{"embeddable":true,"href":"https:\/\/lyonelkaufmann.ch\/Blog\/wp-json\/wp\/v2\/media\/14536"}],"wp:attachment":[{"href":"https:\/\/lyonelkaufmann.ch\/Blog\/wp-json\/wp\/v2\/media?parent=12225"}],"wp:term":[{"taxonomy":"category","embeddable":true,"href":"https:\/\/lyonelkaufmann.ch\/Blog\/wp-json\/wp\/v2\/categories?post=12225"},{"taxonomy":"post_tag","embeddable":true,"href":"https:\/\/lyonelkaufmann.ch\/Blog\/wp-json\/wp\/v2\/tags?post=12225"}],"curies":[{"name":"wp","href":"https:\/\/api.w.org\/{rel}","templated":true}]}}