{"id":1228,"date":"2009-03-20T10:24:00","date_gmt":"2009-03-20T09:24:00","guid":{"rendered":"http:\/\/lyonelkaufmann.ch\/histoire\/?p=1228"},"modified":"2009-03-20T10:24:00","modified_gmt":"2009-03-20T09:24:00","slug":"durant-le-deuxieme-conflit-mondial-plus-de-110000-japonais-de","status":"publish","type":"post","link":"https:\/\/lyonelkaufmann.ch\/Blog\/2009\/03\/20\/durant-le-deuxieme-conflit-mondial-plus-de-110000-japonais-de\/","title":{"rendered":"Ansel Adams\u2019s Photographs of Japanese-American Internment | 1776"},"content":{"rendered":"<p><img data-recalc-dims=\"1\" decoding=\"async\" src=\"https:\/\/i0.wp.com\/15.media.tumblr.com\/1oxiLPzCVl8qxt4v6fGQCJ46o1_500.jpg\" alt=\"\" \/><\/p>\n<p>Durant le Deuxi\u00e8me conflit mondial, plus de 110\u2019000 Japonais de nationalit\u00e9 am\u00e9ricaine furent emprisonn\u00e9s dans 10 camps de concentration r\u00e9partis sur le territoire am\u00e9ricain. Le Manzanar Relocation Center, Californie, fut le premier d\u2019entre eux. En 1943, Ansel Adams, fameux photographe am\u00e9ricain, visita le camp et prit des photos dont celle-ci.<\/p>\n<p>Relativement \u00e0 son travail, Ansel Adams indiqua ses intentions:<\/p>\n<blockquote><p><em>\u201cThe purpose of my work was to show how these people, suffering under a great injustice, and loss of property, businesses and professions, had overcome the sense of defeat and dispair by building for themselves a vital community in an arid (but magnificent) environment\u2026All in all, I think this Manzanar Collection is an important historical document, and I trust it can be put to good use.\u201d<\/em><\/p><\/blockquote>\n<p><a href=\"http:\/\/www.1776mag.com\/ansel-adamss-photographs-of-japanese-american-internment\/\" target=\"_blank\">Ansel Adams\u2019s Photographs of Japanese-American Internment | 1776<\/a><\/p>\n<p><a href=\"http:\/\/histoire.tumblr.com\/rss\">Aller \u00e0 la source<\/a><\/p>\n","protected":false},"excerpt":{"rendered":"<p>Durant le Deuxi\u00e8me conflit mondial, plus de 110\u2019000 Japonais de nationalit\u00e9 am\u00e9ricaine furent emprisonn\u00e9s dans 10 camps de concentration r\u00e9partis sur le territoire am\u00e9ricain. Le Manzanar Relocation Center, Californie, fut le premier d\u2019entre eux. En 1943, Ansel Adams, fameux photographe am\u00e9ricain, visita le camp et prit des photos dont celle-ci. Relativement \u00e0 son travail, Ansel [&hellip;]<\/p>\n","protected":false},"author":1,"featured_media":13631,"comment_status":"open","ping_status":"closed","sticky":false,"template":"","format":"standard","meta":{"_import_markdown_pro_load_document_selector":0,"_import_markdown_pro_submit_text_textarea":"","_genesis_hide_title":false,"_genesis_hide_breadcrumbs":false,"_genesis_hide_singular_image":false,"_genesis_hide_footer_widgets":false,"_genesis_custom_body_class":"","_genesis_custom_post_class":"","_genesis_layout":"","jetpack_post_was_ever_published":false,"_jetpack_newsletter_access":"","_jetpack_dont_email_post_to_subs":false,"_jetpack_newsletter_tier_id":0,"_jetpack_memberships_contains_paywalled_content":false,"_jetpack_memberships_contains_paid_content":false,"activitypub_content_warning":"","activitypub_content_visibility":"","activitypub_max_image_attachments":3,"activitypub_interaction_policy_quote":"anyone","activitypub_status":"","footnotes":"","jetpack_publicize_message":"","jetpack_publicize_feature_enabled":true,"jetpack_social_post_already_shared":true,"jetpack_social_options":{"image_generator_settings":{"template":"fullscreen","default_image_id":0,"font":"","enabled":false},"version":2}},"categories":[2],"tags":[],"class_list":{"0":"post-1228","1":"post","2":"type-post","3":"status-publish","4":"format-standard","5":"has-post-thumbnail","7":"category-histoire-2","8":"entry"},"jetpack_publicize_connections":[],"featured_image_src":"https:\/\/i0.wp.com\/lyonelkaufmann.ch\/Blog\/wp-content\/uploads\/2015\/03\/1oxiLPzCVl8qxt4v6fGQCJ46o1_500.jpg?resize=500%2C333&ssl=1","featured_image_src_square":"https:\/\/i0.wp.com\/lyonelkaufmann.ch\/Blog\/wp-content\/uploads\/2015\/03\/1oxiLPzCVl8qxt4v6fGQCJ46o1_500.jpg?resize=500%2C333&ssl=1","author_info":{"display_name":"Lyonel Kaufmann","author_link":"https:\/\/lyonelkaufmann.ch\/Blog\/author\/lyonelk\/"},"jetpack_featured_media_url":"https:\/\/i0.wp.com\/lyonelkaufmann.ch\/Blog\/wp-content\/uploads\/2015\/03\/1oxiLPzCVl8qxt4v6fGQCJ46o1_500.jpg?fit=500%2C333&ssl=1","jetpack_sharing_enabled":true,"jetpack_shortlink":"https:\/\/wp.me\/p1qtF4-jO","jetpack-related-posts":[{"id":321,"url":"https:\/\/lyonelkaufmann.ch\/Blog\/2008\/05\/04\/sous-le-champignon-dhiroshima-lhorreur\/","url_meta":{"origin":1228,"position":0},"title":"Sous le champignon d&rsquo;Hiroshima\u2026","author":"Lyonel Kaufmann","date":"4 mai 2008","format":false,"excerpt":"Pris au lointain, le champignon atomique d'Hiroshima a longtemps mis \u00e0 distance l'horreur de l'acte lui-m\u00eame. Cette image n'est pas sans parall\u00e8le avec les images de la Premi\u00e8re Guerre du Golfe de 1991 prises \u00e0 travers le cockpit des avions de la coalition. Outre le fait que ces images de\u2026","rel":"","context":"Dans &quot;histoire&quot;","block_context":{"text":"histoire","link":"https:\/\/lyonelkaufmann.ch\/Blog\/category\/histoire-2\/"},"img":{"alt_text":"","src":"https:\/\/i0.wp.com\/lyonelkaufmann.ch\/Blog\/wp-content\/uploads\/2015\/03\/prisoner8.jpeg.jpg?fit=478%2C441&ssl=1&resize=350%2C200","width":350,"height":200},"classes":[]},{"id":605,"url":"https:\/\/lyonelkaufmann.ch\/Blog\/2008\/12\/16\/history-and-the-changing-landscape-of-informationstrange-facts-in-the-history-classroom-or-how-i-learned-to-stop-worrying-and-love-the-wikipedia\/","url_meta":{"origin":1228,"position":1},"title":"History and the Changing Landscape of Information:Strange Facts in the History Classroom: Or How I learned to Stop Worrying and Love the Wiki(pedia)","author":"Lyonel Kaufmann","date":"16 d\u00e9cembre 2008","format":false,"excerpt":"History and the Changing Landscape of Information:Strange Facts in the History Classroom: Or How I learned to Stop Worrying and Love the Wiki(pedia)","rel":"","context":"Dans &quot;histoire&quot;","block_context":{"text":"histoire","link":"https:\/\/lyonelkaufmann.ch\/Blog\/category\/histoire-2\/"},"img":{"alt_text":"","src":"https:\/\/i0.wp.com\/lyonelkaufmann.ch\/Blog\/wp-content\/uploads\/2015\/03\/blogcafe1.jpg?fit=1024%2C683&ssl=1&resize=350%2C200","width":350,"height":200,"srcset":"https:\/\/i0.wp.com\/lyonelkaufmann.ch\/Blog\/wp-content\/uploads\/2015\/03\/blogcafe1.jpg?fit=1024%2C683&ssl=1&resize=350%2C200 1x, https:\/\/i0.wp.com\/lyonelkaufmann.ch\/Blog\/wp-content\/uploads\/2015\/03\/blogcafe1.jpg?fit=1024%2C683&ssl=1&resize=525%2C300 1.5x, https:\/\/i0.wp.com\/lyonelkaufmann.ch\/Blog\/wp-content\/uploads\/2015\/03\/blogcafe1.jpg?fit=1024%2C683&ssl=1&resize=700%2C400 2x"},"classes":[]},{"id":5362,"url":"https:\/\/lyonelkaufmann.ch\/Blog\/2012\/05\/03\/its-arolsen-org-press\/","url_meta":{"origin":1228,"position":2},"title":"Conserving documents from the Buchenwald and Dachau concentration camps","author":"Lyonel Kaufmann","date":"3 mai 2012","format":false,"excerpt":"See on Scoop.it - histoireThe International Tracing Service (ITS) in Bad Arolsen will conserve about 300 000 original documents from the Dachau concentration camp this year using the process of mass deacidification. The records in question were created between 1934 and 1945 and relate to the registration of prisoners. The\u2026","rel":"","context":"Dans &quot;histoire&quot;","block_context":{"text":"histoire","link":"https:\/\/lyonelkaufmann.ch\/Blog\/category\/histoire-2\/"},"img":{"alt_text":"","src":"","width":0,"height":0},"classes":[]},{"id":356,"url":"https:\/\/lyonelkaufmann.ch\/Blog\/2006\/10\/12\/jour-dautomne-sonya-kitchell-cold-day\/","url_meta":{"origin":1228,"position":3},"title":"Jour d\u2019automne &#8211; Sonya Kitchell (Cold Day)","author":"Lyonel Kaufmann","date":"12 octobre 2006","format":false,"excerpt":"Est-ce l'arriv\u00e9e de l'automne ? De ces matins blafards o\u00f9 le soleil se doit de d\u00e9chirer la brume? Est-ce l'arriv\u00e9e plus rapide de l'obscurit\u00e9? Toujours est-il que une certaine m\u00e9lancolie d\u00e9veloppe ses ailes et s'installe sur la platine, sur ma platine. Sony Kitchell susurre son jour froid. C'est triste et\u2026","rel":"","context":"Dans &quot;Blogcaf\u00e9&quot;","block_context":{"text":"Blogcaf\u00e9","link":"https:\/\/lyonelkaufmann.ch\/Blog\/category\/blogcafe-2\/"},"img":{"alt_text":"","src":"","width":0,"height":0},"classes":[]},{"id":390,"url":"https:\/\/lyonelkaufmann.ch\/Blog\/2006\/11\/24\/bat-out-of-hell-2006\/","url_meta":{"origin":1228,"position":4},"title":"Bat out of Hell (2006)","author":"Lyonel Kaufmann","date":"24 novembre 2006","format":"video","excerpt":"1977 : un ovni d\u00e9barque dans les bacs des disquaires. Une transposition rock des op\u00e9ras de Wagner. Tout commence par un morceau de 9:49. Gonfl\u00e9 pour des d\u00e9butants\u2026 Une longue intro o\u00f9 s'entrem\u00ealent guitare, batterie d'enfer, percussion, piano ail\u00e9. Un crescendo pour une explosion. L'h\u00e9ro\u00efc fantasy sauce musicale. Puis la\u2026","rel":"","context":"Dans &quot;Blogcaf\u00e9&quot;","block_context":{"text":"Blogcaf\u00e9","link":"https:\/\/lyonelkaufmann.ch\/Blog\/category\/blogcafe-2\/"},"img":{"alt_text":"","src":"https:\/\/i0.wp.com\/lyonelkaufmann.ch\/Blog\/wp-content\/uploads\/2015\/03\/02.jpg?fit=480%2C360&ssl=1&resize=350%2C200","width":350,"height":200},"classes":[]},{"id":4413,"url":"https:\/\/lyonelkaufmann.ch\/Blog\/2011\/11\/06\/the-age-of-revolution\/","url_meta":{"origin":1228,"position":5},"title":"The Age of Revolution","author":"Lyonel Kaufmann","date":"6 novembre 2011","format":false,"excerpt":"lareviewofbooks: JON WIENER on a lifelong Communist historian\u2019s reconsideration of the revolutionary project. Die Passion Eines Menschen [One Man\u2019s Passion] Frans Masereel 1921Courtesy of Spencer Museum of Art Eric HobsbawmHow to Change the World: Reflections on Marx and Marxism Yale University Press, September 2011. 480 pp.He\u2019s Back! cried the headline\u2026","rel":"","context":"Dans &quot;histoire&quot;","block_context":{"text":"histoire","link":"https:\/\/lyonelkaufmann.ch\/Blog\/category\/histoire-2\/"},"img":{"alt_text":"","src":"https:\/\/i0.wp.com\/lyonelkaufmann.ch\/Blog\/wp-content\/uploads\/2015\/03\/tumblr_lu3yw9VVSS1qhwx0o.jpg?fit=480%2C567&ssl=1&resize=350%2C200","width":350,"height":200},"classes":[]}],"jetpack_likes_enabled":true,"_links":{"self":[{"href":"https:\/\/lyonelkaufmann.ch\/Blog\/wp-json\/wp\/v2\/posts\/1228","targetHints":{"allow":["GET"]}}],"collection":[{"href":"https:\/\/lyonelkaufmann.ch\/Blog\/wp-json\/wp\/v2\/posts"}],"about":[{"href":"https:\/\/lyonelkaufmann.ch\/Blog\/wp-json\/wp\/v2\/types\/post"}],"author":[{"embeddable":true,"href":"https:\/\/lyonelkaufmann.ch\/Blog\/wp-json\/wp\/v2\/users\/1"}],"replies":[{"embeddable":true,"href":"https:\/\/lyonelkaufmann.ch\/Blog\/wp-json\/wp\/v2\/comments?post=1228"}],"version-history":[{"count":0,"href":"https:\/\/lyonelkaufmann.ch\/Blog\/wp-json\/wp\/v2\/posts\/1228\/revisions"}],"wp:featuredmedia":[{"embeddable":true,"href":"https:\/\/lyonelkaufmann.ch\/Blog\/wp-json\/wp\/v2\/media\/13631"}],"wp:attachment":[{"href":"https:\/\/lyonelkaufmann.ch\/Blog\/wp-json\/wp\/v2\/media?parent=1228"}],"wp:term":[{"taxonomy":"category","embeddable":true,"href":"https:\/\/lyonelkaufmann.ch\/Blog\/wp-json\/wp\/v2\/categories?post=1228"},{"taxonomy":"post_tag","embeddable":true,"href":"https:\/\/lyonelkaufmann.ch\/Blog\/wp-json\/wp\/v2\/tags?post=1228"}],"curies":[{"name":"wp","href":"https:\/\/api.w.org\/{rel}","templated":true}]}}