{"id":12293,"date":"2015-01-15T12:00:12","date_gmt":"2015-01-15T11:00:12","guid":{"rendered":"https:\/\/lyonelkaufmann.ch\/Blog\/?p=12293"},"modified":"2015-01-15T12:00:12","modified_gmt":"2015-01-15T11:00:12","slug":"quevoque-pour-vous-locean-photo-du-mois","status":"publish","type":"post","link":"https:\/\/lyonelkaufmann.ch\/Blog\/2015\/01\/15\/quevoque-pour-vous-locean-photo-du-mois\/","title":{"rendered":"Qu&rsquo;\u00e9voque pour vous l&rsquo;Oc\u00e9an ? |\u00a0Photo du mois"},"content":{"rendered":"<p>Le th\u00e8me du mois <strong>\u00abQu&rsquo;\u00e9voque pour vous l&rsquo;Oc\u00e9an ?\u00bb<\/strong> a \u00e9t\u00e9 choisi par <a href=\"http:\/\/pilisi.over-blog.com\/tag\/Photo%20du%20mois\" target=\"_blank\">Pilisi.<\/a><\/p>\n<p style=\"text-align:center;\"><a href=\"https:\/\/i0.wp.com\/lyonelk.smugmug.com\/Eurogym-2014\/Viken\/i-gJHLPHS\/0\/X2\/IMGP6048-X2.jpg\"><img data-recalc-dims=\"1\" loading=\"lazy\" decoding=\"async\" class=\"aligncenter\" src=\"https:\/\/i0.wp.com\/lyonelk.smugmug.com\/Eurogym-2014\/Viken\/i-gJHLPHS\/0\/X2\/IMGP6048-X2.jpg?resize=1280%2C851\" alt=\"\" width=\"1280\" height=\"851\" \/><\/a><\/p>\n<p style=\"text-align:center;\">Viken (Su\u00e8de) &#8211; 18 juillet 2014<\/p>\n<p style=\"text-align:justify;\">L&rsquo;interpr\u00e9tation du th\u00e8me par les autres participants :<\/p>\n<p><a href=\"http:\/\/xoliv.blogspot.fr\" target=\"_blank\">Xoliv&rsquo;<\/a>, <a href=\"http:\/\/mapassionbento.blogspot.fr\/\" target=\"_blank\">DelphineF<\/a>, <a href=\"http:\/\/tuxana.blogspot.ca\/\" target=\"_blank\">Tuxana<\/a>, <a href=\"http:\/\/blogoth67.wordpress.com\" target=\"_blank\">Blogoth67<\/a>, <a href=\"http:\/\/luckasetmoi.blogspot.fr\/\" target=\"_blank\">Luckasetmoi<\/a>, <a href=\"http:\/\/leblogdekat.com\" target=\"_blank\">A&rsquo;icha<\/a>, <a href=\"http:\/\/occident-express.hautetfort.com\" target=\"_blank\">Eurydice<\/a>, <a href=\"http:\/\/2mainsetkelkesriens.blogspot.ca\" target=\"_blank\">Agn\u00e8s<\/a>, <a href=\"http:\/\/macatou.wordpress.com\/\" target=\"_blank\">Thalie<\/a>, <a href=\"http:\/\/lacasademamachronique.com\/\" target=\"_blank\">Ang\u00e9lique<\/a>, <a href=\"http:\/\/imageschatbleu.canalblog.com\/\" target=\"_blank\">Chat bleu<\/a>, <a href=\"http:\/\/www.lafilledelair.com\/blog\/la-photo-du-mois\/\" target=\"_blank\">La Fille de l&rsquo;Air<\/a>, <a href=\"http:\/\/brindille33.wordpress.com\/\" target=\"_blank\">Brindille<\/a>, <a href=\"http:\/\/krn-defouloir.blogspot.com\" target=\"_blank\">Krn<\/a>, <a href=\"http:\/\/clicpassion.canalblog.com\" target=\"_blank\">Nicky<\/a>, <a href=\"http:\/\/chezmamysoren.over-blog.com\" target=\"_blank\">Mamysoren<\/a>, <a href=\"http:\/\/www.voyagerenphotos.com\" target=\"_blank\">Voyager en photo<\/a>, <a href=\"http:\/\/pilisi.over-blog.com\/tag\/Photo%20du%20mois\/\" target=\"_blank\">Pilisi<\/a>, <a href=\"http:\/\/www.jenaique2pieds.blogspot.com\" target=\"_blank\">Loulou<\/a>, <a href=\"http:\/\/www.lagaleriemilla.fr\/\" target=\"_blank\">Milla la galerie<\/a>, <a href=\"http:\/\/blablabazar.over-blog.com\/\" target=\"_blank\">Sandrine<\/a>, <a href=\"http:\/\/www.laulinea.com\/\" target=\"_blank\">Laulinea<\/a>, <a href=\"http:\/\/cestpasmoijeljure.com\/\" target=\"_blank\">Dr. CaSo<\/a>, <a href=\"http:\/\/www.testinaute.com\/\" target=\"_blank\">Testinaute<\/a>, <a href=\"http:\/\/yvettelachouette.com\/\" target=\"_blank\">Yvette la Chouette<\/a>, <a href=\"http:\/\/calamonique.com\/\" target=\"_blank\">Calamonique<\/a>, <a href=\"http:\/\/trognon-de-pomme.blogspot.com\" target=\"_blank\">J\u00fclide-Trognon de pomme<\/a>, <a href=\"http:\/\/le-tour-du-monde-de-la-marmotte.over-blog.com\/\" target=\"_blank\">Marmotte<\/a>, <a href=\"http:\/\/toxiq.canalblog.com\" target=\"_blank\">BiGBuGS<\/a>, <a href=\"http:\/\/www.cricriyomfromparis.com\/search\/label\/La%20photo%20du%20mois\" target=\"_blank\">Cricriyom from Paris<\/a>, <a href=\"http:\/\/sublime-essence.over-blog.com\" target=\"_blank\">Bestofava<\/a>, <a href=\"http:\/\/www.claires-blog.com\" target=\"_blank\">Claire&rsquo;s Blog<\/a>, <a href=\"http:\/\/inside-expat.com\" target=\"_blank\">Eva INside-EXpat<\/a>, <a href=\"http:\/\/www.destination-montreal.net\" target=\"_blank\">Destination Montr\u00e9al<\/a>, <a href=\"http:\/\/www.memoriesfromanywhere.fr\/\" target=\"_blank\">Memories from anywhere<\/a>, <a href=\"http:\/\/jetraine2.canalblog.com\/\" target=\"_blank\">A chaque jour sa photo<\/a>, <a href=\"http:\/\/www.kkhuete-en-bretannie.fr\/\" target=\"_blank\">KK-hu\u00e8te En Bretannie<\/a>, <a href=\"http:\/\/www.photo-tuto.fr\" target=\"_blank\">Photo Tuto<\/a>, <a href=\"http:\/\/vraiefiction.blogspot.com\" target=\"_blank\">Guillaume<\/a>, <a href=\"http:\/\/cetomontreal.com\/\" target=\"_blank\">CetO<\/a>, <a href=\"http:\/\/morganebyloosphoto.wordpress.com\" target=\"_blank\">Morgane Byloos Photography<\/a>, <a href=\"http:\/\/www.pixeline.fr\/tag\/photo-du-mois\/\" target=\"_blank\">Pixeline<\/a>, <a href=\"http:\/\/enilecenna.blogspot.fr\/\" target=\"_blank\">C\u00e9line<\/a>, <a href=\"http:\/\/cyberdilou.canalblog.com\" target=\"_blank\">Gizeh<\/a>, <a href=\"http:\/\/elpadawan.wordpress.com\" target=\"_blank\">El Padawan<\/a>, <a href=\"http:\/\/www.lesbonheurs.fr\/\" target=\"_blank\">Les bonheurs d&rsquo;Anne &amp; Alex<\/a>, <a href=\"http:\/\/tambour-major.blogspot.ca\/search\/label\/La%20photo%20du%20mois\" target=\"_blank\">Tambour Major<\/a>, <a href=\"http:\/\/mauricemonamour.blogspot.fr\/\" target=\"_blank\">MauriceMonAmour<\/a>, <a href=\"http:\/\/champagnefraise.wordpress.com\" target=\"_blank\">Champagne<\/a>, <a href=\"http:\/\/www.malaxi.net\" target=\"_blank\">Laurent Nicolas<\/a>, <a href=\"http:\/\/voyageaugredesvents.blogspot.be\" target=\"_blank\">Sylvie<\/a>, <a href=\"http:\/\/zoursland.com\" target=\"_blank\">Fr\u00e9d\u00e9ric<\/a>, <a href=\"http:\/\/www.chiffonsandco.fr\" target=\"_blank\">Arwen<\/a>, <a href=\"http:\/\/woad.fr\/category\/photo-du-mois\/\" target=\"_blank\">Amy<\/a>, <a href=\"http:\/\/homeos-tasie.blogspot.fr\/\" target=\"_blank\">Homeos-tasie<\/a>, <a href=\"http:\/\/vudubalcon.blogspot.fr\" target=\"_blank\">Fran\u00e7ois le Ni\u00e7ois<\/a>, <a href=\"http:\/\/renepaulhenry.blogspot.com\" target=\"_blank\">Renepaulhenry<\/a>, <a href=\"http:\/\/lachataignesauvage.over-blog.com\/categorie-12516589.html\" target=\"_blank\">Josiane<\/a>, <a href=\"http:\/\/rythme-indigo.blogspot.com\" target=\"_blank\">Rythme Indigo<\/a>, <a href=\"http:\/\/www.tofashionandbeyond.fr\" target=\"_blank\">Tofashionandbeyond<\/a>, <a href=\"http:\/\/unephotodesquejepeux.wordpress.com\/\" target=\"_blank\">Maria Graphia<\/a>, <a href=\"http:\/\/utopique-lily.blogspot.com\" target=\"_blank\">Utopique-Lily<\/a>, <a href=\"http:\/\/www.mon-ecrin-de-passions.com\/\" target=\"_blank\">Lavandine83<\/a>, <a href=\"http:\/\/www.laparentheseenchantee.fr\/\" target=\"_blank\">Isa ToutSimplement<\/a>, <a href=\"http:\/\/blueedel.wordpress.com\/\" target=\"_blank\">Blue Edel<\/a>, <a href=\"http:\/\/mimireliton.blogspot.fr\" target=\"_blank\">Mimireliton<\/a>, <a href=\"http:\/\/luniversdetataflo.eklablog.fr\/\" target=\"_blank\">Tataflo<\/a>, <a href=\"http:\/\/mytravelswithlove.blogspot.fr\/\" target=\"_blank\">Autour de Cia<\/a>, <a href=\"http:\/\/toulonbyjulia.com\/blogtoulon\/\" target=\"_blank\">Julia<\/a>, <a href=\"http:\/\/cpiro.wpweb.fr\/\" target=\"_blank\">C\u00e9cileP<\/a>, <a href=\"http:\/\/1jalf.blogspot.ca\/\" target=\"_blank\">Nanouk<\/a>, <a href=\"http:\/\/woocares.wordpress.com\/\" target=\"_blank\">Woocares<\/a>, <a href=\"http:\/\/suissexpress.wordpress.com\/\" target=\"_blank\">Christophe<\/a>, <a href=\"http:\/\/souslesgalets.blogspot.com\" target=\"_blank\">Gal\u00e9a<\/a>, <a href=\"http:\/\/www.colourslife.fr\/\" target=\"_blank\">Mahlyn<\/a>, <a href=\"http:\/\/sebdanzephotographe.wordpress.com\/category\/photo-du-mois\/\" target=\"_blank\">Wolverine<\/a>, <a href=\"http:\/\/lirerelire.blogspot.fr\" target=\"_blank\">Estelle<\/a>, <a href=\"http:\/\/lorgnettedunjour.canalblog.com\/\" target=\"_blank\">Lavandine<\/a>, <a href=\"http:\/\/monbeaumanoir.wordpress.com\/\" target=\"_blank\">Ava<\/a>, <a href=\"http:\/\/lesavisdagrippine.com\/\" target=\"_blank\">Agrippine<\/a>, <a href=\"http:\/\/anteketborka.blogspot.com\" target=\"_blank\">magda627<\/a>, <a href=\"http:\/\/www.fromside2side.com\/category\/photo-du-mois\" target=\"_blank\">Isa de fromSide2Side<\/a>, <a href=\"http:\/\/www.unitedstatesofparis.com\" target=\"_blank\">Alexinparis<\/a>, <a href=\"http:\/\/philae.over-blog.com\" target=\"_blank\">Philae<\/a>, <a href=\"http:\/\/www.salondetheberlinois.com\/\" target=\"_blank\">Salon de Th\u00e9<\/a>, <a href=\"http:\/\/josydhoest.wordpress.com\/\" target=\"_blank\">Josette<\/a>, <a href=\"http:\/\/www.legrandbazardagathe.com\/\" target=\"_blank\">Agathe<\/a>, <a href=\"http:\/\/laudesmontagnes.wordpress.com\/\" target=\"_blank\">Lau* des montagnes<\/a>, <a href=\"http:\/\/c-est-reparti.blogspot.com\/\" target=\"_blank\">Cara<\/a>, <a href=\"http:\/\/tribulationsdemarie.com\" target=\"_blank\">Marie<\/a>, <a href=\"http:\/\/isaquarel.canalblog.com\/archives\/la_photo_du_mois\/index.html\" target=\"_blank\">Isaquarel<\/a>, <a href=\"http:\/\/www.dameskarlette.com\/\" target=\"_blank\">Dame Skarlette<\/a>, <a href=\"http:\/\/www.legaletas.net\/blog\/index.php\" target=\"_blank\">Gilsoub<\/a>, <a href=\"https:\/\/lyonelkaufmann.ch\/Blog\/category\/blogcafe\/photo-du-mois\/\" target=\"_blank\">Lyonelk<\/a>, <a href=\"http:\/\/blog.lesprincessesdemarie.com\/\" target=\"_blank\">princesse Emalia<\/a>, <a href=\"http:\/\/bonsbaisersdaustralie.wordpress.com\/category\/la-photo-du-mois\/\" target=\"_blank\">MissCarole<\/a>, <a href=\"http:\/\/www.mylittleroad.com\/\" target=\"_blank\">MyLittleRoad<\/a>, <a href=\"http:\/\/www.my-little-reflex.com\/blog\/la-photo-du-mois\/\" target=\"_blank\">Marion<\/a>, <a href=\"http:\/\/www.inmybubble.org\" target=\"_blank\">Vanilla<\/a>, <a href=\"http:\/\/mysweetescape.fr\/\" target=\"_blank\">Chlo\u00e9<\/a>, <a href=\"http:\/\/akai-inthesky.blogspot.com\" target=\"_blank\">Akaieric<\/a>, <a href=\"http:\/\/irissousmonarbre.blogspot.ch\/\" target=\"_blank\">Iris<\/a>, <a href=\"http:\/\/lafeedulogis43.over-blog.fr\" target=\"_blank\">Giselle 43<\/a>, <a href=\"http:\/\/zazaetsesfantaisies.blogspot.fr\/\" target=\"_blank\">Zaza<\/a>, <a href=\"http:\/\/cocovin.net\/\" target=\"_blank\n\">Alban<\/a>, <a href=\"http:\/\/lesphotosdelaurie.blogspot.fr\/\" target=\"_blank\">Laurie<\/a>, <a href=\"http:\/\/derriere-mes-yeux.blogspot.fr\/\" target=\"_blank\">Aude<\/a>, <a href=\"http:\/\/fanfanraccoons.blogspot.com\" target=\"_blank\">Fanfan Raccoon<\/a>, <a href=\"http:\/\/cukithca.wordpress.com\/\" target=\"_blank\">Cocazzz<\/a>, <a href=\"http:\/\/frenchiesinparis.over-blog.com\" target=\"_blank\">C\u00e9line in Paris<\/a>.<\/p>\n","protected":false},"excerpt":{"rendered":"<p>Le th\u00e8me du mois \u00abQu&rsquo;\u00e9voque pour vous l&rsquo;Oc\u00e9an ?\u00bb a \u00e9t\u00e9 choisi par Pilisi. Viken (Su\u00e8de) &#8211; 18 juillet 2014 L&rsquo;interpr\u00e9tation du th\u00e8me par les autres participants : Xoliv&rsquo;, DelphineF, Tuxana, Blogoth67, Luckasetmoi, A&rsquo;icha, Eurydice, Agn\u00e8s, Thalie, Ang\u00e9lique, Chat bleu, La Fille de l&rsquo;Air, Brindille, Krn, Nicky, Mamysoren, Voyager en photo, Pilisi, Loulou, Milla la [&hellip;]<\/p>\n","protected":false},"author":1,"featured_media":14543,"comment_status":"open","ping_status":"open","sticky":false,"template":"","format":"standard","meta":{"_import_markdown_pro_load_document_selector":0,"_import_markdown_pro_submit_text_textarea":"","_genesis_hide_title":false,"_genesis_hide_breadcrumbs":false,"_genesis_hide_singular_image":false,"_genesis_hide_footer_widgets":false,"_genesis_custom_body_class":"","_genesis_custom_post_class":"","_genesis_layout":"","jetpack_post_was_ever_published":false,"_jetpack_newsletter_access":"","_jetpack_dont_email_post_to_subs":false,"_jetpack_newsletter_tier_id":0,"_jetpack_memberships_contains_paywalled_content":false,"_jetpack_memberships_contains_paid_content":false,"activitypub_content_warning":"","activitypub_content_visibility":"","activitypub_max_image_attachments":3,"activitypub_interaction_policy_quote":"anyone","activitypub_status":"","footnotes":"","jetpack_publicize_message":"","jetpack_publicize_feature_enabled":true,"jetpack_social_post_already_shared":true,"jetpack_social_options":{"image_generator_settings":{"template":"fullscreen","default_image_id":0,"font":"","enabled":false},"version":2}},"categories":[4],"tags":[],"class_list":{"0":"post-12293","1":"post","2":"type-post","3":"status-publish","4":"format-standard","5":"has-post-thumbnail","7":"category-photo-du-mois","8":"entry"},"jetpack_publicize_connections":[],"featured_image_src":"https:\/\/i0.wp.com\/lyonelkaufmann.ch\/Blog\/wp-content\/uploads\/2015\/03\/IMGP6048-X2.jpg?resize=600%2C400&ssl=1","featured_image_src_square":"https:\/\/i0.wp.com\/lyonelkaufmann.ch\/Blog\/wp-content\/uploads\/2015\/03\/IMGP6048-X2.jpg?resize=600%2C600&ssl=1","author_info":{"display_name":"Lyonel Kaufmann","author_link":"https:\/\/lyonelkaufmann.ch\/Blog\/author\/lyonelk\/"},"jetpack_featured_media_url":"https:\/\/i0.wp.com\/lyonelkaufmann.ch\/Blog\/wp-content\/uploads\/2015\/03\/IMGP6048-X2.jpg?fit=1280%2C851&ssl=1","jetpack_sharing_enabled":true,"jetpack_shortlink":"https:\/\/wp.me\/p1qtF4-3ch","jetpack-related-posts":[{"id":15375,"url":"https:\/\/lyonelkaufmann.ch\/Blog\/2015\/11\/15\/in-memoriam-photo-du-mois\/","url_meta":{"origin":12293,"position":0},"title":"In Memoriam |\u00a0Photo du mois","author":"Lyonel Kaufmann","date":"15 novembre 2015","format":"image","excerpt":"Ce mois, le th\u00e8me est\u00a0M\u00e9moire. Il a \u00e9t\u00e9\u00a0choisi par Elpadawan (https:\/\/elpadawan.wordpress.com\/) Pas de note ni d'explication. Je vous laisse la libert\u00e9 d'interpr\u00e9ter le th\u00e8me comme bon vous semble. En dire plus serait d\u00e9j\u00e0 vous orienter... Mon interpr\u00e9tation du th\u00e8me : La photo a \u00e9t\u00e9 prise le vendredi 13 novembre \u00e0\u2026","rel":"","context":"Dans &quot;Photo du mois&quot;","block_context":{"text":"Photo du mois","link":"https:\/\/lyonelkaufmann.ch\/Blog\/category\/photo-du-mois\/"},"img":{"alt_text":"","src":"https:\/\/i0.wp.com\/lyonelkaufmann.ch\/Blog\/wp-content\/uploads\/2015\/11\/PB130049.jpg?fit=1200%2C800&ssl=1&resize=350%2C200","width":350,"height":200,"srcset":"https:\/\/i0.wp.com\/lyonelkaufmann.ch\/Blog\/wp-content\/uploads\/2015\/11\/PB130049.jpg?fit=1200%2C800&ssl=1&resize=350%2C200 1x, https:\/\/i0.wp.com\/lyonelkaufmann.ch\/Blog\/wp-content\/uploads\/2015\/11\/PB130049.jpg?fit=1200%2C800&ssl=1&resize=525%2C300 1.5x, https:\/\/i0.wp.com\/lyonelkaufmann.ch\/Blog\/wp-content\/uploads\/2015\/11\/PB130049.jpg?fit=1200%2C800&ssl=1&resize=700%2C400 2x, https:\/\/i0.wp.com\/lyonelkaufmann.ch\/Blog\/wp-content\/uploads\/2015\/11\/PB130049.jpg?fit=1200%2C800&ssl=1&resize=1050%2C600 3x"},"classes":[]},{"id":18234,"url":"https:\/\/lyonelkaufmann.ch\/Blog\/2017\/07\/15\/provocation-photo-du-mois\/","url_meta":{"origin":12293,"position":1},"title":"Provocation | Photo du mois","author":"Lyonel Kaufmann","date":"15 juillet 2017","format":false,"excerpt":"Le th\u00e8me de la photo du mois Provocation\u00a0a \u00e9t\u00e9 choisi par Morgane Byloos Photography (http:\/\/morganebyloosphoto.wordpress.com). Note de l\u2019auteur-e : dans tous les sens du terme Mon interpr\u00e9tation du th\u00e8me : \u00a0 Est-ce le choix de la photo qui est en soi une provocation par rapport au th\u00e8me choisi ? Est-ce\u2026","rel":"","context":"Dans &quot;Photo du mois&quot;","block_context":{"text":"Photo du mois","link":"https:\/\/lyonelkaufmann.ch\/Blog\/category\/photo-du-mois\/"},"img":{"alt_text":"","src":"https:\/\/i0.wp.com\/lyonelkaufmann.ch\/Blog\/wp-content\/uploads\/2017\/07\/image.jpg?fit=1200%2C800&ssl=1&resize=350%2C200","width":350,"height":200,"srcset":"https:\/\/i0.wp.com\/lyonelkaufmann.ch\/Blog\/wp-content\/uploads\/2017\/07\/image.jpg?fit=1200%2C800&ssl=1&resize=350%2C200 1x, https:\/\/i0.wp.com\/lyonelkaufmann.ch\/Blog\/wp-content\/uploads\/2017\/07\/image.jpg?fit=1200%2C800&ssl=1&resize=525%2C300 1.5x, https:\/\/i0.wp.com\/lyonelkaufmann.ch\/Blog\/wp-content\/uploads\/2017\/07\/image.jpg?fit=1200%2C800&ssl=1&resize=700%2C400 2x, https:\/\/i0.wp.com\/lyonelkaufmann.ch\/Blog\/wp-content\/uploads\/2017\/07\/image.jpg?fit=1200%2C800&ssl=1&resize=1050%2C600 3x"},"classes":[]},{"id":12456,"url":"https:\/\/lyonelkaufmann.ch\/Blog\/2015\/03\/15\/mais-keskece-photo-du-mois\/","url_meta":{"origin":12293,"position":2},"title":"\u00ab Mais\u2026 kesk\u00e9c\u00e9 ? \u00bb | Photo du mois","author":"Lyonel Kaufmann","date":"15 mars 2015","format":false,"excerpt":"Le th\u00e8me du mois, \u00ab Mais\u2026 kesk\u00e9c\u00e9 ? \u00bb, a \u00e9t\u00e9 choisi par Eric Milesi (http:\/\/akai-inthesky.blogspot.com). Sa pr\u00e9sentation du th\u00e8me : Oui alors, si je comprends bien, c\u2019est \u00e0 moi de choisir le th\u00e8me de la photo du mois de Mars ? Je vous pr\u00e9viens \u00e7a va \u00eatre tordu! Alors\u2026","rel":"","context":"Dans &quot;Photo du mois&quot;","block_context":{"text":"Photo du mois","link":"https:\/\/lyonelkaufmann.ch\/Blog\/category\/photo-du-mois\/"},"img":{"alt_text":"","src":"https:\/\/i0.wp.com\/lyonelkaufmann.ch\/Blog\/wp-content\/uploads\/2015\/03\/IMGP0881.jpg?fit=796%2C1200&ssl=1&resize=350%2C200","width":350,"height":200,"srcset":"https:\/\/i0.wp.com\/lyonelkaufmann.ch\/Blog\/wp-content\/uploads\/2015\/03\/IMGP0881.jpg?fit=796%2C1200&ssl=1&resize=350%2C200 1x, https:\/\/i0.wp.com\/lyonelkaufmann.ch\/Blog\/wp-content\/uploads\/2015\/03\/IMGP0881.jpg?fit=796%2C1200&ssl=1&resize=525%2C300 1.5x, https:\/\/i0.wp.com\/lyonelkaufmann.ch\/Blog\/wp-content\/uploads\/2015\/03\/IMGP0881.jpg?fit=796%2C1200&ssl=1&resize=700%2C400 2x"},"classes":[]},{"id":16721,"url":"https:\/\/lyonelkaufmann.ch\/Blog\/2016\/07\/15\/reflet-photo-du-mois\/","url_meta":{"origin":12293,"position":3},"title":"Reflet |\u00a0Photo du mois","author":"Lyonel Kaufmann","date":"15 juillet 2016","format":false,"excerpt":"En ce mois de juillet 2016, c'est Testinaute (http:\/\/www.testinaute.com\/) qui a propos\u00e9 le th\u00e8me du mois et qui nous l'a pr\u00e9sent\u00e9 de la mani\u00e8re suivante : Apr\u00e8s 4 ans de participation, j'ai l'honneur de vous proposer le sujet du mois de Juillet. Le th\u00e8me est donc : \"Reflet\" Je vous\u2026","rel":"","context":"Dans &quot;Photo du mois&quot;","block_context":{"text":"Photo du mois","link":"https:\/\/lyonelkaufmann.ch\/Blog\/category\/photo-du-mois\/"},"img":{"alt_text":"","src":"https:\/\/i0.wp.com\/lyonelkaufmann.ch\/Blog\/wp-content\/uploads\/2016\/07\/reflets.png?fit=1200%2C800&ssl=1&resize=350%2C200","width":350,"height":200,"srcset":"https:\/\/i0.wp.com\/lyonelkaufmann.ch\/Blog\/wp-content\/uploads\/2016\/07\/reflets.png?fit=1200%2C800&ssl=1&resize=350%2C200 1x, https:\/\/i0.wp.com\/lyonelkaufmann.ch\/Blog\/wp-content\/uploads\/2016\/07\/reflets.png?fit=1200%2C800&ssl=1&resize=525%2C300 1.5x, https:\/\/i0.wp.com\/lyonelkaufmann.ch\/Blog\/wp-content\/uploads\/2016\/07\/reflets.png?fit=1200%2C800&ssl=1&resize=700%2C400 2x, https:\/\/i0.wp.com\/lyonelkaufmann.ch\/Blog\/wp-content\/uploads\/2016\/07\/reflets.png?fit=1200%2C800&ssl=1&resize=1050%2C600 3x"},"classes":[]},{"id":15559,"url":"https:\/\/lyonelkaufmann.ch\/Blog\/2016\/01\/15\/jardin-secret-photo-du-mois\/","url_meta":{"origin":12293,"position":4},"title":"Jardin secret | Photo du mois","author":"Lyonel Kaufmann","date":"15 janvier 2016","format":"image","excerpt":"Th\u00e8me de ce mois : Jardin Secret, choisi par Cara (http:\/\/c-est-reparti.blogspot.com\/). Sa pr\u00e9sentation du th\u00e8me : Puisque c'est moi qui ai l'honneur de choisir le th\u00e8me pour le mois de janvier (malgr\u00e9 mon retard d'aujourd'hui, j'ai honte), le voici : \"Jardin secret\" A interpr\u00e9ter au sens propre comme au figur\u00e9...\u2026","rel":"","context":"Dans &quot;Photo du mois&quot;","block_context":{"text":"Photo du mois","link":"https:\/\/lyonelkaufmann.ch\/Blog\/category\/photo-du-mois\/"},"img":{"alt_text":"","src":"https:\/\/i0.wp.com\/lyonelkaufmann.ch\/Blog\/wp-content\/uploads\/2016\/01\/IMG_3528-e1453032575496-1-e1453032733699.jpg?fit=439%2C640&ssl=1&resize=350%2C200","width":350,"height":200},"classes":[]},{"id":16493,"url":"https:\/\/lyonelkaufmann.ch\/Blog\/2016\/05\/15\/linfini-la-photo-du-mois\/","url_meta":{"origin":12293,"position":5},"title":"L&rsquo;infini | La Photo du mois","author":"Lyonel Kaufmann","date":"15 mai 2016","format":false,"excerpt":"Ce mois, le th\u00e8me Infini a \u00e9t\u00e9 choisi par Christophe (http:\/\/suissexpress.wordpress.com) Son commentaire : J'ai choisi de vous proposer le th\u00e8me suivant: infini. Vous \u00eates totalement libre d'interpr\u00e9ter l'infini comme bon vous semble: philosophiquement, math\u00e9matiquement, etc... Mon interpr\u00e9tation du th\u00e8me : Pour ma part, j'ai choisi une photo de paysage\u2026","rel":"","context":"Dans &quot;Photo du mois&quot;","block_context":{"text":"Photo du mois","link":"https:\/\/lyonelkaufmann.ch\/Blog\/category\/photo-du-mois\/"},"img":{"alt_text":"","src":"https:\/\/i0.wp.com\/lyonelkaufmann.ch\/Blog\/wp-content\/uploads\/2016\/05\/image-7.jpeg?fit=1200%2C800&ssl=1&resize=350%2C200","width":350,"height":200,"srcset":"https:\/\/i0.wp.com\/lyonelkaufmann.ch\/Blog\/wp-content\/uploads\/2016\/05\/image-7.jpeg?fit=1200%2C800&ssl=1&resize=350%2C200 1x, https:\/\/i0.wp.com\/lyonelkaufmann.ch\/Blog\/wp-content\/uploads\/2016\/05\/image-7.jpeg?fit=1200%2C800&ssl=1&resize=525%2C300 1.5x, https:\/\/i0.wp.com\/lyonelkaufmann.ch\/Blog\/wp-content\/uploads\/2016\/05\/image-7.jpeg?fit=1200%2C800&ssl=1&resize=700%2C400 2x, https:\/\/i0.wp.com\/lyonelkaufmann.ch\/Blog\/wp-content\/uploads\/2016\/05\/image-7.jpeg?fit=1200%2C800&ssl=1&resize=1050%2C600 3x"},"classes":[]}],"jetpack_likes_enabled":true,"_links":{"self":[{"href":"https:\/\/lyonelkaufmann.ch\/Blog\/wp-json\/wp\/v2\/posts\/12293","targetHints":{"allow":["GET"]}}],"collection":[{"href":"https:\/\/lyonelkaufmann.ch\/Blog\/wp-json\/wp\/v2\/posts"}],"about":[{"href":"https:\/\/lyonelkaufmann.ch\/Blog\/wp-json\/wp\/v2\/types\/post"}],"author":[{"embeddable":true,"href":"https:\/\/lyonelkaufmann.ch\/Blog\/wp-json\/wp\/v2\/users\/1"}],"replies":[{"embeddable":true,"href":"https:\/\/lyonelkaufmann.ch\/Blog\/wp-json\/wp\/v2\/comments?post=12293"}],"version-history":[{"count":0,"href":"https:\/\/lyonelkaufmann.ch\/Blog\/wp-json\/wp\/v2\/posts\/12293\/revisions"}],"wp:featuredmedia":[{"embeddable":true,"href":"https:\/\/lyonelkaufmann.ch\/Blog\/wp-json\/wp\/v2\/media\/14543"}],"wp:attachment":[{"href":"https:\/\/lyonelkaufmann.ch\/Blog\/wp-json\/wp\/v2\/media?parent=12293"}],"wp:term":[{"taxonomy":"category","embeddable":true,"href":"https:\/\/lyonelkaufmann.ch\/Blog\/wp-json\/wp\/v2\/categories?post=12293"},{"taxonomy":"post_tag","embeddable":true,"href":"https:\/\/lyonelkaufmann.ch\/Blog\/wp-json\/wp\/v2\/tags?post=12293"}],"curies":[{"name":"wp","href":"https:\/\/api.w.org\/{rel}","templated":true}]}}