{"id":12431,"date":"2015-02-10T22:39:52","date_gmt":"2015-02-10T21:39:52","guid":{"rendered":"https:\/\/lyonelkaufmann.ch\/Blog\/?p=12431"},"modified":"2015-03-03T23:50:20","modified_gmt":"2015-03-03T22:50:20","slug":"bonjour-flipboard-debarque-sur-le-web","status":"publish","type":"post","link":"https:\/\/lyonelkaufmann.ch\/Blog\/2015\/02\/10\/bonjour-flipboard-debarque-sur-le-web\/","title":{"rendered":"Bonjour ! Flipboard d\u00e9barque sur le web"},"content":{"rendered":"<p><strong>Flipboard lance sa version web de son \u00e9diteur de contenu. Elle est magnifique. Sa pr\u00e9sentation par Flipboard.<\/strong><\/p>\n<p>Nous ne pouvons pas nous emp\u00eacher de sourir en pensant que 2015 est l\u2019ann\u00e9e du lancement de notre \u00e9dition Web, mais elle est l\u00e0 : une version magnifique de Flipboard pour desktop et une nouvelle grande \u00e9tape dans n\u00f4tre qu\u00eate de cr\u00e9ation du meilleur magazine personnel au monde.<\/p>\n<p>En d\u00e9veloppant d\u2019abord pour les mobiles (Flipboard fut \u00e0 l\u2019origine con\u00e7u pour l\u2019iPad en 2010), nous avons vu que le contenu pouvait briller de nouveau dans un environnement \u00e9pur\u00e9. Le web a \u00e9galement \u00e9volu\u00e9, avec des concepts comme le designadaptatif rendant la lecture et la navigation plus ais\u00e9es et plus attractives. La vision de nos fondateurs, celle d\u2019apporter une esth\u00e9tique de magazine papier au contenu num\u00e9rique, pouvait enfin devenir une r\u00e9alit\u00e9.<\/p>\n<p>Vous allez voir que Flipboard.com a un look et une exp\u00e9rience propres a lui. Tout comme pour le d\u00e9veloppement des versions iPhone, Android et Windows, notre \u00e9quipe a pris en compte les attributs uniques de chaque plateforme tout en conservant l\u2019\u00e2me deFlipboard. Par exemple, Flipboard sur le web offre une mise en page qui change selon les diff\u00e9rentes tailles des \u00e9crans\u2026<\/p>\n<p><a href=\"https:\/\/i0.wp.com\/cdn.flipboard.com\/post\/images\/d54d1b80-b15e-11e4-9a8d-47b280022268.gif\"><img data-recalc-dims=\"1\" loading=\"lazy\" decoding=\"async\" class=\"aligncenter\" src=\"https:\/\/i0.wp.com\/cdn.flipboard.com\/post\/images\/d54d1b80-b15e-11e4-9a8d-47b280022268.gif?resize=800%2C464\" alt=\"\" width=\"800\" height=\"464\" \/><\/a>une nouvelle interface \u00e0 d\u00e9filement\u2026<\/p>\n<p><a href=\"https:\/\/i0.wp.com\/cdn.flipboard.com\/post\/images\/dcfe8f30-b15e-11e4-9a8d-47b280022268.gif\"><img data-recalc-dims=\"1\" loading=\"lazy\" decoding=\"async\" class=\"aligncenter\" src=\"https:\/\/i0.wp.com\/cdn.flipboard.com\/post\/images\/dcfe8f30-b15e-11e4-9a8d-47b280022268.gif?resize=800%2C515\" alt=\"\" width=\"800\" height=\"515\" \/><\/a>et des interactions d\u00e9clench\u00e9es par votre souris\u2026<\/p>\n<p><a href=\"https:\/\/i0.wp.com\/cdn.flipboard.com\/post\/images\/e3842d10-b15e-11e4-9a8d-47b280022268.gif\"><img data-recalc-dims=\"1\" loading=\"lazy\" decoding=\"async\" class=\"aligncenter\" src=\"https:\/\/i0.wp.com\/cdn.flipboard.com\/post\/images\/e3842d10-b15e-11e4-9a8d-47b280022268.gif?resize=800%2C515\" alt=\"\" width=\"800\" height=\"515\" \/><\/a>Pour cr\u00e9er une mise en page optimale et une sensation naturelle de navigation web, nous d\u00e9terminons la pertinence des articles et des photos et nous analysons le type de contenu \u2013 tel que les images ou les textes \u2013 qui se trouvent sur une page. Nous recommandons aussi de mani\u00e8re algorithmique des sujets et des magazines que vous pourriez aimer (en se basant sur vos centres d\u2019int\u00e9r\u00eat) dans des modules \u00e0 travers le site. Et si vous vous connectez \u00e0 votre compte sur le web, tout ce que vous faites pour personnaliser votreFlipboard appara\u00eetra sur votre t\u00e9l\u00e9phone ou votre tablette, et vice versa.<\/p>\n<div class=\"paragraph\">\n<p>Avec Flipboard partout, des millions de nouveaux utilisateurs peuvent vivre cette exp\u00e9rience pour la premi\u00e8re fois, tandis que nos lecteurs existants peuvent rester au courant des actualit\u00e9s qui les int\u00e9ressent et collectionner des articles dans leurs magazines \u00e0 tout moment, partout. Vous pouvez en savoir plus en regardant notre vid\u00e9o et nous faire part de vos avis !<\/p>\n<p><span class=\"embed-youtube\" style=\"text-align:center; display: block;\"><iframe loading=\"lazy\" class=\"youtube-player\" width=\"640\" height=\"360\" src=\"https:\/\/www.youtube.com\/embed\/CgdU8UvwfB4?version=3&#038;rel=1&#038;showsearch=0&#038;showinfo=1&#038;iv_load_policy=1&#038;fs=1&#038;hl=fr-FR&#038;autohide=2&#038;wmode=transparent\" allowfullscreen=\"true\" style=\"border:0;\" sandbox=\"allow-scripts allow-same-origin allow-popups allow-presentation allow-popups-to-escape-sandbox\"><\/iframe><\/span><\/p>\n<\/div>\n<p>via <a href=\"https:\/\/flipboard.com\/section\/inside-flipboard-france-tvmvd92tlhdavkfe\/bonjour-flipboard-d-barque-sur-le-web\/a-z1j5jIZ5RxGuIy8ibJHGBg%3Aa%3A26213650-6d6c1fa6a9%2Fflipboard.com\">Bonjour ! Flipboard d\u00e9barque sur le web<\/a>.<\/p>\n","protected":false},"excerpt":{"rendered":"<p>Flipboard lance sa version web de son \u00e9diteur de contenu. Elle est magnifique. Sa pr\u00e9sentation par Flipboard. Nous ne pouvons pas nous emp\u00eacher de sourir en pensant que 2015 est l\u2019ann\u00e9e du lancement de notre \u00e9dition Web, mais elle est l\u00e0 : une version magnifique de Flipboard pour desktop et une nouvelle grande \u00e9tape dans [&hellip;]<\/p>\n","protected":false},"author":1,"featured_media":14680,"comment_status":"open","ping_status":"open","sticky":false,"template":"","format":"standard","meta":{"_import_markdown_pro_load_document_selector":0,"_import_markdown_pro_submit_text_textarea":"","_genesis_hide_title":false,"_genesis_hide_breadcrumbs":false,"_genesis_hide_singular_image":false,"_genesis_hide_footer_widgets":false,"_genesis_custom_body_class":"","_genesis_custom_post_class":"","_genesis_layout":"","jetpack_post_was_ever_published":false,"_jetpack_newsletter_access":"","_jetpack_dont_email_post_to_subs":false,"_jetpack_newsletter_tier_id":0,"_jetpack_memberships_contains_paywalled_content":false,"_jetpack_memberships_contains_paid_content":false,"activitypub_content_warning":"","activitypub_content_visibility":"","activitypub_max_image_attachments":3,"activitypub_interaction_policy_quote":"anyone","activitypub_status":"","footnotes":"","jetpack_publicize_message":"","jetpack_publicize_feature_enabled":true,"jetpack_social_post_already_shared":true,"jetpack_social_options":{"image_generator_settings":{"template":"fullscreen","default_image_id":0,"font":"","enabled":false},"version":2}},"categories":[3],"tags":[],"class_list":{"0":"post-12431","1":"post","2":"type-post","3":"status-publish","4":"format-standard","5":"has-post-thumbnail","7":"category-blogcafe-2","8":"entry"},"jetpack_publicize_connections":[],"featured_image_src":"https:\/\/i0.wp.com\/lyonelkaufmann.ch\/Blog\/wp-content\/uploads\/2015\/03\/blogcafe1.jpg?resize=600%2C400&ssl=1","featured_image_src_square":"https:\/\/i0.wp.com\/lyonelkaufmann.ch\/Blog\/wp-content\/uploads\/2015\/03\/blogcafe1.jpg?resize=600%2C600&ssl=1","author_info":{"display_name":"Lyonel Kaufmann","author_link":"https:\/\/lyonelkaufmann.ch\/Blog\/author\/lyonelk\/"},"jetpack_featured_media_url":"https:\/\/i0.wp.com\/lyonelkaufmann.ch\/Blog\/wp-content\/uploads\/2015\/03\/blogcafe1.jpg?fit=1024%2C683&ssl=1","jetpack_sharing_enabled":true,"jetpack_shortlink":"https:\/\/wp.me\/p1qtF4-3ev","jetpack-related-posts":[{"id":3344,"url":"https:\/\/lyonelkaufmann.ch\/Blog\/2010\/07\/25\/le-premier-social-media-magazine-sur-ipad-la-social-newsroom\/","url_meta":{"origin":12431,"position":0},"title":"Le premier \u201csocial media\u201d magazine sur iPad | La Social Newsroom","author":"Lyonel Kaufmann","date":"25 juillet 2010","format":"aside","excerpt":"Ce n\u2019est pas la premi\u00e8re fois que des applications ou des sites \u00a0se branchent sur les API de Twitter ou Facebook pour organiser les contenus \u00e0 la fa\u00e7on d\u2019un m\u00e9dia. Ce qui est int\u00e9ressant avec Flipboard, c\u2019est qu\u2019un effort consid\u00e9rable a \u00e9t\u00e9 fourni sur l\u2019interface graphique et l\u2019ergonomie. C\u2019est \u00e9videmment\u2026","rel":"","context":"Dans &quot;Blogcaf\u00e9&quot;","block_context":{"text":"Blogcaf\u00e9","link":"https:\/\/lyonelkaufmann.ch\/Blog\/category\/blogcafe-2\/"},"img":{"alt_text":"","src":"https:\/\/i0.wp.com\/lyonelkaufmann.ch\/Blog\/wp-content\/uploads\/2010\/07\/flipboard-HP-NB-300x225.png?resize=350%2C200","width":350,"height":200},"classes":[]},{"id":4124,"url":"https:\/\/lyonelkaufmann.ch\/Blog\/2010\/10\/23\/coverpad-for-the-ipad-makes-your-blog-feel-like-flipboard\/","url_meta":{"origin":12431,"position":1},"title":"CoverPad For The iPad Makes Your Blog Feel Like Flipboard","author":"Lyonel Kaufmann","date":"23 octobre 2010","format":"aside","excerpt":"via PulseMeme Top StoriesPadPressed, the WordPress plugin that makes your blog feel like an iPad app when accessed from a native browser, launches its ... Read More >>","rel":"","context":"Dans &quot;L'Expresso&quot;","block_context":{"text":"L'Expresso","link":"https:\/\/lyonelkaufmann.ch\/Blog\/category\/breves\/"},"img":{"alt_text":"","src":"","width":0,"height":0},"classes":[]},{"id":3007,"url":"https:\/\/lyonelkaufmann.ch\/Blog\/2009\/12\/03\/time-fait-la-demo-dun-magazine-sur-tablette\/","url_meta":{"origin":12431,"position":2},"title":"Time fait la d\u00e9mo d&rsquo;un magazine sur tablette","author":"Lyonel Kaufmann","date":"3 d\u00e9cembre 2009","format":"aside","excerpt":"Time fait la d\u00e9mo d'un magazine sur tablette La presse a un avenir \u00e0 condition d'innover sur la forme comme sur le contenu. Ici la forme me para\u00eet int\u00e9ressante et laisse pr\u00e9sager de ce que pourrait \u00eatre une tablette Apple, notamment en lien avec iTunes (musique, radios vid\u00e9os, films livres\u2026","rel":"","context":"Dans &quot;Blogcaf\u00e9&quot;","block_context":{"text":"Blogcaf\u00e9","link":"https:\/\/lyonelkaufmann.ch\/Blog\/category\/blogcafe-2\/"},"img":{"alt_text":"","src":"https:\/\/i0.wp.com\/lyonelkaufmann.ch\/Blog\/wp-content\/uploads\/2015\/03\/070.jpg?fit=480%2C360&ssl=1&resize=350%2C200","width":350,"height":200},"classes":[]},{"id":12513,"url":"https:\/\/lyonelkaufmann.ch\/Blog\/2006\/05\/23\/du-web-20-entre-autres-choses\/","url_meta":{"origin":12431,"position":3},"title":"Du Web 2.0 entre autres choses","author":"Lyonel Kaufmann","date":"23 mai 2006","format":false,"excerpt":"Web 2.0 et Mac\u2026 C\u00e9dric Bonvin me demandait hier en commentaire \u00e0 mon pr\u00e9c\u00e9dent billet, ce qu'\u00e9tait le web 2.0. Ca tombe bien, le site de MacPlus vient de publier un billet autour du Web 2.0 et du Mac. Sans surprise, il est intitul\u00e9 \"Web 2.0 et Mac\". Les possesseurs\u2026","rel":"","context":"Dans &quot;Blogcaf\u00e9&quot;","block_context":{"text":"Blogcaf\u00e9","link":"https:\/\/lyonelkaufmann.ch\/Blog\/category\/blogcafe-2\/"},"img":{"alt_text":"","src":"https:\/\/i0.wp.com\/lyonelkaufmann.ch\/Blog\/wp-content\/uploads\/2015\/03\/blogcafe1.jpg?fit=1024%2C683&ssl=1&resize=350%2C200","width":350,"height":200,"srcset":"https:\/\/i0.wp.com\/lyonelkaufmann.ch\/Blog\/wp-content\/uploads\/2015\/03\/blogcafe1.jpg?fit=1024%2C683&ssl=1&resize=350%2C200 1x, https:\/\/i0.wp.com\/lyonelkaufmann.ch\/Blog\/wp-content\/uploads\/2015\/03\/blogcafe1.jpg?fit=1024%2C683&ssl=1&resize=525%2C300 1.5x, https:\/\/i0.wp.com\/lyonelkaufmann.ch\/Blog\/wp-content\/uploads\/2015\/03\/blogcafe1.jpg?fit=1024%2C683&ssl=1&resize=700%2C400 2x"},"classes":[]},{"id":312,"url":"https:\/\/lyonelkaufmann.ch\/Blog\/2006\/08\/29\/5-raisons-dutiliser-wordpress-comme-cms\/","url_meta":{"origin":12431,"position":4},"title":"5 raisons d\u2019utiliser WordPress comme CMS*","author":"Lyonel Kaufmann","date":"29 ao\u00fbt 2006","format":false,"excerpt":"Repris par Bloghelper (voir Que signifie \u201cutiliser WordPress comme CMS*\u201d ?), Blogging Pro a publi\u00e9 un article relativement aux raisons justifiant l'utilisation de WordPress comme CMS*. Cet article est sobrement intitul\u00e9 : Feature: 5 Reasons to Use WordPress as CMS. Cette article concerne les utilisateurs exp\u00e9riment\u00e9s de WordPress qui souhaiteraient\u2026","rel":"","context":"Dans &quot;Blogcaf\u00e9&quot;","block_context":{"text":"Blogcaf\u00e9","link":"https:\/\/lyonelkaufmann.ch\/Blog\/category\/blogcafe-2\/"},"img":{"alt_text":"","src":"https:\/\/i0.wp.com\/lyonelkaufmann.ch\/Blog\/wp-content\/uploads\/2015\/03\/blogcafe1.jpg?fit=1024%2C683&ssl=1&resize=350%2C200","width":350,"height":200,"srcset":"https:\/\/i0.wp.com\/lyonelkaufmann.ch\/Blog\/wp-content\/uploads\/2015\/03\/blogcafe1.jpg?fit=1024%2C683&ssl=1&resize=350%2C200 1x, https:\/\/i0.wp.com\/lyonelkaufmann.ch\/Blog\/wp-content\/uploads\/2015\/03\/blogcafe1.jpg?fit=1024%2C683&ssl=1&resize=525%2C300 1.5x, https:\/\/i0.wp.com\/lyonelkaufmann.ch\/Blog\/wp-content\/uploads\/2015\/03\/blogcafe1.jpg?fit=1024%2C683&ssl=1&resize=700%2C400 2x"},"classes":[]},{"id":12557,"url":"https:\/\/lyonelkaufmann.ch\/Blog\/2006\/08\/26\/que-signifie-utiliser-wordpress-comme-cms\/","url_meta":{"origin":12431,"position":5},"title":"Que signifie \u201cutiliser WordPress comme CMS*\u201d ?","author":"Lyonel Kaufmann","date":"26 ao\u00fbt 2006","format":false,"excerpt":"Bloghelper a r\u00e9dig\u00e9 une s\u00e9rie d'articles sur l'utilisation de WordPress en tant que CMS. En premier lieu quelles sont les utilisations possibles de WordPress en tant que CMS? Petit tour d'horizon. En pr\u00e9ambule, il convient de rappeler que WordPress (WP) facilite la r\u00e9daction, la publication, l'\u00e9dition et l'organisation de votre\u2026","rel":"","context":"Dans &quot;Blogcaf\u00e9&quot;","block_context":{"text":"Blogcaf\u00e9","link":"https:\/\/lyonelkaufmann.ch\/Blog\/category\/blogcafe-2\/"},"img":{"alt_text":"","src":"https:\/\/i0.wp.com\/lyonelkaufmann.ch\/Blog\/wp-content\/uploads\/2015\/03\/blogcafe1.jpg?fit=1024%2C683&ssl=1&resize=350%2C200","width":350,"height":200,"srcset":"https:\/\/i0.wp.com\/lyonelkaufmann.ch\/Blog\/wp-content\/uploads\/2015\/03\/blogcafe1.jpg?fit=1024%2C683&ssl=1&resize=350%2C200 1x, https:\/\/i0.wp.com\/lyonelkaufmann.ch\/Blog\/wp-content\/uploads\/2015\/03\/blogcafe1.jpg?fit=1024%2C683&ssl=1&resize=525%2C300 1.5x, https:\/\/i0.wp.com\/lyonelkaufmann.ch\/Blog\/wp-content\/uploads\/2015\/03\/blogcafe1.jpg?fit=1024%2C683&ssl=1&resize=700%2C400 2x"},"classes":[]}],"jetpack_likes_enabled":true,"_links":{"self":[{"href":"https:\/\/lyonelkaufmann.ch\/Blog\/wp-json\/wp\/v2\/posts\/12431","targetHints":{"allow":["GET"]}}],"collection":[{"href":"https:\/\/lyonelkaufmann.ch\/Blog\/wp-json\/wp\/v2\/posts"}],"about":[{"href":"https:\/\/lyonelkaufmann.ch\/Blog\/wp-json\/wp\/v2\/types\/post"}],"author":[{"embeddable":true,"href":"https:\/\/lyonelkaufmann.ch\/Blog\/wp-json\/wp\/v2\/users\/1"}],"replies":[{"embeddable":true,"href":"https:\/\/lyonelkaufmann.ch\/Blog\/wp-json\/wp\/v2\/comments?post=12431"}],"version-history":[{"count":0,"href":"https:\/\/lyonelkaufmann.ch\/Blog\/wp-json\/wp\/v2\/posts\/12431\/revisions"}],"wp:featuredmedia":[{"embeddable":true,"href":"https:\/\/lyonelkaufmann.ch\/Blog\/wp-json\/wp\/v2\/media\/14680"}],"wp:attachment":[{"href":"https:\/\/lyonelkaufmann.ch\/Blog\/wp-json\/wp\/v2\/media?parent=12431"}],"wp:term":[{"taxonomy":"category","embeddable":true,"href":"https:\/\/lyonelkaufmann.ch\/Blog\/wp-json\/wp\/v2\/categories?post=12431"},{"taxonomy":"post_tag","embeddable":true,"href":"https:\/\/lyonelkaufmann.ch\/Blog\/wp-json\/wp\/v2\/tags?post=12431"}],"curies":[{"name":"wp","href":"https:\/\/api.w.org\/{rel}","templated":true}]}}