{"id":1245,"date":"2009-03-26T08:00:26","date_gmt":"2009-03-26T07:00:26","guid":{"rendered":"http:\/\/lyonelkaufmann.ch\/histoire\/?p=1245"},"modified":"2009-03-26T08:00:26","modified_gmt":"2009-03-26T07:00:26","slug":"twitter-ou-wikipedia-et-moins-dhistoire-enseignee-tribune-de-geneve","status":"publish","type":"post","link":"https:\/\/lyonelkaufmann.ch\/Blog\/2009\/03\/26\/twitter-ou-wikipedia-et-moins-dhistoire-enseignee-tribune-de-geneve\/","title":{"rendered":"Twitter ou Wikipedia et moins d&rsquo;histoire enseign\u00e9e? |\u00a0Tribune de Gen\u00e8ve"},"content":{"rendered":"<div class=\"href\">Les \u00e9l\u00e8ves des \u00e9coles primaires britanniques pourraient bient\u00f4t \u00eatre dispens\u00e9s de certains cours d\u2019histoire mais devront ma\u00eetriser l\u2019internet et l\u2019utilisation de sites comme Twitter ou Wikipedia!<\/div>\n<div class=\"descrip\">L&rsquo;article complet:\u00a0<a href=\"http:\/\/www.tdg.ch\/actu\/hi-tech\/twitter-wikipedia-bientot-cursus-ecoles-primaires-britanniques-2009-03-25\" target=\"_blank\">Twitter ou Wikipedia bient\u00f4t au cursus des \u00e9coles primaires britanniques | Tribune de Gen\u00e8ve<\/a><\/div>\n<p><a href=\"http:\/\/histoire.tumblr.com\/rss\">Aller \u00e0 la source<\/a><\/p>\n","protected":false},"excerpt":{"rendered":"<p>Les \u00e9l\u00e8ves des \u00e9coles primaires britanniques pourraient bient\u00f4t \u00eatre dispens\u00e9s de certains cours d\u2019histoire mais devront ma\u00eetriser l\u2019internet et l\u2019utilisation de sites comme Twitter ou Wikipedia! L&rsquo;article complet:\u00a0Twitter ou Wikipedia bient\u00f4t au cursus des \u00e9coles primaires britanniques | Tribune de Gen\u00e8ve Aller \u00e0 la source<\/p>\n","protected":false},"author":1,"featured_media":14680,"comment_status":"open","ping_status":"closed","sticky":false,"template":"","format":"standard","meta":{"_import_markdown_pro_load_document_selector":0,"_import_markdown_pro_submit_text_textarea":"","_genesis_hide_title":false,"_genesis_hide_breadcrumbs":false,"_genesis_hide_singular_image":false,"_genesis_hide_footer_widgets":false,"_genesis_custom_body_class":"","_genesis_custom_post_class":"","_genesis_layout":"","jetpack_post_was_ever_published":false,"_jetpack_newsletter_access":"","_jetpack_dont_email_post_to_subs":false,"_jetpack_newsletter_tier_id":0,"_jetpack_memberships_contains_paywalled_content":false,"_jetpack_memberships_contains_paid_content":false,"activitypub_content_warning":"","activitypub_content_visibility":"","activitypub_max_image_attachments":3,"activitypub_interaction_policy_quote":"anyone","activitypub_status":"","footnotes":"","jetpack_publicize_message":"","jetpack_publicize_feature_enabled":true,"jetpack_social_post_already_shared":true,"jetpack_social_options":{"image_generator_settings":{"template":"fullscreen","default_image_id":0,"font":"","enabled":false},"version":2}},"categories":[2],"tags":[],"class_list":{"0":"post-1245","1":"post","2":"type-post","3":"status-publish","4":"format-standard","5":"has-post-thumbnail","7":"category-histoire-2","8":"entry"},"jetpack_publicize_connections":[],"featured_image_src":"https:\/\/i0.wp.com\/lyonelkaufmann.ch\/Blog\/wp-content\/uploads\/2015\/03\/blogcafe1.jpg?resize=600%2C400&ssl=1","featured_image_src_square":"https:\/\/i0.wp.com\/lyonelkaufmann.ch\/Blog\/wp-content\/uploads\/2015\/03\/blogcafe1.jpg?resize=600%2C600&ssl=1","author_info":{"display_name":"Lyonel Kaufmann","author_link":"https:\/\/lyonelkaufmann.ch\/Blog\/author\/lyonelk\/"},"jetpack_featured_media_url":"https:\/\/i0.wp.com\/lyonelkaufmann.ch\/Blog\/wp-content\/uploads\/2015\/03\/blogcafe1.jpg?fit=1024%2C683&ssl=1","jetpack_sharing_enabled":true,"jetpack_shortlink":"https:\/\/wp.me\/p1qtF4-k5","jetpack-related-posts":[{"id":1380,"url":"https:\/\/lyonelkaufmann.ch\/Blog\/2009\/06\/25\/pirate-bay-twitter-wikipedia-version-propagande-ecrans\/","url_meta":{"origin":1245,"position":0},"title":"Pirate Bay, Twitter, Wikipedia version propagande | Ecrans","author":"Lyonel Kaufmann","date":"25 juin 2009","format":false,"excerpt":"Un \u00e9tudiant a repris les codes graphiques des affiches de propagande de la Seconde Guerre Mondiale pour promouvoir la libert\u00e9 d\u2019expression, la neutralit\u00e9 du net, twitter, etc. Ce travail est remarquable. Il fournit des pistes d'exploitation p\u00e9dagogique en classe fort int\u00e9ressantes. Pour d\u00e9couvrir les autres visuels de Moore,\u00a0c\u2019est par ici.\u2026","rel":"","context":"Dans &quot;histoire&quot;","block_context":{"text":"histoire","link":"https:\/\/lyonelkaufmann.ch\/Blog\/category\/histoire-2\/"},"img":{"alt_text":"","src":"https:\/\/i0.wp.com\/www.ecrans.fr\/local\/cache-vignettes\/L450xH589\/someone_twitterd-bc19f.jpg?resize=350%2C200","width":350,"height":200},"classes":[]},{"id":6950,"url":"https:\/\/lyonelkaufmann.ch\/Blog\/2013\/04\/13\/les-archives-federales-collaborent-avec-wikimedia-xavier-studer\/","url_meta":{"origin":1245,"position":1},"title":"Les Archives f\u00e9d\u00e9rales collaborent avec Wikimedia | Xavier Studer","author":"Lyonel Kaufmann","date":"13 avril 2013","format":false,"excerpt":"Pendant que les milieux de l'\u00e9cole d\u00e9veloppent toujours un rapport ambigu avec Wikipedia \u2014 les profs l'utilisent pour leur pr\u00e9paration tout en l'interdisant en classe \u00e0 leurs \u00e9l\u00e8ves \u2014 les Archives f\u00e9d\u00e9rales suisses (AFS) font un pas en direction de la soci\u00e9t\u00e9 de l\u2019information du XXIe si\u00e8cle. Elles vont ainsi\u2026","rel":"","context":"Dans &quot;histoire&quot;","block_context":{"text":"histoire","link":"https:\/\/lyonelkaufmann.ch\/Blog\/category\/histoire-2\/"},"img":{"alt_text":"","src":"https:\/\/i0.wp.com\/lyonelkaufmann.ch\/Blog\/wp-content\/uploads\/2015\/03\/Wikimedia_CH.jpg?fit=930%2C716&ssl=1&resize=350%2C200","width":350,"height":200,"srcset":"https:\/\/i0.wp.com\/lyonelkaufmann.ch\/Blog\/wp-content\/uploads\/2015\/03\/Wikimedia_CH.jpg?fit=930%2C716&ssl=1&resize=350%2C200 1x, https:\/\/i0.wp.com\/lyonelkaufmann.ch\/Blog\/wp-content\/uploads\/2015\/03\/Wikimedia_CH.jpg?fit=930%2C716&ssl=1&resize=525%2C300 1.5x, https:\/\/i0.wp.com\/lyonelkaufmann.ch\/Blog\/wp-content\/uploads\/2015\/03\/Wikimedia_CH.jpg?fit=930%2C716&ssl=1&resize=700%2C400 2x"},"classes":[]},{"id":7891,"url":"https:\/\/lyonelkaufmann.ch\/Blog\/2013\/12\/24\/le-role-du-manuel-dans-la-lecon-dhistoire-a-lecole-primaire-1870-1969\/","url_meta":{"origin":1245,"position":2},"title":"Le r\u00f4le du manuel dans la le\u00e7on d\u2019histoire \u00e0 l\u2019\u00e9cole primaire (1870-1969)","author":"Lyonel Kaufmann","date":"24 d\u00e9cembre 2013","format":false,"excerpt":"Le r\u00f4le du manuel dans la le\u00e7on d\u2019histoire \u00e0 l\u2019\u00e9cole primaire (1870-1969) De 1870 \u00e0 1970, un mod\u00e8le de le\u00e7on d\u2019histoire s\u2019impose \u00e0 l\u2019\u00e9cole primaire. Prenant appui sur le r\u00e9cit du ma\u00eetre, \u00e0 finalit\u00e9 civique et morale, le mod\u00e8le de le\u00e7on d\u2019histoire mis au point \u00e0 partir des ann\u00e9es 1880\u2026","rel":"","context":"Dans &quot;histoire&quot;","block_context":{"text":"histoire","link":"https:\/\/lyonelkaufmann.ch\/Blog\/category\/histoire-2\/"},"img":{"alt_text":"","src":"https:\/\/i0.wp.com\/lyonelkaufmann.ch\/Blog\/wp-content\/uploads\/2015\/03\/blogcafe1.jpg?fit=1024%2C683&ssl=1&resize=350%2C200","width":350,"height":200,"srcset":"https:\/\/i0.wp.com\/lyonelkaufmann.ch\/Blog\/wp-content\/uploads\/2015\/03\/blogcafe1.jpg?fit=1024%2C683&ssl=1&resize=350%2C200 1x, https:\/\/i0.wp.com\/lyonelkaufmann.ch\/Blog\/wp-content\/uploads\/2015\/03\/blogcafe1.jpg?fit=1024%2C683&ssl=1&resize=525%2C300 1.5x, https:\/\/i0.wp.com\/lyonelkaufmann.ch\/Blog\/wp-content\/uploads\/2015\/03\/blogcafe1.jpg?fit=1024%2C683&ssl=1&resize=700%2C400 2x"},"classes":[]},{"id":6812,"url":"https:\/\/lyonelkaufmann.ch\/Blog\/2013\/02\/15\/revue-de-presse-pedago-comment-faire-tweeter-des-enfants-de-7-ans-rue89\/","url_meta":{"origin":1245,"position":3},"title":"Revue de presse : P\u00e9dago\u00a0: comment faire tweeter des enfants de 7\u00a0ans\u00a0? | Rue89","author":"Lyonel Kaufmann","date":"15 f\u00e9vrier 2013","format":false,"excerpt":"Twitter d\u00e8s le CE1, pour donner le go\u00fbt d\u2019\u00e9crire, de lire et de l\u2019orthographe : un ma\u00eetre raconte comment il a entra\u00een\u00e9 \u00e9l\u00e8ves et parents dans cette exp\u00e9rience. Fran\u00e7ois Lamoureux a \u00e9t\u00e9 inspir\u00e9 dans ses activit\u00e9s par d\u2019autres professeurs comme Laurence Juin (en lyc\u00e9e), Alexandre Acou (CM2) et Jean-Roch Masson\u2026","rel":"","context":"Dans &quot;histoire&quot;","block_context":{"text":"histoire","link":"https:\/\/lyonelkaufmann.ch\/Blog\/category\/histoire-2\/"},"img":{"alt_text":"","src":"https:\/\/i0.wp.com\/lyonelkaufmann.ch\/Blog\/wp-content\/uploads\/2015\/03\/blogcafe1.jpg?fit=1024%2C683&ssl=1&resize=350%2C200","width":350,"height":200,"srcset":"https:\/\/i0.wp.com\/lyonelkaufmann.ch\/Blog\/wp-content\/uploads\/2015\/03\/blogcafe1.jpg?fit=1024%2C683&ssl=1&resize=350%2C200 1x, https:\/\/i0.wp.com\/lyonelkaufmann.ch\/Blog\/wp-content\/uploads\/2015\/03\/blogcafe1.jpg?fit=1024%2C683&ssl=1&resize=525%2C300 1.5x, https:\/\/i0.wp.com\/lyonelkaufmann.ch\/Blog\/wp-content\/uploads\/2015\/03\/blogcafe1.jpg?fit=1024%2C683&ssl=1&resize=700%2C400 2x"},"classes":[]},{"id":10881,"url":"https:\/\/lyonelkaufmann.ch\/Blog\/2013\/10\/26\/compte-rendu-wikipedia-est-elle-en-declin\/","url_meta":{"origin":1245,"position":4},"title":"Compte-rendu : Wikipedia est-elle  en d\u00e9clin?","author":"Lyonel Kaufmann","date":"26 octobre 2013","format":false,"excerpt":"Dans un article de MIT\u00a0Technology Review\u00a0(The Decline of Wikipedia) du 22 octobre 2013, Tom Simonite indique quel le nombre de contributeurs de l'\u00e9dition anglaise est en baisse depuis 2007, ann\u00e9e ou ce nombre a culmin\u00e9 \u00e0 51'000 contributeurs. Cet \u00e9t\u00e9, il \u00e9tait de 31'000. En grandissant, le projet a g\u00e9n\u00e9r\u00e9\u2026","rel":"","context":"Dans &quot;Blogcaf\u00e9&quot;","block_context":{"text":"Blogcaf\u00e9","link":"https:\/\/lyonelkaufmann.ch\/Blog\/category\/blogcafe-2\/"},"img":{"alt_text":"","src":"https:\/\/i0.wp.com\/lyonelkaufmann.ch\/Blog\/wp-content\/uploads\/2015\/03\/wiki.tablex519.jpg?fit=519%2C297&ssl=1&resize=350%2C200","width":350,"height":200},"classes":[]},{"id":7156,"url":"https:\/\/lyonelkaufmann.ch\/Blog\/2013\/06\/13\/revue-de-presse-au-danemark-on-passe-le-bac-en-surfant-sur-google-et-wikipedia-le-point\/","url_meta":{"origin":1245,"position":5},"title":"Revue de presse : Au Danemark, on passe le bac en surfant sur Google et Wikipedia | Le Point","author":"Lyonel Kaufmann","date":"13 juin 2013","format":false,"excerpt":"Alors que certains en sont encore \u00e0 pourrir le web, les Danois ont d\u00e9poussi\u00e9r\u00e9, il y a trois ans, leur \"Studentereksamen\" - \u00e9quivalent du bac\/maturit\u00e9 - en autorisant l'utilisation d'Internet pendant cet examen pour les lyc\u00e9es\/gymnase qui le souhaitent. Plus de 20 % des \u00e9l\u00e8ves de terminale et plusieurs mati\u00e8res\u2026","rel":"","context":"Dans &quot;histoire&quot;","block_context":{"text":"histoire","link":"https:\/\/lyonelkaufmann.ch\/Blog\/category\/histoire-2\/"},"img":{"alt_text":"","src":"https:\/\/i0.wp.com\/lyonelkaufmann.ch\/Blog\/wp-content\/uploads\/2015\/03\/blogcafe1.jpg?fit=1024%2C683&ssl=1&resize=350%2C200","width":350,"height":200,"srcset":"https:\/\/i0.wp.com\/lyonelkaufmann.ch\/Blog\/wp-content\/uploads\/2015\/03\/blogcafe1.jpg?fit=1024%2C683&ssl=1&resize=350%2C200 1x, https:\/\/i0.wp.com\/lyonelkaufmann.ch\/Blog\/wp-content\/uploads\/2015\/03\/blogcafe1.jpg?fit=1024%2C683&ssl=1&resize=525%2C300 1.5x, https:\/\/i0.wp.com\/lyonelkaufmann.ch\/Blog\/wp-content\/uploads\/2015\/03\/blogcafe1.jpg?fit=1024%2C683&ssl=1&resize=700%2C400 2x"},"classes":[]}],"jetpack_likes_enabled":true,"_links":{"self":[{"href":"https:\/\/lyonelkaufmann.ch\/Blog\/wp-json\/wp\/v2\/posts\/1245","targetHints":{"allow":["GET"]}}],"collection":[{"href":"https:\/\/lyonelkaufmann.ch\/Blog\/wp-json\/wp\/v2\/posts"}],"about":[{"href":"https:\/\/lyonelkaufmann.ch\/Blog\/wp-json\/wp\/v2\/types\/post"}],"author":[{"embeddable":true,"href":"https:\/\/lyonelkaufmann.ch\/Blog\/wp-json\/wp\/v2\/users\/1"}],"replies":[{"embeddable":true,"href":"https:\/\/lyonelkaufmann.ch\/Blog\/wp-json\/wp\/v2\/comments?post=1245"}],"version-history":[{"count":0,"href":"https:\/\/lyonelkaufmann.ch\/Blog\/wp-json\/wp\/v2\/posts\/1245\/revisions"}],"wp:featuredmedia":[{"embeddable":true,"href":"https:\/\/lyonelkaufmann.ch\/Blog\/wp-json\/wp\/v2\/media\/14680"}],"wp:attachment":[{"href":"https:\/\/lyonelkaufmann.ch\/Blog\/wp-json\/wp\/v2\/media?parent=1245"}],"wp:term":[{"taxonomy":"category","embeddable":true,"href":"https:\/\/lyonelkaufmann.ch\/Blog\/wp-json\/wp\/v2\/categories?post=1245"},{"taxonomy":"post_tag","embeddable":true,"href":"https:\/\/lyonelkaufmann.ch\/Blog\/wp-json\/wp\/v2\/tags?post=1245"}],"curies":[{"name":"wp","href":"https:\/\/api.w.org\/{rel}","templated":true}]}}