{"id":12456,"date":"2015-03-15T12:00:23","date_gmt":"2015-03-15T11:00:23","guid":{"rendered":"https:\/\/lyonelkaufmann.ch\/Blog\/?p=12456"},"modified":"2024-01-02T17:45:18","modified_gmt":"2024-01-02T16:45:18","slug":"mais-keskece-photo-du-mois","status":"publish","type":"post","link":"https:\/\/lyonelkaufmann.ch\/Blog\/2015\/03\/15\/mais-keskece-photo-du-mois\/","title":{"rendered":"\u00ab Mais\u2026 kesk\u00e9c\u00e9 ? \u00bb | Photo du mois"},"content":{"rendered":"<p>Le th\u00e8me du mois, \u00ab Mais\u2026 kesk\u00e9c\u00e9 ? \u00bb, a \u00e9t\u00e9 choisi par Eric Milesi (<a href=\"http:\/\/akai-inthesky.blogspot.com\/\" target=\"_blank\" rel=\"nofollow noopener\">http:\/\/akai-inthesky.blogspot.com<\/a>). Sa pr\u00e9sentation du th\u00e8me :<\/p>\n<blockquote><p><em>Oui alors, si je comprends bien, c\u2019est \u00e0 moi de choisir le th\u00e8me de la photo du mois de Mars ? Je vous pr\u00e9viens \u00e7a va \u00eatre tordu! Alors le th\u00e8me du mois de Mars sera : \u00ab Mais\u2026 kesk\u00e9c\u00e9 ? \u00bb Le but est de trouver une photo \u00e9nigmatique, repr\u00e9sentant on ne sait quoi, de telle fa\u00e7on que votre lecteur, d\u00e8s qu\u2019il la verra, ne pourra s\u2019emp\u00eacher de s\u2019\u00e9crier \u00ab Mais\u2026 qu\u2019est ce que c\u2019est ? \u00bb. Libre \u00e0 vous d\u2019expliquer ou pas ce qui se cache derri\u00e8re\u2026<\/em><\/p><\/blockquote>\n<p><a href=\"https:\/\/i0.wp.com\/lyonelkaufmann.ch\/Blog\/wp-content\/uploads\/2015\/03\/IMGP0881.jpg?ssl=1\"><img data-recalc-dims=\"1\" loading=\"lazy\" decoding=\"async\" class=\"aligncenter\" style=\"display: block; margin-left: auto; margin-right: auto;\" title=\"IMGP0881.jpg\" src=\"https:\/\/i0.wp.com\/lyonelkaufmann.ch\/Blog\/wp-content\/uploads\/2015\/03\/IMGP0881.jpg?resize=398%2C600&#038;ssl=1\" alt=\"IMGP0881\" width=\"398\" height=\"600\" border=\"0\" \/><\/a><\/p>\n<p>J\u2019avoue avoir d\u00e9tourn\u00e9 un peu le th\u00e8me. Aujourd\u2019hui j\u2019imagine que tout le monde sait ce que c\u2019est. Mais dans combien de temps la r\u00e9action en voyant cette photo, on s\u2019exclamera\u00a0<em>\u00ab Mais\u2026 kesk\u00e9c\u00e9 ? \u00bb<\/em>. Bon dimanche !<\/p>\n<p>Photo prise au\u00a0Deutsches Spielearchiv de N\u00fcrnberg :\u00a0<a href=\"http:\/\/www.museums.nuremberg.de\/games-archive\/index.html\">http:\/\/www.museums.nuremberg.de\/games-archive\/index.html<\/a><\/p>\n<p>L\u2019interpr\u00e9tation du th\u00e8me par les autres participants :<\/p>\n<p><a href=\"http:\/\/lirerelire.blogspot.fr\" target=\"_blank\" rel=\"noopener\">Estelle<\/a>, <a href=\"http:\/\/lachataignesauvage.over-blog.com\/categorie-12516589.html\" target=\"_blank\" rel=\"noopener\">Josiane<\/a>, <a href=\"http:\/\/imageschatbleu.canalblog.com\/\" target=\"_blank\" rel=\"noopener\">Chat bleu<\/a>, <a href=\"http:\/\/tribulationsdemarie.com\" target=\"_blank\" rel=\"noopener\">Marie<\/a>, <a href=\"http:\/\/laudesmontagnes.wordpress.com\/\" target=\"_blank\" rel=\"noopener\">Lau* des montagnes<\/a>, <a href=\"http:\/\/monbeaumanoir.wordpress.com\/\" target=\"_blank\" rel=\"noopener\">Ava<\/a>, <a href=\"http:\/\/inside-expat.com\" target=\"_blank\" rel=\"noopener\">Eva INside-EXpat<\/a>, <a href=\"http:\/\/cetomontreal.com\/\" target=\"_blank\" rel=\"noopener\">CetO<\/a>, <a href=\"http:\/\/lyonelkaufmann.me\/category\/photo-du-mois\/\" target=\"_blank\" rel=\"noopener\">Lyonelk<\/a>, <a href=\"http:\/\/woocares.wordpress.com\/\" target=\"_blank\" rel=\"noopener\">Woocares<\/a>, <a href=\"http:\/\/philae.over-blog.com\" target=\"_blank\" rel=\"noopener\">Philae<\/a>, <a href=\"http:\/\/mauricemonamour.blogspot.fr\/\" target=\"_blank\" rel=\"noopener\">MauriceMonAmour<\/a>, <a href=\"http:\/\/blueedel.wordpress.com\/\" target=\"_blank\" rel=\"noopener\">Blue Edel<\/a>, <a href=\"http:\/\/tambour-major.blogspot.ca\/search\/label\/La%20photo%20du%20mois\" target=\"_blank\" rel=\"noopener\">Tambour Major<\/a>, <a href=\"http:\/\/wonderlandalice.wordpress.com\/\" target=\"_blank\" rel=\"noopener\">Alice Wonderland<\/a>, <a href=\"http:\/\/www.journaldunenicoise.com\" target=\"_blank\" rel=\"noopener\">Journal d&rsquo;une Ni\u00e7oise<\/a>, <a href=\"http:\/\/jemelivre.blogspot.fr\/\" target=\"_blank\" rel=\"noopener\">Philisine Cave<\/a>, <a href=\"http:\/\/www.laulinea.com\/\" target=\"_blank\" rel=\"noopener\">Laulinea<\/a>, <a href=\"http:\/\/www.kkhuete-en-bretannie.fr\/\" target=\"_blank\" rel=\"noopener\">KK-hu\u00e8te En Bretannie<\/a>, <a href=\"http:\/\/www.mon-ecrin-de-passions.com\/\" target=\"_blank\" rel=\"noopener\">Lavandine83<\/a>, <a href=\"http:\/\/www.destination-montreal.net\" target=\"_blank\" rel=\"noopener\">Destination Montr\u00e9al<\/a>, <a href=\"http:\/\/mytravelswithlove.blogspot.fr\/\" target=\"_blank\" rel=\"noopener\">Autour de Cia<\/a>, <a href=\"http:\/\/lesphotosdelaurie.blogspot.fr\/\" target=\"_blank\" rel=\"noopener\">Laurie<\/a>, <a href=\"http:\/\/fanfanraccoons.blogspot.com\" target=\"_blank\" rel=\"noopener\">Fanfan Raccoon<\/a>, <a href=\"http:\/\/rythme-indigo.blogspot.com\" target=\"_blank\" rel=\"noopener\">Rythme Indigo<\/a>, <a href=\"http:\/\/tuxana.blogspot.ca\/\" target=\"_blank\" rel=\"noopener\">Tuxana<\/a>, <a href=\"http:\/\/www.salondetheberlinois.com\/\" target=\"_blank\" rel=\"noopener\">Salon de Th\u00e9<\/a>, <a href=\"http:\/\/leblogdekat.com\" target=\"_blank\" rel=\"noopener\">A&rsquo;icha<\/a>, <a href=\"http:\/\/sinuaisons.wordpress.com\/category\/la-photo-du-mois\/\" target=\"_blank\" rel=\"noopener\">Sinuaisons<\/a>, <a href=\"http:\/\/www.lafilledelair.com\/blog\/la-photo-du-mois\/\" target=\"_blank\" rel=\"noopener\">La Fille de l&rsquo;Air<\/a>, <a href=\"http:\/\/pilisi.over-blog.com\/tag\/Photo%20du%20mois\/\" target=\"_blank\" rel=\"noopener\">Pilisi<\/a>, <a href=\"http:\/\/cocovin.net\/\" target=\"_blank\" rel=\"noopener\">Alban<\/a>, <a href=\"http:\/\/2mainsetkelkesriens.blogspot.ca\" target=\"_blank\" rel=\"noopener\">Agn\u00e8s<\/a>, <a href=\"http:\/\/luniversdetataflo.eklablog.fr\/\" target=\"_blank\" rel=\"noopener\">Tataflo<\/a>, <a href=\"http:\/\/www.voyagerenphotos.com\" target=\"_blank\" rel=\"noopener\">Voyager en photo<\/a>, <a href=\"http:\/\/luckasetmoi.blogspot.fr\/\" target=\"_blank\" rel=\"noopener\">Luckasetmoi<\/a>, <a href=\"http:\/\/www.jenaique2pieds.blogspot.com\" target=\"_blank\" rel=\"noopener\">Loulou<\/a>, <a href=\"http:\/\/mysweetescape.fr\/\" target=\"_blank\" rel=\"noopener\">Chlo\u00e9<\/a>, <a href=\"http:\/\/zoursland.com\" target=\"_blank\" rel=\"noopener\">Fr\u00e9d\u00e9ric<\/a>, <a href=\"http:\/\/josydhoest.wordpress.com\/\" target=\"_blank\" rel=\"noopener\">Josette<\/a>, <a href=\"http:\/\/suissexpress.wordpress.com\/\" target=\"_blank\" rel=\"noopener\">Christophe<\/a>, <a href=\"http:\/\/krn-defouloir.blogspot.com\" target=\"_blank\" rel=\"noopener\">Krn<\/a>, <a href=\"http:\/\/frenchiesinparis.over-blog.com\" target=\"_blank\" rel=\"noopener\">C\u00e9line in Paris<\/a>, <a href=\"http:\/\/www.pixeline.fr\/tag\/photo-du-mois\/\" target=\"_blank\" rel=\"noopener\">Pixeline<\/a>, <a href=\"http:\/\/www.chiffonsandco.fr\" target=\"_blank\" rel=\"noopener\">Arwen<\/a>, <a href=\"http:\/\/isaquarel.canalblog.com\/archives\/la_photo_du_mois\/index.html\" target=\"_blank\" rel=\"noopener\">Isaquarel<\/a>, <a href=\"http:\/\/vraiefiction.blogspot.com\" target=\"_blank\" rel=\"noopener\">Guillaume<\/a>, <a href=\"http:\/\/www.memoriesfromanywhere.fr\/\" target=\"_blank\" rel=\"noopener\">Memories from anywhere<\/a>, <a href=\"http:\/\/www.claires-blog.com\" target=\"_blank\" rel=\"noopener\">Claire&rsquo;s Blog<\/a>, <a href=\"http:\/\/clicpassion.canalblog.com\" target=\"_blank\" rel=\"noopener\">Nicky<\/a>, <a href=\"http:\/\/akai-inthesky.blogspot.com\" target=\"_blank\" rel=\"noopener\">Akaieric<\/a>, <a href=\"http:\/\/koalisa.com\/\" target=\"_blank\" rel=\"noopener\">Koalisa<\/a>, <a href=\"http:\/\/www.lecturissime.com\/\" target=\"_blank\" rel=\"noopener\">Lecturissime<\/a>, <a href=\"http:\/\/homeos-tasie.blogspot.fr\/\" target=\"_blank\" rel=\"noopener\">Homeos-tasie<\/a>, <a href=\"http:\/\/www.unitedstatesofparis.com\" target=\"_blank\" rel=\"noopener\">Alexinparis<\/a>, <a href=\"http:\/\/www.lesbonheurs.fr\/\" target=\"_blank\" rel=\"noopener\">Les bonheurs d&rsquo;Anne &amp; Alex<\/a>, <a href=\"http:\/\/champagnefraise.wordpress.com\" target=\"_blank\" rel=\"noopener\">Champagne<\/a>, <a href=\"http:\/\/renepaulhenry.blogspot.com\" target=\"_blank\" rel=\"noopener\">Renepaulhenry<\/a>, <a href=\"http:\/\/blogoth67.wordpress.com\" target=\"_blank\" rel=\"noopener\">Blogoth67<\/a>, <a href=\"http:\/\/rosa888.canalblog.com\/\" target=\"_blank\" rel=\"noopener\">Rosa<\/a>, <a href=\"http:\/\/www.testinaute.com\/\" target=\"_blank\" rel=\"noopener\">Testinaute<\/a>, <a href=\"http:\/\/occident-express.hautetfort.com\" target=\"_blank\" rel=\"noopener\">Eurydice<\/a>, <a href=\"http:\/\/c-est-reparti.blogspot.com\/\" target=\"_blank\" rel=\"noopener\">Cara<\/a>, <a href=\"http:\/\/www.legrandbazardagathe.com\/\" target=\"_blank\" rel=\"noopener\">Agathe<\/a>, <a href=\"http:\/\/irissousmonarbre.blogspot.ch\/\" target=\"_blank\" rel=\"noopener\">Iris<\/a>, <a href=\"http:\/\/morganebyloosphoto.wordpress.com\" target=\"_blank\" rel=\"noopener\">Morgane Byloos Photography<\/a>, <a href=\"http:\/\/bonsbaisersdaustralie.wordpress.com\/category\/la-photo-du-mois\/\" target=\"_blank\" rel=\"noopener\">MissCarole<\/a>, <a href=\"http:\/\/www.dameskarlette.com\/\" target=\"_blank\" rel=\"noopener\">Dame Skarlette<\/a>, <a href=\"http:\/\/elpadawan.wordpress.com\" target=\"_blank\" rel=\"noopener\">El Padawan<\/a>, <a href=\"http:\/\/chezmamysoren.over-blog.com\" target=\"_blank\" rel=\"noopener\">Mamysoren<\/a>, <a href=\"http:\/\/yvettelachouette.com\/\" target=\"_blank\" rel=\"noopener\">Yvette la Chouette<\/a>, <a href=\"http:\/\/derriere-mes-yeux.blogspot.fr\/\" target=\"_blank\" rel=\"noopener\">Aude<\/a>, <a href=\"http:\/\/vudubalcon.blogspot.fr\" target=\"_blank\" rel=\"noopener\">Fran\u00e7ois le Ni\u00e7ois<\/a>, <a href=\"http:\/\/enilecenna.blogspot.fr\/\" target=\"_blank\" rel=\"noopener\">C\u00e9line<\/a>, <a href=\"http:\/\/www.mylittleroad.com\/\" target=\"_blank\" rel=\"noopener\">MyLittleRoad<\/a>, <a href=\"http:\/\/cpiro.wpweb.fr\/\" target=\"_blank\" rel=\"noopener\">C\u00e9cileP<\/a>, <a href=\"http:\/\/cestpasmoijeljure.com\/\" target=\"_blank\" rel=\"noopener\">Dr. CaSo<\/a>, <a href=\"http:\/\/brindille33.wordpress.com\/\" target=\"_blank\" rel=\"noopener\">Brindille<\/a>, <a href=\"http:\/\/naichatime.com\" target=\"_blank\" rel=\"noopener\">Suki<\/a>, <a href=\"http:\/\/www.my-little-reflex.com\/blog\/la-photo-du-mois\/\" target=\"_blank\" rel=\"noopener\">My Little Reflex<\/a>, <a href=\"http:\/\/mapassionbento.blogspot.fr\/\" target=\"_blank\" rel=\"noopener\">DelphineF<\/a>, <a href=\"http:\/\/www.legaletas.net\/blog\/index.php\" target=\"_blank\" rel=\"noopener\">Gilsoub<\/a>, <a href=\"http:\/\/cupsofenglishtea.com\/\" target=\"_blank\" rel=\"noopener\">Kenza<\/a>, <a href=\"http:\/\/blog.lesprincessesdemarie.com\/\" target=\"_blank\" rel=\"noopener\">princesse Emalia<\/a>, <a href=\"http:\/\/macatou.wordpress.com\/\" target=\"_blank\" rel=\"noopener\">Thalie<\/a>, <a href=\"http:\/\/lafeedulogis43.over-blog.fr\" target=\"_blank\" rel=\"noopener\">Giselle 43<\/a>, <a href=\"http:\/\/souslesgalets.blogspot.com\" target=\"_blank\" rel=\"noopener\">Gal\u00e9a<\/a>, <a href=\"http:\/\/lorgnettedunjour.canalblog.com\/\" target=\"_blank\" rel=\"noopener\">Lavandine<\/a>, <a href=\"http:\/\/le-tour-du-monde-de-la-marmotte.over-blog.com\/\" target=\"_blank\" rel=\"noopener\">Marmotte<\/a>, <a href=\"http:\/\/blablabazar.over-blog.com\/\" target=\"_blank\" rel=\"noopener\">Sandrine<\/a>, <a href=\"http:\/\/www.lagaleriemilla.blogspot.fr\/\" target=\"_blank\" rel=\"noopener\">Milla la galerie<\/a>, <a href=\"http:\/\/anteketborka.blogspot.com\" target=\"_blank\" rel=\"noopener\">magda627<\/a>, <a href=\"http:\/\/utopique-lily.blogspot.com\" target=\"_blank\" rel=\"noopener\">Utopique-Lily<\/a>, <a href=\"http:\/\/1jalf.blogspot.ca\/\" target=\"_blank\" rel=\"noopener\">Nanouk<\/a>, <a href=\"http:\/\/toxiq.canalblog.com\" target=\"_blank\" rel=\"noopener\">BiGBuGS<\/a>, <a href=\"http:\/\/sublime-essence.over-blog.com\" target=\"_blank\" rel=\"noopener\">Bestofava<\/a>, <a href=\"http:\/\/xoliv.blogspot.fr\" target=\"_blank\" rel=\"noopener\">Xoliv&rsquo;<\/a>, <a href=\"http:\/\/www.malaxi.net\" target=\"_blank\" rel=\"noopener\">Laurent Nicolas<\/a>, <a href=\"http:\/\/mimireliton.blogspot.fr\" target=\"_blank\" rel=\"noopener\">Mimireliton<\/a>, <a href=\"http:\/\/toulonbyjulia.com\/blogtoulon\/\" target=\"_blank\" rel=\"noopener\">Julia<\/a>, <a href=\"http:\/\/woad.fr\/category\/photo-du-mois\/\" target=\"_blank\" rel=\"noopener\">Amy<\/a>, <a href=\"http:\/\/calamonique.com\/\" target=\"_blank\" rel=\"noopener\">Calamonique<\/a>.<\/p>\n","protected":false},"excerpt":{"rendered":"<p>Le th\u00e8me du mois, \u00ab Mais\u2026 kesk\u00e9c\u00e9 ? \u00bb, a \u00e9t\u00e9 choisi par Eric Milesi (http:\/\/akai-inthesky.blogspot.com). Sa pr\u00e9sentation du th\u00e8me : Oui alors, si je comprends bien, c\u2019est \u00e0 moi de choisir le th\u00e8me de la photo du mois de Mars ? Je vous pr\u00e9viens \u00e7a va \u00eatre tordu! Alors le th\u00e8me du mois de [&hellip;]<\/p>\n","protected":false},"author":1,"featured_media":14743,"comment_status":"open","ping_status":"open","sticky":false,"template":"","format":"standard","meta":{"_import_markdown_pro_load_document_selector":0,"_import_markdown_pro_submit_text_textarea":"","_genesis_hide_title":false,"_genesis_hide_breadcrumbs":false,"_genesis_hide_singular_image":false,"_genesis_hide_footer_widgets":false,"_genesis_custom_body_class":"","_genesis_custom_post_class":"","_genesis_layout":"","jetpack_post_was_ever_published":false,"_jetpack_newsletter_access":"","_jetpack_dont_email_post_to_subs":false,"_jetpack_newsletter_tier_id":0,"_jetpack_memberships_contains_paywalled_content":false,"_jetpack_memberships_contains_paid_content":false,"activitypub_content_warning":"","activitypub_content_visibility":"","activitypub_max_image_attachments":3,"activitypub_interaction_policy_quote":"anyone","activitypub_status":"","footnotes":"","jetpack_publicize_message":"","jetpack_publicize_feature_enabled":true,"jetpack_social_post_already_shared":true,"jetpack_social_options":{"image_generator_settings":{"template":"fullscreen","default_image_id":0,"font":"","enabled":false},"version":2}},"categories":[4],"tags":[],"class_list":{"0":"post-12456","1":"post","2":"type-post","3":"status-publish","4":"format-standard","5":"has-post-thumbnail","7":"category-photo-du-mois","8":"entry"},"jetpack_publicize_connections":[],"featured_image_src":"https:\/\/i0.wp.com\/lyonelkaufmann.ch\/Blog\/wp-content\/uploads\/2015\/03\/IMGP0881.jpg?resize=600%2C400&ssl=1","featured_image_src_square":"https:\/\/i0.wp.com\/lyonelkaufmann.ch\/Blog\/wp-content\/uploads\/2015\/03\/IMGP0881.jpg?resize=600%2C600&ssl=1","author_info":{"display_name":"Lyonel Kaufmann","author_link":"https:\/\/lyonelkaufmann.ch\/Blog\/author\/lyonelk\/"},"jetpack_featured_media_url":"https:\/\/i0.wp.com\/lyonelkaufmann.ch\/Blog\/wp-content\/uploads\/2015\/03\/IMGP0881.jpg?fit=796%2C1200&ssl=1","jetpack_sharing_enabled":true,"jetpack_shortlink":"https:\/\/wp.me\/p1qtF4-3eU","jetpack-related-posts":[{"id":18234,"url":"https:\/\/lyonelkaufmann.ch\/Blog\/2017\/07\/15\/provocation-photo-du-mois\/","url_meta":{"origin":12456,"position":0},"title":"Provocation | Photo du mois","author":"Lyonel Kaufmann","date":"15 juillet 2017","format":false,"excerpt":"Le th\u00e8me de la photo du mois Provocation\u00a0a \u00e9t\u00e9 choisi par Morgane Byloos Photography (http:\/\/morganebyloosphoto.wordpress.com). Note de l\u2019auteur-e : dans tous les sens du terme Mon interpr\u00e9tation du th\u00e8me : \u00a0 Est-ce le choix de la photo qui est en soi une provocation par rapport au th\u00e8me choisi ? Est-ce\u2026","rel":"","context":"Dans &quot;Photo du mois&quot;","block_context":{"text":"Photo du mois","link":"https:\/\/lyonelkaufmann.ch\/Blog\/category\/photo-du-mois\/"},"img":{"alt_text":"","src":"https:\/\/i0.wp.com\/lyonelkaufmann.ch\/Blog\/wp-content\/uploads\/2017\/07\/image.jpg?fit=1200%2C800&ssl=1&resize=350%2C200","width":350,"height":200,"srcset":"https:\/\/i0.wp.com\/lyonelkaufmann.ch\/Blog\/wp-content\/uploads\/2017\/07\/image.jpg?fit=1200%2C800&ssl=1&resize=350%2C200 1x, https:\/\/i0.wp.com\/lyonelkaufmann.ch\/Blog\/wp-content\/uploads\/2017\/07\/image.jpg?fit=1200%2C800&ssl=1&resize=525%2C300 1.5x, https:\/\/i0.wp.com\/lyonelkaufmann.ch\/Blog\/wp-content\/uploads\/2017\/07\/image.jpg?fit=1200%2C800&ssl=1&resize=700%2C400 2x, https:\/\/i0.wp.com\/lyonelkaufmann.ch\/Blog\/wp-content\/uploads\/2017\/07\/image.jpg?fit=1200%2C800&ssl=1&resize=1050%2C600 3x"},"classes":[]},{"id":15559,"url":"https:\/\/lyonelkaufmann.ch\/Blog\/2016\/01\/15\/jardin-secret-photo-du-mois\/","url_meta":{"origin":12456,"position":1},"title":"Jardin secret | Photo du mois","author":"Lyonel Kaufmann","date":"15 janvier 2016","format":"image","excerpt":"Th\u00e8me de ce mois : Jardin Secret, choisi par Cara (http:\/\/c-est-reparti.blogspot.com\/). Sa pr\u00e9sentation du th\u00e8me : Puisque c'est moi qui ai l'honneur de choisir le th\u00e8me pour le mois de janvier (malgr\u00e9 mon retard d'aujourd'hui, j'ai honte), le voici : \"Jardin secret\" A interpr\u00e9ter au sens propre comme au figur\u00e9...\u2026","rel":"","context":"Dans &quot;Photo du mois&quot;","block_context":{"text":"Photo du mois","link":"https:\/\/lyonelkaufmann.ch\/Blog\/category\/photo-du-mois\/"},"img":{"alt_text":"","src":"https:\/\/i0.wp.com\/lyonelkaufmann.ch\/Blog\/wp-content\/uploads\/2016\/01\/IMG_3528-e1453032575496-1-e1453032733699.jpg?fit=439%2C640&ssl=1&resize=350%2C200","width":350,"height":200},"classes":[]},{"id":18985,"url":"https:\/\/lyonelkaufmann.ch\/Blog\/2018\/01\/15\/festivites-apres-photo-du-mois\/","url_meta":{"origin":12456,"position":2},"title":"Festivit\u00e9s\u2026 (Apr\u00e8s) |\u00a0Photo du mois","author":"Lyonel Kaufmann","date":"15 janvier 2018","format":false,"excerpt":"Le th\u00e8me de ce mois, Festivit\u00e9s a \u00e9t\u00e9 choisi par Sous mon arbre (http:\/\/irissousmonarbre.blogspot.ch\/) dans la joie et l'all\u00e9gresse , \u00e9v\u00e9nements publics , ou familial , les r\u00e9jouissances en tout genre ne manquent pas dans une ann\u00e9e Allez hop : soyons fou Mon interpr\u00e9tation du th\u00e8me : Interpr\u00e9tation, je l'avoue,\u2026","rel":"","context":"Dans &quot;Photo du mois&quot;","block_context":{"text":"Photo du mois","link":"https:\/\/lyonelkaufmann.ch\/Blog\/category\/photo-du-mois\/"},"img":{"alt_text":"","src":"https:\/\/i0.wp.com\/lyonelkaufmann.ch\/Blog\/wp-content\/uploads\/2018\/01\/imgp5459.jpg?fit=1200%2C797&ssl=1&resize=350%2C200","width":350,"height":200,"srcset":"https:\/\/i0.wp.com\/lyonelkaufmann.ch\/Blog\/wp-content\/uploads\/2018\/01\/imgp5459.jpg?fit=1200%2C797&ssl=1&resize=350%2C200 1x, https:\/\/i0.wp.com\/lyonelkaufmann.ch\/Blog\/wp-content\/uploads\/2018\/01\/imgp5459.jpg?fit=1200%2C797&ssl=1&resize=525%2C300 1.5x, https:\/\/i0.wp.com\/lyonelkaufmann.ch\/Blog\/wp-content\/uploads\/2018\/01\/imgp5459.jpg?fit=1200%2C797&ssl=1&resize=700%2C400 2x, https:\/\/i0.wp.com\/lyonelkaufmann.ch\/Blog\/wp-content\/uploads\/2018\/01\/imgp5459.jpg?fit=1200%2C797&ssl=1&resize=1050%2C600 3x"},"classes":[]},{"id":11213,"url":"https:\/\/lyonelkaufmann.ch\/Blog\/2014\/02\/15\/chaudfroid-photo-du-mois\/","url_meta":{"origin":12456,"position":3},"title":"Chaud\/Froid | Photo du mois","author":"Lyonel Kaufmann","date":"15 f\u00e9vrier 2014","format":false,"excerpt":"Comme tous les 15 de chaque mois \u00e0 12:00 tapantes, c\u2019est l\u2019heure de la photo du mois. Ce mois-ci, le th\u00e8me est \u00able froid ou le chaud\u00bb, choisi par Renepaulhenry :\u00a0http:\/\/renepaulhenry.blogspot.com. L'explication du th\u00e8me par Renepaulhenry : \u00abJ'ai l'honneur de choisir le th\u00e8me du mois prochain. Ce sera un th\u00e8me\u2026","rel":"","context":"Dans &quot;Photo du mois&quot;","block_context":{"text":"Photo du mois","link":"https:\/\/lyonelkaufmann.ch\/Blog\/category\/photo-du-mois\/"},"img":{"alt_text":"","src":"https:\/\/i0.wp.com\/lyonelkaufmann.ch\/Blog\/wp-content\/uploads\/2014\/02\/14243725480_31c1f4bc6a_b.jpg?fit=683%2C1024&ssl=1&resize=350%2C200","width":350,"height":200,"srcset":"https:\/\/i0.wp.com\/lyonelkaufmann.ch\/Blog\/wp-content\/uploads\/2014\/02\/14243725480_31c1f4bc6a_b.jpg?fit=683%2C1024&ssl=1&resize=350%2C200 1x, https:\/\/i0.wp.com\/lyonelkaufmann.ch\/Blog\/wp-content\/uploads\/2014\/02\/14243725480_31c1f4bc6a_b.jpg?fit=683%2C1024&ssl=1&resize=525%2C300 1.5x"},"classes":[]},{"id":16493,"url":"https:\/\/lyonelkaufmann.ch\/Blog\/2016\/05\/15\/linfini-la-photo-du-mois\/","url_meta":{"origin":12456,"position":4},"title":"L&rsquo;infini | La Photo du mois","author":"Lyonel Kaufmann","date":"15 mai 2016","format":false,"excerpt":"Ce mois, le th\u00e8me Infini a \u00e9t\u00e9 choisi par Christophe (http:\/\/suissexpress.wordpress.com) Son commentaire : J'ai choisi de vous proposer le th\u00e8me suivant: infini. Vous \u00eates totalement libre d'interpr\u00e9ter l'infini comme bon vous semble: philosophiquement, math\u00e9matiquement, etc... Mon interpr\u00e9tation du th\u00e8me : Pour ma part, j'ai choisi une photo de paysage\u2026","rel":"","context":"Dans &quot;Photo du mois&quot;","block_context":{"text":"Photo du mois","link":"https:\/\/lyonelkaufmann.ch\/Blog\/category\/photo-du-mois\/"},"img":{"alt_text":"","src":"https:\/\/i0.wp.com\/lyonelkaufmann.ch\/Blog\/wp-content\/uploads\/2016\/05\/image-7.jpeg?fit=1200%2C800&ssl=1&resize=350%2C200","width":350,"height":200,"srcset":"https:\/\/i0.wp.com\/lyonelkaufmann.ch\/Blog\/wp-content\/uploads\/2016\/05\/image-7.jpeg?fit=1200%2C800&ssl=1&resize=350%2C200 1x, https:\/\/i0.wp.com\/lyonelkaufmann.ch\/Blog\/wp-content\/uploads\/2016\/05\/image-7.jpeg?fit=1200%2C800&ssl=1&resize=525%2C300 1.5x, https:\/\/i0.wp.com\/lyonelkaufmann.ch\/Blog\/wp-content\/uploads\/2016\/05\/image-7.jpeg?fit=1200%2C800&ssl=1&resize=700%2C400 2x, https:\/\/i0.wp.com\/lyonelkaufmann.ch\/Blog\/wp-content\/uploads\/2016\/05\/image-7.jpeg?fit=1200%2C800&ssl=1&resize=1050%2C600 3x"},"classes":[]},{"id":18822,"url":"https:\/\/lyonelkaufmann.ch\/Blog\/2017\/11\/15\/ambiance-automnale-photo-du-mois\/","url_meta":{"origin":12456,"position":5},"title":"Ambiance automnale |\u00a0Photo du mois","author":"Lyonel Kaufmann","date":"15 novembre 2017","format":false,"excerpt":"Le th\u00e8me de ce mois Ambiance automnale a \u00e9t\u00e9 choisi par Josette (http:\/\/josydhoest.wordpress.com\/) Elle est partout en ce moment ! Dans la couleur \u2026 Dans les balades \u2026 Dans les fruits et les l\u00e9gumes \u2026 Dans les f\u00eates, les fleurs et les comm\u00e9morations \u2026 Et plus encore ! Je ne\u2026","rel":"","context":"Dans &quot;Photo du mois&quot;","block_context":{"text":"Photo du mois","link":"https:\/\/lyonelkaufmann.ch\/Blog\/category\/photo-du-mois\/"},"img":{"alt_text":"","src":"https:\/\/i0.wp.com\/lyonelkaufmann.ch\/Blog\/wp-content\/uploads\/2017\/11\/IMG_0567.jpg?fit=1200%2C800&ssl=1&resize=350%2C200","width":350,"height":200,"srcset":"https:\/\/i0.wp.com\/lyonelkaufmann.ch\/Blog\/wp-content\/uploads\/2017\/11\/IMG_0567.jpg?fit=1200%2C800&ssl=1&resize=350%2C200 1x, https:\/\/i0.wp.com\/lyonelkaufmann.ch\/Blog\/wp-content\/uploads\/2017\/11\/IMG_0567.jpg?fit=1200%2C800&ssl=1&resize=525%2C300 1.5x, https:\/\/i0.wp.com\/lyonelkaufmann.ch\/Blog\/wp-content\/uploads\/2017\/11\/IMG_0567.jpg?fit=1200%2C800&ssl=1&resize=700%2C400 2x, https:\/\/i0.wp.com\/lyonelkaufmann.ch\/Blog\/wp-content\/uploads\/2017\/11\/IMG_0567.jpg?fit=1200%2C800&ssl=1&resize=1050%2C600 3x"},"classes":[]}],"jetpack_likes_enabled":true,"_links":{"self":[{"href":"https:\/\/lyonelkaufmann.ch\/Blog\/wp-json\/wp\/v2\/posts\/12456","targetHints":{"allow":["GET"]}}],"collection":[{"href":"https:\/\/lyonelkaufmann.ch\/Blog\/wp-json\/wp\/v2\/posts"}],"about":[{"href":"https:\/\/lyonelkaufmann.ch\/Blog\/wp-json\/wp\/v2\/types\/post"}],"author":[{"embeddable":true,"href":"https:\/\/lyonelkaufmann.ch\/Blog\/wp-json\/wp\/v2\/users\/1"}],"replies":[{"embeddable":true,"href":"https:\/\/lyonelkaufmann.ch\/Blog\/wp-json\/wp\/v2\/comments?post=12456"}],"version-history":[{"count":1,"href":"https:\/\/lyonelkaufmann.ch\/Blog\/wp-json\/wp\/v2\/posts\/12456\/revisions"}],"predecessor-version":[{"id":24810,"href":"https:\/\/lyonelkaufmann.ch\/Blog\/wp-json\/wp\/v2\/posts\/12456\/revisions\/24810"}],"wp:featuredmedia":[{"embeddable":true,"href":"https:\/\/lyonelkaufmann.ch\/Blog\/wp-json\/wp\/v2\/media\/14743"}],"wp:attachment":[{"href":"https:\/\/lyonelkaufmann.ch\/Blog\/wp-json\/wp\/v2\/media?parent=12456"}],"wp:term":[{"taxonomy":"category","embeddable":true,"href":"https:\/\/lyonelkaufmann.ch\/Blog\/wp-json\/wp\/v2\/categories?post=12456"},{"taxonomy":"post_tag","embeddable":true,"href":"https:\/\/lyonelkaufmann.ch\/Blog\/wp-json\/wp\/v2\/tags?post=12456"}],"curies":[{"name":"wp","href":"https:\/\/api.w.org\/{rel}","templated":true}]}}