{"id":12690,"date":"2011-03-02T20:42:44","date_gmt":"2011-03-02T20:42:44","guid":{"rendered":"https:\/\/lyonelkaufmann.ch\/Blog\/?p=4457"},"modified":"2011-03-02T20:42:44","modified_gmt":"2011-03-02T20:42:44","slug":"des-gens-tres-bien","status":"publish","type":"post","link":"https:\/\/lyonelkaufmann.ch\/Blog\/2011\/03\/02\/des-gens-tres-bien\/","title":{"rendered":"Des gens tr\u00e8s bien"},"content":{"rendered":"<figure id=\"attachment_4458\" aria-describedby=\"caption-attachment-4458\" style=\"width: 290px\" class=\"wp-caption aligncenter\"><a href=\"https:\/\/i0.wp.com\/lyonelkaufmann.ch\/Blog\/wp-content\/uploads\/2011\/03\/JeanJardin.jpg\"><img data-recalc-dims=\"1\" loading=\"lazy\" decoding=\"async\" class=\"size-thumbnail wp-image-4458\" title=\"JeanJardin\" src=\"https:\/\/i0.wp.com\/lyonelkaufmann.ch\/Blog\/wp-content\/uploads\/2011\/03\/JeanJardin-290x286.jpg?resize=290%2C286\" alt=\"\" width=\"290\" height=\"286\" \/><\/a><figcaption id=\"caption-attachment-4458\" class=\"wp-caption-text\">Jean Jardin. Photo : Getty<\/figcaption><\/figure>\n<blockquote><p>Si Pierre Assouline, Juif de confession et de coeur, ne trouvait pas en 1986 motif \u00e0 s&rsquo;indigner de l&rsquo;aveuglement de Jean Jardin, on comprend qu&rsquo;en 1942 les gens tr\u00e8s bien s&rsquo;y soient vautr\u00e9s sans \u00e9tat d&rsquo;\u00e2me\u2026<\/p><\/blockquote>\n<p style=\"text-align:right;\">Alexandre Jardin (2010). <em>Des gens tr\u00e8s bien.<\/em> Paris: Grasset, p. 260<\/p>\n","protected":false},"excerpt":{"rendered":"<p>Si Pierre Assouline, Juif de confession et de coeur, ne trouvait pas en 1986 motif \u00e0 s&rsquo;indigner de l&rsquo;aveuglement de Jean Jardin, on comprend qu&rsquo;en 1942 les gens tr\u00e8s bien s&rsquo;y soient vautr\u00e9s sans \u00e9tat d&rsquo;\u00e2me\u2026 Alexandre Jardin (2010). Des gens tr\u00e8s bien. Paris: Grasset, p. 260<\/p>\n","protected":false},"author":1,"featured_media":13838,"comment_status":"open","ping_status":"open","sticky":false,"template":"","format":"aside","meta":{"_import_markdown_pro_load_document_selector":0,"_import_markdown_pro_submit_text_textarea":"","_genesis_hide_title":false,"_genesis_hide_breadcrumbs":false,"_genesis_hide_singular_image":false,"_genesis_hide_footer_widgets":false,"_genesis_custom_body_class":"","_genesis_custom_post_class":"","_genesis_layout":"","jetpack_post_was_ever_published":false,"_jetpack_newsletter_access":"","_jetpack_dont_email_post_to_subs":false,"_jetpack_newsletter_tier_id":0,"_jetpack_memberships_contains_paywalled_content":false,"_jetpack_memberships_contains_paid_content":false,"activitypub_content_warning":"","activitypub_content_visibility":"","activitypub_max_image_attachments":3,"activitypub_interaction_policy_quote":"anyone","activitypub_status":"","footnotes":"","jetpack_publicize_message":"","jetpack_publicize_feature_enabled":true,"jetpack_social_post_already_shared":true,"jetpack_social_options":{"image_generator_settings":{"template":"fullscreen","default_image_id":0,"font":"","enabled":false},"version":2}},"categories":[3,2],"tags":[],"class_list":{"0":"post-12690","1":"post","2":"type-post","3":"status-publish","4":"format-aside","5":"has-post-thumbnail","7":"category-blogcafe-2","8":"category-histoire-2","9":"post_format-post-format-aside","10":"entry"},"jetpack_publicize_connections":[],"featured_image_src":"https:\/\/i0.wp.com\/lyonelkaufmann.ch\/Blog\/wp-content\/uploads\/2015\/03\/JeanJardin-290x286.jpg?resize=290%2C286&ssl=1","featured_image_src_square":"https:\/\/i0.wp.com\/lyonelkaufmann.ch\/Blog\/wp-content\/uploads\/2015\/03\/JeanJardin-290x286.jpg?resize=290%2C286&ssl=1","author_info":{"display_name":"Lyonel Kaufmann","author_link":"https:\/\/lyonelkaufmann.ch\/Blog\/author\/lyonelk\/"},"jetpack_featured_media_url":"https:\/\/i0.wp.com\/lyonelkaufmann.ch\/Blog\/wp-content\/uploads\/2015\/03\/JeanJardin-290x286.jpg?fit=290%2C286&ssl=1","jetpack_sharing_enabled":true,"jetpack_shortlink":"https:\/\/wp.me\/p1qtF4-3iG","jetpack-related-posts":[{"id":14791,"url":"https:\/\/lyonelkaufmann.ch\/Blog\/2015\/04\/06\/a-papillons2015-quebec\/","url_meta":{"origin":12690,"position":0},"title":"A #Papillons2015 |\u00a0Qu\u00e9bec 2015","author":"Lyonel Kaufmann","date":"6 avril 2015","format":false,"excerpt":"Superbe visite ce dimanche \u00e0 Montr\u00e9al au Jardin botanique avec l'exposition Papillons en libert\u00e9 | Couleurs papillons. Cette exposition a lieu du 19 f\u00e9vrier au 26 avril 2015. D\u00e8s le premier pas dans la grande serre, on assiste \u00e0 un v\u00e9ritable ballet de couleurs chatoyantes et lumineuses. On y circule\u2026","rel":"","context":"Dans &quot;Blogcaf\u00e9&quot;","block_context":{"text":"Blogcaf\u00e9","link":"https:\/\/lyonelkaufmann.ch\/Blog\/category\/blogcafe-2\/"},"img":{"alt_text":"","src":"https:\/\/i0.wp.com\/lyonelkaufmann.ch\/Blog\/wp-content\/uploads\/2015\/04\/Papillons2015-X2.jpg?fit=1200%2C798&ssl=1&resize=350%2C200","width":350,"height":200,"srcset":"https:\/\/i0.wp.com\/lyonelkaufmann.ch\/Blog\/wp-content\/uploads\/2015\/04\/Papillons2015-X2.jpg?fit=1200%2C798&ssl=1&resize=350%2C200 1x, https:\/\/i0.wp.com\/lyonelkaufmann.ch\/Blog\/wp-content\/uploads\/2015\/04\/Papillons2015-X2.jpg?fit=1200%2C798&ssl=1&resize=525%2C300 1.5x, https:\/\/i0.wp.com\/lyonelkaufmann.ch\/Blog\/wp-content\/uploads\/2015\/04\/Papillons2015-X2.jpg?fit=1200%2C798&ssl=1&resize=700%2C400 2x, https:\/\/i0.wp.com\/lyonelkaufmann.ch\/Blog\/wp-content\/uploads\/2015\/04\/Papillons2015-X2.jpg?fit=1200%2C798&ssl=1&resize=1050%2C600 3x"},"classes":[]},{"id":633,"url":"https:\/\/lyonelkaufmann.ch\/Blog\/2007\/06\/07\/lausanne-sur-toscane\/","url_meta":{"origin":12690,"position":1},"title":"Lausanne sur Toscane","author":"Lyonel Kaufmann","date":"7 juin 2007","format":"aside","excerpt":".flickr-photo { border: solid 2px #000000; } .flickr-yourcomment { } .flickr-frame { text-align: left; padding: 3px; } .flickr-caption { font-size: 0.8em; margin-top: 0px; } \u00a0 Lausanne7.jpg, Photo h\u00e9berg\u00e9e par lyonelkaufmann. Variation photographique et architecturale avec Lausanne comme sujet. En choisissant ce cadrage, j'y trouve un petit air de Toscane dans\u2026","rel":"","context":"Dans &quot;Blogcaf\u00e9&quot;","block_context":{"text":"Blogcaf\u00e9","link":"https:\/\/lyonelkaufmann.ch\/Blog\/category\/blogcafe-2\/"},"img":{"alt_text":"","src":"https:\/\/i0.wp.com\/lyonelkaufmann.ch\/Blog\/wp-content\/uploads\/2015\/03\/533837765_74137f546d.jpg?fit=318%2C500&ssl=1&resize=350%2C200","width":350,"height":200},"classes":[]},{"id":7803,"url":"https:\/\/lyonelkaufmann.ch\/Blog\/2007\/04\/14\/rene-remond-entre-tradition-memoire-et-histoire-1918-2007\/","url_meta":{"origin":12690,"position":2},"title":"Ren\u00e9 R\u00e9mond, entre tradition, m\u00e9moire et histoire (1918-2007)","author":"Lyonel Kaufmann","date":"14 avril 2007","format":false,"excerpt":"L'historien et acad\u00e9micien Ren\u00e9 R\u00e9mond est mort dans la nuit de vendredi \u00e0 samedi. Comme le dit Hugo Billard sur son blog, \u00e7a fait un peu beaucoup apr\u00e8s les d\u00e9c\u00e8s ces derniers mois de Pierre Vidal-Naquet, Jacques Ozouf Jean-Pierre Vernant et Lucie Aubrac. La communaut\u00e9 des historiens engag\u00e9s et des\u2026","rel":"","context":"Dans &quot;histoire&quot;","block_context":{"text":"histoire","link":"https:\/\/lyonelkaufmann.ch\/Blog\/category\/histoire-2\/"},"img":{"alt_text":"","src":"","width":0,"height":0},"classes":[]},{"id":8857,"url":"https:\/\/lyonelkaufmann.ch\/Blog\/2012\/12\/20\/jardin-dhiver-photo-du-jour\/","url_meta":{"origin":12690,"position":3},"title":"Jardin d&rsquo;hiver | Photo du jour","author":"Lyonel Kaufmann","date":"20 d\u00e9cembre 2012","format":"image","excerpt":"Coup d'oeil sur jardin en plein Vevey","rel":"","context":"Dans &quot;Photo du jour&quot;","block_context":{"text":"Photo du jour","link":"https:\/\/lyonelkaufmann.ch\/Blog\/category\/photo-du-jour\/"},"img":{"alt_text":"","src":"https:\/\/i0.wp.com\/lyonelkaufmann.ch\/Blog\/wp-content\/uploads\/2015\/03\/Jardin-dhiver-L.jpg?fit=398%2C600&ssl=1&resize=350%2C200","width":350,"height":200},"classes":[]},{"id":18532,"url":"https:\/\/lyonelkaufmann.ch\/Blog\/2017\/09\/27\/jardin-du-rivage-1\/","url_meta":{"origin":12690,"position":4},"title":"Jardin du Rivage (1)","author":"Lyonel Kaufmann","date":"27 septembre 2017","format":false,"excerpt":"Jardin du Rivage @ Vevey, vendredi 22 septembre 2017","rel":"","context":"Dans &quot;Photo du jour&quot;","block_context":{"text":"Photo du jour","link":"https:\/\/lyonelkaufmann.ch\/Blog\/category\/photo-du-jour\/"},"img":{"alt_text":"","src":"https:\/\/i0.wp.com\/lyonelkaufmann.ch\/Blog\/wp-content\/uploads\/2017\/09\/Image-26.09.17-23-42.jpeg?fit=1200%2C798&ssl=1&resize=350%2C200","width":350,"height":200,"srcset":"https:\/\/i0.wp.com\/lyonelkaufmann.ch\/Blog\/wp-content\/uploads\/2017\/09\/Image-26.09.17-23-42.jpeg?fit=1200%2C798&ssl=1&resize=350%2C200 1x, https:\/\/i0.wp.com\/lyonelkaufmann.ch\/Blog\/wp-content\/uploads\/2017\/09\/Image-26.09.17-23-42.jpeg?fit=1200%2C798&ssl=1&resize=525%2C300 1.5x, https:\/\/i0.wp.com\/lyonelkaufmann.ch\/Blog\/wp-content\/uploads\/2017\/09\/Image-26.09.17-23-42.jpeg?fit=1200%2C798&ssl=1&resize=700%2C400 2x, https:\/\/i0.wp.com\/lyonelkaufmann.ch\/Blog\/wp-content\/uploads\/2017\/09\/Image-26.09.17-23-42.jpeg?fit=1200%2C798&ssl=1&resize=1050%2C600 3x"},"classes":[]},{"id":18541,"url":"https:\/\/lyonelkaufmann.ch\/Blog\/2017\/09\/28\/jardin-du-rivage-2\/","url_meta":{"origin":12690,"position":5},"title":"Jardin du Rivage (2)","author":"Lyonel Kaufmann","date":"28 septembre 2017","format":false,"excerpt":"Jardin du Rivage @ Vevey, vendredi 22 septembre 2017","rel":"","context":"Dans &quot;Photo du jour&quot;","block_context":{"text":"Photo du jour","link":"https:\/\/lyonelkaufmann.ch\/Blog\/category\/photo-du-jour\/"},"img":{"alt_text":"","src":"https:\/\/i0.wp.com\/lyonelkaufmann.ch\/Blog\/wp-content\/uploads\/2017\/09\/Image-26.09.17-23-50-1.jpeg?fit=1200%2C798&ssl=1&resize=350%2C200","width":350,"height":200,"srcset":"https:\/\/i0.wp.com\/lyonelkaufmann.ch\/Blog\/wp-content\/uploads\/2017\/09\/Image-26.09.17-23-50-1.jpeg?fit=1200%2C798&ssl=1&resize=350%2C200 1x, https:\/\/i0.wp.com\/lyonelkaufmann.ch\/Blog\/wp-content\/uploads\/2017\/09\/Image-26.09.17-23-50-1.jpeg?fit=1200%2C798&ssl=1&resize=525%2C300 1.5x, https:\/\/i0.wp.com\/lyonelkaufmann.ch\/Blog\/wp-content\/uploads\/2017\/09\/Image-26.09.17-23-50-1.jpeg?fit=1200%2C798&ssl=1&resize=700%2C400 2x, https:\/\/i0.wp.com\/lyonelkaufmann.ch\/Blog\/wp-content\/uploads\/2017\/09\/Image-26.09.17-23-50-1.jpeg?fit=1200%2C798&ssl=1&resize=1050%2C600 3x"},"classes":[]}],"jetpack_likes_enabled":true,"_links":{"self":[{"href":"https:\/\/lyonelkaufmann.ch\/Blog\/wp-json\/wp\/v2\/posts\/12690","targetHints":{"allow":["GET"]}}],"collection":[{"href":"https:\/\/lyonelkaufmann.ch\/Blog\/wp-json\/wp\/v2\/posts"}],"about":[{"href":"https:\/\/lyonelkaufmann.ch\/Blog\/wp-json\/wp\/v2\/types\/post"}],"author":[{"embeddable":true,"href":"https:\/\/lyonelkaufmann.ch\/Blog\/wp-json\/wp\/v2\/users\/1"}],"replies":[{"embeddable":true,"href":"https:\/\/lyonelkaufmann.ch\/Blog\/wp-json\/wp\/v2\/comments?post=12690"}],"version-history":[{"count":0,"href":"https:\/\/lyonelkaufmann.ch\/Blog\/wp-json\/wp\/v2\/posts\/12690\/revisions"}],"wp:featuredmedia":[{"embeddable":true,"href":"https:\/\/lyonelkaufmann.ch\/Blog\/wp-json\/wp\/v2\/media\/13838"}],"wp:attachment":[{"href":"https:\/\/lyonelkaufmann.ch\/Blog\/wp-json\/wp\/v2\/media?parent=12690"}],"wp:term":[{"taxonomy":"category","embeddable":true,"href":"https:\/\/lyonelkaufmann.ch\/Blog\/wp-json\/wp\/v2\/categories?post=12690"},{"taxonomy":"post_tag","embeddable":true,"href":"https:\/\/lyonelkaufmann.ch\/Blog\/wp-json\/wp\/v2\/tags?post=12690"}],"curies":[{"name":"wp","href":"https:\/\/api.w.org\/{rel}","templated":true}]}}