{"id":12702,"date":"2011-03-17T10:05:21","date_gmt":"2011-03-17T10:05:21","guid":{"rendered":"https:\/\/lyonelkaufmann.ch\/Blog\/?p=4487"},"modified":"2011-03-17T10:05:21","modified_gmt":"2011-03-17T10:05:21","slug":"pour-en-finir-avec-la-discipline-japonaise-article-owni-digital-journalism","status":"publish","type":"post","link":"https:\/\/lyonelkaufmann.ch\/Blog\/2011\/03\/17\/pour-en-finir-avec-la-discipline-japonaise-article-owni-digital-journalism\/","title":{"rendered":"Pour en finir avec la discipline japonaise | OWNI, Digital Journalism"},"content":{"rendered":"<p style=\"text-align:center;\"><a href=\"http:\/\/owni.fr\/2011\/03\/16\/pour-en-finir-avec-la-discipline-japonaise\/?utm_source=feedburner&amp;utm_medium=feed&amp;utm_campaign=Feed%3A+Owni+%28Owni%29\"><img data-recalc-dims=\"1\" height=\"200\" width=\"300\" decoding=\"async\" src=\"https:\/\/i0.wp.com\/lyonelkaufmann.ch\/Blog\/wp-content\/uploads\/2011\/03\/japon-300x200.jpg?resize=300%2C200\" alt=\"\" \/><\/a><\/p>\n<p>Olivier Tesquet revient sur les clich\u00e9s r\u00e9pandus dans les m\u00e9dias \u00e0 la suite du tsunami et du risque nucl\u00e9aire majeur qui s&rsquo;en est suivi \u00e0 Fukushima. Pour lui,<\/p>\n<blockquote><p>ce n\u2019est pas un quelconque esprit de corps qui est inscrit au patrimoine g\u00e9n\u00e9tique des Japonais, c\u2019est la culture du risque qui est inh\u00e9rente \u00e0 la g\u00e9ographie du pays. Ou alors, est-ce une culture de la catastrophe<\/p><\/blockquote>\n<p>dont <a href=\"http:\/\/www.slate.fr\/story\/35507\/culture-risque-culture-catastrophe\" target=\"_blank\">Slate<\/a> , nous indique Tesquet, \u00e9tablit le distinguo<\/p>\n<blockquote><p>La culture de la catastrophe, ou culture du danger, a un c\u00f4t\u00e9 fataliste au sens o\u00f9 elle suppose que les catastrophes se produiront de toute fa\u00e7on et qu\u2019il faut les accepter, alors que la culture du risque est \u00e0 l\u2019oppos\u00e9 m\u00eame de l\u2019acceptation.<\/p><\/blockquote>\n<p>via <a href=\"http:\/\/owni.fr\/2011\/03\/16\/pour-en-finir-avec-la-discipline-japonaise\/?utm_source=feedburner&amp;utm_medium=feed&amp;utm_campaign=Feed%3A+Owni+%28Owni%29\">Pour en finir avec la discipline japonaise \u00bb Article \u00bb OWNI, Digital Journalism<\/a>.<\/p>\n<p>Cr\u00e9dits photo: Flickr CC&nbsp;<a href=\"http:\/\/www.flickr.com\/photos\/uncle-leo\/3954136186\/sizes\/o\/in\/photostream\/\">Leo-set\u00e4<\/a>,&nbsp;<a>Leo-set\u00e4<\/a><\/p>\n","protected":false},"excerpt":{"rendered":"<p>Olivier Tesquet revient sur les clich\u00e9s r\u00e9pandus dans les m\u00e9dias \u00e0 la suite du tsunami et du risque nucl\u00e9aire majeur qui s&rsquo;en est suivi \u00e0 Fukushima. Pour lui, ce n\u2019est pas un quelconque esprit de corps qui est inscrit au patrimoine g\u00e9n\u00e9tique des Japonais, c\u2019est la culture du risque qui est inh\u00e9rente \u00e0 la g\u00e9ographie [&hellip;]<\/p>\n","protected":false},"author":1,"featured_media":13842,"comment_status":"open","ping_status":"open","sticky":false,"template":"","format":"aside","meta":{"_import_markdown_pro_load_document_selector":0,"_import_markdown_pro_submit_text_textarea":"","_genesis_hide_title":false,"_genesis_hide_breadcrumbs":false,"_genesis_hide_singular_image":false,"_genesis_hide_footer_widgets":false,"_genesis_custom_body_class":"","_genesis_custom_post_class":"","_genesis_layout":"","jetpack_post_was_ever_published":false,"_jetpack_newsletter_access":"","_jetpack_dont_email_post_to_subs":false,"_jetpack_newsletter_tier_id":0,"_jetpack_memberships_contains_paywalled_content":false,"_jetpack_memberships_contains_paid_content":false,"activitypub_content_warning":"","activitypub_content_visibility":"","activitypub_max_image_attachments":3,"activitypub_interaction_policy_quote":"anyone","activitypub_status":"","footnotes":"","jetpack_publicize_message":"","jetpack_publicize_feature_enabled":true,"jetpack_social_post_already_shared":true,"jetpack_social_options":{"image_generator_settings":{"template":"fullscreen","default_image_id":0,"font":"","enabled":false},"version":2}},"categories":[3,2],"tags":[],"class_list":{"0":"post-12702","1":"post","2":"type-post","3":"status-publish","4":"format-aside","5":"has-post-thumbnail","7":"category-blogcafe-2","8":"category-histoire-2","9":"post_format-post-format-aside","10":"entry"},"jetpack_publicize_connections":[],"featured_image_src":"https:\/\/i0.wp.com\/lyonelkaufmann.ch\/Blog\/wp-content\/uploads\/2015\/03\/japon-300x200.jpg?resize=300%2C200&ssl=1","featured_image_src_square":"https:\/\/i0.wp.com\/lyonelkaufmann.ch\/Blog\/wp-content\/uploads\/2015\/03\/japon-300x200.jpg?resize=300%2C200&ssl=1","author_info":{"display_name":"Lyonel Kaufmann","author_link":"https:\/\/lyonelkaufmann.ch\/Blog\/author\/lyonelk\/"},"jetpack_featured_media_url":"https:\/\/i0.wp.com\/lyonelkaufmann.ch\/Blog\/wp-content\/uploads\/2015\/03\/japon-300x200.jpg?fit=300%2C200&ssl=1","jetpack_sharing_enabled":true,"jetpack_shortlink":"https:\/\/wp.me\/p1qtF4-3iS","jetpack-related-posts":[{"id":7707,"url":"https:\/\/lyonelkaufmann.ch\/Blog\/2006\/05\/24\/marie-antoinette-en-ado-lassante-zero-de-conduite\/","url_meta":{"origin":12702,"position":0},"title":"Marie Antoinette en ado lassante (Z\u00e9ro de conduite)","author":"Lyonel Kaufmann","date":"24 mai 2006","format":false,"excerpt":"L'excellent site Z\u00e9ro de conduite (L'actualit\u00e9 \u00e9ducative au cin\u00e9ma) propose son compte-rendu du film, attendu sur la Croisette, de Sofia Coppola consacr\u00e9 \u00e0 Marie Antoinette. Le titre donne imm\u00e9diatement le ton de l'article: Marie Antoinette en ado lassante Sur le plan historique, Z\u00e9ro de conduite s'appuie justement sur l'analyse des\u2026","rel":"","context":"Dans &quot;Blogcaf\u00e9&quot;","block_context":{"text":"Blogcaf\u00e9","link":"https:\/\/lyonelkaufmann.ch\/Blog\/category\/blogcafe-2\/"},"img":{"alt_text":"","src":"https:\/\/i0.wp.com\/lyonelkaufmann.ch\/Blog\/wp-content\/uploads\/2015\/03\/blogcafe1.jpg?fit=1024%2C683&ssl=1&resize=350%2C200","width":350,"height":200,"srcset":"https:\/\/i0.wp.com\/lyonelkaufmann.ch\/Blog\/wp-content\/uploads\/2015\/03\/blogcafe1.jpg?fit=1024%2C683&ssl=1&resize=350%2C200 1x, https:\/\/i0.wp.com\/lyonelkaufmann.ch\/Blog\/wp-content\/uploads\/2015\/03\/blogcafe1.jpg?fit=1024%2C683&ssl=1&resize=525%2C300 1.5x, https:\/\/i0.wp.com\/lyonelkaufmann.ch\/Blog\/wp-content\/uploads\/2015\/03\/blogcafe1.jpg?fit=1024%2C683&ssl=1&resize=700%2C400 2x"},"classes":[]},{"id":12729,"url":"https:\/\/lyonelkaufmann.ch\/Blog\/2011\/06\/23\/culture-et-adolescents-une-possible-rencontre-latelier-des-icones\/","url_meta":{"origin":12702,"position":1},"title":"Culture et adolescents : une possible rencontre? |\u00a0L&rsquo;Atelier des ic\u00f4nes","author":"Lyonel Kaufmann","date":"23 juin 2011","format":"aside","excerpt":"Le 12 f\u00e9vrier 2011, l\u2019association Itin\u00e9raires bis organisait un colloque intitul\u00e9 Culture et adolescents: une possible rencontre? et invitait son public \u00e0 r\u00e9pondre aux questions suivantes: \u00abLes jeunes d\u2019aujourd\u2019hui sont-ils brouill\u00e9s avec la culture? Les adolescents ont-ils de nouvelles fa\u00e7ons de se cultiver? Comment faire na\u00eetre le d\u00e9sir de culture\u2026","rel":"","context":"Dans &quot;Blogcaf\u00e9&quot;","block_context":{"text":"Blogcaf\u00e9","link":"https:\/\/lyonelkaufmann.ch\/Blog\/category\/blogcafe-2\/"},"img":{"alt_text":"","src":"https:\/\/i0.wp.com\/lyonelkaufmann.ch\/Blog\/wp-content\/uploads\/2015\/03\/blogcafe1.jpg?fit=1024%2C683&ssl=1&resize=350%2C200","width":350,"height":200,"srcset":"https:\/\/i0.wp.com\/lyonelkaufmann.ch\/Blog\/wp-content\/uploads\/2015\/03\/blogcafe1.jpg?fit=1024%2C683&ssl=1&resize=350%2C200 1x, https:\/\/i0.wp.com\/lyonelkaufmann.ch\/Blog\/wp-content\/uploads\/2015\/03\/blogcafe1.jpg?fit=1024%2C683&ssl=1&resize=525%2C300 1.5x, https:\/\/i0.wp.com\/lyonelkaufmann.ch\/Blog\/wp-content\/uploads\/2015\/03\/blogcafe1.jpg?fit=1024%2C683&ssl=1&resize=700%2C400 2x"},"classes":[]},{"id":23185,"url":"https:\/\/lyonelkaufmann.ch\/Blog\/2022\/02\/10\/boude-par-le-cinema-le-cineaste-jean-pierre-jeunet-est-de-retour-sur-netflix\/","url_meta":{"origin":12702,"position":2},"title":"Boud\u00e9 par le cin\u00e9ma, le cin\u00e9aste Jean-Pierre Jeunet est de retour sur Netflix","author":"Lyonel Kaufmann","date":"10 f\u00e9vrier 2022","format":false,"excerpt":"Celui dont la filmographie cumule pr\u00e8s de 21 millions d'entr\u00e9es au box-office tricolore raconte le parcours du combattant qu'a \u00e9t\u00e9 la sortie de \"BigBug\", une com\u00e9die dystopique sur fond de guerre entre humains et robots, avec Elsa Zylberstein, Isabelle Nanty et Dominique Pinon (deux de ses acteurs f\u00e9tiches). \"Concr\u00e8tement, personne\u2026","rel":"","context":"Dans &quot;Blogcaf\u00e9&quot;","block_context":{"text":"Blogcaf\u00e9","link":"https:\/\/lyonelkaufmann.ch\/Blog\/category\/blogcafe-2\/"},"img":{"alt_text":"","src":"","width":0,"height":0},"classes":[]},{"id":4456,"url":"https:\/\/lyonelkaufmann.ch\/Blog\/2011\/02\/19\/la-photo-au-musee-ou-lappropriation-latelier-des\/","url_meta":{"origin":12702,"position":3},"title":"La photo au mus\u00e9e, ou l\u2019appropriation | L&rsquo;Atelier des ic\u00f4nes","author":"Lyonel Kaufmann","date":"19 f\u00e9vrier 2011","format":false,"excerpt":"Courbet, Le Combat de cerfs (restauration), Mus\u00e9e d\u2019Orsay. via culturevisuelle.org \u00abCroire que la haute culture peut \u00eatre un attribut naturel de la sensibilit\u00e9 est un paradoxe. La culture est culturelle, c\u2019est-\u00e0-dire apprise, et le visiteur de mus\u00e9e d\u00e9pourvu de bagage se sent tr\u00e8s mal \u00e0 l\u2019aise dans cet espace dont\u2026","rel":"","context":"Dans &quot;histoire&quot;","block_context":{"text":"histoire","link":"https:\/\/lyonelkaufmann.ch\/Blog\/category\/histoire-2\/"},"img":{"alt_text":"","src":"https:\/\/i0.wp.com\/lyonelkaufmann.ch\/Blog\/wp-content\/uploads\/2015\/03\/2384006399_6a4485ee311.jpg?fit=500%2C333&ssl=1&resize=350%2C200","width":350,"height":200},"classes":[]},{"id":4398,"url":"https:\/\/lyonelkaufmann.ch\/Blog\/2011\/02\/18\/la-photo-au-musee-ou-lappropriation-latelier-des-icones\/","url_meta":{"origin":12702,"position":4},"title":"La photo au mus\u00e9e, ou l\u2019appropriation | L&rsquo;Atelier des ic\u00f4nes","author":"Lyonel Kaufmann","date":"18 f\u00e9vrier 2011","format":"aside","excerpt":"Courbet, Le Combat de cerfs (restauration), Mus\u00e9e d'Orsay. via culturevisuelle.org \u00abCroire que la haute culture peut \u00eatre un attribut naturel de la sensibilit\u00e9 est un paradoxe. La culture est culturelle, c\u2019est-\u00e0-dire apprise, et le visiteur de mus\u00e9e d\u00e9pourvu de bagage se sent tr\u00e8s mal \u00e0 l\u2019aise dans cet espace dont\u2026","rel":"","context":"Dans &quot;Blogcaf\u00e9&quot;","block_context":{"text":"Blogcaf\u00e9","link":"https:\/\/lyonelkaufmann.ch\/Blog\/category\/blogcafe-2\/"},"img":{"alt_text":"","src":"https:\/\/i0.wp.com\/lyonelkaufmann.ch\/Blog\/wp-content\/uploads\/2015\/03\/2384006399_6a4485ee31.jpg?fit=500%2C333&ssl=1&resize=350%2C200","width":350,"height":200},"classes":[]},{"id":19052,"url":"https:\/\/lyonelkaufmann.ch\/Blog\/2018\/03\/25\/nota-bene-le-youtubeur-qui-raconte-lhistoire-grace-a-la-pop-culture\/","url_meta":{"origin":12702,"position":5},"title":"\u201cNota Bene\u201d, le Youtubeur qui raconte l&rsquo;histoire gr\u00e2ce \u00e0 la pop culture","author":"Lyonel Kaufmann","date":"25 mars 2018","format":false,"excerpt":"Les croisades, la R\u00e9volution fran\u00e7aise ou l\u2019Egypte antique dans Assassin\u2019s Creed , les deux guerres mondiales dans Battlefield ou Call Of Duty , ou les jeux de gestion type Age of Empire ou Civilization qui ont pour but de faire \u00e9voluer un peuple sur plusieurs p\u00e9riodes historiques : si elle\u2026","rel":"","context":"Dans &quot;Blogcaf\u00e9&quot;","block_context":{"text":"Blogcaf\u00e9","link":"https:\/\/lyonelkaufmann.ch\/Blog\/category\/blogcafe-2\/"},"img":{"alt_text":"","src":"https:\/\/i0.wp.com\/lyonelkaufmann.ch\/Blog\/wp-content\/uploads\/2018\/03\/705F3974-9412-4737-B037-0E1BA809555C.jpeg?fit=1200%2C600&ssl=1&resize=350%2C200","width":350,"height":200,"srcset":"https:\/\/i0.wp.com\/lyonelkaufmann.ch\/Blog\/wp-content\/uploads\/2018\/03\/705F3974-9412-4737-B037-0E1BA809555C.jpeg?fit=1200%2C600&ssl=1&resize=350%2C200 1x, https:\/\/i0.wp.com\/lyonelkaufmann.ch\/Blog\/wp-content\/uploads\/2018\/03\/705F3974-9412-4737-B037-0E1BA809555C.jpeg?fit=1200%2C600&ssl=1&resize=525%2C300 1.5x, https:\/\/i0.wp.com\/lyonelkaufmann.ch\/Blog\/wp-content\/uploads\/2018\/03\/705F3974-9412-4737-B037-0E1BA809555C.jpeg?fit=1200%2C600&ssl=1&resize=700%2C400 2x, https:\/\/i0.wp.com\/lyonelkaufmann.ch\/Blog\/wp-content\/uploads\/2018\/03\/705F3974-9412-4737-B037-0E1BA809555C.jpeg?fit=1200%2C600&ssl=1&resize=1050%2C600 3x"},"classes":[]}],"jetpack_likes_enabled":true,"_links":{"self":[{"href":"https:\/\/lyonelkaufmann.ch\/Blog\/wp-json\/wp\/v2\/posts\/12702","targetHints":{"allow":["GET"]}}],"collection":[{"href":"https:\/\/lyonelkaufmann.ch\/Blog\/wp-json\/wp\/v2\/posts"}],"about":[{"href":"https:\/\/lyonelkaufmann.ch\/Blog\/wp-json\/wp\/v2\/types\/post"}],"author":[{"embeddable":true,"href":"https:\/\/lyonelkaufmann.ch\/Blog\/wp-json\/wp\/v2\/users\/1"}],"replies":[{"embeddable":true,"href":"https:\/\/lyonelkaufmann.ch\/Blog\/wp-json\/wp\/v2\/comments?post=12702"}],"version-history":[{"count":0,"href":"https:\/\/lyonelkaufmann.ch\/Blog\/wp-json\/wp\/v2\/posts\/12702\/revisions"}],"wp:featuredmedia":[{"embeddable":true,"href":"https:\/\/lyonelkaufmann.ch\/Blog\/wp-json\/wp\/v2\/media\/13842"}],"wp:attachment":[{"href":"https:\/\/lyonelkaufmann.ch\/Blog\/wp-json\/wp\/v2\/media?parent=12702"}],"wp:term":[{"taxonomy":"category","embeddable":true,"href":"https:\/\/lyonelkaufmann.ch\/Blog\/wp-json\/wp\/v2\/categories?post=12702"},{"taxonomy":"post_tag","embeddable":true,"href":"https:\/\/lyonelkaufmann.ch\/Blog\/wp-json\/wp\/v2\/tags?post=12702"}],"curies":[{"name":"wp","href":"https:\/\/api.w.org\/{rel}","templated":true}]}}