{"id":12719,"date":"2011-05-16T11:33:37","date_gmt":"2011-05-16T11:33:37","guid":{"rendered":"https:\/\/lyonelkaufmann.ch\/Blog\/?p=4623"},"modified":"2011-05-16T11:33:37","modified_gmt":"2011-05-16T11:33:37","slug":"lhomme-responsable-dune-nouvelle-ere-geologique-tsrinfo","status":"publish","type":"post","link":"https:\/\/lyonelkaufmann.ch\/Blog\/2011\/05\/16\/lhomme-responsable-dune-nouvelle-ere-geologique-tsrinfo\/","title":{"rendered":"L&rsquo;Homme responsable d&rsquo;une nouvelle \u00e8re g\u00e9ologique | tsrinfo"},"content":{"rendered":"<p>Si des g\u00e9ologues surgis de lespace visitent la Terre dans dix millions dann\u00e9es, distingueront-ils l&#8217;empreinte de lhomme dans les roches et les s\u00e9diments qui saccumulent \u00e0 sa surface, tout comme nous l&rsquo;avons fait pour les dinosaures, disparus voici 65 millions dann\u00e9es? Pour des dizaines de chercheurs, r\u00e9unis la semaine derni\u00e8re \u00e0 la British Geological Society de Londres, la r\u00e9ponse est oui.<\/p>\n<p>Cette nouvelle \u00e8re g\u00e9ologique a m\u00eame un nom :  l&rsquo;anthropoc\u00e8ne.<\/p>\n<p>via <a href=\"http:\/\/www.tsr.ch\/info\/sciences-tech\/3144723-l-homme-responsable-d-une-nouvelle-ere-geologique.html\">L&rsquo;Homme responsable d&rsquo;une nouvelle \u00e8re g\u00e9ologique &#8211; tsr.ch &#8211; info &#8211; sciences-tech.<\/a>.<\/p>\n","protected":false},"excerpt":{"rendered":"<p>Si des g\u00e9ologues surgis de lespace visitent la Terre dans dix millions dann\u00e9es, distingueront-ils l&#8217;empreinte de lhomme dans les roches et les s\u00e9diments qui saccumulent \u00e0 sa surface, tout comme nous l&rsquo;avons fait pour les dinosaures, disparus voici 65 millions dann\u00e9es? Pour des dizaines de chercheurs, r\u00e9unis la semaine derni\u00e8re \u00e0 la British Geological Society [&hellip;]<\/p>\n","protected":false},"author":1,"featured_media":14680,"comment_status":"open","ping_status":"open","sticky":false,"template":"","format":"aside","meta":{"_import_markdown_pro_load_document_selector":0,"_import_markdown_pro_submit_text_textarea":"","_genesis_hide_title":false,"_genesis_hide_breadcrumbs":false,"_genesis_hide_singular_image":false,"_genesis_hide_footer_widgets":false,"_genesis_custom_body_class":"","_genesis_custom_post_class":"","_genesis_layout":"","jetpack_post_was_ever_published":false,"_jetpack_newsletter_access":"","_jetpack_dont_email_post_to_subs":false,"_jetpack_newsletter_tier_id":0,"_jetpack_memberships_contains_paywalled_content":false,"_jetpack_memberships_contains_paid_content":false,"activitypub_content_warning":"","activitypub_content_visibility":"","activitypub_max_image_attachments":3,"activitypub_interaction_policy_quote":"anyone","activitypub_status":"","footnotes":"","jetpack_publicize_message":"","jetpack_publicize_feature_enabled":true,"jetpack_social_post_already_shared":true,"jetpack_social_options":{"image_generator_settings":{"template":"fullscreen","default_image_id":0,"font":"","enabled":false},"version":2}},"categories":[3,2],"tags":[],"class_list":{"0":"post-12719","1":"post","2":"type-post","3":"status-publish","4":"format-aside","5":"has-post-thumbnail","7":"category-blogcafe-2","8":"category-histoire-2","9":"post_format-post-format-aside","10":"entry"},"jetpack_publicize_connections":[],"featured_image_src":"https:\/\/i0.wp.com\/lyonelkaufmann.ch\/Blog\/wp-content\/uploads\/2015\/03\/blogcafe1.jpg?resize=600%2C400&ssl=1","featured_image_src_square":"https:\/\/i0.wp.com\/lyonelkaufmann.ch\/Blog\/wp-content\/uploads\/2015\/03\/blogcafe1.jpg?resize=600%2C600&ssl=1","author_info":{"display_name":"Lyonel Kaufmann","author_link":"https:\/\/lyonelkaufmann.ch\/Blog\/author\/lyonelk\/"},"jetpack_featured_media_url":"https:\/\/i0.wp.com\/lyonelkaufmann.ch\/Blog\/wp-content\/uploads\/2015\/03\/blogcafe1.jpg?fit=1024%2C683&ssl=1","jetpack_sharing_enabled":true,"jetpack_shortlink":"https:\/\/wp.me\/p1qtF4-3j9","jetpack-related-posts":[{"id":262,"url":"https:\/\/lyonelkaufmann.ch\/Blog\/2007\/12\/13\/les-changements-de-climat-sont-ils-responsables-des-guerres\/","url_meta":{"origin":12719,"position":0},"title":"Les changements de climat sont-ils responsables des guerres?","author":"Lyonel Kaufmann","date":"13 d\u00e9cembre 2007","format":false,"excerpt":"C'est l'excellent site d'informations en ligne Rue89 qui nous fournit cette superbe probl\u00e9matique historique, via les r\u00e9sultats d'une recherche internationale conduite par Peter Brecke, chercheur en science politique du Georgia Institute of Technology d\u2019Atlanta aux Etats-Unis et dont les conclusions sont publi\u00e9es dans les Proceedings of the National Academy of\u2026","rel":"","context":"Dans &quot;histoire&quot;","block_context":{"text":"histoire","link":"https:\/\/lyonelkaufmann.ch\/Blog\/category\/histoire-2\/"},"img":{"alt_text":"","src":"https:\/\/i0.wp.com\/lyonelkaufmann.ch\/Blog\/wp-content\/uploads\/2015\/03\/blogcafe1.jpg?fit=1024%2C683&ssl=1&resize=350%2C200","width":350,"height":200,"srcset":"https:\/\/i0.wp.com\/lyonelkaufmann.ch\/Blog\/wp-content\/uploads\/2015\/03\/blogcafe1.jpg?fit=1024%2C683&ssl=1&resize=350%2C200 1x, https:\/\/i0.wp.com\/lyonelkaufmann.ch\/Blog\/wp-content\/uploads\/2015\/03\/blogcafe1.jpg?fit=1024%2C683&ssl=1&resize=525%2C300 1.5x, https:\/\/i0.wp.com\/lyonelkaufmann.ch\/Blog\/wp-content\/uploads\/2015\/03\/blogcafe1.jpg?fit=1024%2C683&ssl=1&resize=700%2C400 2x"},"classes":[]},{"id":12471,"url":"https:\/\/lyonelkaufmann.ch\/Blog\/2006\/03\/10\/liberation-laonastes-aenigmamus-lecureuil-prehistorique\/","url_meta":{"origin":12719,"position":1},"title":"Lib\u00e9ration :\u00a0Laonastes aenigmamus, l\u2019\u00e9cureuil pr\u00e9historique","author":"Lyonel Kaufmann","date":"10 mars 2006","format":false,"excerpt":"Alors que la neige se remet \u00e0 tomber sur La Tour-de-Peilz, la nouvelle suivante de Lib\u00e9ration \u00e9gaye aussi mon apr\u00e8s-midi : Lib\u00e9ration : Laonastes aenigmamus, l'\u00e9cureuil pr\u00e9historique: Laonastes aenigmamus, l'\u00e9cureuil pr\u00e9historique D\u00e9couvert lors de fouilles arch\u00e9ologiques au Laos, le rongeur est le descendant d'une esp\u00e8ce disparue il y a onze\u2026","rel":"","context":"Dans &quot;Blogcaf\u00e9&quot;","block_context":{"text":"Blogcaf\u00e9","link":"https:\/\/lyonelkaufmann.ch\/Blog\/category\/blogcafe-2\/"},"img":{"alt_text":"","src":"https:\/\/i0.wp.com\/lyonelkaufmann.ch\/Blog\/wp-content\/uploads\/2015\/03\/blogcafe1.jpg?fit=1024%2C683&ssl=1&resize=350%2C200","width":350,"height":200,"srcset":"https:\/\/i0.wp.com\/lyonelkaufmann.ch\/Blog\/wp-content\/uploads\/2015\/03\/blogcafe1.jpg?fit=1024%2C683&ssl=1&resize=350%2C200 1x, https:\/\/i0.wp.com\/lyonelkaufmann.ch\/Blog\/wp-content\/uploads\/2015\/03\/blogcafe1.jpg?fit=1024%2C683&ssl=1&resize=525%2C300 1.5x, https:\/\/i0.wp.com\/lyonelkaufmann.ch\/Blog\/wp-content\/uploads\/2015\/03\/blogcafe1.jpg?fit=1024%2C683&ssl=1&resize=700%2C400 2x"},"classes":[]},{"id":12696,"url":"https:\/\/lyonelkaufmann.ch\/Blog\/2011\/03\/10\/le-metier-dhistorien-a-lere-numerique-nouvelles-pratiques-nouvelle-epistemologie-ledition-electronique-ouverte-2\/","url_meta":{"origin":12719,"position":2},"title":"Le m\u00e9tier d\u2019historien \u00e0 l\u2019\u00e8re num\u00e9rique : nouvelles pratiques, nouvelle \u00e9pist\u00e9mologie ? | L&rsquo;\u00e9dition \u00e9lectronique ouverte","author":"Lyonel Kaufmann","date":"10 mars 2011","format":"aside","excerpt":"Samedi 12 mars, entre 9h00 et 12h30, le Cl\u00e9o participera \u00e0 une table ronde de la Soci\u00e9t\u00e9 d\u2019Histoire Moderne et Contemporaine (SHMC). Pr\u00e9sentation : En quoi les outils num\u00e9riques changent-ils notre mani\u00e8re de travailler ? Il ne s\u2019agit pas ici de revenir sur les rapports entre informatique et histoire, mais\u2026","rel":"","context":"Dans &quot;L'Expresso&quot;","block_context":{"text":"L'Expresso","link":"https:\/\/lyonelkaufmann.ch\/Blog\/category\/breves\/"},"img":{"alt_text":"","src":"https:\/\/i0.wp.com\/leo.hypotheses.org\/files\/2011\/03\/3433425269_933e258b7a_z-300x201.jpg?resize=350%2C200","width":350,"height":200},"classes":[]},{"id":4445,"url":"https:\/\/lyonelkaufmann.ch\/Blog\/2011\/03\/10\/le-metier-dhistorien-a-lere-numerique-nouvelles\/","url_meta":{"origin":12719,"position":3},"title":"Le m\u00e9tier d\u2019historien \u00e0 l\u2019\u00e8re num\u00e9rique : nouvelles pratiques, nouvelle \u00e9pist\u00e9mologie ? | L&rsquo;\u00e9dition \u00e9lectronique ouverte","author":"Lyonel Kaufmann","date":"10 mars 2011","format":false,"excerpt":"Samedi 12 mars, entre 9h00 et 12h30, le Cl\u00e9o participera \u00e0 une table ronde de la Soci\u00e9t\u00e9 d\u2019Histoire Moderne et Contemporaine (SHMC). Pr\u00e9sentation\u00a0: En quoi les outils num\u00e9riques changent-ils notre mani\u00e8re de travailler\u00a0? Il ne s\u2019agit pas ici de revenir sur les rapports entre informatique et histoire, mais bien plut\u00f4t\u2026","rel":"","context":"Dans &quot;histoire&quot;","block_context":{"text":"histoire","link":"https:\/\/lyonelkaufmann.ch\/Blog\/category\/histoire-2\/"},"img":{"alt_text":"","src":"https:\/\/i0.wp.com\/leo.hypotheses.org\/files\/2011\/03\/3433425269_933e258b7a_z-300x201.jpg?resize=350%2C200","width":350,"height":200},"classes":[]},{"id":12603,"url":"https:\/\/lyonelkaufmann.ch\/Blog\/2008\/02\/28\/une-nouvelle-ere-du-logiciel-en-ligne\/","url_meta":{"origin":12719,"position":4},"title":"Une nouvelle \u00e8re du logiciel en ligne","author":"Lyonel Kaufmann","date":"28 f\u00e9vrier 2008","format":"aside","excerpt":"Les applications en ligne gagnent maturit\u00e9 et l'industrie du software est certainement entr\u00e9e dans une nouvelle \u00e8re. Rien qu'hier ZohoWriter , Picnik ont d\u00e9pos\u00e9 dans ma bo\u00eete mail l'annonce de nouvelles fonctionnalit\u00e9s. En premier lieu, ZohoWriter ne cesse de s'am\u00e9liorer et il peut pr\u00e9tendre non seulement \u00e0 concurrence GoogleDocuments ,\u2026","rel":"","context":"Dans &quot;Blogcaf\u00e9&quot;","block_context":{"text":"Blogcaf\u00e9","link":"https:\/\/lyonelkaufmann.ch\/Blog\/category\/blogcafe-2\/"},"img":{"alt_text":"","src":"https:\/\/i0.wp.com\/lyonelkaufmann.ch\/Blog\/wp-content\/uploads\/2015\/03\/044.jpg?fit=480%2C360&ssl=1&resize=350%2C200","width":350,"height":200},"classes":[]},{"id":18526,"url":"https:\/\/lyonelkaufmann.ch\/Blog\/2017\/09\/25\/ai-weiwei-entre-ombre-et-lumiere-vevey\/","url_meta":{"origin":12719,"position":5},"title":"Ai Weiwei entre ombre et lumi\u00e8re @Vevey","author":"Lyonel Kaufmann","date":"25 septembre 2017","format":false,"excerpt":"Ai Weiwei nous incite \u00e0 ouvrir les yeux, Monteverdi les oreilles et la commune \u00e0 ne pas jeter les d\u00e9chets n\u2019importe o\u00f9. Concernant Ai Weiwei, il est actuellement au Mus\u00e9e cantonal des Beaux-arts (mcb-a) \u00e0 Lausanne pour une exposition jusqu\u2019au 28 janvier. Apr\u00e8s sa toute premi\u00e8re exposition individuelle en Europe,\u2026","rel":"","context":"Dans &quot;Blogcaf\u00e9&quot;","block_context":{"text":"Blogcaf\u00e9","link":"https:\/\/lyonelkaufmann.ch\/Blog\/category\/blogcafe-2\/"},"img":{"alt_text":"","src":"https:\/\/i0.wp.com\/lyonelkaufmann.ch\/Blog\/wp-content\/uploads\/2017\/09\/Image-25.09.17-07-28.jpeg?fit=1200%2C798&ssl=1&resize=350%2C200","width":350,"height":200,"srcset":"https:\/\/i0.wp.com\/lyonelkaufmann.ch\/Blog\/wp-content\/uploads\/2017\/09\/Image-25.09.17-07-28.jpeg?fit=1200%2C798&ssl=1&resize=350%2C200 1x, https:\/\/i0.wp.com\/lyonelkaufmann.ch\/Blog\/wp-content\/uploads\/2017\/09\/Image-25.09.17-07-28.jpeg?fit=1200%2C798&ssl=1&resize=525%2C300 1.5x, https:\/\/i0.wp.com\/lyonelkaufmann.ch\/Blog\/wp-content\/uploads\/2017\/09\/Image-25.09.17-07-28.jpeg?fit=1200%2C798&ssl=1&resize=700%2C400 2x, https:\/\/i0.wp.com\/lyonelkaufmann.ch\/Blog\/wp-content\/uploads\/2017\/09\/Image-25.09.17-07-28.jpeg?fit=1200%2C798&ssl=1&resize=1050%2C600 3x"},"classes":[]}],"jetpack_likes_enabled":true,"_links":{"self":[{"href":"https:\/\/lyonelkaufmann.ch\/Blog\/wp-json\/wp\/v2\/posts\/12719","targetHints":{"allow":["GET"]}}],"collection":[{"href":"https:\/\/lyonelkaufmann.ch\/Blog\/wp-json\/wp\/v2\/posts"}],"about":[{"href":"https:\/\/lyonelkaufmann.ch\/Blog\/wp-json\/wp\/v2\/types\/post"}],"author":[{"embeddable":true,"href":"https:\/\/lyonelkaufmann.ch\/Blog\/wp-json\/wp\/v2\/users\/1"}],"replies":[{"embeddable":true,"href":"https:\/\/lyonelkaufmann.ch\/Blog\/wp-json\/wp\/v2\/comments?post=12719"}],"version-history":[{"count":0,"href":"https:\/\/lyonelkaufmann.ch\/Blog\/wp-json\/wp\/v2\/posts\/12719\/revisions"}],"wp:featuredmedia":[{"embeddable":true,"href":"https:\/\/lyonelkaufmann.ch\/Blog\/wp-json\/wp\/v2\/media\/14680"}],"wp:attachment":[{"href":"https:\/\/lyonelkaufmann.ch\/Blog\/wp-json\/wp\/v2\/media?parent=12719"}],"wp:term":[{"taxonomy":"category","embeddable":true,"href":"https:\/\/lyonelkaufmann.ch\/Blog\/wp-json\/wp\/v2\/categories?post=12719"},{"taxonomy":"post_tag","embeddable":true,"href":"https:\/\/lyonelkaufmann.ch\/Blog\/wp-json\/wp\/v2\/tags?post=12719"}],"curies":[{"name":"wp","href":"https:\/\/api.w.org\/{rel}","templated":true}]}}