{"id":12758,"date":"2012-05-11T07:36:52","date_gmt":"2012-05-11T06:36:52","guid":{"rendered":"https:\/\/lyonelkaufmann.ch\/Blog\/?p=6010"},"modified":"2012-05-11T07:36:52","modified_gmt":"2012-05-11T06:36:52","slug":"collegiale-neuchatel","status":"publish","type":"post","link":"https:\/\/lyonelkaufmann.ch\/Blog\/2012\/05\/11\/collegiale-neuchatel\/","title":{"rendered":"Coll\u00e9giale | Neuch\u00e2tel"},"content":{"rendered":"<p><a href=\"https:\/\/i0.wp.com\/lyonelkaufmann.ch\/Blog\/wp-content\/uploads\/2012\/05\/20120511-083344.jpg\"><img data-recalc-dims=\"1\" decoding=\"async\" src=\"https:\/\/i0.wp.com\/lyonelkaufmann.ch\/Blog\/wp-content\/uploads\/2012\/05\/20120511-083344.jpg\" alt=\"20120511-083344.jpg\" class=\"alignnone size-full\" \/><\/a><\/p>\n<p>Si l&rsquo;ext\u00e9rieur de la Coll\u00e9giale de Neuch\u00e2tel est enti\u00e8rement en travaux actuellement, ne boudez pas votre plaisir, car l&rsquo;int\u00e9rieur m\u00e9rite toujours le d\u00e9tour.<\/p>\n","protected":false},"excerpt":{"rendered":"<p>Si l&rsquo;ext\u00e9rieur de la Coll\u00e9giale de Neuch\u00e2tel est enti\u00e8rement en travaux actuellement, ne boudez pas votre plaisir, car l&rsquo;int\u00e9rieur m\u00e9rite toujours le d\u00e9tour.<\/p>\n","protected":false},"author":1,"featured_media":13938,"comment_status":"open","ping_status":"open","sticky":false,"template":"","format":"image","meta":{"_import_markdown_pro_load_document_selector":0,"_import_markdown_pro_submit_text_textarea":"","_genesis_hide_title":false,"_genesis_hide_breadcrumbs":false,"_genesis_hide_singular_image":false,"_genesis_hide_footer_widgets":false,"_genesis_custom_body_class":"","_genesis_custom_post_class":"","_genesis_layout":"","jetpack_post_was_ever_published":false,"_jetpack_newsletter_access":"","_jetpack_dont_email_post_to_subs":false,"_jetpack_newsletter_tier_id":0,"_jetpack_memberships_contains_paywalled_content":false,"_jetpack_memberships_contains_paid_content":false,"activitypub_content_warning":"","activitypub_content_visibility":"","activitypub_max_image_attachments":3,"activitypub_interaction_policy_quote":"anyone","activitypub_status":"","footnotes":"","jetpack_publicize_message":"","jetpack_publicize_feature_enabled":true,"jetpack_social_post_already_shared":true,"jetpack_social_options":{"image_generator_settings":{"template":"fullscreen","default_image_id":0,"font":"","enabled":false},"version":2}},"categories":[3,2],"tags":[],"class_list":{"0":"post-12758","1":"post","2":"type-post","3":"status-publish","4":"format-image","5":"has-post-thumbnail","7":"category-blogcafe-2","8":"category-histoire-2","9":"post_format-post-format-image","10":"entry"},"jetpack_publicize_connections":[],"featured_image_src":"https:\/\/i0.wp.com\/lyonelkaufmann.ch\/Blog\/wp-content\/uploads\/2015\/03\/20120511-083344.jpg?resize=600%2C400&ssl=1","featured_image_src_square":"https:\/\/i0.wp.com\/lyonelkaufmann.ch\/Blog\/wp-content\/uploads\/2015\/03\/20120511-083344.jpg?resize=600%2C600&ssl=1","author_info":{"display_name":"Lyonel Kaufmann","author_link":"https:\/\/lyonelkaufmann.ch\/Blog\/author\/lyonelk\/"},"jetpack_featured_media_url":"https:\/\/i0.wp.com\/lyonelkaufmann.ch\/Blog\/wp-content\/uploads\/2015\/03\/20120511-083344.jpg?fit=768%2C1024&ssl=1","jetpack_sharing_enabled":true,"jetpack_shortlink":"https:\/\/wp.me\/p1qtF4-3jM","jetpack-related-posts":[{"id":12757,"url":"https:\/\/lyonelkaufmann.ch\/Blog\/2012\/05\/08\/urbanite-vegetale-neuchatel\/","url_meta":{"origin":12758,"position":0},"title":"Urbanit\u00e9 v\u00e9g\u00e9tale | Neuch\u00e2tel","author":"Lyonel Kaufmann","date":"8 mai 2012","format":"image","excerpt":"Urbanit\u00e9 v\u00e9g\u00e9tale | Neuch\u00e2tel, premi\u00e8re mise en ligne par lyonelkaufmann. Via Flickr : Moment bucolique \u00e0 Neuch\u00e2tel et \u00e0 proximit\u00e9 de la Coll\u00e9giale. La photographie a \u00e9t\u00e9 prise en pensant \u00e0 Laurent B. qui, chaque ann\u00e9e, bataille avec les pissenlits de son jardin.","rel":"","context":"Dans &quot;L'Expresso&quot;","block_context":{"text":"L'Expresso","link":"https:\/\/lyonelkaufmann.ch\/Blog\/category\/breves\/"},"img":{"alt_text":"","src":"https:\/\/i0.wp.com\/lyonelkaufmann.ch\/Blog\/wp-content\/uploads\/2015\/03\/urbanitevegetale.jpg?fit=713%2C950&ssl=1&resize=350%2C200","width":350,"height":200,"srcset":"https:\/\/i0.wp.com\/lyonelkaufmann.ch\/Blog\/wp-content\/uploads\/2015\/03\/urbanitevegetale.jpg?fit=713%2C950&ssl=1&resize=350%2C200 1x, https:\/\/i0.wp.com\/lyonelkaufmann.ch\/Blog\/wp-content\/uploads\/2015\/03\/urbanitevegetale.jpg?fit=713%2C950&ssl=1&resize=525%2C300 1.5x, https:\/\/i0.wp.com\/lyonelkaufmann.ch\/Blog\/wp-content\/uploads\/2015\/03\/urbanitevegetale.jpg?fit=713%2C950&ssl=1&resize=700%2C400 2x"},"classes":[]},{"id":6022,"url":"https:\/\/lyonelkaufmann.ch\/Blog\/2012\/05\/13\/la-femme-a-la-porte-neuchatel\/","url_meta":{"origin":12758,"position":1},"title":"La Femme \u00e0 la Porte |\u00a0Neuch\u00e2tel","author":"Lyonel Kaufmann","date":"13 mai 2012","format":"image","excerpt":"En partant de la place du Banneret pour me rendre \u00e0 la Coll\u00e9giale, je suis tomb\u00e9 en admiration devant cette superbe d\u00e9coration de porte. Je n'ai pas manqu\u00e9 de faire quelques rapprochements tant avec le mouvement de l'art nouveau que de Picasso (oeil de la dame), mais sans avoir suffisamment\u2026","rel":"","context":"Dans &quot;Blogcaf\u00e9&quot;","block_context":{"text":"Blogcaf\u00e9","link":"https:\/\/lyonelkaufmann.ch\/Blog\/category\/blogcafe-2\/"},"img":{"alt_text":"","src":"https:\/\/i0.wp.com\/lyonelkaufmann.ch\/Blog\/wp-content\/uploads\/2015\/03\/FemmePorteNeuchatel.jpg?fit=500%2C909&ssl=1&resize=350%2C200","width":350,"height":200},"classes":[]},{"id":6004,"url":"https:\/\/lyonelkaufmann.ch\/Blog\/2012\/05\/10\/lion-neuchatel\/","url_meta":{"origin":12758,"position":2},"title":"Lion | Neuch\u00e2tel","author":"Lyonel Kaufmann","date":"10 mai 2012","format":"image","excerpt":"Lion | Neuch\u00e2tel, a photo by lyonelkaufmann on Flickr. Via Flickr : Neuch\u00e2tel dispose de magnifiques fontaines. Sur celle-ci tr\u00f4nait royal ce lion.","rel":"","context":"Dans &quot;L'Expresso&quot;","block_context":{"text":"L'Expresso","link":"https:\/\/lyonelkaufmann.ch\/Blog\/category\/breves\/"},"img":{"alt_text":"","src":"https:\/\/i0.wp.com\/lyonelkaufmann.ch\/Blog\/wp-content\/uploads\/2015\/03\/lion_ne.jpg?fit=712%2C949&ssl=1&resize=350%2C200","width":350,"height":200,"srcset":"https:\/\/i0.wp.com\/lyonelkaufmann.ch\/Blog\/wp-content\/uploads\/2015\/03\/lion_ne.jpg?fit=712%2C949&ssl=1&resize=350%2C200 1x, https:\/\/i0.wp.com\/lyonelkaufmann.ch\/Blog\/wp-content\/uploads\/2015\/03\/lion_ne.jpg?fit=712%2C949&ssl=1&resize=525%2C300 1.5x, https:\/\/i0.wp.com\/lyonelkaufmann.ch\/Blog\/wp-content\/uploads\/2015\/03\/lion_ne.jpg?fit=712%2C949&ssl=1&resize=700%2C400 2x"},"classes":[]},{"id":5992,"url":"https:\/\/lyonelkaufmann.ch\/Blog\/2012\/05\/09\/urbanite-vegetale-2-neuchatel\/","url_meta":{"origin":12758,"position":3},"title":"Urbanit\u00e9 v\u00e9g\u00e9tale (2) | Neuchatel","author":"Lyonel Kaufmann","date":"9 mai 2012","format":"image","excerpt":"\u00a0 Urbanit\u00e9 v\u00e9g\u00e9tale (2) | Neuchatel, premi\u00e8re mise en ligne par lyonelkaufmann. Via Flickr : Autre moment bucolique \u00e0 Neuch\u00e2tel sur une terrasse.","rel":"","context":"Dans &quot;L'Expresso&quot;","block_context":{"text":"L'Expresso","link":"https:\/\/lyonelkaufmann.ch\/Blog\/category\/breves\/"},"img":{"alt_text":"","src":"https:\/\/i0.wp.com\/lyonelkaufmann.ch\/Blog\/wp-content\/uploads\/2015\/03\/urbanitevegetale22.jpg?fit=711%2C949&ssl=1&resize=350%2C200","width":350,"height":200,"srcset":"https:\/\/i0.wp.com\/lyonelkaufmann.ch\/Blog\/wp-content\/uploads\/2015\/03\/urbanitevegetale22.jpg?fit=711%2C949&ssl=1&resize=350%2C200 1x, https:\/\/i0.wp.com\/lyonelkaufmann.ch\/Blog\/wp-content\/uploads\/2015\/03\/urbanitevegetale22.jpg?fit=711%2C949&ssl=1&resize=525%2C300 1.5x, https:\/\/i0.wp.com\/lyonelkaufmann.ch\/Blog\/wp-content\/uploads\/2015\/03\/urbanitevegetale22.jpg?fit=711%2C949&ssl=1&resize=700%2C400 2x"},"classes":[]},{"id":10731,"url":"https:\/\/lyonelkaufmann.ch\/Blog\/2013\/09\/14\/neuchatel-photo-du-jour\/","url_meta":{"origin":12758,"position":4},"title":"Neuch\u00e2tel |\u00a0Photo du jour","author":"Lyonel Kaufmann","date":"14 septembre 2013","format":false,"excerpt":"12.09.2013 : de retour de Soleure, je suis dans le train et j'arrive \u00e0 Neuch\u00e2tel avec la vue sur le lac","rel":"","context":"Dans &quot;Photo du jour&quot;","block_context":{"text":"Photo du jour","link":"https:\/\/lyonelkaufmann.ch\/Blog\/category\/photo-du-jour\/"},"img":{"alt_text":"","src":"https:\/\/i0.wp.com\/lyonelkaufmann.ch\/Blog\/wp-content\/uploads\/2015\/03\/9732641134_878ed727cd_c.jpg?fit=800%2C598&ssl=1&resize=350%2C200","width":350,"height":200,"srcset":"https:\/\/i0.wp.com\/lyonelkaufmann.ch\/Blog\/wp-content\/uploads\/2015\/03\/9732641134_878ed727cd_c.jpg?fit=800%2C598&ssl=1&resize=350%2C200 1x, https:\/\/i0.wp.com\/lyonelkaufmann.ch\/Blog\/wp-content\/uploads\/2015\/03\/9732641134_878ed727cd_c.jpg?fit=800%2C598&ssl=1&resize=525%2C300 1.5x, https:\/\/i0.wp.com\/lyonelkaufmann.ch\/Blog\/wp-content\/uploads\/2015\/03\/9732641134_878ed727cd_c.jpg?fit=800%2C598&ssl=1&resize=700%2C400 2x"},"classes":[]},{"id":7931,"url":"https:\/\/lyonelkaufmann.ch\/Blog\/2014\/03\/28\/utilisation-de-lipad-en-education-collegiale\/","url_meta":{"origin":12758,"position":5},"title":"Utilisation de l&rsquo;iPad en \u00e9ducation coll\u00e9giale","author":"Lyonel Kaufmann","date":"28 mars 2014","format":false,"excerpt":"Dans le but d\u2019effectuer une recherche sur l\u2019int\u00e9gration d\u2019un outil technologique en enseignement coll\u00e9gial,\u00a0Isabelle Gignac, enseignante en devenir au niveau coll\u00e9gial, et Anne Pelletier s'int\u00e9ressent \u00e0 l'appropriation des tablettes num\u00e9riques. Elles ont\u00a0relev\u00e9 les avantages de celle-ci, plus particuli\u00e8rement l\u2019iPad. Elles ont aussi recherch\u00e9 des applications qui pourraient avoir leur place\u2026","rel":"","context":"Dans &quot;histoire&quot;","block_context":{"text":"histoire","link":"https:\/\/lyonelkaufmann.ch\/Blog\/category\/histoire-2\/"},"img":{"alt_text":"","src":"https:\/\/i0.wp.com\/lyonelkaufmann.ch\/Blog\/wp-content\/uploads\/2015\/03\/blogcafe1.jpg?fit=1024%2C683&ssl=1&resize=350%2C200","width":350,"height":200,"srcset":"https:\/\/i0.wp.com\/lyonelkaufmann.ch\/Blog\/wp-content\/uploads\/2015\/03\/blogcafe1.jpg?fit=1024%2C683&ssl=1&resize=350%2C200 1x, https:\/\/i0.wp.com\/lyonelkaufmann.ch\/Blog\/wp-content\/uploads\/2015\/03\/blogcafe1.jpg?fit=1024%2C683&ssl=1&resize=525%2C300 1.5x, https:\/\/i0.wp.com\/lyonelkaufmann.ch\/Blog\/wp-content\/uploads\/2015\/03\/blogcafe1.jpg?fit=1024%2C683&ssl=1&resize=700%2C400 2x"},"classes":[]}],"jetpack_likes_enabled":true,"_links":{"self":[{"href":"https:\/\/lyonelkaufmann.ch\/Blog\/wp-json\/wp\/v2\/posts\/12758","targetHints":{"allow":["GET"]}}],"collection":[{"href":"https:\/\/lyonelkaufmann.ch\/Blog\/wp-json\/wp\/v2\/posts"}],"about":[{"href":"https:\/\/lyonelkaufmann.ch\/Blog\/wp-json\/wp\/v2\/types\/post"}],"author":[{"embeddable":true,"href":"https:\/\/lyonelkaufmann.ch\/Blog\/wp-json\/wp\/v2\/users\/1"}],"replies":[{"embeddable":true,"href":"https:\/\/lyonelkaufmann.ch\/Blog\/wp-json\/wp\/v2\/comments?post=12758"}],"version-history":[{"count":0,"href":"https:\/\/lyonelkaufmann.ch\/Blog\/wp-json\/wp\/v2\/posts\/12758\/revisions"}],"wp:featuredmedia":[{"embeddable":true,"href":"https:\/\/lyonelkaufmann.ch\/Blog\/wp-json\/wp\/v2\/media\/13938"}],"wp:attachment":[{"href":"https:\/\/lyonelkaufmann.ch\/Blog\/wp-json\/wp\/v2\/media?parent=12758"}],"wp:term":[{"taxonomy":"category","embeddable":true,"href":"https:\/\/lyonelkaufmann.ch\/Blog\/wp-json\/wp\/v2\/categories?post=12758"},{"taxonomy":"post_tag","embeddable":true,"href":"https:\/\/lyonelkaufmann.ch\/Blog\/wp-json\/wp\/v2\/tags?post=12758"}],"curies":[{"name":"wp","href":"https:\/\/api.w.org\/{rel}","templated":true}]}}