{"id":12760,"date":"2012-06-17T22:50:29","date_gmt":"2012-06-17T21:50:29","guid":{"rendered":"https:\/\/lyonelkaufmann.ch\/Blog\/?p=6269"},"modified":"2024-01-02T01:25:48","modified_gmt":"2024-01-02T00:25:48","slug":"photo-du-jour-depuis-la-terrasse","status":"publish","type":"post","link":"https:\/\/lyonelkaufmann.ch\/Blog\/2012\/06\/17\/photo-du-jour-depuis-la-terrasse\/","title":{"rendered":"Photo du jour : Depuis la terrasse"},"content":{"rendered":"<p><img data-recalc-dims=\"1\" loading=\"lazy\" decoding=\"async\" style=\"display:block;margin-left:auto;margin-right:auto;\" title=\"IMGP0343.jpg\" alt=\"IMGP0343\" src=\"https:\/\/i0.wp.com\/lyonelkaufmann.ch\/Blog\/wp-content\/uploads\/2012\/06\/IMGP03433.jpg?resize=397%2C600&#038;ssl=1\" width=\"397\" height=\"600\" border=\"0\" \/><\/p>\n<p style=\"text-align:center;\">Photo prise en fin de journ\u00e9e depuis notre terrasse<\/p>\n","protected":false},"excerpt":{"rendered":"<p>Photo prise en fin de journ\u00e9e depuis notre terrasse<\/p>\n","protected":false},"author":1,"featured_media":13940,"comment_status":"open","ping_status":"open","sticky":false,"template":"","format":"image","meta":{"_import_markdown_pro_load_document_selector":0,"_import_markdown_pro_submit_text_textarea":"","_genesis_hide_title":false,"_genesis_hide_breadcrumbs":false,"_genesis_hide_singular_image":false,"_genesis_hide_footer_widgets":false,"_genesis_custom_body_class":"","_genesis_custom_post_class":"","_genesis_layout":"","jetpack_post_was_ever_published":false,"_jetpack_newsletter_access":"","_jetpack_dont_email_post_to_subs":false,"_jetpack_newsletter_tier_id":0,"_jetpack_memberships_contains_paywalled_content":false,"_jetpack_memberships_contains_paid_content":false,"activitypub_content_warning":"","activitypub_content_visibility":"","activitypub_max_image_attachments":3,"activitypub_interaction_policy_quote":"anyone","activitypub_status":"","footnotes":"","jetpack_publicize_message":"","jetpack_publicize_feature_enabled":true,"jetpack_social_post_already_shared":true,"jetpack_social_options":{"image_generator_settings":{"template":"fullscreen","default_image_id":0,"font":"","enabled":false},"version":2}},"categories":[3],"tags":[],"class_list":{"0":"post-12760","1":"post","2":"type-post","3":"status-publish","4":"format-image","5":"has-post-thumbnail","7":"category-blogcafe-2","8":"post_format-post-format-image","9":"entry"},"jetpack_publicize_connections":[],"featured_image_src":"https:\/\/i0.wp.com\/lyonelkaufmann.ch\/Blog\/wp-content\/uploads\/2015\/03\/IMGP03433.jpg?resize=397%2C400&ssl=1","featured_image_src_square":"https:\/\/i0.wp.com\/lyonelkaufmann.ch\/Blog\/wp-content\/uploads\/2015\/03\/IMGP03433.jpg?resize=397%2C600&ssl=1","author_info":{"display_name":"Lyonel Kaufmann","author_link":"https:\/\/lyonelkaufmann.ch\/Blog\/author\/lyonelk\/"},"jetpack_featured_media_url":"https:\/\/i0.wp.com\/lyonelkaufmann.ch\/Blog\/wp-content\/uploads\/2015\/03\/IMGP03433.jpg?fit=397%2C600&ssl=1","jetpack_sharing_enabled":true,"jetpack_shortlink":"https:\/\/wp.me\/p1qtF4-3jO","jetpack-related-posts":[{"id":10936,"url":"https:\/\/lyonelkaufmann.ch\/Blog\/2013\/11\/08\/yvorne-photo-du-jour\/","url_meta":{"origin":12760,"position":0},"title":"Yvorne |\u00a0Photo du jour","author":"Lyonel Kaufmann","date":"8 novembre 2013","format":false,"excerpt":"Par une belle journ\u00e9e d\u2019automne, cette photo a \u00e9t\u00e9 prise en-dessus du village d\u2019Yvorne (VD). Un petit air d\u2019\u00e9t\u00e9 indien r\u00e9gnait cet apr\u00e8s-midi du 25 octobre 2013. Pentax K5 \u2013 Sigma 17-70mm","rel":"","context":"Dans &quot;Blogcaf\u00e9&quot;","block_context":{"text":"Blogcaf\u00e9","link":"https:\/\/lyonelkaufmann.ch\/Blog\/category\/blogcafe-2\/"},"img":{"alt_text":"","src":"https:\/\/i0.wp.com\/lyonelk.smugmug.com\/Photography\/Vendanges-automne\/i-2ZqRnwT\/0\/XL\/Vendanges%2526Automne1-XL.jpg?resize=350%2C200","width":350,"height":200,"srcset":"https:\/\/i0.wp.com\/lyonelk.smugmug.com\/Photography\/Vendanges-automne\/i-2ZqRnwT\/0\/XL\/Vendanges%2526Automne1-XL.jpg?resize=350%2C200 1x, https:\/\/i0.wp.com\/lyonelk.smugmug.com\/Photography\/Vendanges-automne\/i-2ZqRnwT\/0\/XL\/Vendanges%2526Automne1-XL.jpg?resize=525%2C300 1.5x, https:\/\/i0.wp.com\/lyonelk.smugmug.com\/Photography\/Vendanges-automne\/i-2ZqRnwT\/0\/XL\/Vendanges%2526Automne1-XL.jpg?resize=700%2C400 2x"},"classes":[]},{"id":7282,"url":"https:\/\/lyonelkaufmann.ch\/Blog\/2012\/09\/11\/laviaux-lac-de-gruyere-photo-du-jour\/","url_meta":{"origin":12760,"position":1},"title":"Laviaux &#8211; Lac de Gruy\u00e8re |\u00a0Photo du jour","author":"Lyonel Kaufmann","date":"11 septembre 2012","format":"image","excerpt":"C'est un joli espace de d\u00e9tente qui nous est offert sur la commune de Morlon pr\u00e8s de Bulle et au bord du lac de Gruy\u00e8re. Le lieu-dit, \u00e0 la sortie de Morlon en direction d'Echarlens, s'intitule Les Laviaux. Un B&B et une terrasse (ferm\u00e9e les lundi et mardi et d'octobre\u2026","rel":"","context":"Dans &quot;Blogcaf\u00e9&quot;","block_context":{"text":"Blogcaf\u00e9","link":"https:\/\/lyonelkaufmann.ch\/Blog\/category\/blogcafe-2\/"},"img":{"alt_text":"","src":"https:\/\/i0.wp.com\/lyonelkaufmann.ch\/Blog\/wp-content\/uploads\/2015\/03\/Les-Laviaux-Lac-de-Gruyere-L.jpg?fit=800%2C534&ssl=1&resize=350%2C200","width":350,"height":200,"srcset":"https:\/\/i0.wp.com\/lyonelkaufmann.ch\/Blog\/wp-content\/uploads\/2015\/03\/Les-Laviaux-Lac-de-Gruyere-L.jpg?fit=800%2C534&ssl=1&resize=350%2C200 1x, https:\/\/i0.wp.com\/lyonelkaufmann.ch\/Blog\/wp-content\/uploads\/2015\/03\/Les-Laviaux-Lac-de-Gruyere-L.jpg?fit=800%2C534&ssl=1&resize=525%2C300 1.5x, https:\/\/i0.wp.com\/lyonelkaufmann.ch\/Blog\/wp-content\/uploads\/2015\/03\/Les-Laviaux-Lac-de-Gruyere-L.jpg?fit=800%2C534&ssl=1&resize=700%2C400 2x"},"classes":[]},{"id":19368,"url":"https:\/\/lyonelkaufmann.ch\/Blog\/2018\/07\/30\/terrasse-du-soir-maladairebeach-tourdepeilz\/","url_meta":{"origin":12760,"position":2},"title":"Terrasse du soir. #maladairebeach #tourdepeilz","author":"Lyonel Kaufmann","date":"30 juillet 2018","format":false,"excerpt":"from Instagram: https:\/\/ift.tt\/2OrSgoR","rel":"","context":"Dans &quot;Blogcaf\u00e9&quot;","block_context":{"text":"Blogcaf\u00e9","link":"https:\/\/lyonelkaufmann.ch\/Blog\/category\/blogcafe-2\/"},"img":{"alt_text":"","src":"https:\/\/i0.wp.com\/lyonelkaufmann.ch\/Blog\/wp-content\/uploads\/2018\/07\/37685733_2076008789316851_6609198921803628544_n.jpg?resize=350%2C200&ssl=1","width":350,"height":200,"srcset":"https:\/\/i0.wp.com\/lyonelkaufmann.ch\/Blog\/wp-content\/uploads\/2018\/07\/37685733_2076008789316851_6609198921803628544_n.jpg?resize=350%2C200&ssl=1 1x, https:\/\/i0.wp.com\/lyonelkaufmann.ch\/Blog\/wp-content\/uploads\/2018\/07\/37685733_2076008789316851_6609198921803628544_n.jpg?resize=525%2C300&ssl=1 1.5x"},"classes":[]},{"id":18520,"url":"https:\/\/lyonelkaufmann.ch\/Blog\/2017\/09\/22\/la-riviera-vaudoise-et-le-lavaux-depuis-caux\/","url_meta":{"origin":12760,"position":3},"title":"La Riviera vaudoise et le Lavaux depuis Caux","author":"Lyonel Kaufmann","date":"22 septembre 2017","format":false,"excerpt":"Petit moment magique ce dernier mercredi midi depuis Caux et la terrasse du restaurant Le Coucou.","rel":"","context":"Dans &quot;Photo du jour&quot;","block_context":{"text":"Photo du jour","link":"https:\/\/lyonelkaufmann.ch\/Blog\/category\/photo-du-jour\/"},"img":{"alt_text":"","src":"https:\/\/i0.wp.com\/lyonelkaufmann.ch\/Blog\/wp-content\/uploads\/2017\/09\/Caux-Riviera-vaudoise-Lavaux.jpeg?fit=1200%2C798&ssl=1&resize=350%2C200","width":350,"height":200,"srcset":"https:\/\/i0.wp.com\/lyonelkaufmann.ch\/Blog\/wp-content\/uploads\/2017\/09\/Caux-Riviera-vaudoise-Lavaux.jpeg?fit=1200%2C798&ssl=1&resize=350%2C200 1x, https:\/\/i0.wp.com\/lyonelkaufmann.ch\/Blog\/wp-content\/uploads\/2017\/09\/Caux-Riviera-vaudoise-Lavaux.jpeg?fit=1200%2C798&ssl=1&resize=525%2C300 1.5x, https:\/\/i0.wp.com\/lyonelkaufmann.ch\/Blog\/wp-content\/uploads\/2017\/09\/Caux-Riviera-vaudoise-Lavaux.jpeg?fit=1200%2C798&ssl=1&resize=700%2C400 2x, https:\/\/i0.wp.com\/lyonelkaufmann.ch\/Blog\/wp-content\/uploads\/2017\/09\/Caux-Riviera-vaudoise-Lavaux.jpeg?fit=1200%2C798&ssl=1&resize=1050%2C600 3x"},"classes":[]},{"id":9918,"url":"https:\/\/lyonelkaufmann.ch\/Blog\/2013\/06\/18\/en-terrasse-photo-du-jour\/","url_meta":{"origin":12760,"position":4},"title":"En terrasse\u2026 | Photo du jour","author":"Lyonel Kaufmann","date":"18 juin 2013","format":"image","excerpt":"En ce lundi 17 juin, il \u00e9tait important autant de profiter du soleil que de boire un caf\u00e9 sur une terrasse ! Le Cep d'Or @ Vevey","rel":"","context":"Dans &quot;Photo du jour&quot;","block_context":{"text":"Photo du jour","link":"https:\/\/lyonelkaufmann.ch\/Blog\/category\/photo-du-jour\/"},"img":{"alt_text":"","src":"https:\/\/i0.wp.com\/lyonelkaufmann.ch\/Blog\/wp-content\/uploads\/2015\/03\/9067116871_4b00a96434_b.jpg?fit=1024%2C768&ssl=1&resize=350%2C200","width":350,"height":200,"srcset":"https:\/\/i0.wp.com\/lyonelkaufmann.ch\/Blog\/wp-content\/uploads\/2015\/03\/9067116871_4b00a96434_b.jpg?fit=1024%2C768&ssl=1&resize=350%2C200 1x, https:\/\/i0.wp.com\/lyonelkaufmann.ch\/Blog\/wp-content\/uploads\/2015\/03\/9067116871_4b00a96434_b.jpg?fit=1024%2C768&ssl=1&resize=525%2C300 1.5x, https:\/\/i0.wp.com\/lyonelkaufmann.ch\/Blog\/wp-content\/uploads\/2015\/03\/9067116871_4b00a96434_b.jpg?fit=1024%2C768&ssl=1&resize=700%2C400 2x"},"classes":[]},{"id":23402,"url":"https:\/\/lyonelkaufmann.ch\/Blog\/2022\/08\/08\/jour-7-entre-deux-07082022\/","url_meta":{"origin":12760,"position":5},"title":"Jour 7 &#8211; Entre-deux (07.08.2022)","author":"Lyonel Kaufmann","date":"8 ao\u00fbt 2022","format":false,"excerpt":"Au 7e jour de mon cong\u00e9 scientifique, je me trouve dans plusieurs entre-deux. \u2014 \u2014 \u2014 \u2014 \u2014 \u2014 \u2014 \u2014 \u2014 \u2014 \u2014 \u2014 Ce dimanche soir, sur ma terrasse, le ciel illustre cet entre-deux de fin de journ\u00e9e. Les nuages sont pr\u00e9sents, mais il ne pleuvra pas en\u2026","rel":"","context":"Dans &quot;Diary&quot;","block_context":{"text":"Diary","link":"https:\/\/lyonelkaufmann.ch\/Blog\/category\/diary\/"},"img":{"alt_text":"","src":"https:\/\/i0.wp.com\/lyonelkaufmann.ch\/Blog\/wp-content\/uploads\/2022\/08\/40FC6229-92FB-4AF4-9889-B50742D273F6.a2a67b5926d1480d8b9f0d6de5007702-scaled.jpeg?fit=1200%2C800&ssl=1&resize=350%2C200","width":350,"height":200,"srcset":"https:\/\/i0.wp.com\/lyonelkaufmann.ch\/Blog\/wp-content\/uploads\/2022\/08\/40FC6229-92FB-4AF4-9889-B50742D273F6.a2a67b5926d1480d8b9f0d6de5007702-scaled.jpeg?fit=1200%2C800&ssl=1&resize=350%2C200 1x, https:\/\/i0.wp.com\/lyonelkaufmann.ch\/Blog\/wp-content\/uploads\/2022\/08\/40FC6229-92FB-4AF4-9889-B50742D273F6.a2a67b5926d1480d8b9f0d6de5007702-scaled.jpeg?fit=1200%2C800&ssl=1&resize=525%2C300 1.5x, https:\/\/i0.wp.com\/lyonelkaufmann.ch\/Blog\/wp-content\/uploads\/2022\/08\/40FC6229-92FB-4AF4-9889-B50742D273F6.a2a67b5926d1480d8b9f0d6de5007702-scaled.jpeg?fit=1200%2C800&ssl=1&resize=700%2C400 2x, https:\/\/i0.wp.com\/lyonelkaufmann.ch\/Blog\/wp-content\/uploads\/2022\/08\/40FC6229-92FB-4AF4-9889-B50742D273F6.a2a67b5926d1480d8b9f0d6de5007702-scaled.jpeg?fit=1200%2C800&ssl=1&resize=1050%2C600 3x"},"classes":[]}],"jetpack_likes_enabled":true,"_links":{"self":[{"href":"https:\/\/lyonelkaufmann.ch\/Blog\/wp-json\/wp\/v2\/posts\/12760","targetHints":{"allow":["GET"]}}],"collection":[{"href":"https:\/\/lyonelkaufmann.ch\/Blog\/wp-json\/wp\/v2\/posts"}],"about":[{"href":"https:\/\/lyonelkaufmann.ch\/Blog\/wp-json\/wp\/v2\/types\/post"}],"author":[{"embeddable":true,"href":"https:\/\/lyonelkaufmann.ch\/Blog\/wp-json\/wp\/v2\/users\/1"}],"replies":[{"embeddable":true,"href":"https:\/\/lyonelkaufmann.ch\/Blog\/wp-json\/wp\/v2\/comments?post=12760"}],"version-history":[{"count":1,"href":"https:\/\/lyonelkaufmann.ch\/Blog\/wp-json\/wp\/v2\/posts\/12760\/revisions"}],"predecessor-version":[{"id":24648,"href":"https:\/\/lyonelkaufmann.ch\/Blog\/wp-json\/wp\/v2\/posts\/12760\/revisions\/24648"}],"wp:featuredmedia":[{"embeddable":true,"href":"https:\/\/lyonelkaufmann.ch\/Blog\/wp-json\/wp\/v2\/media\/13940"}],"wp:attachment":[{"href":"https:\/\/lyonelkaufmann.ch\/Blog\/wp-json\/wp\/v2\/media?parent=12760"}],"wp:term":[{"taxonomy":"category","embeddable":true,"href":"https:\/\/lyonelkaufmann.ch\/Blog\/wp-json\/wp\/v2\/categories?post=12760"},{"taxonomy":"post_tag","embeddable":true,"href":"https:\/\/lyonelkaufmann.ch\/Blog\/wp-json\/wp\/v2\/tags?post=12760"}],"curies":[{"name":"wp","href":"https:\/\/api.w.org\/{rel}","templated":true}]}}