{"id":12773,"date":"2012-08-31T13:56:42","date_gmt":"2012-08-31T12:56:42","guid":{"rendered":"https:\/\/lyonelkaufmann.ch\/Blog\/?p=7209"},"modified":"2012-08-31T13:56:42","modified_gmt":"2012-08-31T12:56:42","slug":"festival-images-2012-j-8-photo-du-jour","status":"publish","type":"post","link":"https:\/\/lyonelkaufmann.ch\/Blog\/2012\/08\/31\/festival-images-2012-j-8-photo-du-jour\/","title":{"rendered":"Festival Images 2012 : J-8 | Photo du jour"},"content":{"rendered":"<p><strong>Cette fois-ci, ce n&rsquo;est plus un photomontage, mais le montage lui-m\u00eame du Festival Images 2012 qui a d\u00e9but\u00e9 en ville de Vevey. Des photos g\u00e9antes et des habillages d&rsquo;\u00e9difices font leur apparition.<\/strong><\/p>\n<p><a href=\"https:\/\/i0.wp.com\/www.politis.ch\/carnets\/wp-content\/uploads\/2012\/08\/20120831-144825.jpg\"><img data-recalc-dims=\"1\" decoding=\"async\" class=\"alignnone size-full\" alt=\"20120831-144825.jpg\" src=\"https:\/\/i0.wp.com\/www.politis.ch\/carnets\/wp-content\/uploads\/2012\/08\/20120831-144825.jpg\" \/><\/a><br \/>\nLe Th\u00e9\u00e2tre de Vevey op\u00e8re sa mue\u2026<\/p>\n<p>Pour rappel, l&rsquo;ouverture du Festival est agend\u00e9e au samedi 8 septembre.<br \/>\nA suivre\u2026<\/p>\n","protected":false},"excerpt":{"rendered":"<p>Cette fois-ci, ce n&rsquo;est plus un photomontage, mais le montage lui-m\u00eame du Festival Images 2012 qui a d\u00e9but\u00e9 en ville de Vevey. Des photos g\u00e9antes et des habillages d&rsquo;\u00e9difices font leur apparition. Le Th\u00e9\u00e2tre de Vevey op\u00e8re sa mue\u2026 Pour rappel, l&rsquo;ouverture du Festival est agend\u00e9e au samedi 8 septembre. A suivre\u2026<\/p>\n","protected":false},"author":1,"featured_media":7211,"comment_status":"open","ping_status":"open","sticky":false,"template":"","format":"image","meta":{"_import_markdown_pro_load_document_selector":0,"_import_markdown_pro_submit_text_textarea":"","_genesis_hide_title":false,"_genesis_hide_breadcrumbs":false,"_genesis_hide_singular_image":false,"_genesis_hide_footer_widgets":false,"_genesis_custom_body_class":"","_genesis_custom_post_class":"","_genesis_layout":"","jetpack_post_was_ever_published":false,"_jetpack_newsletter_access":"","_jetpack_dont_email_post_to_subs":false,"_jetpack_newsletter_tier_id":0,"_jetpack_memberships_contains_paywalled_content":false,"_jetpack_memberships_contains_paid_content":false,"activitypub_content_warning":"","activitypub_content_visibility":"","activitypub_max_image_attachments":3,"activitypub_interaction_policy_quote":"anyone","activitypub_status":"","footnotes":"","jetpack_publicize_message":"","jetpack_publicize_feature_enabled":true,"jetpack_social_post_already_shared":true,"jetpack_social_options":{"image_generator_settings":{"template":"fullscreen","default_image_id":0,"font":"","enabled":false},"version":2}},"categories":[880],"tags":[786,148],"class_list":{"0":"post-12773","1":"post","2":"type-post","3":"status-publish","4":"format-image","5":"has-post-thumbnail","7":"category-photo-du-jour","8":"tag-festival-images","9":"tag-vevey","10":"post_format-post-format-image","11":"entry"},"jetpack_publicize_connections":[],"featured_image_src":null,"featured_image_src_square":null,"author_info":{"display_name":"Lyonel Kaufmann","author_link":"https:\/\/lyonelkaufmann.ch\/Blog\/author\/lyonelk\/"},"jetpack_featured_media_url":"","jetpack_sharing_enabled":true,"jetpack_shortlink":"https:\/\/wp.me\/p1qtF4-3k1","jetpack-related-posts":[{"id":7227,"url":"https:\/\/lyonelkaufmann.ch\/Blog\/2012\/09\/07\/festival-images-2012-j-1\/","url_meta":{"origin":12773,"position":0},"title":"Festival Images 2012 : J-1","author":"Lyonel Kaufmann","date":"7 septembre 2012","format":"image","excerpt":"Derni\u00e8re piq\u00fbre de rappel avant le d\u00e9but ce samedi 8 septembre du Festival Images \u00e0 Vevey. Place de la Gare, Vevey, Immeuble BCV, Vevey. Cindy Sherman, Untitled Film Still #21, 1978. C'est aussi un retour \u00e0 Cindy Sherman avec une interpr\u00e9tation bas\u00e9e, non plus sur un photomontage, mais sur l'image\u2026","rel":"","context":"Dans &quot;Blogcaf\u00e9&quot;","block_context":{"text":"Blogcaf\u00e9","link":"https:\/\/lyonelkaufmann.ch\/Blog\/category\/blogcafe-2\/"},"img":{"alt_text":"DSC00104","src":"https:\/\/i0.wp.com\/www.politis.ch\/carnets\/wp-content\/uploads\/2012\/09\/DSC00104.jpg?resize=350%2C200","width":350,"height":200},"classes":[]},{"id":7305,"url":"https:\/\/lyonelkaufmann.ch\/Blog\/2012\/09\/14\/photo-du-jour\/","url_meta":{"origin":12773,"position":1},"title":"Yello | Photo du jour","author":"Lyonel Kaufmann","date":"14 septembre 2012","format":"image","excerpt":"Si vous ne savez pas quoi faire ce week-end, je vous invite \u00e0 vous rendre \u00e0 Vevey, \u00e0 l'ex-EPA, et de vous laissez envouter, comme Claude Nobs selon nos informations, par l'expo au sous-sol consacr\u00e9e au groupe Yello et \u00e0 Dieter Meier dans le cadre du Festival Images. C'est en\u2026","rel":"","context":"Dans &quot;Photo du jour&quot;","block_context":{"text":"Photo du jour","link":"https:\/\/lyonelkaufmann.ch\/Blog\/category\/photo-du-jour\/"},"img":{"alt_text":"","src":"https:\/\/i0.wp.com\/lyonelkaufmann.ch\/Blog\/wp-content\/uploads\/2015\/03\/Yello-Photo-du-jour-L.jpg?fit=800%2C530&ssl=1&resize=350%2C200","width":350,"height":200,"srcset":"https:\/\/i0.wp.com\/lyonelkaufmann.ch\/Blog\/wp-content\/uploads\/2015\/03\/Yello-Photo-du-jour-L.jpg?fit=800%2C530&ssl=1&resize=350%2C200 1x, https:\/\/i0.wp.com\/lyonelkaufmann.ch\/Blog\/wp-content\/uploads\/2015\/03\/Yello-Photo-du-jour-L.jpg?fit=800%2C530&ssl=1&resize=525%2C300 1.5x, https:\/\/i0.wp.com\/lyonelkaufmann.ch\/Blog\/wp-content\/uploads\/2015\/03\/Yello-Photo-du-jour-L.jpg?fit=800%2C530&ssl=1&resize=700%2C400 2x"},"classes":[]},{"id":12771,"url":"https:\/\/lyonelkaufmann.ch\/Blog\/2012\/08\/23\/festival-images-2012-un-cindy-sherman-de-500-m2-a-vevey\/","url_meta":{"origin":12773,"position":2},"title":"Festival Images 2012 : Un Cindy Sherman de 500 m2 \u00e0 Vevey","author":"Lyonel Kaufmann","date":"23 ao\u00fbt 2012","format":"image","excerpt":"Apr\u00e8s une \u00e9dition 2010 remarquable, la barre \u00e9tait plac\u00e9e haut pour Stefano Stoll et le Festival Images \u00e0 Vevey. Aujourd'hui, \u00e0 deux semaines et demie de l'ouverture de l'\u00e9dition 2012, celle-ci s'annonce prometteuse \u00e0 l'exemple de cette derni\u00e8re pi\u00e8ce du puzzle : un portrait g\u00e9ant de l\u2019artiste contemporaine am\u00e9ricaine Cindy\u2026","rel":"","context":"Dans &quot;Blogcaf\u00e9&quot;","block_context":{"text":"Blogcaf\u00e9","link":"https:\/\/lyonelkaufmann.ch\/Blog\/category\/blogcafe-2\/"},"img":{"alt_text":"","src":"https:\/\/i0.wp.com\/www.politis.ch\/carnets\/wp-content\/uploads\/2012\/08\/16.jpg?resize=350%2C200","width":350,"height":200,"srcset":"https:\/\/i0.wp.com\/www.politis.ch\/carnets\/wp-content\/uploads\/2012\/08\/16.jpg?resize=350%2C200 1x, https:\/\/i0.wp.com\/www.politis.ch\/carnets\/wp-content\/uploads\/2012\/08\/16.jpg?resize=525%2C300 1.5x"},"classes":[]},{"id":12131,"url":"https:\/\/lyonelkaufmann.ch\/Blog\/2014\/10\/13\/postcards-from-google-earth-festival-images-vevey\/","url_meta":{"origin":12773,"position":3},"title":"Postcards from Google Earth | Festival #Images @Vevey","author":"Lyonel Kaufmann","date":"13 octobre 2014","format":false,"excerpt":"Le\u00e7on 8 :\u00a0pour ajouter de la vie \u00e0 une image fixe, rien ne vaut un enfant au ballon. Postcards from Google Earth N\u00e9 en 1971, Clement Valla est un artiste qui vit et travaille \u00e0 Brooklyn et qui a suivi une double formation d\u2019architecte et de designer. Valla collectionne des\u2026","rel":"","context":"Dans &quot;Photo du jour&quot;","block_context":{"text":"Photo du jour","link":"https:\/\/lyonelkaufmann.ch\/Blog\/category\/photo-du-jour\/"},"img":{"alt_text":"","src":"https:\/\/i0.wp.com\/lyonelkaufmann.ch\/Blog\/wp-content\/uploads\/2015\/03\/example1.jpg?fit=800%2C531&ssl=1&resize=350%2C200","width":350,"height":200,"srcset":"https:\/\/i0.wp.com\/lyonelkaufmann.ch\/Blog\/wp-content\/uploads\/2015\/03\/example1.jpg?fit=800%2C531&ssl=1&resize=350%2C200 1x, https:\/\/i0.wp.com\/lyonelkaufmann.ch\/Blog\/wp-content\/uploads\/2015\/03\/example1.jpg?fit=800%2C531&ssl=1&resize=525%2C300 1.5x, https:\/\/i0.wp.com\/lyonelkaufmann.ch\/Blog\/wp-content\/uploads\/2015\/03\/example1.jpg?fit=800%2C531&ssl=1&resize=700%2C400 2x"},"classes":[]},{"id":22293,"url":"https:\/\/lyonelkaufmann.ch\/Blog\/2020\/12\/28\/il-etait-une-fois-2020-festival-images-vevey-samedi-12-septembre\/","url_meta":{"origin":12773,"position":4},"title":"Il \u00e9tait une fois 2020\u2026 : Festival Images Vevey &#8211; samedi 12 septembre","author":"Lyonel Kaufmann","date":"28 d\u00e9cembre 2020","format":false,"excerpt":"Jusqu'au 31 d\u00e9cembre, je vous propose ma r\u00e9trospective avec une photo pour chaque mois de cette ann\u00e9e des plus particuli\u00e8res, probablement la plus \u00e9trange que j'ai connue en plus de cinquante ans. Les photos sont mises en perspective en lien avec cette pand\u00e9mie qui nous a tous frapp\u00e9s d'une mani\u00e8re\u2026","rel":"","context":"Dans &quot;Blogcaf\u00e9&quot;","block_context":{"text":"Blogcaf\u00e9","link":"https:\/\/lyonelkaufmann.ch\/Blog\/category\/blogcafe-2\/"},"img":{"alt_text":"","src":"https:\/\/i0.wp.com\/lyonelkaufmann.ch\/Blog\/wp-content\/uploads\/2020\/12\/DSC00848.jpg?fit=1200%2C802&ssl=1&resize=350%2C200","width":350,"height":200,"srcset":"https:\/\/i0.wp.com\/lyonelkaufmann.ch\/Blog\/wp-content\/uploads\/2020\/12\/DSC00848.jpg?fit=1200%2C802&ssl=1&resize=350%2C200 1x, https:\/\/i0.wp.com\/lyonelkaufmann.ch\/Blog\/wp-content\/uploads\/2020\/12\/DSC00848.jpg?fit=1200%2C802&ssl=1&resize=525%2C300 1.5x, https:\/\/i0.wp.com\/lyonelkaufmann.ch\/Blog\/wp-content\/uploads\/2020\/12\/DSC00848.jpg?fit=1200%2C802&ssl=1&resize=700%2C400 2x, https:\/\/i0.wp.com\/lyonelkaufmann.ch\/Blog\/wp-content\/uploads\/2020\/12\/DSC00848.jpg?fit=1200%2C802&ssl=1&resize=1050%2C600 3x"},"classes":[]},{"id":12042,"url":"https:\/\/lyonelkaufmann.ch\/Blog\/2014\/09\/23\/hurry-up-festival-images-vevey\/","url_meta":{"origin":12773,"position":5},"title":"Hurry up ! | Festival #Images @Vevey","author":"Lyonel Kaufmann","date":"23 septembre 2014","format":false,"excerpt":"Le\u00e7on 3 : Le temps passe vite... et il n'est pas interdit de prendre la m\u00eame image sous des angles diff\u00e9rents. Vendredi 19 septembre 2014. Depuis la Place de la Gare @Vevey, un nouveau point de vue d'Arno Rafael Minkkinen (2005). From the Shelton, Looking Eastwood sur la fa\u00e7ade BCV.\u2026","rel":"","context":"Dans &quot;Photo du jour&quot;","block_context":{"text":"Photo du jour","link":"https:\/\/lyonelkaufmann.ch\/Blog\/category\/photo-du-jour\/"},"img":{"alt_text":"","src":"https:\/\/i0.wp.com\/lyonelkaufmann.ch\/Blog\/wp-content\/uploads\/2015\/03\/IMG_1710.jpg?fit=900%2C1200&ssl=1&resize=350%2C200","width":350,"height":200,"srcset":"https:\/\/i0.wp.com\/lyonelkaufmann.ch\/Blog\/wp-content\/uploads\/2015\/03\/IMG_1710.jpg?fit=900%2C1200&ssl=1&resize=350%2C200 1x, https:\/\/i0.wp.com\/lyonelkaufmann.ch\/Blog\/wp-content\/uploads\/2015\/03\/IMG_1710.jpg?fit=900%2C1200&ssl=1&resize=525%2C300 1.5x, https:\/\/i0.wp.com\/lyonelkaufmann.ch\/Blog\/wp-content\/uploads\/2015\/03\/IMG_1710.jpg?fit=900%2C1200&ssl=1&resize=700%2C400 2x"},"classes":[]}],"jetpack_likes_enabled":true,"_links":{"self":[{"href":"https:\/\/lyonelkaufmann.ch\/Blog\/wp-json\/wp\/v2\/posts\/12773","targetHints":{"allow":["GET"]}}],"collection":[{"href":"https:\/\/lyonelkaufmann.ch\/Blog\/wp-json\/wp\/v2\/posts"}],"about":[{"href":"https:\/\/lyonelkaufmann.ch\/Blog\/wp-json\/wp\/v2\/types\/post"}],"author":[{"embeddable":true,"href":"https:\/\/lyonelkaufmann.ch\/Blog\/wp-json\/wp\/v2\/users\/1"}],"replies":[{"embeddable":true,"href":"https:\/\/lyonelkaufmann.ch\/Blog\/wp-json\/wp\/v2\/comments?post=12773"}],"version-history":[{"count":0,"href":"https:\/\/lyonelkaufmann.ch\/Blog\/wp-json\/wp\/v2\/posts\/12773\/revisions"}],"wp:featuredmedia":[{"embeddable":true,"href":"https:\/\/lyonelkaufmann.ch\/Blog\/wp-json\/"}],"wp:attachment":[{"href":"https:\/\/lyonelkaufmann.ch\/Blog\/wp-json\/wp\/v2\/media?parent=12773"}],"wp:term":[{"taxonomy":"category","embeddable":true,"href":"https:\/\/lyonelkaufmann.ch\/Blog\/wp-json\/wp\/v2\/categories?post=12773"},{"taxonomy":"post_tag","embeddable":true,"href":"https:\/\/lyonelkaufmann.ch\/Blog\/wp-json\/wp\/v2\/tags?post=12773"}],"curies":[{"name":"wp","href":"https:\/\/api.w.org\/{rel}","templated":true}]}}