{"id":12785,"date":"2012-11-05T13:16:18","date_gmt":"2012-11-05T12:16:18","guid":{"rendered":"https:\/\/lyonelkaufmann.ch\/Blog\/?p=7630"},"modified":"2012-11-05T13:16:18","modified_gmt":"2012-11-05T12:16:18","slug":"le-roman-photo-ressort-de-sa-bulle-ecrans","status":"publish","type":"post","link":"https:\/\/lyonelkaufmann.ch\/Blog\/2012\/11\/05\/le-roman-photo-ressort-de-sa-bulle-ecrans\/","title":{"rendered":"Le roman-photo ressort de sa bulle | Ecrans"},"content":{"rendered":"<p style=\"text-align:center;\"><a href=\"http:\/\/www.ecrans.fr\/Le-roman-photo-ressort-de-sa-bulle,15471.html\"><img data-recalc-dims=\"1\" src=\"https:\/\/i0.wp.com\/lyonelkaufmann.ch\/Blog\/wp-content\/uploads\/2012\/11\/roman_photo_livre-fcd3a.jpg\" alt='' \/><\/a><\/p>\n<p>Un peu honteux, un peu has been, le roman-photo. Pourtant, au fa\u00eete de sa gloire, le genre a attir\u00e9 des stars extr\u00eamement populaires, tels Gina Lollobrigida, Johnny Hallyday, Hugh Grant\u2026 Un beau livre, <em>Nous Deux\u00a0: la saga du roman-photo<\/em>, pr\u00e9sente les origines et retrace l\u2019histoire de ce format un peu hybride, \u00e0 cheval entre BD, roman et cin\u00e9ma. Tout cela me rappelle les mercredi apr\u00e8s-midi pass\u00e9s chez ma grand-maman\u2026<\/p>\n<p>A lire :\u00a0<a href=\"http:\/\/www.ecrans.fr\/Le-roman-photo-ressort-de-sa-bulle,15471.html\">Le roman-photo ressort de sa bulle- Ecrans<\/a>.<\/p>\n","protected":false},"excerpt":{"rendered":"<p>Un peu honteux, un peu has been, le roman-photo. Pourtant, au fa\u00eete de sa gloire, le genre a attir\u00e9 des stars extr\u00eamement populaires, tels Gina Lollobrigida, Johnny Hallyday, Hugh Grant\u2026 Un beau livre, Nous Deux\u00a0: la saga du roman-photo, pr\u00e9sente les origines et retrace l\u2019histoire de ce format un peu hybride, \u00e0 cheval entre BD, [&hellip;]<\/p>\n","protected":false},"author":1,"featured_media":14001,"comment_status":"open","ping_status":"open","sticky":false,"template":"","format":"standard","meta":{"_import_markdown_pro_load_document_selector":0,"_import_markdown_pro_submit_text_textarea":"","_genesis_hide_title":false,"_genesis_hide_breadcrumbs":false,"_genesis_hide_singular_image":false,"_genesis_hide_footer_widgets":false,"_genesis_custom_body_class":"","_genesis_custom_post_class":"","_genesis_layout":"","jetpack_post_was_ever_published":false,"_jetpack_newsletter_access":"","_jetpack_dont_email_post_to_subs":false,"_jetpack_newsletter_tier_id":0,"_jetpack_memberships_contains_paywalled_content":false,"_jetpack_memberships_contains_paid_content":false,"activitypub_content_warning":"","activitypub_content_visibility":"","activitypub_max_image_attachments":3,"activitypub_interaction_policy_quote":"anyone","activitypub_status":"","footnotes":"","jetpack_publicize_message":"","jetpack_publicize_feature_enabled":true,"jetpack_social_post_already_shared":true,"jetpack_social_options":{"image_generator_settings":{"template":"fullscreen","default_image_id":0,"font":"","enabled":false},"version":2}},"categories":[3],"tags":[],"class_list":{"0":"post-12785","1":"post","2":"type-post","3":"status-publish","4":"format-standard","5":"has-post-thumbnail","7":"category-blogcafe-2","8":"entry"},"jetpack_publicize_connections":[],"featured_image_src":"https:\/\/i0.wp.com\/lyonelkaufmann.ch\/Blog\/wp-content\/uploads\/2015\/03\/roman_photo_livre-fcd3a.jpg?resize=200%2C245&ssl=1","featured_image_src_square":"https:\/\/i0.wp.com\/lyonelkaufmann.ch\/Blog\/wp-content\/uploads\/2015\/03\/roman_photo_livre-fcd3a.jpg?resize=200%2C245&ssl=1","author_info":{"display_name":"Lyonel Kaufmann","author_link":"https:\/\/lyonelkaufmann.ch\/Blog\/author\/lyonelk\/"},"jetpack_featured_media_url":"https:\/\/i0.wp.com\/lyonelkaufmann.ch\/Blog\/wp-content\/uploads\/2015\/03\/roman_photo_livre-fcd3a.jpg?fit=200%2C245&ssl=1","jetpack_sharing_enabled":true,"jetpack_shortlink":"https:\/\/wp.me\/p1qtF4-3kd","jetpack-related-posts":[{"id":7042,"url":"https:\/\/lyonelkaufmann.ch\/Blog\/2013\/04\/24\/realisation-dun-roman-photo-numerique-avec-une-tablette-en-quatrieme\/","url_meta":{"origin":12785,"position":0},"title":"R\u00e9alisation d&rsquo;un roman-photo num\u00e9rique avec une tablette en quatri\u00e8me","author":"Lyonel Kaufmann","date":"24 avril 2013","format":false,"excerpt":"See on Scoop.it - histoire ENT Midi Pyr\u00e9n\u00e9es...Lyonel Kaufmann's insight:Travail r\u00e9alis\u00e9 en fran\u00e7ais histoire-g\u00e9ographie + documentaliste (biblioth\u00e8que) au coll\u00e8ge Desaix \u00e0 Tarbes.See on desaix.entmip.fr","rel":"","context":"Dans &quot;histoire&quot;","block_context":{"text":"histoire","link":"https:\/\/lyonelkaufmann.ch\/Blog\/category\/histoire-2\/"},"img":{"alt_text":"","src":"https:\/\/i0.wp.com\/lyonelkaufmann.ch\/Blog\/wp-content\/uploads\/2015\/03\/5BoRdjbh6R_2lw4eCaMRMzl72eJkfbmt4t8yenImKBXEejxNn4ZJNZ2ss5Ku7Cxt.jpg?fit=500%2C375&ssl=1&resize=350%2C200","width":350,"height":200},"classes":[]},{"id":19427,"url":"https:\/\/lyonelkaufmann.ch\/Blog\/2018\/08\/06\/quand-tu-repasses-a-la-fontaine-et-que-tu-avais-oublie-que-dautres-livres-tattendaient-rendez-vous-a-positano-est-un-roman-damour-de-goliarda-sapienza-dont\/","url_meta":{"origin":12785,"position":1},"title":"Quand tu repasses \u00e0 La Fontaine et que tu avais oubli\u00e9 que d\u2019autres livres t\u2019attendaient&#8230; \u00ab Rendez-vous \u00e0 Positano \u00bb est un roman d\u2019amour de Goliarda Sapienza dont la vie elle-m\u00eame est d\u00e9j\u00e0 un roman. Ce texte est d\u00e9di\u00e9 \u00e0 une femme et \u00e0 un lieu, Positano. Le livre n\u2019a \u00e9t\u00e9 publi\u00e9 qu\u2019apr\u00e8s la mort de son auteure, consid\u00e9r\u00e9e aujourd\u2019hui comme une \u00e9crivaine majeure de la litt\u00e9rature italienne.","author":"Lyonel Kaufmann","date":"6 ao\u00fbt 2018","format":false,"excerpt":"from Instagram: https:\/\/ift.tt\/2KtmXqE","rel":"","context":"Dans &quot;Blogcaf\u00e9&quot;","block_context":{"text":"Blogcaf\u00e9","link":"https:\/\/lyonelkaufmann.ch\/Blog\/category\/blogcafe-2\/"},"img":{"alt_text":"","src":"https:\/\/i0.wp.com\/lyonelkaufmann.ch\/Blog\/wp-content\/uploads\/2018\/08\/38471682_496820270788830_3464528935457390592_n.jpg?resize=350%2C200&ssl=1","width":350,"height":200,"srcset":"https:\/\/i0.wp.com\/lyonelkaufmann.ch\/Blog\/wp-content\/uploads\/2018\/08\/38471682_496820270788830_3464528935457390592_n.jpg?resize=350%2C200&ssl=1 1x, https:\/\/i0.wp.com\/lyonelkaufmann.ch\/Blog\/wp-content\/uploads\/2018\/08\/38471682_496820270788830_3464528935457390592_n.jpg?resize=525%2C300&ssl=1 1.5x"},"classes":[]},{"id":16743,"url":"https:\/\/lyonelkaufmann.ch\/Blog\/2016\/06\/28\/bande-dessinee-du-papier-au-numerique-une-rupture-2\/","url_meta":{"origin":12785,"position":2},"title":"Bande dessin\u00e9e : du papier au num\u00e9rique, une rupture ?","author":"Lyonel Kaufmann","date":"28 juin 2016","format":false,"excerpt":"L\u2019av\u00e8nement de la bande dessin\u00e9e est une histoire ancienne, mais son passage vers les supports num\u00e9riques est une tout autre comptine. Tout semble opposer l\u2019exp\u00e9rience de lecture sur \u00e9cran de celle op\u00e9r\u00e9e sur un support imprim\u00e9, alors m\u00eame que le r\u00e9cit par case pourrait \u00eatre un facteur commun. Si le\u2026","rel":"","context":"Dans &quot;L'Expresso&quot;","block_context":{"text":"L'Expresso","link":"https:\/\/lyonelkaufmann.ch\/Blog\/category\/breves\/"},"img":{"alt_text":"","src":"https:\/\/i0.wp.com\/lyonelkaufmann.ch\/Blog\/wp-content\/uploads\/2015\/03\/blogcafe1.jpg?fit=1024%2C683&ssl=1&resize=350%2C200","width":350,"height":200,"srcset":"https:\/\/i0.wp.com\/lyonelkaufmann.ch\/Blog\/wp-content\/uploads\/2015\/03\/blogcafe1.jpg?fit=1024%2C683&ssl=1&resize=350%2C200 1x, https:\/\/i0.wp.com\/lyonelkaufmann.ch\/Blog\/wp-content\/uploads\/2015\/03\/blogcafe1.jpg?fit=1024%2C683&ssl=1&resize=525%2C300 1.5x, https:\/\/i0.wp.com\/lyonelkaufmann.ch\/Blog\/wp-content\/uploads\/2015\/03\/blogcafe1.jpg?fit=1024%2C683&ssl=1&resize=700%2C400 2x"},"classes":[]},{"id":5542,"url":"https:\/\/lyonelkaufmann.ch\/Blog\/2012\/06\/17\/le-polar-historique-les-origines-du-polar-historique\/","url_meta":{"origin":12785,"position":3},"title":"Le polar historique : Les origines du polar historique","author":"Lyonel Kaufmann","date":"17 juin 2012","format":false,"excerpt":"See on Scoop.it - histoire \u00abLe roman policier historique a sa bible. On la doit \u00e0 Jean-Christophe Sarrot et \u00e0 Laurent Broche, qui, il y a trois ans d\u00e9j\u00e0 -mais, comme chacun sait, un bon livre d'histoire ne vieillit pas- nous ont offert une magistrale histoire du genre. Ils l'ont\u2026","rel":"","context":"Dans &quot;histoire&quot;","block_context":{"text":"histoire","link":"https:\/\/lyonelkaufmann.ch\/Blog\/category\/histoire-2\/"},"img":{"alt_text":"","src":"","width":0,"height":0},"classes":[]},{"id":12774,"url":"https:\/\/lyonelkaufmann.ch\/Blog\/2012\/09\/07\/lessoc-photo-du-jour\/","url_meta":{"origin":12785,"position":4},"title":"Lessoc | Photo du jour","author":"Lyonel Kaufmann","date":"7 septembre 2012","format":"image","excerpt":"Un peu de temps libre cet apr\u00e8s-midi et hop, un petit tour \u00e0 moto via le col du Pillon, retour par Lessoc et Bulle !\u00a0 En m\u00eame temps, c'est d\u00e9j\u00e0 un peu l'automne\u2026","rel":"","context":"Dans &quot;Blogcaf\u00e9&quot;","block_context":{"text":"Blogcaf\u00e9","link":"https:\/\/lyonelkaufmann.ch\/Blog\/category\/blogcafe-2\/"},"img":{"alt_text":"","src":"https:\/\/i0.wp.com\/lyonelkaufmann.ch\/Blog\/wp-content\/uploads\/2015\/03\/Lessoc_photo_jour.jpg?fit=600%2C400&ssl=1&resize=350%2C200","width":350,"height":200,"srcset":"https:\/\/i0.wp.com\/lyonelkaufmann.ch\/Blog\/wp-content\/uploads\/2015\/03\/Lessoc_photo_jour.jpg?fit=600%2C400&ssl=1&resize=350%2C200 1x, https:\/\/i0.wp.com\/lyonelkaufmann.ch\/Blog\/wp-content\/uploads\/2015\/03\/Lessoc_photo_jour.jpg?fit=600%2C400&ssl=1&resize=525%2C300 1.5x"},"classes":[]},{"id":20002,"url":"https:\/\/lyonelkaufmann.ch\/Blog\/2019\/02\/23\/livre-le-magicien-de-magdalena-parys-edition-agullo-noir\/","url_meta":{"origin":12785,"position":5},"title":"Livre : Le Magicien de Magdalena Parys. Edition Agullo Noir\u00a0","author":"Lyonel Kaufmann","date":"23 f\u00e9vrier 2019","format":false,"excerpt":"Dans \u00able Magicien\u00bb, la polonaise Magdalena Parys remonte la machine polici\u00e8re qui a tenu quarante ans durant l'Allemagne de l'Est dans une poigne de fer.\u00a0 Pr\u00e9sentation de l'\u00e9diteur :\u00a0 D\u00e8s 1970, la Stasi et les garde-fronti\u00e8res bulgares montent une op\u00e9ration pour arr\u00eater tous ceux qui tentent de fuir le bloc\u2026","rel":"","context":"Dans &quot;Blogcaf\u00e9&quot;","block_context":{"text":"Blogcaf\u00e9","link":"https:\/\/lyonelkaufmann.ch\/Blog\/category\/blogcafe-2\/"},"img":{"alt_text":"","src":"https:\/\/i0.wp.com\/lyonelkaufmann.ch\/Blog\/wp-content\/uploads\/2019\/02\/arton34895-02725.jpg?fit=434%2C620&ssl=1&resize=350%2C200","width":350,"height":200},"classes":[]}],"jetpack_likes_enabled":true,"_links":{"self":[{"href":"https:\/\/lyonelkaufmann.ch\/Blog\/wp-json\/wp\/v2\/posts\/12785","targetHints":{"allow":["GET"]}}],"collection":[{"href":"https:\/\/lyonelkaufmann.ch\/Blog\/wp-json\/wp\/v2\/posts"}],"about":[{"href":"https:\/\/lyonelkaufmann.ch\/Blog\/wp-json\/wp\/v2\/types\/post"}],"author":[{"embeddable":true,"href":"https:\/\/lyonelkaufmann.ch\/Blog\/wp-json\/wp\/v2\/users\/1"}],"replies":[{"embeddable":true,"href":"https:\/\/lyonelkaufmann.ch\/Blog\/wp-json\/wp\/v2\/comments?post=12785"}],"version-history":[{"count":0,"href":"https:\/\/lyonelkaufmann.ch\/Blog\/wp-json\/wp\/v2\/posts\/12785\/revisions"}],"wp:featuredmedia":[{"embeddable":true,"href":"https:\/\/lyonelkaufmann.ch\/Blog\/wp-json\/wp\/v2\/media\/14001"}],"wp:attachment":[{"href":"https:\/\/lyonelkaufmann.ch\/Blog\/wp-json\/wp\/v2\/media?parent=12785"}],"wp:term":[{"taxonomy":"category","embeddable":true,"href":"https:\/\/lyonelkaufmann.ch\/Blog\/wp-json\/wp\/v2\/categories?post=12785"},{"taxonomy":"post_tag","embeddable":true,"href":"https:\/\/lyonelkaufmann.ch\/Blog\/wp-json\/wp\/v2\/tags?post=12785"}],"curies":[{"name":"wp","href":"https:\/\/api.w.org\/{rel}","templated":true}]}}