{"id":12790,"date":"2012-11-25T13:34:44","date_gmt":"2012-11-25T12:34:44","guid":{"rendered":"https:\/\/lyonelkaufmann.ch\/Blog\/?p=7704"},"modified":"2012-11-25T13:34:44","modified_gmt":"2012-11-25T12:34:44","slug":"lavenir-du-cinema-est-sur-internet","status":"publish","type":"post","link":"https:\/\/lyonelkaufmann.ch\/Blog\/2012\/11\/25\/lavenir-du-cinema-est-sur-internet\/","title":{"rendered":"Marfa Girl : L&rsquo;avenir du cin\u00e9ma est sur internet"},"content":{"rendered":"<div title=\"Page 19\">\n<div title=\"Page 19\">\n<figure id=\"attachment_7705\" aria-describedby=\"caption-attachment-7705\" style=\"width: 563px\" class=\"wp-caption aligncenter\"><a href=\"https:\/\/lyonelkaufmann.ch\/Blog\/2012\/11\/25\/lavenir-du-cinema-est-sur-internet\/marfa_girl_3585_north_626x\/\" rel=\"attachment wp-att-7705\"><img data-recalc-dims=\"1\" loading=\"lazy\" decoding=\"async\" class=\" wp-image-7705  \" title=\"marfa_girl_3585_north_626x\" alt=\"\" src=\"https:\/\/i0.wp.com\/lyonelkaufmann.ch\/Blog\/wp-content\/uploads\/2012\/11\/marfa_girl_3585_north_626x.jpg?resize=563%2C375\" width=\"563\" height=\"375\" \/><\/a><figcaption id=\"caption-attachment-7705\" class=\"wp-caption-text\">Adam Mediano et Inez Mercedes Maxwell dans une sc\u00e8ne de \u00ab Marfa Girl \u00bb de Larry Clark. MORGAN JENKINS<\/figcaption><\/figure>\n<blockquote>\n<p style=\"text-align:justify;\"><em>\u00abLes gens pleurent parce qu\u2019ils ne voient plus de films en salles, que le cin\u00e9ma serait menac\u00e9, qu\u2019Internet signifierait la fin des haricots&#8230; Mais arr\u00eatez de geindre ! Tout le monde voit les films sur son ordinateur, t\u00e9l\u00e9charge les s\u00e9ries t\u00e9l\u00e9, passe sa vie sur YouTube&#8230; Si tous les jeunes passent leur temps devant leur ordinateur \u00e0 draguer, organiser leur soir\u00e9e, alors allez directement \u00e0 eux ! Proposez-leur les films en ligne.\u00bb<\/em><\/p>\n<p style=\"text-align:right;\">Larry Clark, r\u00e9alisateur de<em> Mafia Girl<\/em><\/p>\n<\/blockquote>\n<\/div>\n<p>Tourn\u00e9 dans la ville arty de Marfa, perdue en plein d\u00e9sert texan,\u00a0<em>Marfa Girl<\/em>\u00a0a obtenu le Grand Prix lors du festival de Rome. Marfa Girl est disponible en t\u00e9l\u00e9chargement sur le site\u00a0<span style=\"text-decoration:underline;\"><a href=\"http:\/\/larryclark.com\/\" target=\"_blank\">Larryclark.com<\/a><\/span>, au prix de 5,99 dollars (pour 24h).<\/p>\n<p><em>Marfa Girl <\/em>est un film inspir\u00e9 par deux jeunes gens, par un village de 1 800 habitants divis\u00e9 entre une communaut\u00e9 latino-am\u00e9ricaine et une communaut\u00e9 blanche, entre les artistes et des gardes-fronti\u00e8res d\u00e9s\u0153uvr\u00e9s qui harc\u00e8lent la population (la fronti\u00e8re mexicaine est \u00e0 100 kilom\u00e8tres de l\u00e0).<\/p>\n<\/div>\n","protected":false},"excerpt":{"rendered":"<p>\u00abLes gens pleurent parce qu\u2019ils ne voient plus de films en salles, que le cin\u00e9ma serait menac\u00e9, qu\u2019Internet signifierait la fin des haricots&#8230; Mais arr\u00eatez de geindre ! Tout le monde voit les films sur son ordinateur, t\u00e9l\u00e9charge les s\u00e9ries t\u00e9l\u00e9, passe sa vie sur YouTube&#8230; Si tous les jeunes passent leur temps devant leur [&hellip;]<\/p>\n","protected":false},"author":1,"featured_media":14002,"comment_status":"open","ping_status":"open","sticky":false,"template":"","format":"standard","meta":{"_import_markdown_pro_load_document_selector":0,"_import_markdown_pro_submit_text_textarea":"","_genesis_hide_title":false,"_genesis_hide_breadcrumbs":false,"_genesis_hide_singular_image":false,"_genesis_hide_footer_widgets":false,"_genesis_custom_body_class":"","_genesis_custom_post_class":"","_genesis_layout":"full-width-content","jetpack_post_was_ever_published":false,"_jetpack_newsletter_access":"","_jetpack_dont_email_post_to_subs":false,"_jetpack_newsletter_tier_id":0,"_jetpack_memberships_contains_paywalled_content":false,"_jetpack_memberships_contains_paid_content":false,"activitypub_content_warning":"","activitypub_content_visibility":"","activitypub_max_image_attachments":3,"activitypub_interaction_policy_quote":"anyone","activitypub_status":"","footnotes":"","jetpack_publicize_message":"","jetpack_publicize_feature_enabled":true,"jetpack_social_post_already_shared":true,"jetpack_social_options":{"image_generator_settings":{"template":"fullscreen","default_image_id":0,"font":"","enabled":false},"version":2}},"categories":[3],"tags":[],"class_list":{"0":"post-12790","1":"post","2":"type-post","3":"status-publish","4":"format-standard","5":"has-post-thumbnail","7":"category-blogcafe-2","8":"entry"},"jetpack_publicize_connections":[],"featured_image_src":"https:\/\/i0.wp.com\/lyonelkaufmann.ch\/Blog\/wp-content\/uploads\/2015\/03\/marfa_girl_3585_north_626x.jpg?resize=600%2C400&ssl=1","featured_image_src_square":"https:\/\/i0.wp.com\/lyonelkaufmann.ch\/Blog\/wp-content\/uploads\/2015\/03\/marfa_girl_3585_north_626x.jpg?resize=600%2C417&ssl=1","author_info":{"display_name":"Lyonel Kaufmann","author_link":"https:\/\/lyonelkaufmann.ch\/Blog\/author\/lyonelk\/"},"jetpack_featured_media_url":"https:\/\/i0.wp.com\/lyonelkaufmann.ch\/Blog\/wp-content\/uploads\/2015\/03\/marfa_girl_3585_north_626x.jpg?fit=626%2C417&ssl=1","jetpack_sharing_enabled":true,"jetpack_shortlink":"https:\/\/wp.me\/p1qtF4-3ki","jetpack-related-posts":[{"id":17836,"url":"https:\/\/lyonelkaufmann.ch\/Blog\/2017\/01\/03\/chez-nous-le-film-qui-enerve-le-front-national\/","url_meta":{"origin":12790,"position":0},"title":"\u201cChez nous\u201d, le film qui \u00e9nerve le Front National","author":"Lyonel Kaufmann","date":"3 janvier 2017","format":false,"excerpt":"La diffusion sur Internet de la bande-annonce du film \u201cChez nous\u201d, qui sort en salles le 22 f\u00e9vrier, a provoqu\u00e9 la col\u00e8re de plusieurs dirigeants du Front national. Le film \u00e9voque la perc\u00e9e du parti d'extr\u00eame droite dans le Nord de la France. https:\/\/youtu.be\/t7geYq0_jhI Une simple bande-annonce peut provoquer les\u2026","rel":"","context":"Dans &quot;politis&quot;","block_context":{"text":"politis","link":"https:\/\/lyonelkaufmann.ch\/Blog\/category\/politis\/"},"img":{"alt_text":"","src":"https:\/\/i0.wp.com\/lyonelkaufmann.ch\/Blog\/wp-content\/uploads\/2017\/01\/Image-03.01.17-12-09.8e8656ccb30c445dbe603086a9620732.jpeg?fit=1000%2C667&ssl=1&resize=350%2C200","width":350,"height":200,"srcset":"https:\/\/i0.wp.com\/lyonelkaufmann.ch\/Blog\/wp-content\/uploads\/2017\/01\/Image-03.01.17-12-09.8e8656ccb30c445dbe603086a9620732.jpeg?fit=1000%2C667&ssl=1&resize=350%2C200 1x, https:\/\/i0.wp.com\/lyonelkaufmann.ch\/Blog\/wp-content\/uploads\/2017\/01\/Image-03.01.17-12-09.8e8656ccb30c445dbe603086a9620732.jpeg?fit=1000%2C667&ssl=1&resize=525%2C300 1.5x, https:\/\/i0.wp.com\/lyonelkaufmann.ch\/Blog\/wp-content\/uploads\/2017\/01\/Image-03.01.17-12-09.8e8656ccb30c445dbe603086a9620732.jpeg?fit=1000%2C667&ssl=1&resize=700%2C400 2x"},"classes":[]},{"id":7759,"url":"https:\/\/lyonelkaufmann.ch\/Blog\/2006\/11\/19\/untitledmecanique-filmique-films-historiques-et-histoire-du-cinema\/","url_meta":{"origin":12790,"position":1},"title":"M\u00e9canique filmique. Films historiques et histoire du cin\u00e9ma","author":"Lyonel Kaufmann","date":"19 novembre 2006","format":false,"excerpt":"Le blog M\u00e9canique filmique. Films historiques et histoire du cin\u00e9ma est l'oeuvre d'un doctorant en histoire de la Facult\u00e9 des Lettres de Nice (France) : Aur\u00e9lien Portelli. Le sujet de sa th\u00e8se aborde \"La repr\u00e9sentation de l'histoire contemporaine de l'Italie sur grand \u00e9cran\". Ses orientations de recherche portent surtout sur\u2026","rel":"","context":"Dans &quot;histoire&quot;","block_context":{"text":"histoire","link":"https:\/\/lyonelkaufmann.ch\/Blog\/category\/histoire-2\/"},"img":{"alt_text":"","src":"https:\/\/i0.wp.com\/lyonelkaufmann.ch\/Blog\/wp-content\/uploads\/2015\/03\/blogcafe1.jpg?fit=1024%2C683&ssl=1&resize=350%2C200","width":350,"height":200,"srcset":"https:\/\/i0.wp.com\/lyonelkaufmann.ch\/Blog\/wp-content\/uploads\/2015\/03\/blogcafe1.jpg?fit=1024%2C683&ssl=1&resize=350%2C200 1x, https:\/\/i0.wp.com\/lyonelkaufmann.ch\/Blog\/wp-content\/uploads\/2015\/03\/blogcafe1.jpg?fit=1024%2C683&ssl=1&resize=525%2C300 1.5x, https:\/\/i0.wp.com\/lyonelkaufmann.ch\/Blog\/wp-content\/uploads\/2015\/03\/blogcafe1.jpg?fit=1024%2C683&ssl=1&resize=700%2C400 2x"},"classes":[]},{"id":21423,"url":"https:\/\/lyonelkaufmann.ch\/Blog\/2020\/04\/07\/coronavirus-le-festival-visions-du-reel-opte-pour-le-tout-numerique\/","url_meta":{"origin":12790,"position":2},"title":"Coronavirus : le festival Visions du r\u00e9el opte pour le tout-num\u00e9rique","author":"Lyonel Kaufmann","date":"7 avril 2020","format":false,"excerpt":"La manifestation de Nyon, en Suisse, consacr\u00e9e aux documentaires, mettra en ligne, du 17\u00a0avril au 3\u00a0mai, 130 films, soumis \u00e0 une jauge de cinq cents spectateurs par s\u00e9ance. Pour commencer, le festival durera plus longtemps, avec une mise en ligne d\u00e8s le 17\u00a0avril jusqu\u2019au 3\u00a0mai, de quelque 130 films, parmi\u2026","rel":"","context":"Dans &quot;Blogcaf\u00e9&quot;","block_context":{"text":"Blogcaf\u00e9","link":"https:\/\/lyonelkaufmann.ch\/Blog\/category\/blogcafe-2\/"},"img":{"alt_text":"","src":"https:\/\/i0.wp.com\/lyonelkaufmann.ch\/Blog\/wp-content\/uploads\/2020\/04\/img_8725.jpg?resize=350%2C200&ssl=1","width":350,"height":200},"classes":[]},{"id":2909,"url":"https:\/\/lyonelkaufmann.ch\/Blog\/2010\/07\/13\/film-histoire-14-18-au-cinema\/","url_meta":{"origin":12790,"position":3},"title":"Film &amp; Histoire : 14-18 au cin\u00e9ma","author":"Lyonel Kaufmann","date":"13 juillet 2010","format":false,"excerpt":"La pause estivale est l'occasion de rattraper ses retards en lecture de toutes sortes. Je vous proposerai donc quelques ouvrages ou lecture en ligne en lien avec le cin\u00e9ma et l'histoire. Pour le reste, le site tournera tr\u00e8s certainement au ralenti. Bon \u00e9t\u00e9! En 2008, Laurent V\u00e9ray, ma\u00eetre de conf\u00e9rences\u2026","rel":"","context":"Dans &quot;histoire&quot;","block_context":{"text":"histoire","link":"https:\/\/lyonelkaufmann.ch\/Blog\/category\/histoire-2\/"},"img":{"alt_text":"","src":"https:\/\/i0.wp.com\/lyonelkaufmann.ch\/Blog\/wp-content\/uploads\/2015\/03\/jpg_grandeguerreaucine.jpg?fit=362%2C430&ssl=1&resize=350%2C200","width":350,"height":200},"classes":[]},{"id":2935,"url":"https:\/\/lyonelkaufmann.ch\/Blog\/2010\/06\/24\/quand-le-film-defie-lhistorien-robert-a-rosenstone-cinemadoc\/","url_meta":{"origin":12790,"position":4},"title":"Quand le film d\u00e9fie l\u2019historien \u2013 Robert A. Rosenstone | Cin\u00e9madoc","author":"Lyonel Kaufmann","date":"24 juin 2010","format":false,"excerpt":"Dans son article, Robert Rosenstone part du constat que les historiens critiquent les films historiques, car ils interpr\u00e8tent ces derniers \u00e0 l\u2019aune de leurs propres exigences acad\u00e9miques. Pour l\u2019auteur, cette critique masque un double d\u00e9ni. En fait, d\u2019un c\u00f4t\u00e9 les historiens critiquent les films car ils se rendent compte qu\u2019ils\u2026","rel":"","context":"Dans &quot;histoire&quot;","block_context":{"text":"histoire","link":"https:\/\/lyonelkaufmann.ch\/Blog\/category\/histoire-2\/"},"img":{"alt_text":"","src":"https:\/\/i0.wp.com\/lyonelkaufmann.ch\/Blog\/wp-content\/uploads\/2015\/03\/blogcafe1.jpg?fit=1024%2C683&ssl=1&resize=350%2C200","width":350,"height":200,"srcset":"https:\/\/i0.wp.com\/lyonelkaufmann.ch\/Blog\/wp-content\/uploads\/2015\/03\/blogcafe1.jpg?fit=1024%2C683&ssl=1&resize=350%2C200 1x, https:\/\/i0.wp.com\/lyonelkaufmann.ch\/Blog\/wp-content\/uploads\/2015\/03\/blogcafe1.jpg?fit=1024%2C683&ssl=1&resize=525%2C300 1.5x, https:\/\/i0.wp.com\/lyonelkaufmann.ch\/Blog\/wp-content\/uploads\/2015\/03\/blogcafe1.jpg?fit=1024%2C683&ssl=1&resize=700%2C400 2x"},"classes":[]},{"id":6671,"url":"https:\/\/lyonelkaufmann.ch\/Blog\/2012\/12\/30\/le-cinema-francais-et-la-guerre-dalgerie\/","url_meta":{"origin":12790,"position":5},"title":"Le cin\u00e9ma fran\u00e7ais et la guerre d&rsquo;Alg\u00e9rie","author":"Lyonel Kaufmann","date":"30 d\u00e9cembre 2012","format":false,"excerpt":"C'est un int\u00e9ressant article de Jean-Michel Frodon publi\u00e9 sur Slate.fr et consacr\u00e9 au cin\u00e9ma fran\u00e7ais et la Guerre d'Alg\u00e9rie. Int\u00e9ressant \u00e9galement par le travail de comparaison fait entre le cin\u00e9ma fran\u00e7ais\/Guerre d'Alg\u00e9rie et cin\u00e9ma am\u00e9ricain\/Guerre du Vietnam. Ainsi, \u00e0 propos du cin\u00e9ma am\u00e9ricain et la guerre du Vietnam, Jean-Michel Frodon\u2026","rel":"","context":"Dans &quot;histoire&quot;","block_context":{"text":"histoire","link":"https:\/\/lyonelkaufmann.ch\/Blog\/category\/histoire-2\/"},"img":{"alt_text":"","src":"https:\/\/i0.wp.com\/lyonelkaufmann.ch\/Blog\/wp-content\/uploads\/2015\/03\/blogcafe1.jpg?fit=1024%2C683&ssl=1&resize=350%2C200","width":350,"height":200,"srcset":"https:\/\/i0.wp.com\/lyonelkaufmann.ch\/Blog\/wp-content\/uploads\/2015\/03\/blogcafe1.jpg?fit=1024%2C683&ssl=1&resize=350%2C200 1x, https:\/\/i0.wp.com\/lyonelkaufmann.ch\/Blog\/wp-content\/uploads\/2015\/03\/blogcafe1.jpg?fit=1024%2C683&ssl=1&resize=525%2C300 1.5x, https:\/\/i0.wp.com\/lyonelkaufmann.ch\/Blog\/wp-content\/uploads\/2015\/03\/blogcafe1.jpg?fit=1024%2C683&ssl=1&resize=700%2C400 2x"},"classes":[]}],"jetpack_likes_enabled":true,"_links":{"self":[{"href":"https:\/\/lyonelkaufmann.ch\/Blog\/wp-json\/wp\/v2\/posts\/12790","targetHints":{"allow":["GET"]}}],"collection":[{"href":"https:\/\/lyonelkaufmann.ch\/Blog\/wp-json\/wp\/v2\/posts"}],"about":[{"href":"https:\/\/lyonelkaufmann.ch\/Blog\/wp-json\/wp\/v2\/types\/post"}],"author":[{"embeddable":true,"href":"https:\/\/lyonelkaufmann.ch\/Blog\/wp-json\/wp\/v2\/users\/1"}],"replies":[{"embeddable":true,"href":"https:\/\/lyonelkaufmann.ch\/Blog\/wp-json\/wp\/v2\/comments?post=12790"}],"version-history":[{"count":0,"href":"https:\/\/lyonelkaufmann.ch\/Blog\/wp-json\/wp\/v2\/posts\/12790\/revisions"}],"wp:featuredmedia":[{"embeddable":true,"href":"https:\/\/lyonelkaufmann.ch\/Blog\/wp-json\/wp\/v2\/media\/14002"}],"wp:attachment":[{"href":"https:\/\/lyonelkaufmann.ch\/Blog\/wp-json\/wp\/v2\/media?parent=12790"}],"wp:term":[{"taxonomy":"category","embeddable":true,"href":"https:\/\/lyonelkaufmann.ch\/Blog\/wp-json\/wp\/v2\/categories?post=12790"},{"taxonomy":"post_tag","embeddable":true,"href":"https:\/\/lyonelkaufmann.ch\/Blog\/wp-json\/wp\/v2\/tags?post=12790"}],"curies":[{"name":"wp","href":"https:\/\/api.w.org\/{rel}","templated":true}]}}