{"id":12794,"date":"2012-12-03T10:00:53","date_gmt":"2012-12-03T09:00:53","guid":{"rendered":"https:\/\/lyonelkaufmann.ch\/Blog\/?p=7758"},"modified":"2012-12-03T10:00:53","modified_gmt":"2012-12-03T09:00:53","slug":"la-british-library-adopte-la-public-domain-mark-pour-ses-manuscrits-enlumines-s-i-lex","status":"publish","type":"post","link":"https:\/\/lyonelkaufmann.ch\/Blog\/2012\/12\/03\/la-british-library-adopte-la-public-domain-mark-pour-ses-manuscrits-enlumines-s-i-lex\/","title":{"rendered":"La British Library adopte la Public Domain Mark pour ses manuscrits enlumin\u00e9s | :: S.I.Lex ::"},"content":{"rendered":"<figure style=\"width: 358px\" class=\"wp-caption aligncenter\"><a href=\"http:\/\/bl.uk\/catalogues\/illuminatedmanuscripts\/ILLUMIN.ASP?Size=mid&amp;IllID=12236\"><img data-recalc-dims=\"1\" loading=\"lazy\" decoding=\"async\" src=\"https:\/\/i0.wp.com\/lyonelkaufmann.ch\/Blog\/wp-content\/uploads\/2012\/12\/c11674-07.jpg?resize=358%2C500\" alt=\"Historiated initial and partial border with heraldic arms, at the beginning of Franchino Gafori\u2019s Theoriae Musicae Tractatus. Domaine public. Source : British Library\" width=\"358\" height=\"500\" \/><\/a><figcaption class=\"wp-caption-text\">Historiated initial and partial border with heraldic arms, at the beginning of Franchino Gafori\u2019s Theoriae Musicae Tractatus. Domaine public. Source : British Library<\/figcaption><\/figure>\n<p>La <a href=\"http:\/\/scinfolex.wordpress.com\/2010\/09\/17\/public-domain-mark-la-piece-manquante-du-puzzle\/\" target=\"_blank\">Public Domain Mark<\/a> constitue une signal\u00e9tique, d\u00e9velopp\u00e9e par Creative Commons International, que les institutions culturelles peuvent employer pour certifier qu\u2019une oeuvre appartient bien au domaine public et la diffuser sans rajouter de couches de droits qui restreignent sa r\u00e9utilisation. C\u2019est une mani\u00e8re de respecter l\u2019int\u00e9grit\u00e9 du domaine public.\u00a0Le fait qu\u2019un \u00e9tablissement comme la British Library d\u00e9cide de l\u2019utiliser est important.<\/p>\n<p><a href=\"http:\/\/scinfolex.wordpress.com\/2012\/12\/01\/la-british-library-adopte-la-public-domain-mark-pour-ses-manuscrits-enlumines\/\" target=\"_blank\">:: S.I.Lex ::<\/a> propose une traduction des conditions d&rsquo;utilisation que la Biblioth\u00e8que juge important de respecter en cas de r\u00e9utilisation des documents. En voici, la traduction en remerciant\u00a0<a href=\"http:\/\/scinfolex.wordpress.com\/2012\/12\/01\/la-british-library-adopte-la-public-domain-mark-pour-ses-manuscrits-enlumines\/\" target=\"_blank\">:: S.I.Lex ::<\/a> pour son travail et en vous encourageant de lire l&rsquo;entier de son toujours tr\u00e8s int\u00e9ressant article :<\/p>\n<ul>\n<li><em>Merci de respecter les cr\u00e9ateurs \u2013 assurez-vous en cas de r\u00e9utilisation de ces documents de respecter les principes \u00e9thiques g\u00e9n\u00e9ralement admis et de faire en sorte que les informations relatives aux cr\u00e9ateurs soient aussi claires et pr\u00e9cises que possibles. Veuillez noter que les adaptations faites \u00e0 partir des \u0153uvres ne doivent pas \u00e0 \u00eatre attribu\u00e9es aux auteurs originaux et ne devraient pas heurter les communaut\u00e9s ou les cultures dont elles sont issues.<\/em><\/li>\n<li><em>Merci d\u2019indiquer la source des documents \u2013 faire un lien hypertexte vers les images sur le site de la British Library encouragera d\u2019autres visiteurs \u00e0 explorer et \u00e0 utiliser nos collections.<\/em><\/li>\n<li><em>Merci de partager la connaissance autant que possible \u2013 merci d\u2019annoter, de tagger, de partager vos oeuvres d\u00e9riv\u00e9es avec les autres comme le fait la British Library chaque fois que c\u2019est possible.<\/em><\/li>\n<li><em>Soutenez le domaine public \u2013 les utilisateurs du domaine public sont incit\u00e9s \u00e0 soutenir les efforts d\u00e9ploy\u00e9s par la biblioth\u00e8que pour conserver, num\u00e9riser et rendre disponible le domaine public. Ce soutien peut se concr\u00e9tiser par des dons en argent, notamment lorsque les documents sont utilis\u00e9s \u00e0 des fins commerciales.<\/em><\/li>\n<li><em>Merci de maintenir la Public Domain Mark et toutes les notices attach\u00e9es aux oeuvres \u2013 cela permettra d\u2019indiquer aux autres utilisateurs que ces oeuvres ne sont plus soumise \u00e0 la protection du droit d\u2019auteur et d\u2019encourager les r\u00e9utilisations de la collection.<\/em><\/li>\n<\/ul>\n<p><em>Ces consignes d\u2019utilisation sont bas\u00e9es sur la bonne volont\u00e9. Elles n\u2019ont pas de valeur contractuelle. Nous vous demandons simplement de les respecter.<\/em><\/p>\n<p>A lire donc :\u00a0<a href=\"http:\/\/scinfolex.wordpress.com\/2012\/12\/01\/la-british-library-adopte-la-public-domain-mark-pour-ses-manuscrits-enlumines\/\">La British Library adopte la Public Domain Mark pour ses manuscrits enlumin\u00e9s | :: S.I.Lex ::<\/a>.<\/p>\n","protected":false},"excerpt":{"rendered":"<p>La Public Domain Mark constitue une signal\u00e9tique, d\u00e9velopp\u00e9e par Creative Commons International, que les institutions culturelles peuvent employer pour certifier qu\u2019une oeuvre appartient bien au domaine public et la diffuser sans rajouter de couches de droits qui restreignent sa r\u00e9utilisation. C\u2019est une mani\u00e8re de respecter l\u2019int\u00e9grit\u00e9 du domaine public.\u00a0Le fait qu\u2019un \u00e9tablissement comme la British [&hellip;]<\/p>\n","protected":false},"author":1,"featured_media":14004,"comment_status":"open","ping_status":"open","sticky":false,"template":"","format":"standard","meta":{"_import_markdown_pro_load_document_selector":0,"_import_markdown_pro_submit_text_textarea":"","_genesis_hide_title":false,"_genesis_hide_breadcrumbs":false,"_genesis_hide_singular_image":false,"_genesis_hide_footer_widgets":false,"_genesis_custom_body_class":"","_genesis_custom_post_class":"","_genesis_layout":"","jetpack_post_was_ever_published":false,"_jetpack_newsletter_access":"","_jetpack_dont_email_post_to_subs":false,"_jetpack_newsletter_tier_id":0,"_jetpack_memberships_contains_paywalled_content":false,"_jetpack_memberships_contains_paid_content":false,"activitypub_content_warning":"","activitypub_content_visibility":"","activitypub_max_image_attachments":3,"activitypub_interaction_policy_quote":"anyone","activitypub_status":"","footnotes":"","jetpack_publicize_message":"","jetpack_publicize_feature_enabled":true,"jetpack_social_post_already_shared":true,"jetpack_social_options":{"image_generator_settings":{"template":"fullscreen","default_image_id":0,"font":"","enabled":false},"version":2}},"categories":[3],"tags":[],"class_list":{"0":"post-12794","1":"post","2":"type-post","3":"status-publish","4":"format-standard","5":"has-post-thumbnail","7":"category-blogcafe-2","8":"entry"},"jetpack_publicize_connections":[],"featured_image_src":"https:\/\/i0.wp.com\/lyonelkaufmann.ch\/Blog\/wp-content\/uploads\/2015\/03\/c11674-07.jpg?resize=358%2C400&ssl=1","featured_image_src_square":"https:\/\/i0.wp.com\/lyonelkaufmann.ch\/Blog\/wp-content\/uploads\/2015\/03\/c11674-07.jpg?resize=358%2C500&ssl=1","author_info":{"display_name":"Lyonel Kaufmann","author_link":"https:\/\/lyonelkaufmann.ch\/Blog\/author\/lyonelk\/"},"jetpack_featured_media_url":"https:\/\/i0.wp.com\/lyonelkaufmann.ch\/Blog\/wp-content\/uploads\/2015\/03\/c11674-07.jpg?fit=358%2C500&ssl=1","jetpack_sharing_enabled":true,"jetpack_shortlink":"https:\/\/wp.me\/p1qtF4-3km","jetpack-related-posts":[{"id":7194,"url":"https:\/\/lyonelkaufmann.ch\/Blog\/2013\/06\/29\/revue-de-presse-traite-des-noirs-goree-cetait-de-lartisanat-domaine-public\/","url_meta":{"origin":12794,"position":0},"title":"Revue de presse : Traite des Noirs: Gor\u00e9e, c\u2019\u00e9tait de l\u2019artisanat | Domaine Public","author":"Lyonel Kaufmann","date":"29 juin 2013","format":false,"excerpt":"C\u2019est au Ghana qu\u2019il faut aller pour voir l\u2019industrie de la traite des esclaves. Le long de ses 300 kilom\u00e8tres de c\u00f4tes, 32 forts pars\u00e8ment le rivage. Une grande partie des pays europ\u00e9ens y sont repr\u00e9sent\u00e9s et affichent leur architecture particuli\u00e8re: les Portugais ont \u00e9t\u00e9 les premiers, suivis des Espagnols,\u2026","rel":"","context":"Dans &quot;histoire&quot;","block_context":{"text":"histoire","link":"https:\/\/lyonelkaufmann.ch\/Blog\/category\/histoire-2\/"},"img":{"alt_text":"","src":"https:\/\/i0.wp.com\/lyonelkaufmann.ch\/Blog\/wp-content\/uploads\/2015\/03\/blogcafe1.jpg?fit=1024%2C683&ssl=1&resize=350%2C200","width":350,"height":200,"srcset":"https:\/\/i0.wp.com\/lyonelkaufmann.ch\/Blog\/wp-content\/uploads\/2015\/03\/blogcafe1.jpg?fit=1024%2C683&ssl=1&resize=350%2C200 1x, https:\/\/i0.wp.com\/lyonelkaufmann.ch\/Blog\/wp-content\/uploads\/2015\/03\/blogcafe1.jpg?fit=1024%2C683&ssl=1&resize=525%2C300 1.5x, https:\/\/i0.wp.com\/lyonelkaufmann.ch\/Blog\/wp-content\/uploads\/2015\/03\/blogcafe1.jpg?fit=1024%2C683&ssl=1&resize=700%2C400 2x"},"classes":[]},{"id":9489,"url":"https:\/\/lyonelkaufmann.ch\/Blog\/2013\/03\/19\/revue-de-presse-le-monde-dystopique-doz-ou-les-avanies-du-domaine-public-sans-copyleft-s-i-lex\/","url_meta":{"origin":12794,"position":1},"title":"Revue de presse : Le monde dystopique d\u2019Oz, ou les avanies du domaine public sans copyleft | :: S.I.Lex ::","author":"Lyonel Kaufmann","date":"19 mars 2013","format":"aside","excerpt":"\u00abLa semaine derni\u00e8re est sorti sur les \u00e9crans le film Le Monde Fantastique d\u2019Oz (Oz, The Great and Powerful en anglais), r\u00e9alis\u00e9 par Sam Raimi et produit par les studios Disney. L\u2019arri\u00e8re-plan juridique dans lequel la cr\u00e9ation de ce film s\u2019est d\u00e9roul\u00e9 m\u00e9rite que l\u2019on s\u2019y attarde, car Disney a\u2026","rel":"","context":"Dans &quot;L'Expresso&quot;","block_context":{"text":"L'Expresso","link":"https:\/\/lyonelkaufmann.ch\/Blog\/category\/breves\/"},"img":{"alt_text":"","src":"https:\/\/i0.wp.com\/lyonelkaufmann.ch\/Blog\/wp-content\/uploads\/2015\/03\/blogcafe1.jpg?fit=1024%2C683&ssl=1&resize=350%2C200","width":350,"height":200,"srcset":"https:\/\/i0.wp.com\/lyonelkaufmann.ch\/Blog\/wp-content\/uploads\/2015\/03\/blogcafe1.jpg?fit=1024%2C683&ssl=1&resize=350%2C200 1x, https:\/\/i0.wp.com\/lyonelkaufmann.ch\/Blog\/wp-content\/uploads\/2015\/03\/blogcafe1.jpg?fit=1024%2C683&ssl=1&resize=525%2C300 1.5x, https:\/\/i0.wp.com\/lyonelkaufmann.ch\/Blog\/wp-content\/uploads\/2015\/03\/blogcafe1.jpg?fit=1024%2C683&ssl=1&resize=700%2C400 2x"},"classes":[]},{"id":2685,"url":"https:\/\/lyonelkaufmann.ch\/Blog\/2010\/03\/31\/la-suisse-face-a-la-guerre-dalgerie-domaine-public\/","url_meta":{"origin":12794,"position":2},"title":"La Suisse face \u00e0 la guerre d&rsquo;Alg\u00e9rie |\u00a0Domaine Public","author":"Lyonel Kaufmann","date":"31 mars 2010","format":false,"excerpt":"Domaine public publie un compte-rendu par Pierre Jeanneret de la d\u00e9fense de th\u00e8se pr\u00e9sent\u00e9e \u00e0 Fribourg par Damien Carron, ancien collaborateur des Documents diplomatiques suisses et actuellement D\u00e9l\u00e9gu\u00e9 \u00e0 la recherche \u00e0 la Fondation Formation universitaire \u00e0 Distance Suisse. Le titre de la th\u00e8se est La Suisse officielle face \u00e0\u2026","rel":"","context":"Dans &quot;histoire&quot;","block_context":{"text":"histoire","link":"https:\/\/lyonelkaufmann.ch\/Blog\/category\/histoire-2\/"},"img":{"alt_text":"","src":"https:\/\/i0.wp.com\/lyonelkaufmann.ch\/Blog\/wp-content\/uploads\/2015\/03\/blogcafe1.jpg?fit=1024%2C683&ssl=1&resize=350%2C200","width":350,"height":200,"srcset":"https:\/\/i0.wp.com\/lyonelkaufmann.ch\/Blog\/wp-content\/uploads\/2015\/03\/blogcafe1.jpg?fit=1024%2C683&ssl=1&resize=350%2C200 1x, https:\/\/i0.wp.com\/lyonelkaufmann.ch\/Blog\/wp-content\/uploads\/2015\/03\/blogcafe1.jpg?fit=1024%2C683&ssl=1&resize=525%2C300 1.5x, https:\/\/i0.wp.com\/lyonelkaufmann.ch\/Blog\/wp-content\/uploads\/2015\/03\/blogcafe1.jpg?fit=1024%2C683&ssl=1&resize=700%2C400 2x"},"classes":[]},{"id":4203,"url":"https:\/\/lyonelkaufmann.ch\/Blog\/2011\/10\/20\/civil-war-diaries-letters-transcription-project-iowa-digital-library\/","url_meta":{"origin":12794,"position":3},"title":"Civil War Diaries &amp; Letters Transcription Project | Iowa Digital Library","author":"Lyonel Kaufmann","date":"20 octobre 2011","format":false,"excerpt":"Gr\u00e2ce au d\u00e9veloppement du \u00abcrowdsourcing\u00bb ou de d\u00e9marches collaboratives rendues possible par le web, les biblioth\u00e8ques ou les archives sont maintenant en mesure d'utiliser les connaissances et l'int\u00e9r\u00eat du public en g\u00e9n\u00e9ral pour r\u00e9pondre aux objectifs qu'ils n'auraient jamais le temps des ressources, financi\u00e8res et du personnel d'atteindre par leurs\u2026","rel":"","context":"Dans &quot;histoire&quot;","block_context":{"text":"histoire","link":"https:\/\/lyonelkaufmann.ch\/Blog\/category\/histoire-2\/"},"img":{"alt_text":"","src":"https:\/\/i0.wp.com\/lyonelkaufmann.ch\/Blog\/wp-content\/uploads\/2015\/03\/civilwar21.png?fit=600%2C339&ssl=1&resize=350%2C200","width":350,"height":200,"srcset":"https:\/\/i0.wp.com\/lyonelkaufmann.ch\/Blog\/wp-content\/uploads\/2015\/03\/civilwar21.png?fit=600%2C339&ssl=1&resize=350%2C200 1x, https:\/\/i0.wp.com\/lyonelkaufmann.ch\/Blog\/wp-content\/uploads\/2015\/03\/civilwar21.png?fit=600%2C339&ssl=1&resize=525%2C300 1.5x"},"classes":[]},{"id":4831,"url":"https:\/\/lyonelkaufmann.ch\/Blog\/2012\/01\/09\/comment-luther-est-devenu-viral-internetactu-net\/","url_meta":{"origin":12794,"position":4},"title":"Comment Luther est devenu viral | InternetActu.net","author":"Lyonel Kaufmann","date":"9 janvier 2012","format":false,"excerpt":"La lecture de la semaine d'InternetActu.net\u00a0est un article de l\u2019hebdomadaire britannique The Economist, intitul\u00e9 \u201cComment Luther est devenu viral\u201d. Ou comment Luther rejoint dans l'espace et le temps le printemps arabe. Et nous avec. Illustration de Matin Luther via\u00a0Wikimedia Commons [Domaine Public] En effet, pour le journal britannique ce qui\u2026","rel":"","context":"Dans &quot;histoire&quot;","block_context":{"text":"histoire","link":"https:\/\/lyonelkaufmann.ch\/Blog\/category\/histoire-2\/"},"img":{"alt_text":"","src":"https:\/\/i0.wp.com\/lyonelkaufmann.ch\/Blog\/wp-content\/uploads\/2015\/03\/v3_kp_Luther_media_reseaux_sociaux_wikimedia_portrait_domaine_public1.jpg?fit=600%2C403&ssl=1&resize=350%2C200","width":350,"height":200,"srcset":"https:\/\/i0.wp.com\/lyonelkaufmann.ch\/Blog\/wp-content\/uploads\/2015\/03\/v3_kp_Luther_media_reseaux_sociaux_wikimedia_portrait_domaine_public1.jpg?fit=600%2C403&ssl=1&resize=350%2C200 1x, https:\/\/i0.wp.com\/lyonelkaufmann.ch\/Blog\/wp-content\/uploads\/2015\/03\/v3_kp_Luther_media_reseaux_sociaux_wikimedia_portrait_domaine_public1.jpg?fit=600%2C403&ssl=1&resize=525%2C300 1.5x"},"classes":[]},{"id":5283,"url":"https:\/\/lyonelkaufmann.ch\/Blog\/2012\/01\/09\/comment-luther-est-devenu-viral-internetactu-net-2\/","url_meta":{"origin":12794,"position":5},"title":"Comment Luther est devenu viral | InternetActu.net","author":"Lyonel Kaufmann","date":"9 janvier 2012","format":false,"excerpt":"La lecture de la semaine d'InternetActu.net\u00a0est un article de l\u2019hebdomadaire britannique The Economist, intitul\u00e9 \u201cComment Luther est devenu viral\u201d. Ou comment Luther rejoint dans l'espace et le temps le printemps arabe. Et nous avec. Illustration de Matin Luther via\u00a0Wikimedia Commons [Domaine Public] En effet, pour le journal britannique ce qui\u2026","rel":"","context":"Dans &quot;Blogcaf\u00e9&quot;","block_context":{"text":"Blogcaf\u00e9","link":"https:\/\/lyonelkaufmann.ch\/Blog\/category\/blogcafe-2\/"},"img":{"alt_text":"","src":"https:\/\/i0.wp.com\/lyonelkaufmann.ch\/Blog\/wp-content\/uploads\/2015\/03\/v3_kp_Luther_media_reseaux_sociaux_wikimedia_portrait_domaine_public.jpg?fit=600%2C403&ssl=1&resize=350%2C200","width":350,"height":200,"srcset":"https:\/\/i0.wp.com\/lyonelkaufmann.ch\/Blog\/wp-content\/uploads\/2015\/03\/v3_kp_Luther_media_reseaux_sociaux_wikimedia_portrait_domaine_public.jpg?fit=600%2C403&ssl=1&resize=350%2C200 1x, https:\/\/i0.wp.com\/lyonelkaufmann.ch\/Blog\/wp-content\/uploads\/2015\/03\/v3_kp_Luther_media_reseaux_sociaux_wikimedia_portrait_domaine_public.jpg?fit=600%2C403&ssl=1&resize=525%2C300 1.5x"},"classes":[]}],"jetpack_likes_enabled":true,"_links":{"self":[{"href":"https:\/\/lyonelkaufmann.ch\/Blog\/wp-json\/wp\/v2\/posts\/12794","targetHints":{"allow":["GET"]}}],"collection":[{"href":"https:\/\/lyonelkaufmann.ch\/Blog\/wp-json\/wp\/v2\/posts"}],"about":[{"href":"https:\/\/lyonelkaufmann.ch\/Blog\/wp-json\/wp\/v2\/types\/post"}],"author":[{"embeddable":true,"href":"https:\/\/lyonelkaufmann.ch\/Blog\/wp-json\/wp\/v2\/users\/1"}],"replies":[{"embeddable":true,"href":"https:\/\/lyonelkaufmann.ch\/Blog\/wp-json\/wp\/v2\/comments?post=12794"}],"version-history":[{"count":0,"href":"https:\/\/lyonelkaufmann.ch\/Blog\/wp-json\/wp\/v2\/posts\/12794\/revisions"}],"wp:featuredmedia":[{"embeddable":true,"href":"https:\/\/lyonelkaufmann.ch\/Blog\/wp-json\/wp\/v2\/media\/14004"}],"wp:attachment":[{"href":"https:\/\/lyonelkaufmann.ch\/Blog\/wp-json\/wp\/v2\/media?parent=12794"}],"wp:term":[{"taxonomy":"category","embeddable":true,"href":"https:\/\/lyonelkaufmann.ch\/Blog\/wp-json\/wp\/v2\/categories?post=12794"},{"taxonomy":"post_tag","embeddable":true,"href":"https:\/\/lyonelkaufmann.ch\/Blog\/wp-json\/wp\/v2\/tags?post=12794"}],"curies":[{"name":"wp","href":"https:\/\/api.w.org\/{rel}","templated":true}]}}