{"id":12806,"date":"2015-01-09T21:21:16","date_gmt":"2015-01-09T20:21:16","guid":{"rendered":"https:\/\/lyonelkaufmann.ch\/Blog\/?p=12324"},"modified":"2015-01-09T21:21:16","modified_gmt":"2015-01-09T20:21:16","slug":"charlie-hebdo-sinstalle-a-libe-bon-on-fait-le-journal-jesuischarlie","status":"publish","type":"post","link":"https:\/\/lyonelkaufmann.ch\/Blog\/2015\/01\/09\/charlie-hebdo-sinstalle-a-libe-bon-on-fait-le-journal-jesuischarlie\/","title":{"rendered":"\u00abCharlie Hebdo\u00bb s&rsquo;installe \u00e0 \u00abLib\u00e9\u00bb\u00a0: \u00abBon, on fait le journal\u00a0?\u00bb | #JeSuisCharlie"},"content":{"rendered":"<p><strong>Depuis mercredi, 12 personnes sont mortes au champ d&rsquo;honneur de la libert\u00e9 de la presse. Les survivants sont debouts et s&rsquo;attachent, avec l&rsquo;aide notamment de leurs confr\u00e8res, \u00e0 poursuivre et \u00e0 sortir le prochain num\u00e9ro. H\u00e9berg\u00e9s dans les locaux de <em>\u00abLib\u00e9ration\u00bb<\/em>, voici le compte-rendu de leur conf\u00e9rence de r\u00e9daction. <\/strong><\/p>\n<p><strong>Exceptionnellement cet article de <em>Lib\u00e9ration<\/em> est en\u00a0<a href=\"http:\/\/creativecommons.org\/licenses\/by-sa\/3.0\/fr\/\">Creative Commons CC BY-SA 3.0<\/a> (il faut citer l&rsquo;auteur, et r\u00e9utiliser la m\u00eame licence), afin de permettre sa diffusion par les autres m\u00e9dias ou sur d&rsquo;autres blogs. <\/strong><\/p>\n<p><strong>En publiant cet article, c&rsquo;est ma mani\u00e8re de dire aujourd&rsquo;hui <em>#JeSuisCharlie<\/em>. En d\u00e9plaise \u00e0 certains pisse-froids qui ergotent sur le sens de cette action citoyenne et morale. En s&rsquo;en prenant \u00e0 des journalistes et \u00e0 la libert\u00e9 de la presse, les assassins s&rsquo;en sont pris \u00e0 chacun d&rsquo;entre nous et par l\u00e0-m\u00eame\u00a0\u00e0 l&rsquo;humanit\u00e9. En le publiant, c&rsquo;est affirmer que l&rsquo;humanit\u00e9 est toujours debout et en vie. C&rsquo;est le sens pour moi que je donne \u00e0 <em>#JeSuisCharlie<\/em>. Ni plus, ni moins.<\/strong><\/p>\n<p>En tout, la conf\u00e9rence de r\u00e9daction de\u00a0<em style=\"max-width:100%;\">Charlie Hebdo<\/em>\u00a0aura dur\u00e9 plus de trois heures. C\u2019est qu\u2019en plus du chemin de fer, des sujets, des deadlines, il faut aussi ce vendredi matin parler des morts, des bless\u00e9s, des hommages, des obs\u00e8ques. La salle du hublot, o\u00f9\u00a0<em style=\"max-width:100%;\">Lib\u00e9<\/em>\u00a0tient habituellement sa r\u00e9union quotidienne, est occup\u00e9e pour l\u2019occasion par les rescap\u00e9s de l\u2019hebdo satirique. La pi\u00e8ce, \u00e9clair\u00e9e d\u2019un c\u00f4t\u00e9 par une grande fen\u00eatre ronde, est \u00e0 la fois surchauff\u00e9e et ouverte aux quatre vents pour laisser filer la fum\u00e9e de cigarettes.<\/p>\n<p>Pos\u00e9s sur la grande table ronde, des ordinateurs pr\u00eat\u00e9s par le groupe Le Monde. Assis tout autour, Willem, Luz, Coco, Babouse, Sigol\u00e8ne Vinson, Antonio Fischetti, Zineb El Rhazoui, Laurent L\u00e9ger\u2026 En tout, plus de 25\u00a0personnes, mines grises et yeux bouffis, noyau dur, proches ou collaborateurs occasionnels, sont l\u00e0 pour pr\u00e9parer le prochain num\u00e9ro de\u00a0<em style=\"max-width:100%;\">Charlie Hebdo<\/em>. Il doit sortir mercredi prochain, et sera\u00a0<a style=\"color:#416ed2;text-decoration:none;max-width:100%;\" href=\"http:\/\/ecrans.liberation.fr\/ecrans\/2015\/01\/08\/un-million-de-charlie-pour-mercredi_1176244\" target=\"_blank\">tir\u00e9 \u00e0 un million d\u2019exemplaires<\/a>, soit vingt fois environ leur tirage habituel.<\/p>\n<p><em style=\"max-width:100%;\">\u00abJ\u2019ai pu voir tout le monde \u00e0 l\u2019h\u00f4pital\u00bb<\/em>. G\u00e9rard Biard, le r\u00e9dacteur en chef de\u00a0<em style=\"max-width:100%;\">Charlie<\/em>, commence par l\u00e0.\u00a0<em style=\"max-width:100%;\">\u00abRiss a \u00e9t\u00e9\u00a0bless\u00e9 \u00e0 l\u2019\u00e9paule droite mais le nerf n\u2019est pas touch\u00e9. Il a \u00e9videmment tr\u00e8s mal. La premi\u00e8re chose qu\u2019il a dite, c\u2019est qu\u2019il n\u2019est pas s\u00fbr qu\u2019on va pouvoir continuer \u00e0 faire le journal.\u00bb<\/em>\u00a0Fabrice Nicolino, touch\u00e9 \u00e0 plusieurs reprises dans l\u2019attentat,\u00a0<em style=\"max-width:100%;\">\u00abva mieux\u00bb<\/em>, m\u00eame s\u2019il\u00a0<em style=\"max-width:100%;\">\u00absouffre \u00e9videmment beaucoup\u00bb<\/em>. Patrick Pelloux, urgentiste et chroniqueur \u00e0\u00a0<em style=\"max-width:100%;\">Charlie<\/em>, explique alors la blessure \u00e0 la m\u00e2choire d\u2019une autre victime, Philippe Lan\u00e7on, \u00e9galement journaliste \u00e0\u00a0<em style=\"max-width:100%;\">Lib\u00e9<\/em>.\u00a0Simon\u00a0Fieschi, leur webmaster, a quant \u00e0 lui \u00e9t\u00e9\u00a0<em style=\"max-width:100%;\">\u00abplac\u00e9 en coma artificiel\u00bb<\/em>.\u00a0Une jeune femme s\u2019effondre.\u00a0<em style=\"max-width:100%;\">\u00abTu n\u2019as pas \u00e0 te sentir coupable\u00a0!\u00bb,<\/em>\u00a0la r\u00e9conforte G\u00e9rard Biard. Tout le monde hoche la t\u00eate en silence. Celle qui pleure, c\u2019est la journaliste Sigol\u00e8ne Vinson, pr\u00e9sente \u00e0 la r\u00e9daction au moment du drame mercredi mais \u00e9pargn\u00e9e\u00a0par les agresseurs.<\/p>\n<p>Biard encha\u00eene sur les morts. Comment organiser les obs\u00e8ques\u00a0? Et l\u2019hommage national\u00a0? Avec quelle musique\u00a0? Quand m\u00eame pas des drapeaux\u00a0?\u00a0<em style=\"max-width:100%;\">\u00abIl ne faut pas une symbolique qu\u2019eux-m\u00eames auraient d\u00e9test\u00e9e<\/em>, note quelqu\u2019un autour de la table.\u00a0<em style=\"max-width:100%;\">On a tu\u00e9 des gens qui dessinaient des petits bonhommes. Pas des \u00e9tendards. Il faut qu\u2019on rappelle la simplicit\u00e9 de ces gens, de leur travail. Nos amis sont morts, mais on ne va pas les exposer sur la place publique.\u00bb\u00a0<\/em>Tout le monde acquiesce.<\/p>\n<p><strong>Demandes d&rsquo;abonnements en masse<\/strong><\/p>\n<p>Une journaliste explique qu\u2019<a style=\"color:#416ed2;text-decoration:none;max-width:100%;\" href=\"https:\/\/www.leetchi.com\/c\/solidaritecharlie\">une cagnotte, cr\u00e9\u00e9e spontan\u00e9ment sur internet par des inconnus<\/a>, a d\u00e9j\u00e0 r\u00e9colt\u00e9 98\u00a0000\u00a0euros en moins de 24\u00a0heures.\u00a0Les rescap\u00e9s de Charlie sont submerg\u00e9s par les demandes d\u2019abonnements, qu\u2019ils n\u2019arrivent pas \u00e0 g\u00e9rer pour l\u2019instant. Mais tr\u00e8s vite, ils devraient recevoir de l\u2019aide du groupe Lagard\u00e8re sur ce point. L\u2019avocat de<em style=\"max-width:100%;\">\u00a0Charlie Hebdo<\/em>, Richard Malka, prend la parole.\u00a0<em style=\"max-width:100%;\">\u00abIl y a de l\u2019argent qui arrive de partout. Des aides, des locaux, du personnel pour g\u00e9rer les demandes\u2026\u00bb<\/em><em style=\"max-width:100%;\">\u00abOn a re\u00e7u du soutien de tr\u00e8s nombreux m\u00e9dias,<\/em>\u00a0lui fait \u00e9cho Christophe Th\u00e9venet, autre avocat du titre.\u00a0<em style=\"max-width:100%;\">Il y a les dons, d\u00e9j\u00e0 les 250\u00a0000 euros via l\u2019association Presse et pluralisme, le million d\u2019euros promis par Fleur Pellerin\u2026 Vous allez avoir des finances comme jamais \u00e0\u00a0<\/em>Charlie\u00a0<em style=\"max-width:100%;\">!\u00bb<\/em>\u00a0L\u2019avocat en sait quelque chose\u00a0: c\u2019est lui qui a cr\u00e9\u00e9 les statuts du journal, et qui fait les assembl\u00e9es g\u00e9n\u00e9rales du titre. Ces derniers mois, l\u2019hebdo avait fait\u00a0<a style=\"color:#416ed2;text-decoration:none;max-width:100%;\" href=\"http:\/\/ecrans.liberation.fr\/ecrans\/2014\/11\/26\/presse-le-lecteur-a-bon-don_1151404\" target=\"_blank\">un appel aux dons<\/a>\u00a0pour tenter de renflouer les caisses du titre, mal en point.<\/p>\n<p><em style=\"max-width:100%;\">\u00abBon, on fait le journal\u00a0?,<\/em>\u00a0demande G\u00e9rard Biard, qui a visiblement envie d\u2019en d\u00e9coudre.\u00a0<em style=\"max-width:100%;\">Qu\u2019est-ce qu\u2019on met dans les pages\u00a0?\u00bb<\/em><em style=\"max-width:100%;\">\u00abJ\u2019sais pas, y\u2019a quoi comme actu\u00a0?\u00bb,<\/em>\u00a0lance Patrick Pelloux<em style=\"max-width:100%;\">.<\/em>\u00a0Fou rire nerveux<em style=\"max-width:100%;\">.\u00a0<\/em>Biard reprend\u00a0:\u00a0<em style=\"max-width:100%;\">\u00abMoi je serais pour faire un num\u00e9ro, entre guillemets, normal. Que les lecteurs reconnaissent\u00a0<\/em>Charlie<em style=\"max-width:100%;\">. C\u2019est m\u00eame pas un num\u00e9ro exceptionnel\u00bb<\/em>.\u00a0<em style=\"max-width:100%;\">\u00abM\u00eame pas mal\u00a0!\u00bb<\/em>\u00a0lance quelqu\u2019un autour de la table. Certains \u00e9voquent l\u2019id\u00e9e de laisser des espaces blancs l\u00e0 o\u00f9 les morts de mercredi auraient d\u00fb \u00e9crire ou dessiner. Mais finalement, l\u2019\u00e9quipe est contre.\u00a0<em style=\"max-width:100%;\">\u00abJe ne veux pas qu\u2019il y ait mat\u00e9riellement un vide<\/em>, argumente G\u00e9rard Biard.\u00a0<em style=\"max-width:100%;\">Il faut qu\u2019ils soient tous l\u00e0, dans les pages. Et Mustapha aussi.\u00bb\u00a0<\/em>Mustapha Ourrad, le correcteur, fait partie de la longue liste des tu\u00e9s de l\u2019attentat de mercredi.\u00a0<em style=\"max-width:100%;\">\u00abAlors laissez mes fautes\u00a0!\u00bb<\/em>, rigolent Patrick Pelloux et les autres.<\/p>\n<p><em style=\"max-width:100%;\">\u00abAh tiens\u00a0! Fidel Castro est mort\u00a0!\u00bb,<\/em>\u00a0tonne Luz en faisant des doigts d\u2019honneur, d\u00e9couvrant l\u2019info (qui sera vite d\u00e9mentie) sur son t\u00e9l\u00e9phone. Le reporter Laurent L\u00e9ger tente de recentrer le d\u00e9bat sur le journal\u00a0:\u00a0<em style=\"max-width:100%;\">\u00abJe pense qu\u2019il ne faut pas qu\u2019on fasse des n\u00e9crologies, on va pas faire un num\u00e9ro hommage.\u00bb\u00a0<\/em>La r\u00e9daction discute du contenu du journal. G\u00e9rard Biard\u00a0:\u00a0<em style=\"max-width:100%;\">\u00abJ\u2019esp\u00e8re qu\u2019on va arr\u00eater de nous traiter de la\u00efcards int\u00e9gristes, qu\u2019on va arr\u00eater de dire \u00ab\u00a0oui, mais\u00a0\u00bb \u00e0 la libert\u00e9 d\u2019expression<\/em><em style=\"max-width:100%;\">\u00bb<\/em>. Laurent L\u00e9ger\u00a0:\u00a0<em style=\"max-width:100%;\">\u00abJe pense qu\u2019on peut aussi dire qu\u2019on a \u00e9t\u00e9 tr\u00e8s seuls ces derni\u00e8res ann\u00e9es\u00bb<\/em>. Luz\u00a0:\u00a0<em style=\"max-width:100%;\">\u00abIl faut aussi que ce num\u00e9ro parle de l\u2019apr\u00e8s\u00bb<\/em>. Corinne Rey\u00a0:\u00a0<em style=\"max-width:100%;\">\u00abQu\u2019on fasse passer le message qu\u2019on est vivants\u00a0!\u00bb<\/em>\u00a0Richard Malka\u00a0:\u00a0<em style=\"max-width:100%;\">\u00abEt qu\u2019on ne laisse pas de c\u00f4t\u00e9 la critique des religions.\u00bb<\/em><\/p>\n<p style=\"max-width:100%;color:#414141;font-family:Georgia, Palatino, Times, 'Times New Roman', serif;font-size:18px;line-height:28px;\">\n<p><iframe loading=\"lazy\" title=\"Ge\u0301rard Biard, r\u00e9dacteur en chef de \u00abCharlie Hebdo\u00bb : \u00abCe ne sera pas un Charlie n\u00e9crologique. Dans le prochain num\u00e9ro, ils ne sont pas morts\u00bb\" frameborder=\"0\" width=\"500\" height=\"281\" src=\"https:\/\/geo.dailymotion.com\/player.html?video=x2ed95j&#038;\" allowfullscreen allow=\"autoplay; fullscreen; picture-in-picture; web-share\"><\/iframe><\/p>\n<p style=\"max-width:100%;color:#414141;font-family:Georgia, Palatino, Times, 'Times New Roman', serif;font-size:18px;line-height:28px;\"><em style=\"max-width:100%;\">Charlie Hebdo<\/em>\u00a0est un curieux journal\u00a0: il ne compte pas vraiment de rubriques, mais des<em style=\"max-width:100%;\">\u00a0\u00abespaces\u00bb<\/em>\u00a0attribu\u00e9s \u00e0 tel auteur, \u00e0 tel dessinateur. Pour ceux des d\u00e9funts, l\u2019\u00e9quipe d\u00e9cide de d\u00e9nicher des in\u00e9dits \u00e0 publier. Ainsi, dans le num\u00e9ro qui sera en kiosque mercredi, il y aura du Charb, du Cabu, du Wolinski, du Honor\u00e9\u2026 Pendant les discussions, il y a des\u00a0sanglots ici, ou l\u00e0, comme des feux de brousse qui s\u2019allument pour s\u2019\u00e9teindre ensuite\u00a0dans les bras du voisin. Il y a des mains saisies et des regards mouill\u00e9s.<\/p>\n<p style=\"max-width:100%;color:#414141;font-family:Georgia, Palatino, Times, 'Times New Roman', serif;font-size:18px;line-height:28px;\">Richard Malka s\u2019\u00e9claircit la voix\u00a0:\u00a0<em style=\"max-width:100%;\">\u00abManuel Valls vient d\u2019arriver dans les locaux\u00bb<\/em>. L\u2019\u00e9quipe soupire, s\u2019\u00e9parpille, bavarde. Accompagn\u00e9 de la ministre de la Culture et de la Communication Fleur Pellerin, qui arbore un autocollant \u00ab\u00a0Je suis Charlie\u00a0\u00bb sur la poitrine, et de toute une meute de journalistes ext\u00e9rieurs, assistants, et communicants, le Premier ministre vient serrer la main des pr\u00e9sents, l\u00e2chant quelques infos sur\u00a0<a style=\"color:#416ed2;text-decoration:none;max-width:100%;\" href=\"http:\/\/www.liberation.fr\/societe\/2015\/01\/09\/direct-les-kouachi-sur-la-liste-noire-americaine-du-terrorisme_1176434\">l\u2019intervention en cours \u00e0 Dammartin-en-Go\u00eble<\/a>\u00a0\u2013\u00a0<em style=\"max-width:100%;\">\u00abLes deux assassins sont dans la sourici\u00e8re\u00bb\u00a0\u2013\u00a0<\/em>avant de leur souhaiter\u00a0<em style=\"max-width:100%;\">\u00abplein de courage\u00bb<\/em>.<\/p>\n<p style=\"max-width:100%;color:#414141;font-family:Georgia, Palatino, Times, 'Times New Roman', serif;font-size:18px;line-height:28px;\">Biard hasarde\u00a0:\u00a0<em style=\"max-width:100%;\">\u00abC\u2019est bon y a plus de journalistes\u00a0? Y a plus de ministres\u00a0? Pour la page\u00a016 on fait quoi\u00a0?<\/em>\u00bb. Sa question se perd dans le bruit des canettes de Coca qu\u2019on ouvre, des pains au chocolat qu\u2019on grignote, des pleurs qu\u2019on \u00e9touffe, des sir\u00e8nes de police, dehors. Dans son coin, Patrick Pelloux se marre\u00a0:\u00a0<em style=\"max-width:100%;\">\u00abC\u2019est donc une vraie conf\u00e9rence de r\u00e9daction, c\u2019est le bordel, on est bien repartis\u00a0!\u00bb<\/em><\/p>\n<p>L&rsquo;article original :\u00a0<a href=\"http:\/\/ecrans.liberation.fr\/ecrans\/2015\/01\/09\/charlie-s-installe-a-libe-bon-on-fait-le-journal_1177043?refresh=132567\">\u00abCharlie\u00bb s&rsquo;installe \u00e0 \u00abLib\u00e9\u00bb\u00a0: \u00abBon, on fait le journal\u00a0?\u00bb &#8211; Lib\u00e9ration<\/a>.<\/p>\n","protected":false},"excerpt":{"rendered":"<p>Depuis mercredi, 12 personnes sont mortes au champ d&rsquo;honneur de la libert\u00e9 de la presse. Les survivants sont debouts et s&rsquo;attachent, avec l&rsquo;aide notamment de leurs confr\u00e8res, \u00e0 poursuivre et \u00e0 sortir le prochain num\u00e9ro. H\u00e9berg\u00e9s dans les locaux de \u00abLib\u00e9ration\u00bb, voici le compte-rendu de leur conf\u00e9rence de r\u00e9daction. Exceptionnellement cet article de Lib\u00e9ration est [&hellip;]<\/p>\n","protected":false},"author":1,"featured_media":14034,"comment_status":"open","ping_status":"open","sticky":false,"template":"","format":"standard","meta":{"_import_markdown_pro_load_document_selector":0,"_import_markdown_pro_submit_text_textarea":"","_genesis_hide_title":false,"_genesis_hide_breadcrumbs":false,"_genesis_hide_singular_image":false,"_genesis_hide_footer_widgets":false,"_genesis_custom_body_class":"","_genesis_custom_post_class":"","_genesis_layout":"","jetpack_post_was_ever_published":false,"_jetpack_newsletter_access":"","_jetpack_dont_email_post_to_subs":false,"_jetpack_newsletter_tier_id":0,"_jetpack_memberships_contains_paywalled_content":false,"_jetpack_memberships_contains_paid_content":false,"activitypub_content_warning":"","activitypub_content_visibility":"","activitypub_max_image_attachments":3,"activitypub_interaction_policy_quote":"anyone","activitypub_status":"","footnotes":"","jetpack_publicize_message":"","jetpack_publicize_feature_enabled":true,"jetpack_social_post_already_shared":true,"jetpack_social_options":{"image_generator_settings":{"template":"fullscreen","default_image_id":0,"font":"","enabled":false},"version":2}},"categories":[3],"tags":[],"class_list":{"0":"post-12806","1":"post","2":"type-post","3":"status-publish","4":"format-standard","5":"has-post-thumbnail","7":"category-blogcafe-2","8":"entry"},"jetpack_publicize_connections":[],"featured_image_src":"https:\/\/i0.wp.com\/lyonelkaufmann.ch\/Blog\/wp-content\/uploads\/2015\/03\/Igej4.jpg?resize=600%2C400&ssl=1","featured_image_src_square":"https:\/\/i0.wp.com\/lyonelkaufmann.ch\/Blog\/wp-content\/uploads\/2015\/03\/Igej4.jpg?resize=600%2C600&ssl=1","author_info":{"display_name":"Lyonel Kaufmann","author_link":"https:\/\/lyonelkaufmann.ch\/Blog\/author\/lyonelk\/"},"jetpack_featured_media_url":"https:\/\/i0.wp.com\/lyonelkaufmann.ch\/Blog\/wp-content\/uploads\/2015\/03\/Igej4.jpg?fit=1280%2C720&ssl=1","jetpack_sharing_enabled":true,"jetpack_shortlink":"https:\/\/wp.me\/p1qtF4-3ky","jetpack-related-posts":[{"id":12541,"url":"https:\/\/lyonelkaufmann.ch\/Blog\/2006\/07\/24\/audimat-et-presse-en-ligne-derive-ou-bonne-idee\/","url_meta":{"origin":12806,"position":0},"title":"Audimat et presse en ligne : d\u00e9rive ou bonne id\u00e9e ?","author":"Lyonel Kaufmann","date":"24 juillet 2006","format":false,"excerpt":"Je me doutais d\u00e9j\u00e0 en consultant les sites de journaux en ligne qu'ils leurs devenaient possibles de d\u00e9terminer les articles qui rencontraient le plus de succ\u00e8s et d'\u00e9ventuellement continuer dans la m\u00eame veine ou d'arr\u00eater. Maintenant, c'est s\u00fbr : un article (By the Numbers) de l'American Journalism Review, \u2014traduit (partiellement\u2026","rel":"","context":"Dans &quot;Blogcaf\u00e9&quot;","block_context":{"text":"Blogcaf\u00e9","link":"https:\/\/lyonelkaufmann.ch\/Blog\/category\/blogcafe-2\/"},"img":{"alt_text":"","src":"https:\/\/i0.wp.com\/lyonelkaufmann.ch\/Blog\/wp-content\/uploads\/2015\/03\/blogcafe1.jpg?fit=1024%2C683&ssl=1&resize=350%2C200","width":350,"height":200,"srcset":"https:\/\/i0.wp.com\/lyonelkaufmann.ch\/Blog\/wp-content\/uploads\/2015\/03\/blogcafe1.jpg?fit=1024%2C683&ssl=1&resize=350%2C200 1x, https:\/\/i0.wp.com\/lyonelkaufmann.ch\/Blog\/wp-content\/uploads\/2015\/03\/blogcafe1.jpg?fit=1024%2C683&ssl=1&resize=525%2C300 1.5x, https:\/\/i0.wp.com\/lyonelkaufmann.ch\/Blog\/wp-content\/uploads\/2015\/03\/blogcafe1.jpg?fit=1024%2C683&ssl=1&resize=700%2C400 2x"},"classes":[]},{"id":10061,"url":"https:\/\/lyonelkaufmann.ch\/Blog\/2013\/07\/18\/revue-de-presse-le-blog-nest-pas-un-dead-media\/","url_meta":{"origin":12806,"position":1},"title":"Revue de presse : Le blog n&rsquo;est pas un dead-media","author":"Lyonel Kaufmann","date":"18 juillet 2013","format":false,"excerpt":"\"En tant que m\u00e9dia personnel, je trouve le blog formidable, il permet \u00e0 chacun de s\u2019exprimer publiquement et librement. En fait, l\u2019explosion des blogs il y a une dizaine d\u2019ann\u00e9es, me rappelle la p\u00e9riode r\u00e9volutionnaire, en France, o\u00f9 des intellectuels (Marat, Mirabeau, Desmoulins, H\u00e9bert,\u2026) publiaient \u00e0 leur compte des journaux\u2026","rel":"","context":"Dans &quot;L'Expresso&quot;","block_context":{"text":"L'Expresso","link":"https:\/\/lyonelkaufmann.ch\/Blog\/category\/breves\/"},"img":{"alt_text":"","src":"https:\/\/i0.wp.com\/lyonelkaufmann.ch\/Blog\/wp-content\/uploads\/2015\/03\/blogcafe1.jpg?fit=1024%2C683&ssl=1&resize=350%2C200","width":350,"height":200,"srcset":"https:\/\/i0.wp.com\/lyonelkaufmann.ch\/Blog\/wp-content\/uploads\/2015\/03\/blogcafe1.jpg?fit=1024%2C683&ssl=1&resize=350%2C200 1x, https:\/\/i0.wp.com\/lyonelkaufmann.ch\/Blog\/wp-content\/uploads\/2015\/03\/blogcafe1.jpg?fit=1024%2C683&ssl=1&resize=525%2C300 1.5x, https:\/\/i0.wp.com\/lyonelkaufmann.ch\/Blog\/wp-content\/uploads\/2015\/03\/blogcafe1.jpg?fit=1024%2C683&ssl=1&resize=700%2C400 2x"},"classes":[]},{"id":7869,"url":"https:\/\/lyonelkaufmann.ch\/Blog\/2007\/11\/23\/bmw-la-famille-quandt-rattrape-par-son-pass-nazi-libration\/","url_meta":{"origin":12806,"position":2},"title":"BMW : la famille Quandt rattrap\u00e9e par son pass\u00e9 nazi (Lib\u00e9ration)","author":"Lyonel Kaufmann","date":"23 novembre 2007","format":false,"excerpt":"Ce jeudi, le journal Lib\u00e9ration nous apprend que la famille Quandt, l\u2019une des plus puissantes familles d\u2019industriels allemands, a finalement c\u00e9d\u00e9 \u00e0 la pression. Les propri\u00e9taires de BMW vont ouvrir leurs archives afin de faire la lumi\u00e8re sur une sombre page de leur pass\u00e9, l\u2019implication des deux figures historiques du\u2026","rel":"","context":"Dans &quot;histoire&quot;","block_context":{"text":"histoire","link":"https:\/\/lyonelkaufmann.ch\/Blog\/category\/histoire-2\/"},"img":{"alt_text":"","src":"https:\/\/i0.wp.com\/lyonelkaufmann.ch\/Blog\/wp-content\/uploads\/2015\/03\/GunthertQuandt.jpg?fit=459%2C344&ssl=1&resize=350%2C200","width":350,"height":200},"classes":[]},{"id":12496,"url":"https:\/\/lyonelkaufmann.ch\/Blog\/2006\/05\/01\/emballements-mediatiques-autour-des-nouveaux-usages-de-limage\/","url_meta":{"origin":12806,"position":3},"title":"Emballements m\u00e9diatiques autour des nouveaux usages de l\u2019image","author":"Lyonel Kaufmann","date":"1 mai 2006","format":false,"excerpt":"L'excellent site Actualit\u00e9s de la recherche en histoire visuelle nous offre un int\u00e9ressant article\/billet sur les d\u00e9rapages (emballements) m\u00e9diatiques ayant pour source les nouveaux usages de l'image. Le premier cas s'int\u00e9resse \u00e0 un fait divers belge. Le 12 avril, Joe Van Holsbeeck est poignard\u00e9 par deux agresseurs dans le hall\u2026","rel":"","context":"Dans &quot;Blogcaf\u00e9&quot;","block_context":{"text":"Blogcaf\u00e9","link":"https:\/\/lyonelkaufmann.ch\/Blog\/category\/blogcafe-2\/"},"img":{"alt_text":"","src":"https:\/\/i0.wp.com\/lyonelkaufmann.ch\/Blog\/wp-content\/uploads\/2015\/03\/blogcafe1.jpg?fit=1024%2C683&ssl=1&resize=350%2C200","width":350,"height":200,"srcset":"https:\/\/i0.wp.com\/lyonelkaufmann.ch\/Blog\/wp-content\/uploads\/2015\/03\/blogcafe1.jpg?fit=1024%2C683&ssl=1&resize=350%2C200 1x, https:\/\/i0.wp.com\/lyonelkaufmann.ch\/Blog\/wp-content\/uploads\/2015\/03\/blogcafe1.jpg?fit=1024%2C683&ssl=1&resize=525%2C300 1.5x, https:\/\/i0.wp.com\/lyonelkaufmann.ch\/Blog\/wp-content\/uploads\/2015\/03\/blogcafe1.jpg?fit=1024%2C683&ssl=1&resize=700%2C400 2x"},"classes":[]},{"id":5078,"url":"https:\/\/lyonelkaufmann.ch\/Blog\/2005\/03\/29\/retour-du-bon-temps-des-colonies\/","url_meta":{"origin":12806,"position":4},"title":"Retour du bon temps des colonies","author":"Lyonel Kaufmann","date":"29 mars 2005","format":false,"excerpt":"Lors de sa s\u00e9ance du 23 f\u00e9vrier 2005, l'Assembl\u00e9e nationale fran\u00e7aise a vot\u00e9 une loi portant sur \u00abla reconnaissance de la Nation et contribution nationale en faveur des Fran\u00e7ais rapatri\u00e9s.\u00bb Rien de particulier en apparence. A tel point qu'elle ne suscite de r\u00e9action qu'une fois sa publication dans le journal\u2026","rel":"","context":"Dans &quot;histoire&quot;","block_context":{"text":"histoire","link":"https:\/\/lyonelkaufmann.ch\/Blog\/category\/histoire-2\/"},"img":{"alt_text":"","src":"https:\/\/i0.wp.com\/lyonelkaufmann.ch\/Blog\/wp-content\/uploads\/2015\/03\/blogcafe1.jpg?fit=1024%2C683&ssl=1&resize=350%2C200","width":350,"height":200,"srcset":"https:\/\/i0.wp.com\/lyonelkaufmann.ch\/Blog\/wp-content\/uploads\/2015\/03\/blogcafe1.jpg?fit=1024%2C683&ssl=1&resize=350%2C200 1x, https:\/\/i0.wp.com\/lyonelkaufmann.ch\/Blog\/wp-content\/uploads\/2015\/03\/blogcafe1.jpg?fit=1024%2C683&ssl=1&resize=525%2C300 1.5x, https:\/\/i0.wp.com\/lyonelkaufmann.ch\/Blog\/wp-content\/uploads\/2015\/03\/blogcafe1.jpg?fit=1024%2C683&ssl=1&resize=700%2C400 2x"},"classes":[]},{"id":8046,"url":"https:\/\/lyonelkaufmann.ch\/Blog\/2014\/06\/12\/dans-la-pose-des-soldats-du-d-day-liberation\/","url_meta":{"origin":12806,"position":5},"title":"Dans la pose des soldats du\u00a0D-Day | Lib\u00e9ration","author":"Lyonel Kaufmann","date":"12 juin 2014","format":false,"excerpt":"La photographe Adeline Keil a suivi des jeunes Normands qui\u00a0endossent chaque mois l\u2019uniforme am\u00e9ricain. D\u00e9barquement \u00e0 Utah Beach. Sur une photo, les trois jeunes soldats am\u00e9ricains posent sans tension, mais avec s\u00e9rieux et peut-\u00eatre un peu de fiert\u00e9. Sur une autre, un soldat est assis sur une marche, \u00e0 la\u2026","rel":"","context":"Dans &quot;histoire&quot;","block_context":{"text":"histoire","link":"https:\/\/lyonelkaufmann.ch\/Blog\/category\/histoire-2\/"},"img":{"alt_text":"","src":"https:\/\/i0.wp.com\/lyonelkaufmann.ch\/Blog\/wp-content\/uploads\/2015\/03\/blogcafe1.jpg?fit=1024%2C683&ssl=1&resize=350%2C200","width":350,"height":200,"srcset":"https:\/\/i0.wp.com\/lyonelkaufmann.ch\/Blog\/wp-content\/uploads\/2015\/03\/blogcafe1.jpg?fit=1024%2C683&ssl=1&resize=350%2C200 1x, https:\/\/i0.wp.com\/lyonelkaufmann.ch\/Blog\/wp-content\/uploads\/2015\/03\/blogcafe1.jpg?fit=1024%2C683&ssl=1&resize=525%2C300 1.5x, https:\/\/i0.wp.com\/lyonelkaufmann.ch\/Blog\/wp-content\/uploads\/2015\/03\/blogcafe1.jpg?fit=1024%2C683&ssl=1&resize=700%2C400 2x"},"classes":[]}],"jetpack_likes_enabled":true,"_links":{"self":[{"href":"https:\/\/lyonelkaufmann.ch\/Blog\/wp-json\/wp\/v2\/posts\/12806","targetHints":{"allow":["GET"]}}],"collection":[{"href":"https:\/\/lyonelkaufmann.ch\/Blog\/wp-json\/wp\/v2\/posts"}],"about":[{"href":"https:\/\/lyonelkaufmann.ch\/Blog\/wp-json\/wp\/v2\/types\/post"}],"author":[{"embeddable":true,"href":"https:\/\/lyonelkaufmann.ch\/Blog\/wp-json\/wp\/v2\/users\/1"}],"replies":[{"embeddable":true,"href":"https:\/\/lyonelkaufmann.ch\/Blog\/wp-json\/wp\/v2\/comments?post=12806"}],"version-history":[{"count":0,"href":"https:\/\/lyonelkaufmann.ch\/Blog\/wp-json\/wp\/v2\/posts\/12806\/revisions"}],"wp:featuredmedia":[{"embeddable":true,"href":"https:\/\/lyonelkaufmann.ch\/Blog\/wp-json\/wp\/v2\/media\/14034"}],"wp:attachment":[{"href":"https:\/\/lyonelkaufmann.ch\/Blog\/wp-json\/wp\/v2\/media?parent=12806"}],"wp:term":[{"taxonomy":"category","embeddable":true,"href":"https:\/\/lyonelkaufmann.ch\/Blog\/wp-json\/wp\/v2\/categories?post=12806"},{"taxonomy":"post_tag","embeddable":true,"href":"https:\/\/lyonelkaufmann.ch\/Blog\/wp-json\/wp\/v2\/tags?post=12806"}],"curies":[{"name":"wp","href":"https:\/\/api.w.org\/{rel}","templated":true}]}}