{"id":1328,"date":"2008-11-06T12:04:35","date_gmt":"2008-11-06T11:04:35","guid":{"rendered":"https:\/\/lyonelkaufmann.ch\/Blog\/2008\/11\/06\/links-for-2008-11-06\/"},"modified":"2008-11-06T12:04:35","modified_gmt":"2008-11-06T11:04:35","slug":"links-for-2008-11-06-2","status":"publish","type":"post","link":"https:\/\/lyonelkaufmann.ch\/Blog\/2008\/11\/06\/links-for-2008-11-06-2\/","title":{"rendered":"Obama pr\u00e9sident: Revue de presse"},"content":{"rendered":"<ul class=\"delicious\">\n<li>\n<div class=\"delicious-link\"><a href=\"http:\/\/lyonelkaufmann.ch\/histoire\/2008\/11\/06\/we-made-history\/\">\u201cWe made history\u201d : histoire.lyonelkaufmann.ch<\/a><\/div>\n<div class=\"delicious-extended\">\u00abJe pourrais dire que cela n&rsquo;a pas tra\u00een\u00e9. Hier, je proposais un parcours de l&rsquo;ascension de Barack Obama au travers de son utilisation de l&rsquo;histoire dans les discours. Aujourd&rsquo;hui, je peux vous pr\u00e9senter la traduction graphique du fait qu&rsquo;en devenant le premier pr\u00e9sident des Etats-Unis issu de la communaut\u00e9 afro-am\u00e9ricaine Barack Obama fait histoire.\u00bb L&rsquo;article permet de suivre l&rsquo;histoire de cet art du poster utilis\u00e9 dans la campagne et rapprochant pop-art\/ann\u00e9es 1940 pour fonder une nouvelle culture populaire \u00e0 destination des classes moyennes.<\/div>\n<div class=\"delicious-tags\">(tags: <a href=\"http:\/\/delicious.com\/politis\/politis.monde\">politis.monde<\/a> <a href=\"http:\/\/delicious.com\/politis\/politis.d%C3%A9codeur\">politis.d\u00e9codeur<\/a> <a href=\"http:\/\/delicious.com\/politis\/USA2008\">USA2008<\/a> <a href=\"http:\/\/delicious.com\/politis\/BarackObama\">BarackObama<\/a>)<\/div>\n<\/li>\n<li>\n<div class=\"delicious-link\"><a href=\"http:\/\/krugman.blogs.nytimes.com\/2008\/11\/05\/the-monster-years\/\">The monster years &#8211; Paul Krugman &#8211; Op-Ed Columnist &#8211; New York Times Blog<\/a><\/div>\n<div class=\"delicious-extended\">Paul Krugman se f\u00e9licite de la victoire de Barack Obama notamment parce qu&rsquo;elle met fin aux ann\u00e9es monstrueuses : \u00abWhat I mean by that is that for the past 14 years America\u2019s political life has been largely dominated by, well, monsters. Monsters like Tom DeLay, who suggested that the shootings at Columbine happened because schools teach students the theory of evolution. Monsters like Karl Rove, who declared that liberals wanted to offer \u201ctherapy and understanding\u201d to terrorists. Monsters like Dick Cheney, who saw 9\/11 as an opportunity to start torturing people.\u00bb<\/div>\n<div class=\"delicious-tags\">(tags: <a href=\"http:\/\/delicious.com\/politis\/politis.monde\">politis.monde<\/a> <a href=\"http:\/\/delicious.com\/politis\/USA2008\">USA2008<\/a>)<\/div>\n<\/li>\n<li>\n<div class=\"delicious-link\"><a href=\"http:\/\/lyonelkaufmann.ch\/histoire\/2008\/11\/05\/an-american-dream-obama-et-lhistoire\/\">\u201cAn American Dream\u201d : Obama et l\u2019histoire : histoire.lyonelkaufmann.ch<\/a><\/div>\n<div class=\"delicious-extended\">Barack Obama est entr\u00e9 dans l&rsquo;histoire en devenant le premier afro-am\u00e9ricain \u00e0 acc\u00e9der \u00e0 la fonction pr\u00e9sidentielle, mais depuis le d\u00e9but de sa campagne il n&rsquo;a cess\u00e9 de se positionner par rapport \u00e0 un ensemble de figures historiques am\u00e9ricaines. Cet article vous propose de revenir vers les \u00e9tapes principales de ce rapport \u00e0 l&rsquo;histoire du candidat Obama.<\/div>\n<div class=\"delicious-tags\">(tags: <a href=\"http:\/\/delicious.com\/politis\/politis.monde\">politis.monde<\/a> <a href=\"http:\/\/delicious.com\/politis\/politis.d%C3%A9codeur\">politis.d\u00e9codeur<\/a> <a href=\"http:\/\/delicious.com\/politis\/USA2008\">USA2008<\/a> <a href=\"http:\/\/delicious.com\/politis\/BArackObama\">BArackObama<\/a> <a href=\"http:\/\/delicious.com\/politis\/Histoire\">Histoire<\/a>)<\/div>\n<\/li>\n<li>\n<div class=\"delicious-link\"><a href=\"http:\/\/www.boston.com\/bigpicture\/2008\/11\/the_next_president_of_the_unit.html\">The next President of the United States &#8211; The Big Picture &#8211; Boston.com<\/a><\/div>\n<div class=\"delicious-extended\">Le site Big Picture propose un reportage par jour sur internet au moyen de photos grand format. Evidemment le reportage de ce 5 novembre a \u00e9t\u00e9 consacr\u00e9 au 44e pr\u00e9sident des Etats-Unis. Evidemment c&rsquo;est superbe<\/div>\n<div class=\"delicious-tags\">(tags: <a href=\"http:\/\/delicious.com\/politis\/politis.monde\">politis.monde<\/a> <a href=\"http:\/\/delicious.com\/politis\/BarackObama\">BarackObama<\/a> <a href=\"http:\/\/delicious.com\/politis\/USA2008\">USA2008<\/a>)<\/div>\n<\/li>\n<li>\n<div class=\"delicious-link\"><a href=\"http:\/\/blogues.cyberpresse.ca\/hetu\/?p=70422872&amp;utm_source=Fils&amp;utm_medium=RSS&amp;utm_campaign=Blogue_RICHARD_H%C3%A9TU\">Le cabinet d\u2019Obama en gestation &#8211; Richard H\u00e9tu<\/a><\/div>\n<div class=\"delicious-extended\">Les premiers bruits ou les premi\u00e8res informations relativement au prochain cabinet de Barack Obama.<\/div>\n<div class=\"delicious-tags\">(tags: <a href=\"http:\/\/delicious.com\/politis\/politis.monde\">politis.monde<\/a> <a href=\"http:\/\/delicious.com\/politis\/USA2008\">USA2008<\/a> <a href=\"http:\/\/delicious.com\/politis\/BarackObama\">BarackObama<\/a> <a href=\"http:\/\/delicious.com\/politis\/MaisonBlanche\">MaisonBlanche<\/a> <a href=\"http:\/\/delicious.com\/politis\/Gouvernement\">Gouvernement<\/a>)<\/div>\n<\/li>\n<li>\n<div class=\"delicious-link\"><a href=\"http:\/\/www.gauches.fr\/post\/2008\/11\/01\/Docteur-Barack-et-Mister-Obama\">Docteur Barack et Mister Obama &#8211; Gauches | blog \u00e0 gauche de Thibault Dumas<\/a><\/div>\n<div class=\"delicious-extended\">Thibault Dumas s&rsquo;interroge sur la nature et l&rsquo;action que m\u00e8nera Barack Obama une fois en place : aura-t-on affaire \u00e0 Docteur Barack qui renouvelle le progressisme am\u00e9ricain ou Mister Obama rassembleur centriste? Pour tenter de trancher, Thibault Thomas d\u00e9cortique les positions d&rsquo;Obama relativement aux questions de soci\u00e9t\u00e9 (contr\u00f4le des armes, peine de mort), \u00e9conomiques et sociales (keyneysianisme, r\u00f4le de l&rsquo;Etat, fiscalit\u00e9 des entreprises, commerce international). Un d\u00e9cryptage fort int\u00e9ressant.<\/div>\n<div class=\"delicious-tags\">(tags: <a href=\"http:\/\/delicious.com\/politis\/politis.monde\">politis.monde<\/a> <a href=\"http:\/\/delicious.com\/politis\/USA2008\">USA2008<\/a> <a href=\"http:\/\/delicious.com\/politis\/BarackObama\">BarackObama<\/a>)<\/div>\n<\/li>\n<li>\n<div class=\"delicious-link\"><a href=\"http:\/\/www.bakchich.info:8080\/article5710.html\">[Bakchich] Barack Obama \u00e9lu, un jour hyst\u00e9rique<\/a><\/div>\n<div class=\"delicious-extended\">A lire pour la structure du vote en fonction des cat\u00e9gories sociales, de la r\u00e9partition du vote entre Blancs, Noirs, Hispaniques et par cat\u00e9gorie d&rsquo;\u00e2ge.<\/div>\n<div class=\"delicious-tags\">(tags: <a href=\"http:\/\/delicious.com\/politis\/politis.d%C3%A9codeur\">politis.d\u00e9codeur<\/a> <a href=\"http:\/\/delicious.com\/politis\/politis.monde\">politis.monde<\/a> <a href=\"http:\/\/delicious.com\/politis\/USA2008\">USA2008<\/a> <a href=\"http:\/\/delicious.com\/politis\/StructureDuVote\">StructureDuVote<\/a>)<\/div>\n<\/li>\n<li>\n<div class=\"delicious-link\"><a href=\"http:\/\/science21.blogs.courrierinternational.com\/archive\/2008\/11\/05\/barack-obama-la-recherche-scientifique-et-l-education.html\">Barack Obama, la recherche scientifique et l&rsquo;\u00e9ducation (I) : La Science au XXI Si\u00e8cle<\/a><\/div>\n<div class=\"delicious-extended\">La Science au XXIe si\u00e8cle revient sur les promesses du candidat B. Obama en mati\u00e8re de recherche scientifique et d&rsquo;\u00e9ducation Dans ce domaine, l&rsquo;\u00e9quipe Obama &#8211; Biden entend voler au secours de la \u00ab comp\u00e9titivit\u00e9 \u00bb d&rsquo;un syst\u00e8me US en crise, voire en faillite. Or, beaucoup de pays, dont la France, voire la Suisse, ont pris ce syst\u00e8me comme r\u00e9f\u00e9rence dans leur propre politique de recherche et d&rsquo;\u00e9ducation. A suivre donc, attentivement.<\/div>\n<div class=\"delicious-tags\">(tags: <a href=\"http:\/\/delicious.com\/politis\/politis.monde\">politis.monde<\/a> <a href=\"http:\/\/delicious.com\/politis\/BarackObama\">BarackObama<\/a> <a href=\"http:\/\/delicious.com\/politis\/Education\">Education<\/a>)<\/div>\n<\/li>\n<\/ul>\n","protected":false},"excerpt":{"rendered":"<p>\u201cWe made history\u201d : histoire.lyonelkaufmann.ch \u00abJe pourrais dire que cela n&rsquo;a pas tra\u00een\u00e9. Hier, je proposais un parcours de l&rsquo;ascension de Barack Obama au travers de son utilisation de l&rsquo;histoire dans les discours. Aujourd&rsquo;hui, je peux vous pr\u00e9senter la traduction graphique du fait qu&rsquo;en devenant le premier pr\u00e9sident des Etats-Unis issu de la communaut\u00e9 afro-am\u00e9ricaine [&hellip;]<\/p>\n","protected":false},"author":1,"featured_media":14680,"comment_status":"open","ping_status":"open","sticky":false,"template":"","format":"aside","meta":{"_import_markdown_pro_load_document_selector":0,"_import_markdown_pro_submit_text_textarea":"","_genesis_hide_title":false,"_genesis_hide_breadcrumbs":false,"_genesis_hide_singular_image":false,"_genesis_hide_footer_widgets":false,"_genesis_custom_body_class":"","_genesis_custom_post_class":"","_genesis_layout":"","jetpack_post_was_ever_published":false,"_jetpack_newsletter_access":"","_jetpack_dont_email_post_to_subs":false,"_jetpack_newsletter_tier_id":0,"_jetpack_memberships_contains_paywalled_content":false,"_jetpack_memberships_contains_paid_content":false,"activitypub_content_warning":"","activitypub_content_visibility":"","activitypub_max_image_attachments":3,"activitypub_interaction_policy_quote":"anyone","activitypub_status":"","footnotes":"","jetpack_publicize_message":"","jetpack_publicize_feature_enabled":true,"jetpack_social_post_already_shared":true,"jetpack_social_options":{"image_generator_settings":{"template":"fullscreen","default_image_id":0,"font":"","enabled":false},"version":2}},"categories":[3],"tags":[],"class_list":{"0":"post-1328","1":"post","2":"type-post","3":"status-publish","4":"format-aside","5":"has-post-thumbnail","7":"category-blogcafe-2","8":"post_format-post-format-aside","9":"entry"},"jetpack_publicize_connections":[],"featured_image_src":"https:\/\/i0.wp.com\/lyonelkaufmann.ch\/Blog\/wp-content\/uploads\/2015\/03\/blogcafe1.jpg?resize=600%2C400&ssl=1","featured_image_src_square":"https:\/\/i0.wp.com\/lyonelkaufmann.ch\/Blog\/wp-content\/uploads\/2015\/03\/blogcafe1.jpg?resize=600%2C600&ssl=1","author_info":{"display_name":"Lyonel Kaufmann","author_link":"https:\/\/lyonelkaufmann.ch\/Blog\/author\/lyonelk\/"},"jetpack_featured_media_url":"https:\/\/i0.wp.com\/lyonelkaufmann.ch\/Blog\/wp-content\/uploads\/2015\/03\/blogcafe1.jpg?fit=1024%2C683&ssl=1","jetpack_sharing_enabled":true,"jetpack_shortlink":"https:\/\/wp.me\/p1qtF4-lq","jetpack-related-posts":[{"id":489,"url":"https:\/\/lyonelkaufmann.ch\/Blog\/2008\/11\/06\/we-made-history\/","url_meta":{"origin":1328,"position":0},"title":"\u00ab\u00a0We made history\u00a0\u00bb","author":"Lyonel Kaufmann","date":"6 novembre 2008","format":false,"excerpt":"Je pourrais dire que cela n'a pas tra\u00een\u00e9. Hier, je proposais un parcours de l'ascension de Barack Obama au travers de son utilisation de l'histoire dans les discours. Aujourd'hui, je peux vous pr\u00e9senter la traduction graphique du fait qu'en devenant le premier pr\u00e9sident des Etats-Unis issu de la communaut\u00e9 afro-am\u00e9ricaine\u2026","rel":"","context":"Dans &quot;histoire&quot;","block_context":{"text":"histoire","link":"https:\/\/lyonelkaufmann.ch\/Blog\/category\/histoire-2\/"},"img":{"alt_text":"Barack Obama: &quot;We Made History&quot; Prints","src":"https:\/\/i0.wp.com\/farm4.static.flickr.com\/3071\/3006538362_4671208a5f.jpg?resize=350%2C200","width":350,"height":200},"classes":[]},{"id":474,"url":"https:\/\/lyonelkaufmann.ch\/Blog\/2008\/11\/05\/an-american-dream-obama-et-lhistoire\/","url_meta":{"origin":1328,"position":1},"title":"\u00ab\u00a0An American Dream\u00a0\u00bb : Obama et l&rsquo;histoire","author":"Lyonel Kaufmann","date":"5 novembre 2008","format":false,"excerpt":"D'ici demain, Barack Obama entrera peut-\u00eatre dans l'histoire en devenant le premier afro-am\u00e9ricain \u00e0 acc\u00e9der \u00e0 la fonction pr\u00e9sidentielle, mais depuis le d\u00e9but de sa campagne il n'a cess\u00e9 de se positionner par rapport \u00e0 un ensemble de figures historiques am\u00e9ricaines. Cet article vous propose de revenir vers les \u00e9tapes\u2026","rel":"","context":"Dans &quot;histoire&quot;","block_context":{"text":"histoire","link":"https:\/\/lyonelkaufmann.ch\/Blog\/category\/histoire-2\/"},"img":{"alt_text":"","src":"https:\/\/i0.wp.com\/lyonelkaufmann.ch\/Blog\/wp-content\/uploads\/2015\/03\/024.jpg?fit=480%2C360&ssl=1&resize=350%2C200","width":350,"height":200},"classes":[]},{"id":4360,"url":"https:\/\/lyonelkaufmann.ch\/Blog\/2011\/11\/25\/occupy-wall-street-mister-president-we-hope-youre-on-our-side\/","url_meta":{"origin":1328,"position":2},"title":"Occupy Wall Street :  \u201cMister President, We HOPE You\u2019re On Our Side.\u201d","author":"Lyonel Kaufmann","date":"25 novembre 2011","format":false,"excerpt":"C\u00e9l\u00e8bre pour ses affiches r\u00e9alis\u00e9es lors de la campagne de 2008 de Barack Obama,\u00a0Shepard Fairey, alias Obey Giant, a produit la semaine derni\u00e8re une parodie de celles-ci en faveur du mouvement Occupy Wall Street en repla\u00e7ant la figure de Barack Obama par celle du masque de Guy Fawkes, figure symbolique\u2026","rel":"","context":"Dans &quot;histoire&quot;","block_context":{"text":"histoire","link":"https:\/\/lyonelkaufmann.ch\/Blog\/category\/histoire-2\/"},"img":{"alt_text":"06 Fairey Original e1322075452435","src":"https:\/\/i0.wp.com\/www.politis.ch\/carnets\/wp-content\/uploads\/2011\/11\/06_Fairey_Original-e1322075452435.gif?resize=350%2C200","width":350,"height":200},"classes":[]},{"id":17235,"url":"https:\/\/lyonelkaufmann.ch\/Blog\/2016\/08\/13\/barack-obama-vous-a-concocte-une-petite-playlist-pour-bien-kiffer-lete\/","url_meta":{"origin":1328,"position":3},"title":"Barack Obama vous a concoct\u00e9 une petite playlist pour bien kiffer l\u2019\u00e9t\u00e9","author":"Lyonel Kaufmann","date":"13 ao\u00fbt 2016","format":false,"excerpt":"Alors que Donald Trump, en roue libre totale, l\u00e2che d\u00e9sormais une grosse connerie \u00e0 la minute, Barack Obama signe une double playlist estivale sur Spotify, avec une\u00a0version Jour\u00a0et une\u00a0version Nuit. Been waiting to drop this: summer playlist, the encore. What's everybody listening to? pic.twitter.com\/mqh1YVrycj \u2014 President Obama (@POTUS) 11 ao\u00fbt\u2026","rel":"","context":"Dans &quot;L'Expresso&quot;","block_context":{"text":"L'Expresso","link":"https:\/\/lyonelkaufmann.ch\/Blog\/category\/breves\/"},"img":{"alt_text":"","src":"https:\/\/i0.wp.com\/lyonelkaufmann.ch\/Blog\/wp-content\/uploads\/2016\/08\/obama-tt-width-604-height-403-crop-0-bgcolor-000000-nozoom_default-1-lazyload-0.jpg?fit=604%2C403&ssl=1&resize=350%2C200","width":350,"height":200,"srcset":"https:\/\/i0.wp.com\/lyonelkaufmann.ch\/Blog\/wp-content\/uploads\/2016\/08\/obama-tt-width-604-height-403-crop-0-bgcolor-000000-nozoom_default-1-lazyload-0.jpg?fit=604%2C403&ssl=1&resize=350%2C200 1x, https:\/\/i0.wp.com\/lyonelkaufmann.ch\/Blog\/wp-content\/uploads\/2016\/08\/obama-tt-width-604-height-403-crop-0-bgcolor-000000-nozoom_default-1-lazyload-0.jpg?fit=604%2C403&ssl=1&resize=525%2C300 1.5x"},"classes":[]},{"id":818,"url":"https:\/\/lyonelkaufmann.ch\/Blog\/2009\/01\/09\/shepard-fairey-alias-obey-giant-lartiste-a-qui\/","url_meta":{"origin":1328,"position":4},"title":"Shepard Fairey, alias Obey Giant, l\u2019artiste \u00e0 qui&#8230;","author":"Lyonel Kaufmann","date":"9 janvier 2009","format":false,"excerpt":"Shepard Fairey, alias Obey Giant, l\u2019artiste \u00e0 qui l\u2019on doit les c\u00e9l\u00e8bres affiches \u201cHope\u201d et \u201cProgress\u201d vient de r\u00e9aliser l\u2019affiche officielle de la journ\u00e9e d\u2019investiture du pr\u00e9sident Barack Obama, qui se d\u00e9roulera le 20 janier 2009. Via\u00a0Obey Giant\u00a0et\u00a0www.ilovepolitics.info","rel":"","context":"Dans &quot;histoire&quot;","block_context":{"text":"histoire","link":"https:\/\/lyonelkaufmann.ch\/Blog\/category\/histoire-2\/"},"img":{"alt_text":"","src":"https:\/\/i0.wp.com\/lyonelkaufmann.ch\/Blog\/wp-content\/uploads\/2015\/03\/1oxiLPzCViikag24ETlKUYobo1_500.jpg?fit=427%2C640&ssl=1&resize=350%2C200","width":350,"height":200},"classes":[]},{"id":15925,"url":"https:\/\/lyonelkaufmann.ch\/Blog\/2015\/12\/30\/aretha-franklin-chante-you-make-me-feel-like-a-natural-woman-et-fait-pleurer-barack-obama\/","url_meta":{"origin":1328,"position":5},"title":"Aretha Franklin chante \u00ab\u00a0(You Make Me Feel Like) A Natural Woman\u00a0\u00bb et fait pleurer Barack Obama","author":"Lyonel Kaufmann","date":"30 d\u00e9cembre 2015","format":"video","excerpt":"Lors de la 38e c\u00e9r\u00e9monie des Kennedy Center Honors \u00e0 Washington qui c\u00e9l\u00e9brait la carri\u00e8re de cinq artistes dont Rita Moreno, George Lucas et Carole King, Aretha Franklin, 73 ans, est venue sur sc\u00e8ne chanter You Make Me Feel Like) A Natural Woman,\u00a0le titre \u00e9crit par par Gerry Goffin, Carole\u2026","rel":"","context":"Dans &quot;TubesCaf\u00e9&quot;","block_context":{"text":"TubesCaf\u00e9","link":"https:\/\/lyonelkaufmann.ch\/Blog\/category\/tubescafe\/"},"img":{"alt_text":"","src":"","width":0,"height":0},"classes":[]}],"jetpack_likes_enabled":true,"_links":{"self":[{"href":"https:\/\/lyonelkaufmann.ch\/Blog\/wp-json\/wp\/v2\/posts\/1328","targetHints":{"allow":["GET"]}}],"collection":[{"href":"https:\/\/lyonelkaufmann.ch\/Blog\/wp-json\/wp\/v2\/posts"}],"about":[{"href":"https:\/\/lyonelkaufmann.ch\/Blog\/wp-json\/wp\/v2\/types\/post"}],"author":[{"embeddable":true,"href":"https:\/\/lyonelkaufmann.ch\/Blog\/wp-json\/wp\/v2\/users\/1"}],"replies":[{"embeddable":true,"href":"https:\/\/lyonelkaufmann.ch\/Blog\/wp-json\/wp\/v2\/comments?post=1328"}],"version-history":[{"count":0,"href":"https:\/\/lyonelkaufmann.ch\/Blog\/wp-json\/wp\/v2\/posts\/1328\/revisions"}],"wp:featuredmedia":[{"embeddable":true,"href":"https:\/\/lyonelkaufmann.ch\/Blog\/wp-json\/wp\/v2\/media\/14680"}],"wp:attachment":[{"href":"https:\/\/lyonelkaufmann.ch\/Blog\/wp-json\/wp\/v2\/media?parent=1328"}],"wp:term":[{"taxonomy":"category","embeddable":true,"href":"https:\/\/lyonelkaufmann.ch\/Blog\/wp-json\/wp\/v2\/categories?post=1328"},{"taxonomy":"post_tag","embeddable":true,"href":"https:\/\/lyonelkaufmann.ch\/Blog\/wp-json\/wp\/v2\/tags?post=1328"}],"curies":[{"name":"wp","href":"https:\/\/api.w.org\/{rel}","templated":true}]}}