{"id":13941,"date":"2015-02-22T00:09:35","date_gmt":"2015-02-21T23:09:35","guid":{"rendered":"http:\/\/lyonelkaufmann.me\/?p=13621"},"modified":"2015-02-22T00:09:35","modified_gmt":"2015-02-21T23:09:35","slug":"facebook-et-nous-ou-les-mesaventures-de-ph-watrelot","status":"publish","type":"post","link":"https:\/\/lyonelkaufmann.ch\/Blog\/2015\/02\/22\/facebook-et-nous-ou-les-mesaventures-de-ph-watrelot\/","title":{"rendered":"Facebook et nous ou les m\u00e9saventures de Ph. Watrelot"},"content":{"rendered":"<p>Jeudi 19 f\u00e9vrier, Philippe Watrelot, chroniqueur notamment sur Lib\u00e9ration et les Cahiers p\u00e9dagogiques, voit sont compte facebook d\u00e9connect\u00e9 et dans l&rsquo;impossibilit\u00e9 d&rsquo;acc\u00e9der \u00e0 son profil. Il narre sa m\u00e9saventure dans deux billets de son blog. Il en retire quelques le\u00e7ons utiles pour chacun d&rsquo;entre nous et notamment celle-ci :<\/p>\n<blockquote><p>Amis, apprentis \u201ccommunity managers\u201d d\u2019associations et autres organisations non marchandes attendez vous \u00e0 vivre des jours difficiles&#8230;<br \/>\nCar, visiblement, le durcissement de la politique de Facebook sur la v\u00e9racit\u00e9 des comptes personnels ne semble pas \u00eatre li\u00e9 \u00e0 une volont\u00e9 de lutter contre l\u2019anonymat ou d\u2019autres principes \u00e9thiques. Il s\u2019agit d\u2019abord et avant tout de \u201cmon\u00e9tiser\u201d le r\u00e9seau social. Celui-ci reste gratuit pour les particuliers mais devient tr\u00e8s vite payant pour tous ceux qui sont susceptibles de rentrer dans une logique marchande. <strong>\u201cQuand c\u2019est gratuit, le produit c\u2019est vous&#8230;\u201d<\/strong> dit un c\u00e9l\u00e8bre dicton de l\u2019Internet. La formule devient un peu plus complexe et s\u2019inscrit dans la logique de remise en cause de <a href=\"http:\/\/fr.wikipedia.org\/wiki\/Neutralit%C3%A9_du_r%C3%A9seau\" target=\"_blank\">la neutralit\u00e9 du web<\/a> : <strong>\u201csi tu veux \u00eatre vu, il faut payer&#8230;\u201d<\/strong> Et dans une logique monopoliste, pas moyen de n\u00e9gocier&#8230;<\/p><\/blockquote>\n<p>A lire : <a href=\"http:\/\/philippe-watrelot.blogspot.fr\/2015\/02\/mes-mesaventures-avec-facebook-suite.html\">Chronique \u00c9ducation: Mes m\u00e9saventures avec Facebook (suite)<\/a>.<\/p>\n<p>Le premier billet : <a href=\"http:\/\/philippe-watrelot.blogspot.fr\/2015\/02\/a-propos-de-facebook.html\">A propos de Facebook&#8230;<\/a><\/p>\n","protected":false},"excerpt":{"rendered":"<p>Jeudi 19 f\u00e9vrier, Philippe Watrelot, chroniqueur notamment sur Lib\u00e9ration et les Cahiers p\u00e9dagogiques, voit sont compte facebook d\u00e9connect\u00e9 et dans l&rsquo;impossibilit\u00e9 d&rsquo;acc\u00e9der \u00e0 son profil. Il narre sa m\u00e9saventure dans deux billets de son blog. Il en retire quelques le\u00e7ons utiles pour chacun d&rsquo;entre nous et notamment celle-ci : Amis, apprentis \u201ccommunity managers\u201d d\u2019associations et [&hellip;]<\/p>\n","protected":false},"author":1,"featured_media":14680,"comment_status":"open","ping_status":"open","sticky":false,"template":"","format":"standard","meta":{"_import_markdown_pro_load_document_selector":0,"_import_markdown_pro_submit_text_textarea":"","_genesis_hide_title":false,"_genesis_hide_breadcrumbs":false,"_genesis_hide_singular_image":false,"_genesis_hide_footer_widgets":false,"_genesis_custom_body_class":"","_genesis_custom_post_class":"","_genesis_layout":"","jetpack_post_was_ever_published":false,"_jetpack_newsletter_access":"","_jetpack_dont_email_post_to_subs":false,"_jetpack_newsletter_tier_id":0,"_jetpack_memberships_contains_paywalled_content":false,"_jetpack_memberships_contains_paid_content":false,"activitypub_content_warning":"","activitypub_content_visibility":"","activitypub_max_image_attachments":3,"activitypub_interaction_policy_quote":"anyone","activitypub_status":"","footnotes":"","jetpack_publicize_message":"","jetpack_publicize_feature_enabled":true,"jetpack_social_post_already_shared":true,"jetpack_social_options":{"image_generator_settings":{"template":"fullscreen","default_image_id":0,"font":"","enabled":false},"version":2}},"categories":[3],"tags":[],"class_list":{"0":"post-13941","1":"post","2":"type-post","3":"status-publish","4":"format-standard","5":"has-post-thumbnail","7":"category-blogcafe-2","8":"entry"},"jetpack_publicize_connections":[],"featured_image_src":"https:\/\/i0.wp.com\/lyonelkaufmann.ch\/Blog\/wp-content\/uploads\/2015\/03\/blogcafe1.jpg?resize=600%2C400&ssl=1","featured_image_src_square":"https:\/\/i0.wp.com\/lyonelkaufmann.ch\/Blog\/wp-content\/uploads\/2015\/03\/blogcafe1.jpg?resize=600%2C600&ssl=1","author_info":{"display_name":"Lyonel Kaufmann","author_link":"https:\/\/lyonelkaufmann.ch\/Blog\/author\/lyonelk\/"},"jetpack_featured_media_url":"https:\/\/i0.wp.com\/lyonelkaufmann.ch\/Blog\/wp-content\/uploads\/2015\/03\/blogcafe1.jpg?fit=1024%2C683&ssl=1","jetpack_sharing_enabled":true,"jetpack_shortlink":"https:\/\/wp.me\/p1qtF4-3CR","jetpack-related-posts":[{"id":6191,"url":"https:\/\/lyonelkaufmann.ch\/Blog\/2012\/09\/26\/education-la-generation-facebook\/","url_meta":{"origin":13941,"position":0},"title":"Education : la G\u00e9n\u00e9ration Facebook","author":"Lyonel Kaufmann","date":"26 septembre 2012","format":false,"excerpt":"En cette nouvelle ann\u00e9e scolaire et avec une nouvelle vol\u00e9e d'\u00e9l\u00e8ves pour Laurence Juin, celle-ci nous fait part de ses premiers constats apr\u00e8s un mois lorsqu'elle parle \u00e0 ses \u00e9l\u00e8ves de la possibilit\u00e9 de communiquer avec eux et entre eux scolairement au moyen des m\u00e9dias sociaux: \u00ab\u00c0 cette rentr\u00e9e, je\u2026","rel":"","context":"Dans &quot;histoire&quot;","block_context":{"text":"histoire","link":"https:\/\/lyonelkaufmann.ch\/Blog\/category\/histoire-2\/"},"img":{"alt_text":"","src":"https:\/\/i0.wp.com\/lyonelkaufmann.ch\/Blog\/wp-content\/uploads\/2015\/03\/blogcafe1.jpg?fit=1024%2C683&ssl=1&resize=350%2C200","width":350,"height":200,"srcset":"https:\/\/i0.wp.com\/lyonelkaufmann.ch\/Blog\/wp-content\/uploads\/2015\/03\/blogcafe1.jpg?fit=1024%2C683&ssl=1&resize=350%2C200 1x, https:\/\/i0.wp.com\/lyonelkaufmann.ch\/Blog\/wp-content\/uploads\/2015\/03\/blogcafe1.jpg?fit=1024%2C683&ssl=1&resize=525%2C300 1.5x, https:\/\/i0.wp.com\/lyonelkaufmann.ch\/Blog\/wp-content\/uploads\/2015\/03\/blogcafe1.jpg?fit=1024%2C683&ssl=1&resize=700%2C400 2x"},"classes":[]},{"id":7366,"url":"https:\/\/lyonelkaufmann.ch\/Blog\/2012\/09\/26\/education-la-generation-facebook-2\/","url_meta":{"origin":13941,"position":1},"title":"Education : la G\u00e9n\u00e9ration Facebook","author":"Lyonel Kaufmann","date":"26 septembre 2012","format":false,"excerpt":"En cette nouvelle ann\u00e9e scolaire et avec une nouvelle vol\u00e9e d'\u00e9l\u00e8ves pour Laurence Juin, celle-ci nous fait part de ses premiers constats apr\u00e8s un mois lorsqu'elle parle \u00e0 ses \u00e9l\u00e8ves de la possibilit\u00e9 de communiquer avec eux et entre eux scolairement au moyen des m\u00e9dias sociaux: \u00ab\u00c0 cette rentr\u00e9e, je\u2026","rel":"","context":"Dans &quot;Blogcaf\u00e9&quot;","block_context":{"text":"Blogcaf\u00e9","link":"https:\/\/lyonelkaufmann.ch\/Blog\/category\/blogcafe-2\/"},"img":{"alt_text":"","src":"https:\/\/i0.wp.com\/lyonelkaufmann.ch\/Blog\/wp-content\/uploads\/2015\/03\/blogcafe1.jpg?fit=1024%2C683&ssl=1&resize=350%2C200","width":350,"height":200,"srcset":"https:\/\/i0.wp.com\/lyonelkaufmann.ch\/Blog\/wp-content\/uploads\/2015\/03\/blogcafe1.jpg?fit=1024%2C683&ssl=1&resize=350%2C200 1x, https:\/\/i0.wp.com\/lyonelkaufmann.ch\/Blog\/wp-content\/uploads\/2015\/03\/blogcafe1.jpg?fit=1024%2C683&ssl=1&resize=525%2C300 1.5x, https:\/\/i0.wp.com\/lyonelkaufmann.ch\/Blog\/wp-content\/uploads\/2015\/03\/blogcafe1.jpg?fit=1024%2C683&ssl=1&resize=700%2C400 2x"},"classes":[]},{"id":17428,"url":"https:\/\/lyonelkaufmann.ch\/Blog\/2016\/08\/29\/lettre-ouverte-aux-jeunes-enseignants-de-la-generation-facebook-et-aux-autres\/","url_meta":{"origin":13941,"position":2},"title":"Lettre ouverte aux jeunes enseignants de la g\u00e9n\u00e9ration Facebook (et aux autres)","author":"Lyonel Kaufmann","date":"29 ao\u00fbt 2016","format":false,"excerpt":"En 2011, une enqu\u00eate IFOP montrait que 83% des 15-24 ans poss\u00e9daient un compte Facebook (contre 62% chez les 25-34 ans, 31% chez les 35-49 ans, 16% chez les 50-64 ans et 4% chez les 65 ans et plus). La \u00ab fracture num\u00e9rique \u00bb est bel et bien une fracture\u2026","rel":"","context":"Dans &quot;L'Expresso&quot;","block_context":{"text":"L'Expresso","link":"https:\/\/lyonelkaufmann.ch\/Blog\/category\/breves\/"},"img":{"alt_text":"","src":"https:\/\/i0.wp.com\/www.cafepedagogique.net\/SiteCollectionImages\/2908163.jpg?resize=350%2C200","width":350,"height":200},"classes":[]},{"id":11073,"url":"https:\/\/lyonelkaufmann.ch\/Blog\/2014\/01\/05\/ecrire-avec-son-ipad-les-basiques\/","url_meta":{"origin":13941,"position":3},"title":"\u00c9crire avec son iPad : les basiques","author":"Lyonel Kaufmann","date":"5 janvier 2014","format":false,"excerpt":"\u00c0 la suite de mon dernier article, je vous pr\u00e9sente les deux applications retenues dans ma cat\u00e9gorie \u00abbasiques, mais efficaces\u00bb, de logiciels de prise de notes : Notes d'Apple et SimpleNote. Ces deux applications remplissent mon cahier des charges de base. \u00c0 savoir : \u00eatre disponible pour mon iPad et\u2026","rel":"","context":"Dans &quot;Blogcaf\u00e9&quot;","block_context":{"text":"Blogcaf\u00e9","link":"https:\/\/lyonelkaufmann.ch\/Blog\/category\/blogcafe-2\/"},"img":{"alt_text":"wpid-PastedGraphic-2014-01-4-18-01-e1388855549987","src":"https:\/\/i0.wp.com\/lyonelkaufmann.ch\/Blog\/wp-content\/uploads\/2014\/01\/wpid-PastedGraphic-2014-01-4-18-01-e13888555499871.png?resize=350%2C200","width":350,"height":200,"srcset":"https:\/\/i0.wp.com\/lyonelkaufmann.ch\/Blog\/wp-content\/uploads\/2014\/01\/wpid-PastedGraphic-2014-01-4-18-01-e13888555499871.png?resize=350%2C200 1x, https:\/\/i0.wp.com\/lyonelkaufmann.ch\/Blog\/wp-content\/uploads\/2014\/01\/wpid-PastedGraphic-2014-01-4-18-01-e13888555499871.png?resize=525%2C300 1.5x"},"classes":[]},{"id":3044,"url":"https:\/\/lyonelkaufmann.ch\/Blog\/2010\/01\/12\/facebook-se-fout-de-la-gueule-du-monde-readwriteweb-france\/","url_meta":{"origin":13941,"position":4},"title":"Facebook se fout de la gueule du\u00a0monde | ReadWriteWeb France","author":"Lyonel Kaufmann","date":"12 janvier 2010","format":"aside","excerpt":"Les diff\u00e9rents bobards de Facebook. Dans un premier temps, Facebook gardait les donn\u00e9es de ses utilisateurs au sein de son site, arguant du fait qu\u2019un niveau de confidentialit\u00e9 \u00e9lev\u00e9 rendrait les utilisateurs plus \u00e0 l\u2019aise et les inciteraient \u00e0 partager plus d\u2019informations au sein d\u2019un environnement social qu\u2019ils contr\u00f4laient. Maintenant\u2026","rel":"","context":"Dans &quot;Blogcaf\u00e9&quot;","block_context":{"text":"Blogcaf\u00e9","link":"https:\/\/lyonelkaufmann.ch\/Blog\/category\/blogcafe-2\/"},"img":{"alt_text":"","src":"https:\/\/i0.wp.com\/lyonelkaufmann.ch\/Blog\/wp-content\/uploads\/2015\/03\/blogcafe1.jpg?fit=1024%2C683&ssl=1&resize=350%2C200","width":350,"height":200,"srcset":"https:\/\/i0.wp.com\/lyonelkaufmann.ch\/Blog\/wp-content\/uploads\/2015\/03\/blogcafe1.jpg?fit=1024%2C683&ssl=1&resize=350%2C200 1x, https:\/\/i0.wp.com\/lyonelkaufmann.ch\/Blog\/wp-content\/uploads\/2015\/03\/blogcafe1.jpg?fit=1024%2C683&ssl=1&resize=525%2C300 1.5x, https:\/\/i0.wp.com\/lyonelkaufmann.ch\/Blog\/wp-content\/uploads\/2015\/03\/blogcafe1.jpg?fit=1024%2C683&ssl=1&resize=700%2C400 2x"},"classes":[]},{"id":2689,"url":"https:\/\/lyonelkaufmann.ch\/Blog\/2010\/04\/06\/facebook-oui-ou-non-dans-la-relation-prof-eleves\/","url_meta":{"origin":13941,"position":5},"title":"Facebook : oui ou non dans la relation prof-\u00e9l\u00e8ves?","author":"Lyonel Kaufmann","date":"6 avril 2010","format":false,"excerpt":"Le hasard de mes lectures et de ma veille a fait se rencontrer deux articles pr\u00e9sentant les relations profs-\u00e9l\u00e8ves avec Facebook. Deux extraits. Deux choix diff\u00e9rents concernant l'un des \u00e9l\u00e8ves, l'autre des \u00e9tudiants. Une r\u00e9flexion \u00e0 mener pour tout en chacun. Pourquoi je suis \"ami\" avec mes \u00e9tudiants - affordance.info\u2026","rel":"","context":"Dans &quot;histoire&quot;","block_context":{"text":"histoire","link":"https:\/\/lyonelkaufmann.ch\/Blog\/category\/histoire-2\/"},"img":{"alt_text":"","src":"https:\/\/i0.wp.com\/lyonelkaufmann.ch\/Blog\/wp-content\/uploads\/2015\/03\/4424871206_e25dd38211.jpg?fit=500%2C375&ssl=1&resize=350%2C200","width":350,"height":200},"classes":[]}],"jetpack_likes_enabled":true,"_links":{"self":[{"href":"https:\/\/lyonelkaufmann.ch\/Blog\/wp-json\/wp\/v2\/posts\/13941","targetHints":{"allow":["GET"]}}],"collection":[{"href":"https:\/\/lyonelkaufmann.ch\/Blog\/wp-json\/wp\/v2\/posts"}],"about":[{"href":"https:\/\/lyonelkaufmann.ch\/Blog\/wp-json\/wp\/v2\/types\/post"}],"author":[{"embeddable":true,"href":"https:\/\/lyonelkaufmann.ch\/Blog\/wp-json\/wp\/v2\/users\/1"}],"replies":[{"embeddable":true,"href":"https:\/\/lyonelkaufmann.ch\/Blog\/wp-json\/wp\/v2\/comments?post=13941"}],"version-history":[{"count":0,"href":"https:\/\/lyonelkaufmann.ch\/Blog\/wp-json\/wp\/v2\/posts\/13941\/revisions"}],"wp:featuredmedia":[{"embeddable":true,"href":"https:\/\/lyonelkaufmann.ch\/Blog\/wp-json\/wp\/v2\/media\/14680"}],"wp:attachment":[{"href":"https:\/\/lyonelkaufmann.ch\/Blog\/wp-json\/wp\/v2\/media?parent=13941"}],"wp:term":[{"taxonomy":"category","embeddable":true,"href":"https:\/\/lyonelkaufmann.ch\/Blog\/wp-json\/wp\/v2\/categories?post=13941"},{"taxonomy":"post_tag","embeddable":true,"href":"https:\/\/lyonelkaufmann.ch\/Blog\/wp-json\/wp\/v2\/tags?post=13941"}],"curies":[{"name":"wp","href":"https:\/\/api.w.org\/{rel}","templated":true}]}}