{"id":13942,"date":"2015-02-22T00:33:20","date_gmt":"2015-02-21T23:33:20","guid":{"rendered":"http:\/\/lyonelkaufmann.me\/2015\/02\/22\/swiss-postcard-ma-commune-en-1900\/"},"modified":"2015-02-22T00:33:20","modified_gmt":"2015-02-21T23:33:20","slug":"swiss-postcard-ma-commune-en-1900","status":"publish","type":"post","link":"https:\/\/lyonelkaufmann.ch\/Blog\/2015\/02\/22\/swiss-postcard-ma-commune-en-1900\/","title":{"rendered":"Swiss Postcard : ma commune en 1900"},"content":{"rendered":"<p>L&rsquo;application pour smartphone et tablettes Swiss Postcard permet, pour plus de 1000 communes suisses, de d\u00e9couvrir ces derni\u00e8res au d\u00e9but du 20\u00e8me si\u00e8cle gr\u00e2ce aux cartes postales de l&rsquo;\u00e9poque.<\/p>\n<p><a href=\"https:\/\/lyonelkaufmann.files.wordpress.com\/2015\/02\/img_0212.jpg\"><img decoding=\"async\" class=\"alignnone size-full\" src=\"https:\/\/lyonelkaufmann.files.wordpress.com\/2015\/02\/img_0212.jpg\" alt=\"IMG_0212\" \/><\/a><br \/>\nLa Tour-de-Peilz vers 1908<\/p>\n<p>L&rsquo;application a \u00e9t\u00e9 d\u00e9velopp\u00e9e par la Conf\u00e9rence suisses des biblioth\u00e8ques.<\/p>\n","protected":false},"excerpt":{"rendered":"<p>L&rsquo;application pour smartphone et tablettes Swiss Postcard permet, pour plus de 1000 communes suisses, de d\u00e9couvrir ces derni\u00e8res au d\u00e9but du 20\u00e8me si\u00e8cle gr\u00e2ce aux cartes postales de l&rsquo;\u00e9poque. La Tour-de-Peilz vers 1908 L&rsquo;application a \u00e9t\u00e9 d\u00e9velopp\u00e9e par la Conf\u00e9rence suisses des biblioth\u00e8ques.<\/p>\n","protected":false},"author":1,"featured_media":13943,"comment_status":"open","ping_status":"open","sticky":false,"template":"","format":"standard","meta":{"_import_markdown_pro_load_document_selector":0,"_import_markdown_pro_submit_text_textarea":"","_genesis_hide_title":false,"_genesis_hide_breadcrumbs":false,"_genesis_hide_singular_image":false,"_genesis_hide_footer_widgets":false,"_genesis_custom_body_class":"","_genesis_custom_post_class":"","_genesis_layout":"","jetpack_post_was_ever_published":false,"_jetpack_newsletter_access":"","_jetpack_dont_email_post_to_subs":false,"_jetpack_newsletter_tier_id":0,"_jetpack_memberships_contains_paywalled_content":false,"_jetpack_memberships_contains_paid_content":false,"activitypub_content_warning":"","activitypub_content_visibility":"","activitypub_max_image_attachments":3,"activitypub_interaction_policy_quote":"anyone","activitypub_status":"","footnotes":"","jetpack_publicize_message":"","jetpack_publicize_feature_enabled":true,"jetpack_social_post_already_shared":true,"jetpack_social_options":{"image_generator_settings":{"template":"fullscreen","default_image_id":0,"font":"","enabled":false},"version":2}},"categories":[3],"tags":[],"class_list":{"0":"post-13942","1":"post","2":"type-post","3":"status-publish","4":"format-standard","5":"has-post-thumbnail","7":"category-blogcafe-2","8":"entry"},"jetpack_publicize_connections":[],"featured_image_src":"https:\/\/i0.wp.com\/lyonelkaufmann.ch\/Blog\/wp-content\/uploads\/2015\/03\/img_0212.jpg?resize=600%2C400&ssl=1","featured_image_src_square":"https:\/\/i0.wp.com\/lyonelkaufmann.ch\/Blog\/wp-content\/uploads\/2015\/03\/img_0212.jpg?resize=600%2C585&ssl=1","author_info":{"display_name":"Lyonel Kaufmann","author_link":"https:\/\/lyonelkaufmann.ch\/Blog\/author\/lyonelk\/"},"jetpack_featured_media_url":"https:\/\/i0.wp.com\/lyonelkaufmann.ch\/Blog\/wp-content\/uploads\/2015\/03\/img_0212.jpg?fit=790%2C585&ssl=1","jetpack_sharing_enabled":true,"jetpack_shortlink":"https:\/\/wp.me\/p1qtF4-3CS","jetpack-related-posts":[{"id":7465,"url":"https:\/\/lyonelkaufmann.ch\/Blog\/2012\/10\/14\/top-swiss-music\/","url_meta":{"origin":13942,"position":0},"title":"Top Swiss Music","author":"Lyonel Kaufmann","date":"14 octobre 2012","format":"image","excerpt":"Ces 5 CD de groupes et de musiciens suisses tournent actuellement sur ma platine pour mon plus grand plaisir. Ils montrent que de\u00a0La Tour-de-Peilz aux Grisons la musique suisse vaut le d\u00e9tour et \u00a0qu'il n'y a aucune raison d'avoir des complexes de \u00abpetits Suisses\u00bb. Merci donc \u00e0 77 Bombay Street,\u2026","rel":"","context":"Dans &quot;TubesCaf\u00e9&quot;","block_context":{"text":"TubesCaf\u00e9","link":"https:\/\/lyonelkaufmann.ch\/Blog\/category\/tubescafe\/"},"img":{"alt_text":"","src":"https:\/\/i0.wp.com\/lyonelkaufmann.ch\/Blog\/wp-content\/uploads\/2015\/03\/Top-Swiss-Music-L.jpg?fit=776%2C600&ssl=1&resize=350%2C200","width":350,"height":200,"srcset":"https:\/\/i0.wp.com\/lyonelkaufmann.ch\/Blog\/wp-content\/uploads\/2015\/03\/Top-Swiss-Music-L.jpg?fit=776%2C600&ssl=1&resize=350%2C200 1x, https:\/\/i0.wp.com\/lyonelkaufmann.ch\/Blog\/wp-content\/uploads\/2015\/03\/Top-Swiss-Music-L.jpg?fit=776%2C600&ssl=1&resize=525%2C300 1.5x, https:\/\/i0.wp.com\/lyonelkaufmann.ch\/Blog\/wp-content\/uploads\/2015\/03\/Top-Swiss-Music-L.jpg?fit=776%2C600&ssl=1&resize=700%2C400 2x"},"classes":[]},{"id":858,"url":"https:\/\/lyonelkaufmann.ch\/Blog\/2009\/01\/15\/swiss-spaghetti-harvest-lying-about-the-past\/","url_meta":{"origin":13942,"position":1},"title":"Swiss Spaghetti Harvest \u00ab\u00a0Lying About the Past","author":"Lyonel Kaufmann","date":"15 janvier 2009","format":false,"excerpt":"Swiss Spaghetti Harvest \u00ab\u00a0Lying About the Past","rel":"","context":"Dans &quot;histoire&quot;","block_context":{"text":"histoire","link":"https:\/\/lyonelkaufmann.ch\/Blog\/category\/histoire-2\/"},"img":{"alt_text":"","src":"https:\/\/i0.wp.com\/lyonelkaufmann.ch\/Blog\/wp-content\/uploads\/2015\/03\/blogcafe1.jpg?fit=1024%2C683&ssl=1&resize=350%2C200","width":350,"height":200,"srcset":"https:\/\/i0.wp.com\/lyonelkaufmann.ch\/Blog\/wp-content\/uploads\/2015\/03\/blogcafe1.jpg?fit=1024%2C683&ssl=1&resize=350%2C200 1x, https:\/\/i0.wp.com\/lyonelkaufmann.ch\/Blog\/wp-content\/uploads\/2015\/03\/blogcafe1.jpg?fit=1024%2C683&ssl=1&resize=525%2C300 1.5x, https:\/\/i0.wp.com\/lyonelkaufmann.ch\/Blog\/wp-content\/uploads\/2015\/03\/blogcafe1.jpg?fit=1024%2C683&ssl=1&resize=700%2C400 2x"},"classes":[]},{"id":5943,"url":"https:\/\/lyonelkaufmann.ch\/Blog\/2012\/04\/20\/benjamin-vurlod-artiste-digital-suisse-et-boeland\/","url_meta":{"origin":13942,"position":2},"title":"Benjamin Vurlod artiste \u00abdigital\u00bb suisse et bo\u00e9land","author":"Lyonel Kaufmann","date":"20 avril 2012","format":false,"excerpt":"On peut \u00eatre bo\u00e9land (habitant de la Tour-de-Peilz) et proposer des travaux digitaux d\u00e9coiffants. Je ne r\u00e9siste donc pas \u00e0 partager avec vous la vid\u00e9o suivante. Elle pr\u00e9sente le travail de Benjamin Vurlod, habitant de La Tour-de-Peilz : Benjamin Vurlod Demoreel 2012 from Benjamin Vurlod on Vimeo. Il se pr\u00e9sente\u2026","rel":"","context":"Dans &quot;Blogcaf\u00e9&quot;","block_context":{"text":"Blogcaf\u00e9","link":"https:\/\/lyonelkaufmann.ch\/Blog\/category\/blogcafe-2\/"},"img":{"alt_text":"","src":"https:\/\/i0.wp.com\/lyonelkaufmann.ch\/Blog\/wp-content\/uploads\/2015\/03\/280111395_640.jpg?fit=640%2C360&ssl=1&resize=350%2C200","width":350,"height":200,"srcset":"https:\/\/i0.wp.com\/lyonelkaufmann.ch\/Blog\/wp-content\/uploads\/2015\/03\/280111395_640.jpg?fit=640%2C360&ssl=1&resize=350%2C200 1x, https:\/\/i0.wp.com\/lyonelkaufmann.ch\/Blog\/wp-content\/uploads\/2015\/03\/280111395_640.jpg?fit=640%2C360&ssl=1&resize=525%2C300 1.5x"},"classes":[]},{"id":18981,"url":"https:\/\/lyonelkaufmann.ch\/Blog\/2018\/01\/11\/looking-for-lenin-espace-images-vevey-24-01-04-03-2018\/","url_meta":{"origin":13942,"position":3},"title":"\u00ab\u00a0Looking for Lenin\u00a0\u00bb &#8211; Espace Images Vevey &#8211; 24.01.-04.03.2018","author":"Lyonel Kaufmann","date":"11 janvier 2018","format":false,"excerpt":"Looking for Lenin Depuis la r\u00e9volution ukrainienne de 2014 et pr\u00e8s de 25 ans apr\u00e8s le d\u00e9mant\u00e8lement de l\u2019URSS, le gouvernement en place cherche \u00e0 effacer tous les symboles de l\u2019ancien r\u00e9gime communiste. T\u00e9moins des manifestations de la place Ma\u00efdan, Niels Ackermann et S\u00e9bastien Gobert sont partis \u00e0 la recherche\u2026","rel":"","context":"Dans &quot;Blogcaf\u00e9&quot;","block_context":{"text":"Blogcaf\u00e9","link":"https:\/\/lyonelkaufmann.ch\/Blog\/category\/blogcafe-2\/"},"img":{"alt_text":"","src":"https:\/\/i0.wp.com\/lyonelkaufmann.ch\/Blog\/wp-content\/uploads\/2018\/01\/5a37a7cd2e033.jpg?fit=1200%2C801&ssl=1&resize=350%2C200","width":350,"height":200,"srcset":"https:\/\/i0.wp.com\/lyonelkaufmann.ch\/Blog\/wp-content\/uploads\/2018\/01\/5a37a7cd2e033.jpg?fit=1200%2C801&ssl=1&resize=350%2C200 1x, https:\/\/i0.wp.com\/lyonelkaufmann.ch\/Blog\/wp-content\/uploads\/2018\/01\/5a37a7cd2e033.jpg?fit=1200%2C801&ssl=1&resize=525%2C300 1.5x, https:\/\/i0.wp.com\/lyonelkaufmann.ch\/Blog\/wp-content\/uploads\/2018\/01\/5a37a7cd2e033.jpg?fit=1200%2C801&ssl=1&resize=700%2C400 2x, https:\/\/i0.wp.com\/lyonelkaufmann.ch\/Blog\/wp-content\/uploads\/2018\/01\/5a37a7cd2e033.jpg?fit=1200%2C801&ssl=1&resize=1050%2C600 3x"},"classes":[]},{"id":5266,"url":"https:\/\/lyonelkaufmann.ch\/Blog\/2012\/04\/10\/la-radio-et-la-television-en-suisse-histoire-de-la-societe-suisse-de-radiodiffusion-et-television-ssr-de-1983-a-2011-infoclio-ch\/","url_meta":{"origin":13942,"position":4},"title":"La radio et la t\u00e9l\u00e9vision en Suisse. Histoire de la Soci\u00e9t\u00e9 suisse de radiodiffusion et t\u00e9l\u00e9vision SSR de 1983 \u00e0 2011 | infoclio.ch","author":"Lyonel Kaufmann","date":"10 avril 2012","format":false,"excerpt":"Via Scoop.it - histoireLes \u00e9ditions hier + jetzt annoncent la publication du troisi\u00e8me volume de l'Histoire de la Soci\u00e9t\u00e9 suisse de radiodiffusion, consacr\u00e9 \u00e0 la p\u00e9riode 1983 \u00e0 2011. Le troisi\u00e8me volume existe \u00e9galement sous forme d'une application Apple consultable sur iPhone et iPad, qui propose un acc\u00e8s interactif aux\u2026","rel":"","context":"Dans &quot;histoire&quot;","block_context":{"text":"histoire","link":"https:\/\/lyonelkaufmann.ch\/Blog\/category\/histoire-2\/"},"img":{"alt_text":"","src":"https:\/\/i0.wp.com\/lyonelkaufmann.ch\/Blog\/wp-content\/uploads\/2015\/03\/Ru6X4pDI4Pce3MCtWqiVjzl72eJkfbmt4t8yenImKBXEejxNn4ZJNZ2ss5Ku7Cxt.jpg?fit=203%2C308&ssl=1&resize=350%2C200","width":350,"height":200},"classes":[]},{"id":3844,"url":"https:\/\/lyonelkaufmann.ch\/Blog\/2011\/06\/27\/les-sites-palafittiques-suisses-inscrits-au-patrimoine-tsrinfo-ch\/","url_meta":{"origin":13942,"position":5},"title":"Les sites palafittiques suisses inscrits au patrimoine de l&rsquo;Unesco | tsrinfo.ch","author":"Lyonel Kaufmann","date":"27 juin 2011","format":false,"excerpt":"Le site des trois lacs (ici Sutz-Lattrigen, lac de Bienne) fait partie de la liste d\u00e9pos\u00e9e \u00e0 l'UNESCO. [Keystone] La Suisse doit \u00e0 ses sites palafittiques, pr\u00e9sents sur son territoire depuis des mill\u00e9naires, son onzi\u00e8me lieu inscrit au patrimoine mondial de lUNESCO. Sit\u00f4t la d\u00e9cision rendue, lOffice f\u00e9d\u00e9ral de la\u2026","rel":"","context":"Dans &quot;histoire&quot;","block_context":{"text":"histoire","link":"https:\/\/lyonelkaufmann.ch\/Blog\/category\/histoire-2\/"},"img":{"alt_text":"","src":"https:\/\/i0.wp.com\/lyonelkaufmann.ch\/Blog\/wp-content\/uploads\/2015\/03\/20110627-114126.jpg?fit=480%2C270&ssl=1&resize=350%2C200","width":350,"height":200},"classes":[]}],"jetpack_likes_enabled":true,"_links":{"self":[{"href":"https:\/\/lyonelkaufmann.ch\/Blog\/wp-json\/wp\/v2\/posts\/13942","targetHints":{"allow":["GET"]}}],"collection":[{"href":"https:\/\/lyonelkaufmann.ch\/Blog\/wp-json\/wp\/v2\/posts"}],"about":[{"href":"https:\/\/lyonelkaufmann.ch\/Blog\/wp-json\/wp\/v2\/types\/post"}],"author":[{"embeddable":true,"href":"https:\/\/lyonelkaufmann.ch\/Blog\/wp-json\/wp\/v2\/users\/1"}],"replies":[{"embeddable":true,"href":"https:\/\/lyonelkaufmann.ch\/Blog\/wp-json\/wp\/v2\/comments?post=13942"}],"version-history":[{"count":0,"href":"https:\/\/lyonelkaufmann.ch\/Blog\/wp-json\/wp\/v2\/posts\/13942\/revisions"}],"wp:featuredmedia":[{"embeddable":true,"href":"https:\/\/lyonelkaufmann.ch\/Blog\/wp-json\/wp\/v2\/media\/13943"}],"wp:attachment":[{"href":"https:\/\/lyonelkaufmann.ch\/Blog\/wp-json\/wp\/v2\/media?parent=13942"}],"wp:term":[{"taxonomy":"category","embeddable":true,"href":"https:\/\/lyonelkaufmann.ch\/Blog\/wp-json\/wp\/v2\/categories?post=13942"},{"taxonomy":"post_tag","embeddable":true,"href":"https:\/\/lyonelkaufmann.ch\/Blog\/wp-json\/wp\/v2\/tags?post=13942"}],"curies":[{"name":"wp","href":"https:\/\/api.w.org\/{rel}","templated":true}]}}