{"id":1442,"date":"2009-08-03T10:00:10","date_gmt":"2009-08-03T09:00:10","guid":{"rendered":"http:\/\/lyonelkaufmann.ch\/histoire\/?p=1442"},"modified":"2009-08-03T10:00:10","modified_gmt":"2009-08-03T09:00:10","slug":"lectures-dete-preparer-sa-rentree-2","status":"publish","type":"post","link":"https:\/\/lyonelkaufmann.ch\/Blog\/2009\/08\/03\/lectures-dete-preparer-sa-rentree-2\/","title":{"rendered":"Lectures d&rsquo;\u00e9t\u00e9: Pr\u00e9parer sa rentr\u00e9e (2)"},"content":{"rendered":"<p><strong>Quand l&rsquo;\u00e9t\u00e9 vient c&rsquo;est le temps tout \u00e0 la fois de lire des romans policiers et de pr\u00e9parer sa rentr\u00e9e \u00e0 l&rsquo;aide de lectures stimulantes. Voici les miennes p\u00each\u00e9es sur la to\u00eele.<\/strong><\/p>\n<h2><a href=\"http:\/\/www.francoisguite.com\/2009\/07\/comment-les-medias-sociaux-stimulent-ma-memoire\/\">Comment les m\u00e9dias sociaux stimulent ma m\u00e9moire<\/a><\/h2>\n<p>R\u00e9flexions de Fran\u00e7ois Guit\u00e9 sur l&rsquo;impact des m\u00e9dias sociaux sur son utilisation des m\u00e9dias sociaux et leur impact sur sa m\u00e9morisation. Deux de ses sch\u00e9mas comparant le processus de m\u00e9morisation via les m\u00e9dias sociaux et le processus de m\u00e9morisation induit par la situation scolaire traditionelle:<\/p>\n<p><strong>a) Effet des m\u00e9dias sociaux sur la m\u00e9morisation<\/strong><\/p>\n<p><img data-recalc-dims=\"1\" loading=\"lazy\" decoding=\"async\" class=\"aligncenter\" title=\"M\u00e9morisation via les m\u00e9dias sociaux\" src=\"https:\/\/i0.wp.com\/www.francoisguite.com\/wp-content\/uploads\/2009\/07\/memorisationmediassociauxs.jpg?resize=550%2C352\" alt=\"\" width=\"550\" height=\"352\" \/><\/p>\n<p><strong>b) La m\u00e9morisation dans le mod\u00e8le scolaire traditionnel<\/strong><\/p>\n<p style=\"text-align:center;\"><img data-recalc-dims=\"1\" loading=\"lazy\" decoding=\"async\" class=\"aligncenter\" title=\"M\u00e9morisation scolaire traditionnelle\" src=\"https:\/\/i0.wp.com\/www.francoisguite.com\/wp-content\/uploads\/2009\/07\/memorisationecoletradl.jpg?resize=586%2C238\" alt=\"\" width=\"586\" height=\"238\" \/><\/p>\n<p style=\"text-align:left;\">Mais l&rsquo;int\u00e9r\u00eat du billet de Fran\u00e7ois ne se limite pas \u00e0 ces deux sch\u00e9mas\u2026 A lire donc.<\/p>\n<h2><a href=\"http:\/\/pisani.blog.lemonde.fr\/2009\/07\/27\/la-vie-en-beta-perpetuelle\/\">La vie en b\u00e9ta perp\u00e9tuelle<\/a><\/h2>\n<p>La lecture de cet article de Francis Pisani prolonge et compl\u00e8te, \u00e0 mon avis, le texte pr\u00e9c\u00e9dent.<\/p>\n<blockquote><p><em>Vivre la vie en b\u00e9ta perp\u00e9tuelle implique d\u2019apprendre \u00e0 apprendre, de changer avec le changement (quand on ne parvient pas \u00e0 l\u2019anticiper ou \u00e0 contribuer \u00e0 l\u2019\u00e9mergence de nouvelles technologies ou de nouveaux usages), \u00e0 cr\u00e9er et \u00e0 contribuer \u00e0 trois niveaux cl\u00e9s:<\/em><\/p>\n<p><em>L\u2019individu en r\u00e9seaux, ses relations avec les groupes qu\u2019il s\u2019est choisis (comme avec ceux qui lui ont \u00e9t\u00e9 impos\u00e9s) auxquels il est connect\u00e9 ainsi que la gestion de ses relations sociales, de son identit\u00e9, de sa r\u00e9putation, etc.<\/em><\/p>\n<p><em>Les activit\u00e9s professionnelles qui varient pour chacun mais impliquent toujours d\u2019anticiper les changements in\u00e9luctables et d\u2019avoir la vision la plus ample possible pour \u00e9viter les transissions et les sauts douloureux.<\/em><\/p>\n<p><em> <\/em><em>L\u2019espace social et collectif dans lequel il faut savoir prot\u00e9ger sa vie priv\u00e9e des attaques de Big Brother et de ses s\u0153urs (les grandes entreprises priv\u00e9es), ainsi qu\u2019\u00eatre capable de se relationner avec d\u2019autres pour lancer des mouvements cr\u00e9atifs et\/ou de protestation en faveur de causes ou contre des abus pour tirer parti de des fabuleuses opportunit\u00e9s offertes par les TIC et notamment de la possibilit\u00e9 de s\u2019organiser sans organisation<\/em><\/p><\/blockquote>\n<p>Sacr\u00e9 challenge pour l&rsquo;\u00e9cole tant dans sa configuration institutionnelle que concernant la d\u00e9finition de son projet \u00e0 l&rsquo;\u00e9gard des \u00e9l\u00e8ves\u2026<\/p>\n","protected":false},"excerpt":{"rendered":"<p>Quand l&rsquo;\u00e9t\u00e9 vient c&rsquo;est le temps tout \u00e0 la fois de lire des romans policiers et de pr\u00e9parer sa rentr\u00e9e \u00e0 l&rsquo;aide de lectures stimulantes. Voici les miennes p\u00each\u00e9es sur la to\u00eele. Comment les m\u00e9dias sociaux stimulent ma m\u00e9moire R\u00e9flexions de Fran\u00e7ois Guit\u00e9 sur l&rsquo;impact des m\u00e9dias sociaux sur son utilisation des m\u00e9dias sociaux et [&hellip;]<\/p>\n","protected":false},"author":1,"featured_media":13646,"comment_status":"open","ping_status":"open","sticky":false,"template":"","format":"standard","meta":{"_import_markdown_pro_load_document_selector":0,"_import_markdown_pro_submit_text_textarea":"","_genesis_hide_title":false,"_genesis_hide_breadcrumbs":false,"_genesis_hide_singular_image":false,"_genesis_hide_footer_widgets":false,"_genesis_custom_body_class":"","_genesis_custom_post_class":"","_genesis_layout":"","jetpack_post_was_ever_published":false,"_jetpack_newsletter_access":"","_jetpack_dont_email_post_to_subs":false,"_jetpack_newsletter_tier_id":0,"_jetpack_memberships_contains_paywalled_content":false,"_jetpack_memberships_contains_paid_content":false,"activitypub_content_warning":"","activitypub_content_visibility":"","activitypub_max_image_attachments":3,"activitypub_interaction_policy_quote":"anyone","activitypub_status":"","footnotes":"","jetpack_publicize_message":"","jetpack_publicize_feature_enabled":true,"jetpack_social_post_already_shared":true,"jetpack_social_options":{"image_generator_settings":{"template":"fullscreen","default_image_id":0,"font":"","enabled":false},"version":2}},"categories":[2],"tags":[],"class_list":{"0":"post-1442","1":"post","2":"type-post","3":"status-publish","4":"format-standard","5":"has-post-thumbnail","7":"category-histoire-2","8":"entry"},"jetpack_publicize_connections":[],"featured_image_src":"https:\/\/i0.wp.com\/lyonelkaufmann.ch\/Blog\/wp-content\/uploads\/2015\/03\/memorisationmediassociauxs.jpg?resize=550%2C352&ssl=1","featured_image_src_square":"https:\/\/i0.wp.com\/lyonelkaufmann.ch\/Blog\/wp-content\/uploads\/2015\/03\/memorisationmediassociauxs.jpg?resize=550%2C352&ssl=1","author_info":{"display_name":"Lyonel Kaufmann","author_link":"https:\/\/lyonelkaufmann.ch\/Blog\/author\/lyonelk\/"},"jetpack_featured_media_url":"https:\/\/i0.wp.com\/lyonelkaufmann.ch\/Blog\/wp-content\/uploads\/2015\/03\/memorisationmediassociauxs.jpg?fit=550%2C352&ssl=1","jetpack_sharing_enabled":true,"jetpack_shortlink":"https:\/\/wp.me\/p1qtF4-ng","jetpack-related-posts":[{"id":919,"url":"https:\/\/lyonelkaufmann.ch\/Blog\/2009\/02\/06\/memoriser-lire-ecrire-et-vivre-a-lere-dinternet\/","url_meta":{"origin":1442,"position":0},"title":"M\u00e9moriser, lire, \u00e9crire et vivre \u00e0 l&rsquo;\u00e8re d&rsquo;Internet","author":"Lyonel Kaufmann","date":"6 f\u00e9vrier 2009","format":false,"excerpt":"Il s\u2019agit d\u2019une compilation de quatre articles traduits r\u00e9cemment et qui interrogent,...","rel":"","context":"Dans &quot;histoire&quot;","block_context":{"text":"histoire","link":"https:\/\/lyonelkaufmann.ch\/Blog\/category\/histoire-2\/"},"img":{"alt_text":"","src":"https:\/\/i0.wp.com\/lyonelkaufmann.ch\/Blog\/wp-content\/uploads\/2015\/03\/blogcafe1.jpg?fit=1024%2C683&ssl=1&resize=350%2C200","width":350,"height":200,"srcset":"https:\/\/i0.wp.com\/lyonelkaufmann.ch\/Blog\/wp-content\/uploads\/2015\/03\/blogcafe1.jpg?fit=1024%2C683&ssl=1&resize=350%2C200 1x, https:\/\/i0.wp.com\/lyonelkaufmann.ch\/Blog\/wp-content\/uploads\/2015\/03\/blogcafe1.jpg?fit=1024%2C683&ssl=1&resize=525%2C300 1.5x, https:\/\/i0.wp.com\/lyonelkaufmann.ch\/Blog\/wp-content\/uploads\/2015\/03\/blogcafe1.jpg?fit=1024%2C683&ssl=1&resize=700%2C400 2x"},"classes":[]},{"id":5955,"url":"https:\/\/lyonelkaufmann.ch\/Blog\/2012\/04\/21\/guide-des-medias-sociaux-edition-2012\/","url_meta":{"origin":1442,"position":1},"title":"Guide des m\u00e9dias sociaux. Edition 2012","author":"Lyonel Kaufmann","date":"21 avril 2012","format":false,"excerpt":"L\u2019agence de communication Wellcom a publi\u00e9 en ligne l\u2019\u00e9dition 2012 du guide Tout ce que vous avez toujours voulu savoir sur les m\u00e9dias sociaux sans jamais oser le demander\u2026 ou comment int\u00e9grer les m\u00e9dias sociaux dans votre communication et vos relations avec vos publics (en pdf, 94 pages) dont la\u2026","rel":"","context":"Dans &quot;Blogcaf\u00e9&quot;","block_context":{"text":"Blogcaf\u00e9","link":"https:\/\/lyonelkaufmann.ch\/Blog\/category\/blogcafe-2\/"},"img":{"alt_text":"","src":"https:\/\/i0.wp.com\/lyonelkaufmann.ch\/Blog\/wp-content\/uploads\/2015\/03\/blogcafe1.jpg?fit=1024%2C683&ssl=1&resize=350%2C200","width":350,"height":200,"srcset":"https:\/\/i0.wp.com\/lyonelkaufmann.ch\/Blog\/wp-content\/uploads\/2015\/03\/blogcafe1.jpg?fit=1024%2C683&ssl=1&resize=350%2C200 1x, https:\/\/i0.wp.com\/lyonelkaufmann.ch\/Blog\/wp-content\/uploads\/2015\/03\/blogcafe1.jpg?fit=1024%2C683&ssl=1&resize=525%2C300 1.5x, https:\/\/i0.wp.com\/lyonelkaufmann.ch\/Blog\/wp-content\/uploads\/2015\/03\/blogcafe1.jpg?fit=1024%2C683&ssl=1&resize=700%2C400 2x"},"classes":[]},{"id":7728,"url":"https:\/\/lyonelkaufmann.ch\/Blog\/2006\/08\/27\/lecriture-marque-t-elle-le-passage-a-lhistoire\/","url_meta":{"origin":1442,"position":2},"title":"L&rsquo;\u00e9criture marque-t-elle le passage \u00e0 l&rsquo;histoire ?","author":"Lyonel Kaufmann","date":"27 ao\u00fbt 2006","format":false,"excerpt":"\"Tout comme les hommes pr\u00e9historiques , les populations non europ\u00e9ennes ont longtemps \u00e9t\u00e9 per\u00e7ues comme arri\u00e9r\u00e9es . En effet, l'\u00e9criture repr\u00e9sentant pour les historiens occidentaux, la condition pour passer de la pr\u00e9histoire \u00e0 l'histoire, on a pr\u00e9tendu que les peuples qui ne l'utilisaient pas stagnaient dans une p\u00e9riode ant\u00e9rieure \u00e0\u2026","rel":"","context":"Dans &quot;histoire&quot;","block_context":{"text":"histoire","link":"https:\/\/lyonelkaufmann.ch\/Blog\/category\/histoire-2\/"},"img":{"alt_text":"","src":"https:\/\/i0.wp.com\/lyonelkaufmann.ch\/Blog\/wp-content\/uploads\/2015\/03\/blogcafe1.jpg?fit=1024%2C683&ssl=1&resize=350%2C200","width":350,"height":200,"srcset":"https:\/\/i0.wp.com\/lyonelkaufmann.ch\/Blog\/wp-content\/uploads\/2015\/03\/blogcafe1.jpg?fit=1024%2C683&ssl=1&resize=350%2C200 1x, https:\/\/i0.wp.com\/lyonelkaufmann.ch\/Blog\/wp-content\/uploads\/2015\/03\/blogcafe1.jpg?fit=1024%2C683&ssl=1&resize=525%2C300 1.5x, https:\/\/i0.wp.com\/lyonelkaufmann.ch\/Blog\/wp-content\/uploads\/2015\/03\/blogcafe1.jpg?fit=1024%2C683&ssl=1&resize=700%2C400 2x"},"classes":[]},{"id":5380,"url":"https:\/\/lyonelkaufmann.ch\/Blog\/2012\/05\/09\/tableau-blanc-interactif-limpact-sur-la-reussite-nest-pas-demontre\/","url_meta":{"origin":1442,"position":3},"title":"Tableau blanc interactif: l&rsquo;impact sur la r\u00e9ussite n&rsquo;est pas d\u00e9montr\u00e9","author":"Lyonel Kaufmann","date":"9 mai 2012","format":false,"excerpt":"See on Scoop.it - M\u00e9dias sociaux et enseignement\u00abTr\u00e8s peu d\u2019impacts sur la r\u00e9ussite scolaire ont \u00e9t\u00e9 document\u00e9s. Les deux principaux avantages des tableaux blancs interactifs sont la facilit\u00e9 pour l\u2019enseignant de pr\u00e9senter du contenu et une augmentation de la motivation des \u00e9l\u00e8ves. Sauf que plusieurs recherches montrent que la motivation\u2026","rel":"","context":"Dans &quot;histoire&quot;","block_context":{"text":"histoire","link":"https:\/\/lyonelkaufmann.ch\/Blog\/category\/histoire-2\/"},"img":{"alt_text":"","src":"","width":0,"height":0},"classes":[]},{"id":3344,"url":"https:\/\/lyonelkaufmann.ch\/Blog\/2010\/07\/25\/le-premier-social-media-magazine-sur-ipad-la-social-newsroom\/","url_meta":{"origin":1442,"position":4},"title":"Le premier \u201csocial media\u201d magazine sur iPad | La Social Newsroom","author":"Lyonel Kaufmann","date":"25 juillet 2010","format":"aside","excerpt":"Ce n\u2019est pas la premi\u00e8re fois que des applications ou des sites \u00a0se branchent sur les API de Twitter ou Facebook pour organiser les contenus \u00e0 la fa\u00e7on d\u2019un m\u00e9dia. Ce qui est int\u00e9ressant avec Flipboard, c\u2019est qu\u2019un effort consid\u00e9rable a \u00e9t\u00e9 fourni sur l\u2019interface graphique et l\u2019ergonomie. C\u2019est \u00e9videmment\u2026","rel":"","context":"Dans &quot;Blogcaf\u00e9&quot;","block_context":{"text":"Blogcaf\u00e9","link":"https:\/\/lyonelkaufmann.ch\/Blog\/category\/blogcafe-2\/"},"img":{"alt_text":"","src":"https:\/\/i0.wp.com\/lyonelkaufmann.ch\/Blog\/wp-content\/uploads\/2010\/07\/flipboard-HP-NB-300x225.png?resize=350%2C200","width":350,"height":200},"classes":[]},{"id":11183,"url":"https:\/\/lyonelkaufmann.ch\/Blog\/2014\/01\/21\/revue-de-presse-comment-apprendre-a-apprendre\/","url_meta":{"origin":1442,"position":5},"title":"Revue de presse : Comment apprendre \u00e0 apprendre ?","author":"Lyonel Kaufmann","date":"21 janvier 2014","format":false,"excerpt":"\u201cAujourd\u2019hui, notre syst\u00e8me \u00e9ducatif s\u00e9lectionne ses \u00e9l\u00e9ments sur leur capacit\u00e9 \u00e0 m\u00e9moriser des le\u00e7ons. Pas s\u00fbr que ce soit une bonne m\u00e9thode, puisque n\u2019importe quel ordinateur est plus dou\u00e9 que nous\u2026\u201d, rappelle Fran\u00e7ois Tadd\u00e9i sur la sc\u00e8ne des Entretiens du Nouveau Monde industriel. La technologie transforme chaque jour un peu\u2026","rel":"","context":"Dans &quot;L'Expresso&quot;","block_context":{"text":"L'Expresso","link":"https:\/\/lyonelkaufmann.ch\/Blog\/category\/breves\/"},"img":{"alt_text":"","src":"https:\/\/i0.wp.com\/lyonelkaufmann.ch\/Blog\/wp-content\/uploads\/2015\/03\/scientificmethodforbaby.jpg?fit=404%2C623&ssl=1&resize=350%2C200","width":350,"height":200},"classes":[]}],"jetpack_likes_enabled":true,"_links":{"self":[{"href":"https:\/\/lyonelkaufmann.ch\/Blog\/wp-json\/wp\/v2\/posts\/1442","targetHints":{"allow":["GET"]}}],"collection":[{"href":"https:\/\/lyonelkaufmann.ch\/Blog\/wp-json\/wp\/v2\/posts"}],"about":[{"href":"https:\/\/lyonelkaufmann.ch\/Blog\/wp-json\/wp\/v2\/types\/post"}],"author":[{"embeddable":true,"href":"https:\/\/lyonelkaufmann.ch\/Blog\/wp-json\/wp\/v2\/users\/1"}],"replies":[{"embeddable":true,"href":"https:\/\/lyonelkaufmann.ch\/Blog\/wp-json\/wp\/v2\/comments?post=1442"}],"version-history":[{"count":0,"href":"https:\/\/lyonelkaufmann.ch\/Blog\/wp-json\/wp\/v2\/posts\/1442\/revisions"}],"wp:featuredmedia":[{"embeddable":true,"href":"https:\/\/lyonelkaufmann.ch\/Blog\/wp-json\/wp\/v2\/media\/13646"}],"wp:attachment":[{"href":"https:\/\/lyonelkaufmann.ch\/Blog\/wp-json\/wp\/v2\/media?parent=1442"}],"wp:term":[{"taxonomy":"category","embeddable":true,"href":"https:\/\/lyonelkaufmann.ch\/Blog\/wp-json\/wp\/v2\/categories?post=1442"},{"taxonomy":"post_tag","embeddable":true,"href":"https:\/\/lyonelkaufmann.ch\/Blog\/wp-json\/wp\/v2\/tags?post=1442"}],"curies":[{"name":"wp","href":"https:\/\/api.w.org\/{rel}","templated":true}]}}