{"id":1460,"date":"2009-08-07T09:00:22","date_gmt":"2009-08-07T08:00:22","guid":{"rendered":"http:\/\/lyonelkaufmann.ch\/histoire\/?p=1460"},"modified":"2009-08-07T09:00:22","modified_gmt":"2009-08-07T08:00:22","slug":"lectures-dete-preparer-sa-rentree-3","status":"publish","type":"post","link":"https:\/\/lyonelkaufmann.ch\/Blog\/2009\/08\/07\/lectures-dete-preparer-sa-rentree-3\/","title":{"rendered":"Lectures d&rsquo;\u00e9t\u00e9: Pr\u00e9parer sa rentr\u00e9e (3)"},"content":{"rendered":"<h2><a href=\"http:\/\/zecool.blogspot.com\/2009\/07\/5-habiletes-pour-bien-gerer-une-equipe.html\" target=\"_blank\">5 habilet\u00e9s pour bien g\u00e9rer une \u00e9quipe, virtuellement<\/a><\/h2>\n<p>Certes une part importante du billet de Ze Cool figure dans le titre et, \u00e0 partir de l\u00e0, vous allez directement vous pr\u00e9cipitez pour lire l&rsquo;ensemble de ce billet et vous aurez bien raison. N\u00e9anmoins je souligne et j&rsquo;appuie les \u00e9l\u00e9ments de sa conclusion:<\/p>\n<blockquote><p><em>En ligne (ou \u00e0 distance) TOUT <\/em><span style=\"font-size:17px;\"><em>EST <\/em><\/span><span style=\"font-size:23px;\"><em>AMPLIFI\u00c9<\/em><\/span><em>; ce qui se fait de bien et ce qui ne se fait pas bien. Il en va de m\u00eame pour l&rsquo;apprentissage en ligne. C&rsquo;est un d\u00e9fi additionnel qu&rsquo;un enseignant \u00e0 distance doit comprendre et assumer. Toutefois, si on \u00e9limine l&rsquo;isolement professionnel, si l&rsquo;\u00e9quipe travaille bien et collabore bien (sans se prendre trop au s\u00e9rieux quand m\u00eame), le succ\u00e8s\/la r\u00e9ussite est \u00e0 port\u00e9e. <\/em><\/p><\/blockquote>\n<p>De plus, en pr\u00e9parant votre rentr\u00e9e, n&rsquo;oubliez jamais que<\/p>\n<blockquote><p><em>comme le dit <\/em><a style=\"text-decoration:none;color:#0000ff;\" href=\"http:\/\/books.google.ca\/books?id=ZFQuluwu_NYC&amp;pg=PA13&amp;lpg=PA13&amp;dq=charles+hadji&amp;source=bl&amp;ots=CJCBFWZ4Xx&amp;sig=Ty8iota3X8OW1R4H3Vl6hPZUFPc&amp;hl=fr&amp;ei=3EJvSt_ICpSINuH0gNgI&amp;sa=X&amp;oi=book_result&amp;ct=result&amp;resnum=5\"><em>Charles Hadji<\/em><\/a><em>, l&rsquo;innovation en \u00e9ducation est au service de la r\u00e9ussite et la r\u00e9ussite se mesure en termes de celle des \u00e9l\u00e8ves.<\/em><\/p><\/blockquote>\n<p>J&rsquo;ajouterai que ce n&rsquo;est pas seulement l&rsquo;innovation, mais l&rsquo;ensemble des actes de l&rsquo;enseignant qui doivent \u00eatre au service de l&rsquo;\u00e9l\u00e8ve et de sa r\u00e9ussite. D&rsquo;o\u00f9 la beaut\u00e9 de l&rsquo;acte d&rsquo;enseigner.<\/p>\n<h2>Etude: <a href=\"http:\/\/games.eun.org\/upload\/gis-synthesis_report_fr.pdf\" target=\"_blank\">Quels usages pour les jeux \u00e9lectroniques en classe?<\/a> (.pdf)<\/h2>\n<p>Ce rapport de synth\u00e8se est un r\u00e9sum\u00e9 des principaux r\u00e9sultats d\u2019une \u00e9tude intitul\u00e9e\u00a0Quels usages pour les jeux \u00e9lectroniques en classe ?, publi\u00e9e en mai 2009.\u00a0Un guide pratique intitul\u00e9 Les jeux \u00e9lectroniques en classe : un manuel pour les\u00a0enseignants a \u00e9galement \u00e9t\u00e9 publi\u00e9 dans le cadre du m\u00eame projet. <strong>Attention le lien vous dirigera vers l&rsquo;adresse d&rsquo;un fichier au format .pdf.<\/strong><\/p>\n<p>Si l&rsquo;on est int\u00e9ress\u00e9 par l&rsquo;utilisation du jeu en classe et en histoire, on compl\u00e9tera cette lecture par celle de\u00a0la page du <a href=\"http:\/\/www.cafepedagogique.net\/lemensuel\/lenseignant\/schumaines\/histoire\/Pages\/2008\/Ledossierdumois.aspx\" target=\"_blank\">dossier du num\u00e9ro 93<\/a> du <em>Caf\u00e9 p\u00e9dagogique<\/em> consacr\u00e9 au jeu et on ne manquera pas sur celle-ci de cliquer sur les liens relatifs au r\u00e9seau Ludus, pr\u00e9curseur en la mati\u00e8re.<\/p>\n","protected":false},"excerpt":{"rendered":"<p>5 habilet\u00e9s pour bien g\u00e9rer une \u00e9quipe, virtuellement Certes une part importante du billet de Ze Cool figure dans le titre et, \u00e0 partir de l\u00e0, vous allez directement vous pr\u00e9cipitez pour lire l&rsquo;ensemble de ce billet et vous aurez bien raison. N\u00e9anmoins je souligne et j&rsquo;appuie les \u00e9l\u00e9ments de sa conclusion: En ligne (ou [&hellip;]<\/p>\n","protected":false},"author":1,"featured_media":14680,"comment_status":"open","ping_status":"open","sticky":false,"template":"","format":"standard","meta":{"_import_markdown_pro_load_document_selector":0,"_import_markdown_pro_submit_text_textarea":"","_genesis_hide_title":false,"_genesis_hide_breadcrumbs":false,"_genesis_hide_singular_image":false,"_genesis_hide_footer_widgets":false,"_genesis_custom_body_class":"","_genesis_custom_post_class":"","_genesis_layout":"","jetpack_post_was_ever_published":false,"_jetpack_newsletter_access":"","_jetpack_dont_email_post_to_subs":false,"_jetpack_newsletter_tier_id":0,"_jetpack_memberships_contains_paywalled_content":false,"_jetpack_memberships_contains_paid_content":false,"activitypub_content_warning":"","activitypub_content_visibility":"","activitypub_max_image_attachments":3,"activitypub_interaction_policy_quote":"anyone","activitypub_status":"","footnotes":"","jetpack_publicize_message":"","jetpack_publicize_feature_enabled":true,"jetpack_social_post_already_shared":true,"jetpack_social_options":{"image_generator_settings":{"template":"fullscreen","default_image_id":0,"font":"","enabled":false},"version":2}},"categories":[2],"tags":[],"class_list":{"0":"post-1460","1":"post","2":"type-post","3":"status-publish","4":"format-standard","5":"has-post-thumbnail","7":"category-histoire-2","8":"entry"},"jetpack_publicize_connections":[],"featured_image_src":"https:\/\/i0.wp.com\/lyonelkaufmann.ch\/Blog\/wp-content\/uploads\/2015\/03\/blogcafe1.jpg?resize=600%2C400&ssl=1","featured_image_src_square":"https:\/\/i0.wp.com\/lyonelkaufmann.ch\/Blog\/wp-content\/uploads\/2015\/03\/blogcafe1.jpg?resize=600%2C600&ssl=1","author_info":{"display_name":"Lyonel Kaufmann","author_link":"https:\/\/lyonelkaufmann.ch\/Blog\/author\/lyonelk\/"},"jetpack_featured_media_url":"https:\/\/i0.wp.com\/lyonelkaufmann.ch\/Blog\/wp-content\/uploads\/2015\/03\/blogcafe1.jpg?fit=1024%2C683&ssl=1","jetpack_sharing_enabled":true,"jetpack_shortlink":"https:\/\/wp.me\/p1qtF4-ny","jetpack-related-posts":[{"id":354,"url":"https:\/\/lyonelkaufmann.ch\/Blog\/2006\/10\/11\/google-docs-ex-writely-et-apple\/","url_meta":{"origin":1460,"position":0},"title":"Google Docs (ex-Writely) et Apple","author":"Lyonel Kaufmann","date":"11 octobre 2006","format":false,"excerpt":"Diff\u00e9rents sites ont d\u00e9j\u00e0 signal\u00e9 la r\u00e9union de Writely et de Spreadsheets dans Google Docs. Sa mise en perspective par les commentateurs dans un affrontement r\u00e9el ou imaginaire avec la suite Office de Microsoft n'a \u00e9videmment pas manqu\u00e9. Pour ma part, en l'\u00e9tat actuel, ces deux outils correspondent \u00e0 des\u2026","rel":"","context":"Dans &quot;Blogcaf\u00e9&quot;","block_context":{"text":"Blogcaf\u00e9","link":"https:\/\/lyonelkaufmann.ch\/Blog\/category\/blogcafe-2\/"},"img":{"alt_text":"","src":"https:\/\/i0.wp.com\/lyonelkaufmann.ch\/Blog\/wp-content\/uploads\/2015\/03\/blogcafe1.jpg?fit=1024%2C683&ssl=1&resize=350%2C200","width":350,"height":200,"srcset":"https:\/\/i0.wp.com\/lyonelkaufmann.ch\/Blog\/wp-content\/uploads\/2015\/03\/blogcafe1.jpg?fit=1024%2C683&ssl=1&resize=350%2C200 1x, https:\/\/i0.wp.com\/lyonelkaufmann.ch\/Blog\/wp-content\/uploads\/2015\/03\/blogcafe1.jpg?fit=1024%2C683&ssl=1&resize=525%2C300 1.5x, https:\/\/i0.wp.com\/lyonelkaufmann.ch\/Blog\/wp-content\/uploads\/2015\/03\/blogcafe1.jpg?fit=1024%2C683&ssl=1&resize=700%2C400 2x"},"classes":[]},{"id":1442,"url":"https:\/\/lyonelkaufmann.ch\/Blog\/2009\/08\/03\/lectures-dete-preparer-sa-rentree-2\/","url_meta":{"origin":1460,"position":1},"title":"Lectures d&rsquo;\u00e9t\u00e9: Pr\u00e9parer sa rentr\u00e9e (2)","author":"Lyonel Kaufmann","date":"3 ao\u00fbt 2009","format":false,"excerpt":"Quand l'\u00e9t\u00e9 vient c'est le temps tout \u00e0 la fois de lire des romans policiers et de pr\u00e9parer sa rentr\u00e9e \u00e0 l'aide de lectures stimulantes. Voici les miennes p\u00each\u00e9es sur la to\u00eele. Comment les m\u00e9dias sociaux stimulent ma m\u00e9moire R\u00e9flexions de Fran\u00e7ois Guit\u00e9 sur l'impact des m\u00e9dias sociaux sur son\u2026","rel":"","context":"Dans &quot;histoire&quot;","block_context":{"text":"histoire","link":"https:\/\/lyonelkaufmann.ch\/Blog\/category\/histoire-2\/"},"img":{"alt_text":"","src":"https:\/\/i0.wp.com\/lyonelkaufmann.ch\/Blog\/wp-content\/uploads\/2015\/03\/memorisationmediassociauxs.jpg?fit=550%2C352&ssl=1&resize=350%2C200","width":350,"height":200,"srcset":"https:\/\/i0.wp.com\/lyonelkaufmann.ch\/Blog\/wp-content\/uploads\/2015\/03\/memorisationmediassociauxs.jpg?fit=550%2C352&ssl=1&resize=350%2C200 1x, https:\/\/i0.wp.com\/lyonelkaufmann.ch\/Blog\/wp-content\/uploads\/2015\/03\/memorisationmediassociauxs.jpg?fit=550%2C352&ssl=1&resize=525%2C300 1.5x"},"classes":[]},{"id":12495,"url":"https:\/\/lyonelkaufmann.ch\/Blog\/2006\/04\/28\/le-buzz-du-blog\/","url_meta":{"origin":1460,"position":2},"title":"Le buzz du blog ?","author":"Lyonel Kaufmann","date":"28 avril 2006","format":false,"excerpt":"L'univers du blog serait-il arriv\u00e9 \u00e0 un tournant, \u00e0 une mutation? L'\u00e8re des pionniers c\u00e9derait-elle sa place \u00e0 un nouvel \u00e2ge? L'effet mode et grossissant des m\u00e9dias sur le ph\u00e9nom\u00e8ne s'estomperait-il au profit d'un long fleuve tranquille ? Les pionniers eux-m\u00eames auraient-ils soudain le blues devant l'arriv\u00e9e de la masse\u2026","rel":"","context":"Dans &quot;Blogcaf\u00e9&quot;","block_context":{"text":"Blogcaf\u00e9","link":"https:\/\/lyonelkaufmann.ch\/Blog\/category\/blogcafe-2\/"},"img":{"alt_text":"","src":"https:\/\/i0.wp.com\/lyonelkaufmann.ch\/Blog\/wp-content\/uploads\/2015\/03\/blogcafe1.jpg?fit=1024%2C683&ssl=1&resize=350%2C200","width":350,"height":200,"srcset":"https:\/\/i0.wp.com\/lyonelkaufmann.ch\/Blog\/wp-content\/uploads\/2015\/03\/blogcafe1.jpg?fit=1024%2C683&ssl=1&resize=350%2C200 1x, https:\/\/i0.wp.com\/lyonelkaufmann.ch\/Blog\/wp-content\/uploads\/2015\/03\/blogcafe1.jpg?fit=1024%2C683&ssl=1&resize=525%2C300 1.5x, https:\/\/i0.wp.com\/lyonelkaufmann.ch\/Blog\/wp-content\/uploads\/2015\/03\/blogcafe1.jpg?fit=1024%2C683&ssl=1&resize=700%2C400 2x"},"classes":[]},{"id":566,"url":"https:\/\/lyonelkaufmann.ch\/Blog\/2007\/04\/13\/johnstonecafe-la-video\/","url_meta":{"origin":1460,"position":3},"title":"JohnstoneCaf\u00e9 : la vid\u00e9o","author":"Lyonel Kaufmann","date":"13 avril 2007","format":false,"excerpt":"Il y a quelques billets de cela, je vous disais tout le bien que je pensais de Jude Johnstone. J'avais m\u00eame mis les paroles de Pen and Paper et renvoy\u00e9 \u00e0 son site. Et si vous pouviez l'\u00e9couter directement? Ce serait bien, non? Live en plus ! Sit\u00f4t dit, sit\u00f4t\u2026","rel":"","context":"Dans &quot;Blogcaf\u00e9&quot;","block_context":{"text":"Blogcaf\u00e9","link":"https:\/\/lyonelkaufmann.ch\/Blog\/category\/blogcafe-2\/"},"img":{"alt_text":"","src":"https:\/\/i0.wp.com\/img.youtube.com\/vi\/bk8y-0wSogI\/0.jpg?resize=350%2C200","width":350,"height":200},"classes":[]},{"id":697,"url":"https:\/\/lyonelkaufmann.ch\/Blog\/2007\/08\/24\/lenseignement-en-ligne-a-luniversit-et-dans-les-formations-professionnelles-pourquoi-comment\/","url_meta":{"origin":1460,"position":4},"title":"L\u2019enseignement en ligne : A l\u2019universit\u00e9 et dans les formations professionnelles Pourquoi ? Comment ?","author":"Lyonel Kaufmann","date":"24 ao\u00fbt 2007","format":"aside","excerpt":"L'enseignement en ligne : A l'universit\u00e9 et dans les formations professionnelles Pourquoi ? Comment ? (2007) est un ouvrage publi\u00e9 sous la direction de Jean-Claude Manderscheid & Christophe Jeunesse. ISBN : 978-2-8041-5329-8 Pr\u00e9sentation de l'\u00e9diteur : L'av\u00e8nement des TIC a permis de r\u00e9volutionner, non seulement l'enseignement \u00e0 distance, mais \u00e9galement\u2026","rel":"","context":"Dans &quot;Blogcaf\u00e9&quot;","block_context":{"text":"Blogcaf\u00e9","link":"https:\/\/lyonelkaufmann.ch\/Blog\/category\/blogcafe-2\/"},"img":{"alt_text":"","src":"https:\/\/i0.wp.com\/lyonelkaufmann.ch\/Blog\/wp-content\/uploads\/2015\/03\/ba1536c622a01c0f12ab3110._AA240_.L.jpg?fit=240%2C240&ssl=1&resize=350%2C200","width":350,"height":200},"classes":[]},{"id":5912,"url":"https:\/\/lyonelkaufmann.ch\/Blog\/2012\/08\/13\/la-rentree-des-tablettes-veille-et-analyse-tice\/","url_meta":{"origin":1460,"position":5},"title":"La rentr\u00e9e des tablettes | Veille et Analyse TICE","author":"Lyonel Kaufmann","date":"13 ao\u00fbt 2012","format":false,"excerpt":"Ce texte de Bruno Devauchelle est une autre mani\u00e8re d'aborder la question du \u00abconservatisme dynamique\u00bb (notre billet \u00abConservatisme dynamique\u00bb et stabilit\u00e9 des pratiques enseignantes | Larry Cuban) a l'oeuvre lors du d\u00e9ploiement de projets d'int\u00e9gration des tice en milieu scolaire et leur \u00e9chec \u00e0 modifier v\u00e9ritablement et durablement la structure\u2026","rel":"","context":"Dans &quot;histoire&quot;","block_context":{"text":"histoire","link":"https:\/\/lyonelkaufmann.ch\/Blog\/category\/histoire-2\/"},"img":{"alt_text":"","src":"https:\/\/i0.wp.com\/lyonelkaufmann.ch\/Blog\/wp-content\/uploads\/2015\/03\/blogcafe1.jpg?fit=1024%2C683&ssl=1&resize=350%2C200","width":350,"height":200,"srcset":"https:\/\/i0.wp.com\/lyonelkaufmann.ch\/Blog\/wp-content\/uploads\/2015\/03\/blogcafe1.jpg?fit=1024%2C683&ssl=1&resize=350%2C200 1x, https:\/\/i0.wp.com\/lyonelkaufmann.ch\/Blog\/wp-content\/uploads\/2015\/03\/blogcafe1.jpg?fit=1024%2C683&ssl=1&resize=525%2C300 1.5x, https:\/\/i0.wp.com\/lyonelkaufmann.ch\/Blog\/wp-content\/uploads\/2015\/03\/blogcafe1.jpg?fit=1024%2C683&ssl=1&resize=700%2C400 2x"},"classes":[]}],"jetpack_likes_enabled":true,"_links":{"self":[{"href":"https:\/\/lyonelkaufmann.ch\/Blog\/wp-json\/wp\/v2\/posts\/1460","targetHints":{"allow":["GET"]}}],"collection":[{"href":"https:\/\/lyonelkaufmann.ch\/Blog\/wp-json\/wp\/v2\/posts"}],"about":[{"href":"https:\/\/lyonelkaufmann.ch\/Blog\/wp-json\/wp\/v2\/types\/post"}],"author":[{"embeddable":true,"href":"https:\/\/lyonelkaufmann.ch\/Blog\/wp-json\/wp\/v2\/users\/1"}],"replies":[{"embeddable":true,"href":"https:\/\/lyonelkaufmann.ch\/Blog\/wp-json\/wp\/v2\/comments?post=1460"}],"version-history":[{"count":0,"href":"https:\/\/lyonelkaufmann.ch\/Blog\/wp-json\/wp\/v2\/posts\/1460\/revisions"}],"wp:featuredmedia":[{"embeddable":true,"href":"https:\/\/lyonelkaufmann.ch\/Blog\/wp-json\/wp\/v2\/media\/14680"}],"wp:attachment":[{"href":"https:\/\/lyonelkaufmann.ch\/Blog\/wp-json\/wp\/v2\/media?parent=1460"}],"wp:term":[{"taxonomy":"category","embeddable":true,"href":"https:\/\/lyonelkaufmann.ch\/Blog\/wp-json\/wp\/v2\/categories?post=1460"},{"taxonomy":"post_tag","embeddable":true,"href":"https:\/\/lyonelkaufmann.ch\/Blog\/wp-json\/wp\/v2\/tags?post=1460"}],"curies":[{"name":"wp","href":"https:\/\/api.w.org\/{rel}","templated":true}]}}